{"id":1289,"date":"2019-01-12T21:23:14","date_gmt":"2019-01-12T19:23:14","guid":{"rendered":"https:\/\/www.saleweselne.com\/blog\/?p=1289"},"modified":"2024-05-07T12:11:54","modified_gmt":"2024-05-07T10:11:54","slug":"bizuteria-slubna-na-co-postawic-kompletujac-stroj","status":"publish","type":"post","link":"https:\/\/www.saleweselne.com\/blog\/bizuteria-slubna-na-co-postawic-kompletujac-stroj\/","title":{"rendered":"Bi\u017cuteria \u015blubna &#8211; na co postawi\u0107, kompletuj\u0105c str\u00f3j?"},"content":{"rendered":"<p align=\"justify\"><strong>Kolczyki, naszyjniki, bransoletki, broszki &#8211; kobiety kochaj\u0105 bi\u017cuteri\u0119. Jedne gustuj\u0105 w z\u0142ocie, inne bardziej w srebrze, a jeszcze inne wol\u0105 mniej po\u0142yskuj\u0105ce, ale wci\u0105\u017c stylowe dodatki. Bi\u017cuteria potrafi odmieni\u0107 ka\u017cd\u0105, z pozoru nawet nudn\u0105, stylizacj\u0119. Bi\u017cuteria jest przyjaci\u00f3\u0142k\u0105 kobiety w ka\u017cdym wieku &#8211; zar\u00f3wno na co dzie\u0144, jak i podczas wi\u0119kszej okazji. Dlatego r\u00f3wnie\u017c bez bi\u017cuterii Panny M\u0142ode nie wyobra\u017caj\u0105 sobie swojej \u015blubnej stylizacji. Dzisiaj podpowiemy, jak znale\u017a\u0107 balans mi\u0119dzy skromno\u015bci\u0105 a przesytem. Doradzimy, jak\u0105 bi\u017cuteri\u0119 dobra\u0107 w zale\u017cno\u015bci od kreacji i zdradzimy trendy na zbli\u017caj\u0105cy si\u0119 sezon. Je\u015bli jeste\u015bcie ciekawe, czytajcie dalej!<\/strong><\/p>\n<p align=\"justify\"><img loading=\"lazy\" decoding=\"async\" class=\"aligncenter size-large wp-image-1291\" src=\"https:\/\/www.saleweselne.com\/blog\/wp-content\/uploads\/2019\/01\/6094-1024x683.jpg\" alt=\"\" width=\"960\" height=\"640\" srcset=\"https:\/\/www.saleweselne.com\/blog\/wp-content\/uploads\/2019\/01\/6094-1024x683.jpg 1024w, https:\/\/www.saleweselne.com\/blog\/wp-content\/uploads\/2019\/01\/6094-300x200.jpg 300w, https:\/\/www.saleweselne.com\/blog\/wp-content\/uploads\/2019\/01\/6094-768x512.jpg 768w, https:\/\/www.saleweselne.com\/blog\/wp-content\/uploads\/2019\/01\/6094-1140x760.jpg 1140w\" sizes=\"auto, (max-width: 960px) 100vw, 960px\" \/><\/p>\n<h3 style=\"text-align: center;\"><strong>Od czego zacz\u0105\u0107?<\/strong><\/h3>\n<p align=\"justify\">Je\u015bli ju\u017c wybra\u0142a\u015b wymarzon\u0105 sukni\u0119 \u015blubn\u0105, czas poszuka\u0107 odpowiednich do niej dodatk\u00f3w. Opr\u00f3cz pi\u0119knych i wygodnych but\u00f3w, welonu lub wianka i \u015blubnego bukietu <strong>musisz pomy\u015ble\u0107 o idealnie pasuj\u0105cej bi\u017cuterii.<\/strong> <strong>Zwykle zaczynamy od wyboru kolczyk\u00f3w.<\/strong> To one warunkuj\u0105 reszt\u0119 bi\u017cuterii. Je\u015bli chcemy w tym wyj\u0105tkowym dniu zaskoczy\u0107 wszystkich du\u017cymi i wyrazistymi kolczykami, wstrzymajmy si\u0119 z ekstrawagancj\u0105, wybieraj\u0105c pozosta\u0142e cz\u0119\u015bci bi\u017cuterii.<strong> Do du\u017cych kolczyk\u00f3w wybierzmy raczej delikatn\u0105 bransoletk\u0119 i cienki naszyjnik (je\u015bli w og\u00f3le b\u0119dzie on potrzebny).<\/strong> Z kolei istnieje du\u017ca cz\u0119\u015b\u0107 Panien M\u0142odych, kt\u00f3re w bi\u017cuterii \u015blubnej stawia tylko i wy\u0142\u0105cznie na kolczyki, boj\u0105c si\u0119 tzw. <em>wygl\u0105du choinki<\/em>. Obawy przed przesad\u0105 mog\u0105 by\u0107 uzasadnione, je\u015bli Panna M\u0142oda nie tylko wybierze du\u017ce, \u015bwiec\u0105ce kolczyki, ale r\u00f3wnie\u017c je\u015bli jej suknia jest zdecydowanie strojna i bogato zdobiona. Wtedy rzeczywi\u015bcie mo\u017cna oszcz\u0119dzi\u0107 sobie reszt\u0119.<\/p>\n<p><img loading=\"lazy\" decoding=\"async\" class=\"size-large wp-image-1290\" src=\"https:\/\/www.saleweselne.com\/blog\/wp-content\/uploads\/2019\/01\/5813-1024x647.jpg\" alt=\"\" width=\"960\" height=\"607\" srcset=\"https:\/\/www.saleweselne.com\/blog\/wp-content\/uploads\/2019\/01\/5813-1024x647.jpg 1024w, https:\/\/www.saleweselne.com\/blog\/wp-content\/uploads\/2019\/01\/5813-300x189.jpg 300w, https:\/\/www.saleweselne.com\/blog\/wp-content\/uploads\/2019\/01\/5813-768x485.jpg 768w, https:\/\/www.saleweselne.com\/blog\/wp-content\/uploads\/2019\/01\/5813-1140x720.jpg 1140w\" sizes=\"auto, (max-width: 960px) 100vw, 960px\" \/><\/p>\n<h2><img loading=\"lazy\" decoding=\"async\" class=\"aligncenter size-large wp-image-1301\" src=\"https:\/\/www.saleweselne.com\/blog\/wp-content\/uploads\/2019\/01\/silver-791300_1920-1024x683.jpg\" alt=\"\" width=\"960\" height=\"640\" srcset=\"https:\/\/www.saleweselne.com\/blog\/wp-content\/uploads\/2019\/01\/silver-791300_1920-1024x683.jpg 1024w, https:\/\/www.saleweselne.com\/blog\/wp-content\/uploads\/2019\/01\/silver-791300_1920-300x200.jpg 300w, https:\/\/www.saleweselne.com\/blog\/wp-content\/uploads\/2019\/01\/silver-791300_1920-768x512.jpg 768w, https:\/\/www.saleweselne.com\/blog\/wp-content\/uploads\/2019\/01\/silver-791300_1920-1140x760.jpg 1140w, https:\/\/www.saleweselne.com\/blog\/wp-content\/uploads\/2019\/01\/silver-791300_1920.jpg 1920w\" sizes=\"auto, (max-width: 960px) 100vw, 960px\" \/><\/h2>\n<h2><\/h2>\n<h3 style=\"text-align: center;\"><strong>Bi\u017cuteria we w\u0142osach &#8211; tak czy nie?<\/strong><\/h3>\n<p align=\"justify\">Coraz wi\u0119cej Pa\u0144 odchodzi od welon\u00f3w, wybieraj\u0105c <strong>ozdoby we w\u0142osach<\/strong> bardziej wyra\u017caj\u0105ce Ich styl i charakter. Kobiety, kt\u00f3re czuj\u0105 si\u0119 lepiej <strong>w stylu boho, stawiaj\u0105 zwykle na wianki lub pojedyncze li\u015bcie i k\u0142osy wplecione we w\u0142osy<\/strong>. Panie, kt\u00f3re wol\u0105 b\u0142yszcze\u0107 lub przykuwa\u0107 uwag\u0119 do swojej starannie przygotowanej \u015blubnej fryzury, wybieraj\u0105 bi\u017cuteri\u0119 na w\u0142osy. <strong>&#8222;W\u0142osowa&#8221; bi\u017cuteria<\/strong> mo\u017ce mie\u0107 posta\u0107 srebrnych lub kryszta\u0142kowych wsuwek, kt\u00f3re nie tylko \u0142adnie si\u0119 prezentuj\u0105, ale r\u00f3wnie\u017c <strong>pomagaj\u0105 trzyma\u0107 w ryzach ca\u0142e upi\u0119cie \u015blubne.<\/strong> W upi\u0119ciu koka pom\u00f3c mo\u017ce r\u00f3wnie\u017c kok\u00f3wka lub specjalny grzebyk. One r\u00f3wnie\u017c mog\u0105 wygl\u0105da\u0107 jak bi\u017cuteria. Mo\u017cna tak\u017ce postawi\u0107 na <strong>strojne opaski<\/strong>. Na rynku do wyboru jest mn\u00f3stwo wariant\u00f3w: sztywne, mi\u0119kkie, szersze, w\u0119\u017csze, koronkowe lub z wieloma magicznie mieni\u0105cymi si\u0119 kryszta\u0142kami. <strong>Nies\u0142abn\u0105c\u0105 popularno\u015bci\u0105 ciesz\u0105 si\u0119 r\u00f3wnie\u017c diademy i tiary, kt\u00f3re sprawiaj\u0105, \u017ce Panna M\u0142oda wygl\u0105da jak prawdziwa ksi\u0119\u017cniczka. A je\u015bli jeszcze wesele odbywa si\u0119 w <a href=\"https:\/\/www.saleweselne.com\/palac\/\">pa\u0142acu<\/a> lub <a href=\"https:\/\/www.saleweselne.com\/zamek\/\">zamku<\/a>. Ach&#8230; kochamy ten <em>look<\/em> tak bardzo!\u00a0<\/strong><\/p>\n<p align=\"justify\"><img loading=\"lazy\" decoding=\"async\" class=\"aligncenter size-large wp-image-1314\" src=\"https:\/\/www.saleweselne.com\/blog\/wp-content\/uploads\/2019\/01\/queen-2941437_1920-1024x681.jpg\" alt=\"\" width=\"960\" height=\"638\" srcset=\"https:\/\/www.saleweselne.com\/blog\/wp-content\/uploads\/2019\/01\/queen-2941437_1920-1024x681.jpg 1024w, https:\/\/www.saleweselne.com\/blog\/wp-content\/uploads\/2019\/01\/queen-2941437_1920-300x199.jpg 300w, https:\/\/www.saleweselne.com\/blog\/wp-content\/uploads\/2019\/01\/queen-2941437_1920-768x510.jpg 768w, https:\/\/www.saleweselne.com\/blog\/wp-content\/uploads\/2019\/01\/queen-2941437_1920-1140x758.jpg 1140w, https:\/\/www.saleweselne.com\/blog\/wp-content\/uploads\/2019\/01\/queen-2941437_1920.jpg 1920w\" sizes=\"auto, (max-width: 960px) 100vw, 960px\" \/><\/p>\n<p align=\"justify\"><img loading=\"lazy\" decoding=\"async\" class=\"aligncenter size-large wp-image-1300\" src=\"https:\/\/www.saleweselne.com\/blog\/wp-content\/uploads\/2019\/01\/people-2586426_1920-1024x681.jpg\" alt=\"\" width=\"960\" height=\"638\" srcset=\"https:\/\/www.saleweselne.com\/blog\/wp-content\/uploads\/2019\/01\/people-2586426_1920-1024x681.jpg 1024w, https:\/\/www.saleweselne.com\/blog\/wp-content\/uploads\/2019\/01\/people-2586426_1920-300x200.jpg 300w, https:\/\/www.saleweselne.com\/blog\/wp-content\/uploads\/2019\/01\/people-2586426_1920-768x511.jpg 768w, https:\/\/www.saleweselne.com\/blog\/wp-content\/uploads\/2019\/01\/people-2586426_1920-1140x758.jpg 1140w, https:\/\/www.saleweselne.com\/blog\/wp-content\/uploads\/2019\/01\/people-2586426_1920.jpg 1920w\" sizes=\"auto, (max-width: 960px) 100vw, 960px\" \/><\/p>\n<p align=\"justify\"><img loading=\"lazy\" decoding=\"async\" class=\"aligncenter size-large wp-image-1294\" src=\"https:\/\/www.saleweselne.com\/blog\/wp-content\/uploads\/2019\/01\/beautiful-1846171_1920-1024x575.jpg\" alt=\"\" width=\"960\" height=\"539\" srcset=\"https:\/\/www.saleweselne.com\/blog\/wp-content\/uploads\/2019\/01\/beautiful-1846171_1920-1024x575.jpg 1024w, https:\/\/www.saleweselne.com\/blog\/wp-content\/uploads\/2019\/01\/beautiful-1846171_1920-300x169.jpg 300w, https:\/\/www.saleweselne.com\/blog\/wp-content\/uploads\/2019\/01\/beautiful-1846171_1920-768x432.jpg 768w, https:\/\/www.saleweselne.com\/blog\/wp-content\/uploads\/2019\/01\/beautiful-1846171_1920-1140x641.jpg 1140w, https:\/\/www.saleweselne.com\/blog\/wp-content\/uploads\/2019\/01\/beautiful-1846171_1920.jpg 1920w\" sizes=\"auto, (max-width: 960px) 100vw, 960px\" \/><\/p>\n<h3 style=\"text-align: center;\"><strong>Otul sw\u00f3j nadgarstek bransoletk\u0105 \u015blubn\u0105<\/strong><\/h3>\n<p align=\"justify\">Jest to element bi\u017cuterii cz\u0119sto przez nas zapominany. Wiele kobiet nie lubi nosi\u0107 bransoletek, poniewa\u017c te (zw\u0142aszcza zwisaj\u0105ce) przeszkadzaj\u0105 w wielu codziennych czynno\u015bciach, takich jak m.in. mycie naczy\u0144 czy po prostu&#8230; mycie naszych r\u0105k. Bransoletki cz\u0119sto s\u0105 utrudnieniem r\u00f3wnie\u017c dla os\u00f3b pracuj\u0105cych przy komputerze. Ile razy przek\u0142adali\u015bcie bi\u017cuteri\u0119 z prawego na lewy nadgarstek, bo uderza\u0142a ona o klawiatur\u0119?<strong> W tak wa\u017cnym dniu, jak dzie\u0144 \u015blubu i wesela, na pewno (mamy nadziej\u0119!) nie b\u0119dziesz pracowa\u0107, a ju\u017c na pewno&#8230; my\u0107 naczy\u0144!<\/strong> Dlatego warto dobra\u0107 odpowiedni\u0105 do ca\u0142ej kreacji bransoletk\u0119, kt\u00f3ra w zale\u017cno\u015bci od potrzeb: b\u0119dzie przyci\u0105ga\u0107 wzrok na r\u0119k\u0119 lub b\u0119dzie stanowi\u0107 jedynie uzupe\u0142nienie\u00a0ca\u0142ej stylizacji.<\/p>\n<p align=\"justify\"><img loading=\"lazy\" decoding=\"async\" class=\"aligncenter size-large wp-image-1299\" src=\"https:\/\/www.saleweselne.com\/blog\/wp-content\/uploads\/2019\/01\/people-2565128_1920-1024x683.jpg\" alt=\"\" width=\"960\" height=\"640\" srcset=\"https:\/\/www.saleweselne.com\/blog\/wp-content\/uploads\/2019\/01\/people-2565128_1920-1024x683.jpg 1024w, https:\/\/www.saleweselne.com\/blog\/wp-content\/uploads\/2019\/01\/people-2565128_1920-300x200.jpg 300w, https:\/\/www.saleweselne.com\/blog\/wp-content\/uploads\/2019\/01\/people-2565128_1920-768x512.jpg 768w, https:\/\/www.saleweselne.com\/blog\/wp-content\/uploads\/2019\/01\/people-2565128_1920-1140x760.jpg 1140w, https:\/\/www.saleweselne.com\/blog\/wp-content\/uploads\/2019\/01\/people-2565128_1920.jpg 1920w\" sizes=\"auto, (max-width: 960px) 100vw, 960px\" \/><\/p>\n<h3 style=\"text-align: center;\"><strong>Nie zak\u0142adaj zbyt wielu pier\u015bcionk\u00f3w<\/strong><\/h3>\n<p align=\"justify\">Przecie\u017c jeden Ci jeszcze dojdzie! Na palcach Panny M\u0142odej w dniu \u015blubu powinien znale\u017a\u0107 si\u0119 oczywi\u015bcie <strong>pier\u015bcionek zar\u0119czynowy<\/strong>, bez kt\u00f3rego nie odby\u0142o by si\u0119 przecie\u017c ca\u0142e to wydarzenie. Na <a href=\"https:\/\/www.saleweselne.com\/sala-weselna\/\">sali weselnej<\/a> na Twoich palcach widnie\u0107 b\u0119d\u0105 przynajmniej dwa pier\u015bcionki: ten zar\u0119czynowy i ten, kt\u00f3ry otrzymasz chwil\u0119 wcze\u015bniej w ko\u015bciele lub urz\u0119dzie stanu cywilnego. Mamy tu na my\u015bli oczywi\u015bcie <strong>obr\u0105czk\u0119<\/strong>. Dlatego my jeste\u015bmy zdania, \u017ce nie warto zak\u0142ada\u0107 jeszcze dodatkowych pier\u015bcionk\u00f3w, kt\u00f3re mog\u0105 przy\u0107mi\u0107 nie tylko pier\u015bcionek zar\u0119czynowy, ale r\u00f3wnie\u017c ca\u0142\u0105 kreacj\u0119.<\/p>\n<p align=\"justify\"><img loading=\"lazy\" decoding=\"async\" class=\"aligncenter size-large wp-image-1302\" src=\"https:\/\/www.saleweselne.com\/blog\/wp-content\/uploads\/2019\/01\/wedding-812967_1920-1024x682.jpg\" alt=\"\" width=\"960\" height=\"639\" srcset=\"https:\/\/www.saleweselne.com\/blog\/wp-content\/uploads\/2019\/01\/wedding-812967_1920-1024x682.jpg 1024w, https:\/\/www.saleweselne.com\/blog\/wp-content\/uploads\/2019\/01\/wedding-812967_1920-300x200.jpg 300w, https:\/\/www.saleweselne.com\/blog\/wp-content\/uploads\/2019\/01\/wedding-812967_1920-768x512.jpg 768w, https:\/\/www.saleweselne.com\/blog\/wp-content\/uploads\/2019\/01\/wedding-812967_1920-1140x759.jpg 1140w, https:\/\/www.saleweselne.com\/blog\/wp-content\/uploads\/2019\/01\/wedding-812967_1920.jpg 1920w\" sizes=\"auto, (max-width: 960px) 100vw, 960px\" \/><\/p>\n<h3 style=\"text-align: center;\"><strong>Naszyjniki \u015blubne, wisiorki, \u0142a\u0144cuszki<\/strong><\/h3>\n<p align=\"justify\">Okre\u015ble\u0144 na t\u0119 cz\u0119\u015b\u0107 bi\u017cuterii jest wiele, tak samo jak wiele daje ona mo\u017cliwo\u015bci. D\u0142ugie, kr\u00f3tkie, z\u0142ote, srebrne, na rzemyku, ze stali chirurgicznej, z kryszta\u0142kami, kolorowe, celebrytki, itp., itd. Podczas wyboru odpowiedniego naszyjnika \u015blubnego, musimy zwr\u00f3ci\u0107 uwag\u0119 na<strong> g\u0142\u0119boko\u015b\u0107 dekoltu<\/strong> naszej sukni \u015blubnej. Panie z du\u017cym dekoltem mog\u0105 sobie pozwoli\u0107 na d\u0142ugie i bardziej masywne naszyjniki. Przy delikatnym dekolcie sprawdz\u0105 si\u0119 lepiej cienkie \u0142a\u0144cuszki typu celebrytka.\u00a0<strong>Przy skromnych sukienkach mo\u017cna poszale\u0107 z wi\u0119kszym lub bardziej \u015bwi\u0119c\u0105cym naszyjnikiem.<\/strong> Przy bogato zdobionych sukienkach lepiej postawi\u0107 na delikatne \u0142a\u0144cuszki, np. z ma\u0142\u0105 zawieszk\u0105. Mo\u017cemy same zrobi\u0107 sobie prezent i kupi\u0107 na t\u0119 wa\u017cn\u0105 okazj\u0119 <strong>delikatny wisiorek z grawerem z dat\u0105 \u015blubu<\/strong>. A mo\u017ce kto\u015b ma zamiar wr\u0119czy\u0107 nam taki jeszcze przed rozpocz\u0119ciem ceremonii za\u015blubin?<\/p>\n<p><img loading=\"lazy\" decoding=\"async\" class=\"size-large wp-image-1298\" src=\"https:\/\/www.saleweselne.com\/blog\/wp-content\/uploads\/2019\/01\/OCRUYD0-1024x683.jpg\" alt=\"\" width=\"960\" height=\"640\" srcset=\"https:\/\/www.saleweselne.com\/blog\/wp-content\/uploads\/2019\/01\/OCRUYD0-1024x683.jpg 1024w, https:\/\/www.saleweselne.com\/blog\/wp-content\/uploads\/2019\/01\/OCRUYD0-300x200.jpg 300w, https:\/\/www.saleweselne.com\/blog\/wp-content\/uploads\/2019\/01\/OCRUYD0-768x512.jpg 768w, https:\/\/www.saleweselne.com\/blog\/wp-content\/uploads\/2019\/01\/OCRUYD0-1140x760.jpg 1140w\" sizes=\"auto, (max-width: 960px) 100vw, 960px\" \/><\/p>\n<p><img loading=\"lazy\" decoding=\"async\" class=\"aligncenter size-large wp-image-1303\" src=\"https:\/\/www.saleweselne.com\/blog\/wp-content\/uploads\/2019\/01\/wedding-1594957_1920-1024x680.jpg\" alt=\"\" width=\"960\" height=\"638\" srcset=\"https:\/\/www.saleweselne.com\/blog\/wp-content\/uploads\/2019\/01\/wedding-1594957_1920-1024x680.jpg 1024w, https:\/\/www.saleweselne.com\/blog\/wp-content\/uploads\/2019\/01\/wedding-1594957_1920-300x199.jpg 300w, https:\/\/www.saleweselne.com\/blog\/wp-content\/uploads\/2019\/01\/wedding-1594957_1920-768x510.jpg 768w, https:\/\/www.saleweselne.com\/blog\/wp-content\/uploads\/2019\/01\/wedding-1594957_1920-1140x757.jpg 1140w, https:\/\/www.saleweselne.com\/blog\/wp-content\/uploads\/2019\/01\/wedding-1594957_1920.jpg 1920w\" sizes=\"auto, (max-width: 960px) 100vw, 960px\" \/><\/p>\n<h2><img loading=\"lazy\" decoding=\"async\" class=\"aligncenter size-large wp-image-1296\" src=\"https:\/\/www.saleweselne.com\/blog\/wp-content\/uploads\/2019\/01\/heart-1521377_1920-1024x673.jpg\" alt=\"\" width=\"960\" height=\"631\" srcset=\"https:\/\/www.saleweselne.com\/blog\/wp-content\/uploads\/2019\/01\/heart-1521377_1920-1024x673.jpg 1024w, https:\/\/www.saleweselne.com\/blog\/wp-content\/uploads\/2019\/01\/heart-1521377_1920-300x197.jpg 300w, https:\/\/www.saleweselne.com\/blog\/wp-content\/uploads\/2019\/01\/heart-1521377_1920-768x504.jpg 768w, https:\/\/www.saleweselne.com\/blog\/wp-content\/uploads\/2019\/01\/heart-1521377_1920-1140x749.jpg 1140w, https:\/\/www.saleweselne.com\/blog\/wp-content\/uploads\/2019\/01\/heart-1521377_1920-500x330.jpg 500w, https:\/\/www.saleweselne.com\/blog\/wp-content\/uploads\/2019\/01\/heart-1521377_1920.jpg 1920w\" sizes=\"auto, (max-width: 960px) 100vw, 960px\" \/><\/h2>\n<h3 style=\"text-align: center;\"><strong>Naszyjnik na plecach?<\/strong><\/h3>\n<p align=\"justify\">Coraz popularniejsze staj\u0105 si\u0119 <strong>suknie \u015blubne z odkrytymi plecami<\/strong>. Podkre\u015blaj\u0105 one cz\u0119\u015b\u0107 cia\u0142a, kt\u00f3r\u0105 wi\u0119kszo\u015b\u0107 kobiet po prostu lubi. Inne cz\u0119\u015bci cia\u0142a nios\u0105 ze sob\u0105 wiele kompleks\u00f3w: za du\u017cy lub za ma\u0142y biust, za du\u017cy brzuch lub ko\u015bcista klatka piersiowa, du\u017ce biodra lub zbyt masywne uda. Kobiety znajduj\u0105 u siebie wiele mankament\u00f3w, ale plecy s\u0105 akurat t\u0105 cz\u0119\u015bci\u0105 cia\u0142a, na kt\u00f3r\u0105 \u017cal\u0105 si\u0119 najrzadziej. St\u0105d stale rosn\u0105ca popularno\u015b\u0107 w\u0142a\u015bnie takiego kroju sukienek. <strong>Odkryte plecy daj\u0105 wi\u0119c du\u017ce pole do popisu, je\u015bli chodzi o bi\u017cuteri\u0119 \u015blubn\u0105.<\/strong> Coraz wi\u0119cej firm jubilerskich projektuje i tworzy naszyjniki, kt\u00f3re mo\u017cna podziwia\u0107 &#8222;od ty\u0142u&#8221;. W tym miejscu pi\u0119knie prezentowa\u0107 si\u0119 b\u0119d\u0105 <strong>d\u0142ugie i cienkie \u0142a\u0144cuszki, cz\u0119sto r\u00f3wnie\u017c z delikatnymi zawieszkami<\/strong>. By zapobiec przesuwaniu si\u0119 bi\u017cuterii znajduj\u0105cej si\u0119 na plecach, wiele kobiet decyduje si\u0119 j\u0105 doczepi\u0107 lub wszy\u0107 w sukienk\u0119.<\/p>\n<h3 style=\"text-align: center;\"><strong>Trendy \u015blubne 2019 &#8211; bi\u017cuteria<\/strong><\/h3>\n<p align=\"justify\">W nadchodz\u0105cym sezonie kr\u00f3lowa\u0107 b\u0119d\u0105 <strong>PER\u0141Y<\/strong>. Te pi\u0119kne kuleczki zdobi\u0105 kobiece lico ju\u017c od wiek\u00f3w. Kiedy\u015b noszone by\u0142y jedynie przez wytworne kobiety, do eleganckich sukienek lub garsonek. Obecnie po per\u0142y si\u0119ga coraz wi\u0119cej kobie w ka\u017cdym wieku. Najcz\u0119\u015bciej spotykane per\u0142y maj\u0105<strong> kolor bia\u0142y lub czarny<\/strong>. Ale istniej\u0105 r\u00f3wnie\u017c w innych kolorach. Jubilerzy r\u00f3wnie\u017c cz\u0119sto decyduj\u0105 si\u0119 na farbowanie pere\u0142, tak by ka\u017cda z kobiet mog\u0142a wybra\u0107 co\u015b idealnego dla siebie. <strong>Szlachetno\u015b\u0107 pere\u0142 doda ka\u017cdej Pannie M\u0142odej elegancji, szyku i klasy.<\/strong><\/p>\n<p align=\"justify\"><img loading=\"lazy\" decoding=\"async\" class=\"aligncenter size-large wp-image-1295\" src=\"https:\/\/www.saleweselne.com\/blog\/wp-content\/uploads\/2019\/01\/bridal-1867900_1920-1024x683.jpg\" alt=\"\" width=\"960\" height=\"640\" srcset=\"https:\/\/www.saleweselne.com\/blog\/wp-content\/uploads\/2019\/01\/bridal-1867900_1920-1024x683.jpg 1024w, https:\/\/www.saleweselne.com\/blog\/wp-content\/uploads\/2019\/01\/bridal-1867900_1920-300x200.jpg 300w, https:\/\/www.saleweselne.com\/blog\/wp-content\/uploads\/2019\/01\/bridal-1867900_1920-768x512.jpg 768w, https:\/\/www.saleweselne.com\/blog\/wp-content\/uploads\/2019\/01\/bridal-1867900_1920-1140x761.jpg 1140w, https:\/\/www.saleweselne.com\/blog\/wp-content\/uploads\/2019\/01\/bridal-1867900_1920.jpg 1920w\" sizes=\"auto, (max-width: 960px) 100vw, 960px\" \/><\/p>\n<p align=\"justify\">Wcze\u015bniej wspomniane przez nas <strong>OZDOBY NA PLECACH<\/strong>\u00a0r\u00f3wnie\u017c w tym sezonie b\u0119d\u0105 bardzo popularnym \u015blubnym trendem. <strong>D\u0142ugi \u0142a\u0144cuch zako\u0144czony pi\u0119kn\u0105 per\u0142\u0105, cyrkoni\u0105 lub diamentem, kt\u00f3ry mieni\u0107 si\u0119 b\u0119dzie magicznie w <a href=\"https:\/\/www.saleweselne.com\/oswietlenie\/\">o\u015bwietleniu<\/a> <a href=\"https:\/\/www.saleweselne.com\/sala-bankietowa\/\">sali bankietowej<\/a>? Jeste\u015bmy na tak!<\/strong> Oczywi\u015bcie na bi\u017cuteri\u0119 na plecach b\u0119d\u0105 mog\u0142y pozwoli\u0107 sobie Panie z wykrojon\u0105 z ty\u0142u sukni\u0105.<\/p>\n<p align=\"justify\"><strong>OZDOBY RAMION<\/strong> zrewolucjonizuj\u0105 standardowy pogl\u0105d na bi\u017cuteri\u0119. Ten element b\u0119dzie pasowa\u0142 Pannom M\u0142odym, kt\u00f3re wybior\u0105 kreacj\u0119 z odkrytymi ramionami i przynajmniej cz\u0119\u015bciowo odkrytymi plecami. Zdobienia nale\u017cy dobra\u0107 do stylu, w jakim uszyta jest suknia \u015blubna. <strong>Bi\u017cuteria na ramionach pasowa\u0107 b\u0119dzie do raczej skromnych i delikatnych kreacji.<\/strong> &#8222;Bogata&#8221; sukienka dope\u0142niona kryszta\u0142kami na ramionach wed\u0142ug nas b\u0119dzie ju\u017c <em>too much<\/em>.<\/p>\n<p align=\"justify\"><strong>A Wy jak\u0105 bi\u017cuteri\u0119 wybra\u0142y\u015bcie do swojej sukni \u015blubnej? Stawiacie bardziej na ekstrawagancj\u0119 czy raczej na stonowan\u0105 klasyk\u0119? Pochwalcie si\u0119 w komentarzach.<\/strong><\/p>\n<p><img loading=\"lazy\" decoding=\"async\" class=\"size-large wp-image-1293\" src=\"https:\/\/www.saleweselne.com\/blog\/wp-content\/uploads\/2019\/01\/14595-1024x683.jpg\" alt=\"\" width=\"960\" height=\"640\" srcset=\"https:\/\/www.saleweselne.com\/blog\/wp-content\/uploads\/2019\/01\/14595-1024x683.jpg 1024w, https:\/\/www.saleweselne.com\/blog\/wp-content\/uploads\/2019\/01\/14595-300x200.jpg 300w, https:\/\/www.saleweselne.com\/blog\/wp-content\/uploads\/2019\/01\/14595-768x513.jpg 768w, https:\/\/www.saleweselne.com\/blog\/wp-content\/uploads\/2019\/01\/14595-1140x761.jpg 1140w\" sizes=\"auto, (max-width: 960px) 100vw, 960px\" \/><\/p>\n<p><img loading=\"lazy\" decoding=\"async\" class=\"aligncenter size-large wp-image-1297\" src=\"https:\/\/www.saleweselne.com\/blog\/wp-content\/uploads\/2019\/01\/love-497528_1920-1024x683.jpg\" alt=\"\" width=\"960\" height=\"640\" srcset=\"https:\/\/www.saleweselne.com\/blog\/wp-content\/uploads\/2019\/01\/love-497528_1920-1024x683.jpg 1024w, https:\/\/www.saleweselne.com\/blog\/wp-content\/uploads\/2019\/01\/love-497528_1920-300x200.jpg 300w, https:\/\/www.saleweselne.com\/blog\/wp-content\/uploads\/2019\/01\/love-497528_1920-768x512.jpg 768w, https:\/\/www.saleweselne.com\/blog\/wp-content\/uploads\/2019\/01\/love-497528_1920-1140x760.jpg 1140w, https:\/\/www.saleweselne.com\/blog\/wp-content\/uploads\/2019\/01\/love-497528_1920.jpg 1920w\" sizes=\"auto, (max-width: 960px) 100vw, 960px\" \/><\/p>\n","protected":false},"excerpt":{"rendered":"<p>Bi\u017cuteria to obok but\u00f3w i bukietu najwa\u017cniejszy dodatek \u015blubnej stylizacji Panny M\u0142odej. Warto by by\u0142a nie tylko idealnie dopasowana do sukni, ale r\u00f3wnie\u017c wyra\u017ca\u0142a charakter i styl przysz\u0142ej m\u0119\u017catki. <\/p>\n","protected":false},"author":7,"featured_media":1291,"comment_status":"closed","ping_status":"open","sticky":false,"template":"","format":"standard","meta":{"footnotes":""},"categories":[200],"tags":[213,212,209,214,177,215],"class_list":["post-1289","post","type-post","status-publish","format-standard","has-post-thumbnail","hentry","category-stroj-weselny","tag-bizuteria-slubna","tag-dodatki-slubne","tag-kosciol","tag-ozdoby","tag-suknia-slubna","tag-weselna-stylizacja"],"yoast_head":"<!-- This site is optimized with the Yoast SEO plugin v27.5 - https:\/\/yoast.com\/product\/yoast-seo-wordpress\/ -->\n<title>Bi\u017cuteria \u015blubna - na co postawi\u0107, kompletuj\u0105c str\u00f3j? - blog SaleWeselne.com<\/title>\n<meta name=\"description\" content=\"Bi\u017cuteria \u015blubna - na co postawi\u0107, kompletuj\u0105c str\u00f3j? - blog SaleWeselne.com\" \/>\n<meta name=\"robots\" content=\"index, follow, max-snippet:-1, max-image-preview:large, max-video-preview:-1\" \/>\n<link rel=\"canonical\" href=\"https:\/\/www.saleweselne.com\/blog\/bizuteria-slubna-na-co-postawic-kompletujac-stroj\/\" \/>\n<meta property=\"og:locale\" content=\"pl_PL\" \/>\n<meta property=\"og:type\" content=\"article\" \/>\n<meta property=\"og:title\" content=\"Bi\u017cuteria \u015blubna - na co postawi\u0107, kompletuj\u0105c str\u00f3j? - blog SaleWeselne.com\" \/>\n<meta property=\"og:description\" content=\"Bi\u017cuteria \u015blubna - na co postawi\u0107, kompletuj\u0105c str\u00f3j? - blog SaleWeselne.com\" \/>\n<meta property=\"og:url\" content=\"https:\/\/www.saleweselne.com\/blog\/bizuteria-slubna-na-co-postawic-kompletujac-stroj\/\" \/>\n<meta property=\"og:site_name\" content=\"SaleWeselne.com\" \/>\n<meta property=\"article:published_time\" content=\"2019-01-12T19:23:14+00:00\" \/>\n<meta property=\"article:modified_time\" content=\"2024-05-07T10:11:54+00:00\" \/>\n<meta property=\"og:image\" content=\"https:\/\/www.saleweselne.com\/blog\/wp-content\/uploads\/2019\/01\/6094-1024x683.jpg\" \/>\n\t<meta property=\"og:image:width\" content=\"1024\" \/>\n\t<meta property=\"og:image:height\" content=\"683\" \/>\n\t<meta property=\"og:image:type\" content=\"image\/jpeg\" \/>\n<meta name=\"author\" content=\"Darek\" \/>\n<meta name=\"twitter:card\" content=\"summary_large_image\" \/>\n<meta name=\"twitter:label1\" content=\"Napisane przez\" \/>\n\t<meta name=\"twitter:data1\" content=\"Darek\" \/>\n\t<meta name=\"twitter:label2\" content=\"Szacowany czas czytania\" \/>\n\t<meta name=\"twitter:data2\" content=\"7 minut\" \/>\n<script type=\"application\/ld+json\" class=\"yoast-schema-graph\">{\"@context\":\"https:\\\/\\\/schema.org\",\"@graph\":[{\"@type\":\"Article\",\"@id\":\"https:\\\/\\\/www.saleweselne.com\\\/blog\\\/bizuteria-slubna-na-co-postawic-kompletujac-stroj\\\/#article\",\"isPartOf\":{\"@id\":\"https:\\\/\\\/www.saleweselne.com\\\/blog\\\/bizuteria-slubna-na-co-postawic-kompletujac-stroj\\\/\"},\"author\":{\"name\":\"Darek\",\"@id\":\"https:\\\/\\\/www.saleweselne.com\\\/blog\\\/#\\\/schema\\\/person\\\/0e924cd9ceaca06a0d75928575d0f95a\"},\"headline\":\"Bi\u017cuteria \u015blubna &#8211; na co postawi\u0107, kompletuj\u0105c str\u00f3j?\",\"datePublished\":\"2019-01-12T19:23:14+00:00\",\"dateModified\":\"2024-05-07T10:11:54+00:00\",\"mainEntityOfPage\":{\"@id\":\"https:\\\/\\\/www.saleweselne.com\\\/blog\\\/bizuteria-slubna-na-co-postawic-kompletujac-stroj\\\/\"},\"wordCount\":1351,\"publisher\":{\"@id\":\"https:\\\/\\\/www.saleweselne.com\\\/blog\\\/#organization\"},\"image\":{\"@id\":\"https:\\\/\\\/www.saleweselne.com\\\/blog\\\/bizuteria-slubna-na-co-postawic-kompletujac-stroj\\\/#primaryimage\"},\"thumbnailUrl\":\"https:\\\/\\\/www.saleweselne.com\\\/blog\\\/wp-content\\\/uploads\\\/2019\\\/01\\\/6094.jpg\",\"keywords\":[\"bi\u017cuteria \u015blubna\",\"dodatki \u015blubne\",\"ko\u015bci\u00f3\u0142\",\"ozdoby\",\"suknia \u015blubna\",\"weselna stylizacja\"],\"articleSection\":[\"Str\u00f3j weselny\"],\"inLanguage\":\"pl-PL\"},{\"@type\":\"WebPage\",\"@id\":\"https:\\\/\\\/www.saleweselne.com\\\/blog\\\/bizuteria-slubna-na-co-postawic-kompletujac-stroj\\\/\",\"url\":\"https:\\\/\\\/www.saleweselne.com\\\/blog\\\/bizuteria-slubna-na-co-postawic-kompletujac-stroj\\\/\",\"name\":\"Bi\u017cuteria \u015blubna - na co postawi\u0107, kompletuj\u0105c str\u00f3j? - blog SaleWeselne.com\",\"isPartOf\":{\"@id\":\"https:\\\/\\\/www.saleweselne.com\\\/blog\\\/#website\"},\"primaryImageOfPage\":{\"@id\":\"https:\\\/\\\/www.saleweselne.com\\\/blog\\\/bizuteria-slubna-na-co-postawic-kompletujac-stroj\\\/#primaryimage\"},\"image\":{\"@id\":\"https:\\\/\\\/www.saleweselne.com\\\/blog\\\/bizuteria-slubna-na-co-postawic-kompletujac-stroj\\\/#primaryimage\"},\"thumbnailUrl\":\"https:\\\/\\\/www.saleweselne.com\\\/blog\\\/wp-content\\\/uploads\\\/2019\\\/01\\\/6094.jpg\",\"datePublished\":\"2019-01-12T19:23:14+00:00\",\"dateModified\":\"2024-05-07T10:11:54+00:00\",\"description\":\"Bi\u017cuteria \u015blubna - na co postawi\u0107, kompletuj\u0105c str\u00f3j? - blog SaleWeselne.com\",\"breadcrumb\":{\"@id\":\"https:\\\/\\\/www.saleweselne.com\\\/blog\\\/bizuteria-slubna-na-co-postawic-kompletujac-stroj\\\/#breadcrumb\"},\"inLanguage\":\"pl-PL\",\"potentialAction\":[{\"@type\":\"ReadAction\",\"target\":[\"https:\\\/\\\/www.saleweselne.com\\\/blog\\\/bizuteria-slubna-na-co-postawic-kompletujac-stroj\\\/\"]}]},{\"@type\":\"ImageObject\",\"inLanguage\":\"pl-PL\",\"@id\":\"https:\\\/\\\/www.saleweselne.com\\\/blog\\\/bizuteria-slubna-na-co-postawic-kompletujac-stroj\\\/#primaryimage\",\"url\":\"https:\\\/\\\/www.saleweselne.com\\\/blog\\\/wp-content\\\/uploads\\\/2019\\\/01\\\/6094.jpg\",\"contentUrl\":\"https:\\\/\\\/www.saleweselne.com\\\/blog\\\/wp-content\\\/uploads\\\/2019\\\/01\\\/6094.jpg\",\"width\":3861,\"height\":2574},{\"@type\":\"BreadcrumbList\",\"@id\":\"https:\\\/\\\/www.saleweselne.com\\\/blog\\\/bizuteria-slubna-na-co-postawic-kompletujac-stroj\\\/#breadcrumb\",\"itemListElement\":[{\"@type\":\"ListItem\",\"position\":1,\"name\":\"Strona g\u0142\u00f3wna\",\"item\":\"https:\\\/\\\/www.saleweselne.com\\\/blog\\\/\"},{\"@type\":\"ListItem\",\"position\":2,\"name\":\"Bi\u017cuteria \u015blubna &#8211; na co postawi\u0107, kompletuj\u0105c str\u00f3j?\"}]},{\"@type\":\"WebSite\",\"@id\":\"https:\\\/\\\/www.saleweselne.com\\\/blog\\\/#website\",\"url\":\"https:\\\/\\\/www.saleweselne.com\\\/blog\\\/\",\"name\":\"SaleWeselne.com\",\"description\":\"Blog Bran\u017cy Weselnej - Sprawd\u017a najpi\u0119kniejsze sale weselne oraz motywy \u015blubne. Poznaj praktyczne porady, jak zorganizowa\u0107 wymarzone wesele!\",\"publisher\":{\"@id\":\"https:\\\/\\\/www.saleweselne.com\\\/blog\\\/#organization\"},\"potentialAction\":[{\"@type\":\"SearchAction\",\"target\":{\"@type\":\"EntryPoint\",\"urlTemplate\":\"https:\\\/\\\/www.saleweselne.com\\\/blog\\\/?s={search_term_string}\"},\"query-input\":{\"@type\":\"PropertyValueSpecification\",\"valueRequired\":true,\"valueName\":\"search_term_string\"}}],\"inLanguage\":\"pl-PL\"},{\"@type\":\"Organization\",\"@id\":\"https:\\\/\\\/www.saleweselne.com\\\/blog\\\/#organization\",\"name\":\"SaleWeselne.com\",\"url\":\"https:\\\/\\\/www.saleweselne.com\\\/blog\\\/\",\"logo\":{\"@type\":\"ImageObject\",\"inLanguage\":\"pl-PL\",\"@id\":\"https:\\\/\\\/www.saleweselne.com\\\/blog\\\/#\\\/schema\\\/logo\\\/image\\\/\",\"url\":\"https:\\\/\\\/www.saleweselne.com\\\/blog\\\/wp-content\\\/uploads\\\/2021\\\/03\\\/saleweselne-logotyp-RGB-bez-tla-2.png\",\"contentUrl\":\"https:\\\/\\\/www.saleweselne.com\\\/blog\\\/wp-content\\\/uploads\\\/2021\\\/03\\\/saleweselne-logotyp-RGB-bez-tla-2.png\",\"width\":625,\"height\":150,\"caption\":\"SaleWeselne.com\"},\"image\":{\"@id\":\"https:\\\/\\\/www.saleweselne.com\\\/blog\\\/#\\\/schema\\\/logo\\\/image\\\/\"}},{\"@type\":\"Person\",\"@id\":\"https:\\\/\\\/www.saleweselne.com\\\/blog\\\/#\\\/schema\\\/person\\\/0e924cd9ceaca06a0d75928575d0f95a\",\"name\":\"Darek\",\"url\":\"https:\\\/\\\/www.saleweselne.com\\\/blog\\\/author\\\/darek\\\/\"}]}<\/script>\n<!-- \/ Yoast SEO plugin. -->","yoast_head_json":{"title":"Bi\u017cuteria \u015blubna - na co postawi\u0107, kompletuj\u0105c str\u00f3j? - blog SaleWeselne.com","description":"Bi\u017cuteria \u015blubna - na co postawi\u0107, kompletuj\u0105c str\u00f3j? - blog SaleWeselne.com","robots":{"index":"index","follow":"follow","max-snippet":"max-snippet:-1","max-image-preview":"max-image-preview:large","max-video-preview":"max-video-preview:-1"},"canonical":"https:\/\/www.saleweselne.com\/blog\/bizuteria-slubna-na-co-postawic-kompletujac-stroj\/","og_locale":"pl_PL","og_type":"article","og_title":"Bi\u017cuteria \u015blubna - na co postawi\u0107, kompletuj\u0105c str\u00f3j? - blog SaleWeselne.com","og_description":"Bi\u017cuteria \u015blubna - na co postawi\u0107, kompletuj\u0105c str\u00f3j? - blog SaleWeselne.com","og_url":"https:\/\/www.saleweselne.com\/blog\/bizuteria-slubna-na-co-postawic-kompletujac-stroj\/","og_site_name":"SaleWeselne.com","article_published_time":"2019-01-12T19:23:14+00:00","article_modified_time":"2024-05-07T10:11:54+00:00","og_image":[{"width":1024,"height":683,"url":"https:\/\/www.saleweselne.com\/blog\/wp-content\/uploads\/2019\/01\/6094-1024x683.jpg","type":"image\/jpeg"}],"author":"Darek","twitter_card":"summary_large_image","twitter_misc":{"Napisane przez":"Darek","Szacowany czas czytania":"7 minut"},"schema":{"@context":"https:\/\/schema.org","@graph":[{"@type":"Article","@id":"https:\/\/www.saleweselne.com\/blog\/bizuteria-slubna-na-co-postawic-kompletujac-stroj\/#article","isPartOf":{"@id":"https:\/\/www.saleweselne.com\/blog\/bizuteria-slubna-na-co-postawic-kompletujac-stroj\/"},"author":{"name":"Darek","@id":"https:\/\/www.saleweselne.com\/blog\/#\/schema\/person\/0e924cd9ceaca06a0d75928575d0f95a"},"headline":"Bi\u017cuteria \u015blubna &#8211; na co postawi\u0107, kompletuj\u0105c str\u00f3j?","datePublished":"2019-01-12T19:23:14+00:00","dateModified":"2024-05-07T10:11:54+00:00","mainEntityOfPage":{"@id":"https:\/\/www.saleweselne.com\/blog\/bizuteria-slubna-na-co-postawic-kompletujac-stroj\/"},"wordCount":1351,"publisher":{"@id":"https:\/\/www.saleweselne.com\/blog\/#organization"},"image":{"@id":"https:\/\/www.saleweselne.com\/blog\/bizuteria-slubna-na-co-postawic-kompletujac-stroj\/#primaryimage"},"thumbnailUrl":"https:\/\/www.saleweselne.com\/blog\/wp-content\/uploads\/2019\/01\/6094.jpg","keywords":["bi\u017cuteria \u015blubna","dodatki \u015blubne","ko\u015bci\u00f3\u0142","ozdoby","suknia \u015blubna","weselna stylizacja"],"articleSection":["Str\u00f3j weselny"],"inLanguage":"pl-PL"},{"@type":"WebPage","@id":"https:\/\/www.saleweselne.com\/blog\/bizuteria-slubna-na-co-postawic-kompletujac-stroj\/","url":"https:\/\/www.saleweselne.com\/blog\/bizuteria-slubna-na-co-postawic-kompletujac-stroj\/","name":"Bi\u017cuteria \u015blubna - na co postawi\u0107, kompletuj\u0105c str\u00f3j? - blog SaleWeselne.com","isPartOf":{"@id":"https:\/\/www.saleweselne.com\/blog\/#website"},"primaryImageOfPage":{"@id":"https:\/\/www.saleweselne.com\/blog\/bizuteria-slubna-na-co-postawic-kompletujac-stroj\/#primaryimage"},"image":{"@id":"https:\/\/www.saleweselne.com\/blog\/bizuteria-slubna-na-co-postawic-kompletujac-stroj\/#primaryimage"},"thumbnailUrl":"https:\/\/www.saleweselne.com\/blog\/wp-content\/uploads\/2019\/01\/6094.jpg","datePublished":"2019-01-12T19:23:14+00:00","dateModified":"2024-05-07T10:11:54+00:00","description":"Bi\u017cuteria \u015blubna - na co postawi\u0107, kompletuj\u0105c str\u00f3j? - blog SaleWeselne.com","breadcrumb":{"@id":"https:\/\/www.saleweselne.com\/blog\/bizuteria-slubna-na-co-postawic-kompletujac-stroj\/#breadcrumb"},"inLanguage":"pl-PL","potentialAction":[{"@type":"ReadAction","target":["https:\/\/www.saleweselne.com\/blog\/bizuteria-slubna-na-co-postawic-kompletujac-stroj\/"]}]},{"@type":"ImageObject","inLanguage":"pl-PL","@id":"https:\/\/www.saleweselne.com\/blog\/bizuteria-slubna-na-co-postawic-kompletujac-stroj\/#primaryimage","url":"https:\/\/www.saleweselne.com\/blog\/wp-content\/uploads\/2019\/01\/6094.jpg","contentUrl":"https:\/\/www.saleweselne.com\/blog\/wp-content\/uploads\/2019\/01\/6094.jpg","width":3861,"height":2574},{"@type":"BreadcrumbList","@id":"https:\/\/www.saleweselne.com\/blog\/bizuteria-slubna-na-co-postawic-kompletujac-stroj\/#breadcrumb","itemListElement":[{"@type":"ListItem","position":1,"name":"Strona g\u0142\u00f3wna","item":"https:\/\/www.saleweselne.com\/blog\/"},{"@type":"ListItem","position":2,"name":"Bi\u017cuteria \u015blubna &#8211; na co postawi\u0107, kompletuj\u0105c str\u00f3j?"}]},{"@type":"WebSite","@id":"https:\/\/www.saleweselne.com\/blog\/#website","url":"https:\/\/www.saleweselne.com\/blog\/","name":"SaleWeselne.com","description":"Blog Bran\u017cy Weselnej - Sprawd\u017a najpi\u0119kniejsze sale weselne oraz motywy \u015blubne. Poznaj praktyczne porady, jak zorganizowa\u0107 wymarzone wesele!","publisher":{"@id":"https:\/\/www.saleweselne.com\/blog\/#organization"},"potentialAction":[{"@type":"SearchAction","target":{"@type":"EntryPoint","urlTemplate":"https:\/\/www.saleweselne.com\/blog\/?s={search_term_string}"},"query-input":{"@type":"PropertyValueSpecification","valueRequired":true,"valueName":"search_term_string"}}],"inLanguage":"pl-PL"},{"@type":"Organization","@id":"https:\/\/www.saleweselne.com\/blog\/#organization","name":"SaleWeselne.com","url":"https:\/\/www.saleweselne.com\/blog\/","logo":{"@type":"ImageObject","inLanguage":"pl-PL","@id":"https:\/\/www.saleweselne.com\/blog\/#\/schema\/logo\/image\/","url":"https:\/\/www.saleweselne.com\/blog\/wp-content\/uploads\/2021\/03\/saleweselne-logotyp-RGB-bez-tla-2.png","contentUrl":"https:\/\/www.saleweselne.com\/blog\/wp-content\/uploads\/2021\/03\/saleweselne-logotyp-RGB-bez-tla-2.png","width":625,"height":150,"caption":"SaleWeselne.com"},"image":{"@id":"https:\/\/www.saleweselne.com\/blog\/#\/schema\/logo\/image\/"}},{"@type":"Person","@id":"https:\/\/www.saleweselne.com\/blog\/#\/schema\/person\/0e924cd9ceaca06a0d75928575d0f95a","name":"Darek","url":"https:\/\/www.saleweselne.com\/blog\/author\/darek\/"}]}},"_links":{"self":[{"href":"https:\/\/www.saleweselne.com\/blog\/wp-json\/wp\/v2\/posts\/1289","targetHints":{"allow":["GET"]}}],"collection":[{"href":"https:\/\/www.saleweselne.com\/blog\/wp-json\/wp\/v2\/posts"}],"about":[{"href":"https:\/\/www.saleweselne.com\/blog\/wp-json\/wp\/v2\/types\/post"}],"author":[{"embeddable":true,"href":"https:\/\/www.saleweselne.com\/blog\/wp-json\/wp\/v2\/users\/7"}],"replies":[{"embeddable":true,"href":"https:\/\/www.saleweselne.com\/blog\/wp-json\/wp\/v2\/comments?post=1289"}],"version-history":[{"count":10,"href":"https:\/\/www.saleweselne.com\/blog\/wp-json\/wp\/v2\/posts\/1289\/revisions"}],"predecessor-version":[{"id":1317,"href":"https:\/\/www.saleweselne.com\/blog\/wp-json\/wp\/v2\/posts\/1289\/revisions\/1317"}],"wp:featuredmedia":[{"embeddable":true,"href":"https:\/\/www.saleweselne.com\/blog\/wp-json\/wp\/v2\/media\/1291"}],"wp:attachment":[{"href":"https:\/\/www.saleweselne.com\/blog\/wp-json\/wp\/v2\/media?parent=1289"}],"wp:term":[{"taxonomy":"category","embeddable":true,"href":"https:\/\/www.saleweselne.com\/blog\/wp-json\/wp\/v2\/categories?post=1289"},{"taxonomy":"post_tag","embeddable":true,"href":"https:\/\/www.saleweselne.com\/blog\/wp-json\/wp\/v2\/tags?post=1289"}],"curies":[{"name":"wp","href":"https:\/\/api.w.org\/{rel}","templated":true}]}}