{"id":1626,"date":"2019-06-11T14:22:35","date_gmt":"2019-06-11T12:22:35","guid":{"rendered":"https:\/\/www.saleweselne.com\/blog\/?p=1626"},"modified":"2024-05-07T12:11:36","modified_gmt":"2024-05-07T10:11:36","slug":"slub-na-plazy-czyli-organizacja-wesela-nad-morzem","status":"publish","type":"post","link":"https:\/\/www.saleweselne.com\/blog\/slub-na-plazy-czyli-organizacja-wesela-nad-morzem\/","title":{"rendered":"\u015alub na pla\u017cy- czyli organizacja wesela nad morzem"},"content":{"rendered":"<h3 align=\"JUSTIFY\"><b>Ogl\u0105dali\u015bcie kiedy\u015b film romantyczny, kt\u00f3ry ko\u0144czy si\u0119 \u015blubem na pla\u017cy? M\u0142oda Para otoczona najbli\u017csz\u0105 rodzin\u0105 i przyjaci\u00f3\u0142mi sk\u0142ada przysi\u0119g\u0119 o wiecznej mi\u0142o\u015bci i wierno\u015bci, maj\u0105c za plecami szumi\u0105ce morze. Nawet je\u015bli nie ogl\u0105dali\u015bcie podobnego filmu, bardzo \u0142atwo wyobrazi\u0107 sobie tak\u0105 scen\u0119, prawda?<\/b><\/h3>\n<p align=\"JUSTIFY\">\u015alub na pla\u017cy to jedno z najwi\u0119kszych marze\u0144, jakie deklaruj\u0105 Panny M\u0142ode. Wydaje si\u0119 nam jednak, \u017ce w Polsce jest ono nieosi\u0105galne. Nic bardziej mylnego! Nasze Morze Ba\u0142tyckie potrafi zachwyci\u0107 swoim urokiem, a miejsca na wesele <em><strong><a href=\"https:\/\/www.saleweselne.com\/zachodniopomorskie\/?name=&amp;city=&amp;seats-number=&amp;Search=Szukaj\">zachodniopomorskim<\/a><\/strong><\/em> i <em><strong><a href=\"https:\/\/www.saleweselne.com\/pomorskie\/?name=&amp;city=&amp;seats-number=&amp;Search=Szukaj\">pomorskim<\/a><\/strong><\/em> mog\u0105 \u015bmia\u0142o konkurowa\u0107 z najlepszymi kurortami za granic\u0105.<\/p>\n<p align=\"JUSTIFY\"><img loading=\"lazy\" decoding=\"async\" class=\"aligncenter wp-image-1635 size-full\" src=\"https:\/\/www.saleweselne.com\/blog\/wp-content\/uploads\/2019\/06\/applauding-applauds-attending-1484211.jpg\" alt=\"\" width=\"4332\" height=\"2857\" srcset=\"https:\/\/www.saleweselne.com\/blog\/wp-content\/uploads\/2019\/06\/applauding-applauds-attending-1484211.jpg 4332w, https:\/\/www.saleweselne.com\/blog\/wp-content\/uploads\/2019\/06\/applauding-applauds-attending-1484211-300x198.jpg 300w, https:\/\/www.saleweselne.com\/blog\/wp-content\/uploads\/2019\/06\/applauding-applauds-attending-1484211-768x507.jpg 768w, https:\/\/www.saleweselne.com\/blog\/wp-content\/uploads\/2019\/06\/applauding-applauds-attending-1484211-1024x675.jpg 1024w, https:\/\/www.saleweselne.com\/blog\/wp-content\/uploads\/2019\/06\/applauding-applauds-attending-1484211-1140x752.jpg 1140w, https:\/\/www.saleweselne.com\/blog\/wp-content\/uploads\/2019\/06\/applauding-applauds-attending-1484211-500x330.jpg 500w\" sizes=\"auto, (max-width: 4332px) 100vw, 4332px\" \/><\/p>\n<h2 style=\"text-align: center;\" align=\"JUSTIFY\"><b>Wesele na pla\u017cy w Polsce? <\/b><\/h2>\n<p align=\"JUSTIFY\">Kiedy\u015b przyj\u0119cie sakramentu ma\u0142\u017ce\u0144stwa poza Urz\u0119dem Stanu Cywilnego by\u0142o niemo\u017cliwe. Zosta\u0142o to zmienione w marcu 2015 roku i od tamtego czasu nietypowe miejsca na wesele zyskuj\u0105 coraz wi\u0119ksz\u0105 popularno\u015b\u0107. Podr\u00f3\u017c do ciep\u0142ych kraj\u00f3w by\u0142aby bardzo kosztowna, wi\u0119c mo\u017ce lepiej doceni\u0107 to, co mamy na miejscu?<\/p>\n<p align=\"JUSTIFY\">Wesele na pla\u017cy w Polce, co prawda nie b\u0119dzie otoczone palmami, ale za to urokliwymi wydmami. <strong>Zach\u00f3d s\u0142o\u0144ca nad Ba\u0142tykiem jest r\u00f3wnie pi\u0119kny, jak ten w tropikach, a na sto\u0142ach mog\u0105 pojawi\u0107 si\u0119 wyrafinowane dania oparte na rybach i owocach morza.<\/strong><\/p>\n<p align=\"JUSTIFY\">Jak jednak zabra\u0107 si\u0119 za organizacj\u0119 wesela na pla\u017cy? Wi\u0119kszo\u015b\u0107 poradnik\u00f3w, m\u00f3wi si\u0119 o dekoracji, menu, nag\u0142o\u015bnieniu i o\u015bwietleniu, kt\u00f3re s\u0105 dostosowane do sali weselnej. <strong>Przygotowanie otwartej przestrzeni pod potrzeby wesela to spore wyzwanie, lecz przy odpowiednim podej\u015bciu i wiedzy, mo\u017ce okaza\u0107 si\u0119 najlepsz\u0105 decyzj\u0105 w naszym \u017cyciu.<\/strong><\/p>\n<p align=\"JUSTIFY\"><img loading=\"lazy\" decoding=\"async\" class=\"aligncenter size-full wp-image-1798\" src=\"https:\/\/www.saleweselne.com\/blog\/wp-content\/uploads\/2019\/06\/beach-beautiful-blur-1464816.jpg\" alt=\"\" width=\"6000\" height=\"4005\" srcset=\"https:\/\/www.saleweselne.com\/blog\/wp-content\/uploads\/2019\/06\/beach-beautiful-blur-1464816.jpg 6000w, https:\/\/www.saleweselne.com\/blog\/wp-content\/uploads\/2019\/06\/beach-beautiful-blur-1464816-300x200.jpg 300w, https:\/\/www.saleweselne.com\/blog\/wp-content\/uploads\/2019\/06\/beach-beautiful-blur-1464816-768x513.jpg 768w, https:\/\/www.saleweselne.com\/blog\/wp-content\/uploads\/2019\/06\/beach-beautiful-blur-1464816-1024x684.jpg 1024w, https:\/\/www.saleweselne.com\/blog\/wp-content\/uploads\/2019\/06\/beach-beautiful-blur-1464816-1140x761.jpg 1140w\" sizes=\"auto, (max-width: 6000px) 100vw, 6000px\" \/><\/p>\n<p align=\"JUSTIFY\">\n<h2 style=\"text-align: center;\" align=\"JUSTIFY\"><b>Przygotowanie \u015blubu na pla\u017cy<\/b><\/h2>\n<p align=\"JUSTIFY\">Do \u015blubu na pla\u017cy trzeba si\u0119 odpowiednio przygotowa\u0107. Je\u015bli chodzi o kwestie urz\u0119dnicze, musimy z\u0142o\u017cy\u0107 pro\u015bb\u0119 o udzielenie uroczysto\u015bci \u015blubnej poza Urz\u0119dem Stanu Cywilnego i wskazanie wybranej przez nas lokalizacji. <strong>Jednym z wymog\u00f3w organizacji wesela na pla\u017cy jest zapewnienie miejsca, w kt\u00f3rym zostanie umieszczone god\u0142o pa\u0144stwowe, kt\u00f3re musi nam towarzyszy\u0107 w chwili sk\u0142adania przysi\u0119gi.<\/strong><\/p>\n<p align=\"JUSTIFY\">\n<p align=\"JUSTIFY\">Sto\u0142y i krzes\u0142a, kt\u00f3re normalnie ustawiliby\u015bmy na sali weselnej, tutaj tak\u017ce b\u0119d\u0105 konieczne. Mo\u017cna oczywi\u015bcie ograniczy\u0107 si\u0119 do kilku rz\u0119d\u00f3w dla najstarszych i najwa\u017cniejszych go\u015bci. Tego typu uroczysto\u015b\u0107 nie trwa zbyt d\u0142ugo, wi\u0119c cz\u0119\u015b\u0107 weselnik\u00f3w mo\u017ce sta\u0107 z ty\u0142u. <strong>Koniecznie jest jednak przygotowanie wygodnego miejsca dla urz\u0119dnika pa\u0144stwowego, kt\u00f3ry b\u0119dzie udziela\u0142 \u015blubu oraz naszych \u015bwiadk\u00f3w<\/strong>.<\/p>\n<p align=\"JUSTIFY\"><img loading=\"lazy\" decoding=\"async\" class=\"aligncenter size-full wp-image-1797\" src=\"https:\/\/www.saleweselne.com\/blog\/wp-content\/uploads\/2019\/06\/ieva-vizule-3GXBsmOSzJk-unsplash.jpg\" alt=\"\" width=\"5184\" height=\"3456\" srcset=\"https:\/\/www.saleweselne.com\/blog\/wp-content\/uploads\/2019\/06\/ieva-vizule-3GXBsmOSzJk-unsplash.jpg 5184w, https:\/\/www.saleweselne.com\/blog\/wp-content\/uploads\/2019\/06\/ieva-vizule-3GXBsmOSzJk-unsplash-300x200.jpg 300w, https:\/\/www.saleweselne.com\/blog\/wp-content\/uploads\/2019\/06\/ieva-vizule-3GXBsmOSzJk-unsplash-768x512.jpg 768w, https:\/\/www.saleweselne.com\/blog\/wp-content\/uploads\/2019\/06\/ieva-vizule-3GXBsmOSzJk-unsplash-1024x683.jpg 1024w, https:\/\/www.saleweselne.com\/blog\/wp-content\/uploads\/2019\/06\/ieva-vizule-3GXBsmOSzJk-unsplash-1140x760.jpg 1140w\" sizes=\"auto, (max-width: 5184px) 100vw, 5184px\" \/><\/p>\n<p align=\"JUSTIFY\">\n<p align=\"JUSTIFY\">\n<h2 style=\"text-align: center;\" align=\"JUSTIFY\"><b>Pla\u017ca pla\u017cy nier\u00f3wna- czyli wyb\u00f3r miejsca na \u015blub<\/b><\/h2>\n<p align=\"JUSTIFY\">Wybrana przez nas pla\u017ca na wesele musi znajdowa\u0107 si\u0119 w kameralnym i \u0142atwo dost\u0119pnym miejscu. Najlepiej je\u015bli zdecydujemy si\u0119 na tak\u0105, o prywatnym charakterze, kt\u00f3ra przynale\u017cy do hotelu lub o\u015brodka wypoczynkowego, w kt\u00f3rym zakwaterujemy go\u015bci. Na portalu <strong>SaleWeselne.com<\/strong> mo\u017cna znale\u017a\u0107 list\u0119 obiekt\u00f3w, kt\u00f3re opr\u00f3cz sali weselnej oferuj\u0105 organizacj\u0119 <em><strong><a href=\"https:\/\/www.saleweselne.com\/przyjecie-w-plenerze\/\">przyj\u0119cia w plenerze<\/a><\/strong><\/em>.<\/p>\n<p align=\"JUSTIFY\"><img loading=\"lazy\" decoding=\"async\" class=\"aligncenter wp-image-1636 size-full\" src=\"https:\/\/www.saleweselne.com\/blog\/wp-content\/uploads\/2019\/06\/beach-beautiful-child-1700945.jpg\" alt=\"\" width=\"5320\" height=\"3547\" srcset=\"https:\/\/www.saleweselne.com\/blog\/wp-content\/uploads\/2019\/06\/beach-beautiful-child-1700945.jpg 5320w, https:\/\/www.saleweselne.com\/blog\/wp-content\/uploads\/2019\/06\/beach-beautiful-child-1700945-300x200.jpg 300w, https:\/\/www.saleweselne.com\/blog\/wp-content\/uploads\/2019\/06\/beach-beautiful-child-1700945-768x512.jpg 768w, https:\/\/www.saleweselne.com\/blog\/wp-content\/uploads\/2019\/06\/beach-beautiful-child-1700945-1024x683.jpg 1024w, https:\/\/www.saleweselne.com\/blog\/wp-content\/uploads\/2019\/06\/beach-beautiful-child-1700945-1140x760.jpg 1140w\" sizes=\"auto, (max-width: 5320px) 100vw, 5320px\" \/><\/p>\n<p align=\"JUSTIFY\">Je\u015bli pla\u017ca jest publiczna musimy prosi\u0107 o zgod\u0119 Urz\u0105d Miasta. Nale\u017cy pami\u0119ta\u0107, \u017ce rezerwacja pla\u017cy mo\u017ce wi\u0105za\u0107 si\u0119 z dodatkowymi kosztami.\u00a0<strong>Pogoda w Polsce potrafi nas zaskoczy\u0107, dlatego warto zawsze mie\u0107 w planie drugie, zadaszone miejsce na wesele.<\/strong> Cz\u0119sto obiekty wesele oferuj\u0105 urokliwe altanki lub namioty po\u0142o\u017cone nad brzegiem morza.<\/p>\n<p align=\"JUSTIFY\"><strong>Go\u015bcie musz\u0105 mie\u0107 zapewnione \u0142atwe doj\u015bcie na pla\u017c\u0119, dlatego najlepiej sprawdzaj\u0105 si\u0119 hotele znajduj\u0105ce si\u0119 tu\u017c nad wod\u0105.<\/strong> Samochody mo\u017cna wtedy zostawi\u0107 na parkingu, ubrania w pokoju hotelowym i spokojnie uda\u0107 si\u0119 na uroczysto\u015b\u0107.<\/p>\n<p align=\"JUSTIFY\"><img loading=\"lazy\" decoding=\"async\" class=\"aligncenter size-full wp-image-1796\" src=\"https:\/\/www.saleweselne.com\/blog\/wp-content\/uploads\/2019\/06\/jeremy-wong-weddings-K41SGnGKxVk-unsplash.jpg\" alt=\"\" width=\"5472\" height=\"3648\" srcset=\"https:\/\/www.saleweselne.com\/blog\/wp-content\/uploads\/2019\/06\/jeremy-wong-weddings-K41SGnGKxVk-unsplash.jpg 5472w, https:\/\/www.saleweselne.com\/blog\/wp-content\/uploads\/2019\/06\/jeremy-wong-weddings-K41SGnGKxVk-unsplash-300x200.jpg 300w, https:\/\/www.saleweselne.com\/blog\/wp-content\/uploads\/2019\/06\/jeremy-wong-weddings-K41SGnGKxVk-unsplash-768x512.jpg 768w, https:\/\/www.saleweselne.com\/blog\/wp-content\/uploads\/2019\/06\/jeremy-wong-weddings-K41SGnGKxVk-unsplash-1024x683.jpg 1024w, https:\/\/www.saleweselne.com\/blog\/wp-content\/uploads\/2019\/06\/jeremy-wong-weddings-K41SGnGKxVk-unsplash-1140x760.jpg 1140w\" sizes=\"auto, (max-width: 5472px) 100vw, 5472px\" \/><\/p>\n<h2 style=\"text-align: center;\" align=\"JUSTIFY\"><b>Wesele na pla\u017cy<\/b><\/h2>\n<p align=\"JUSTIFY\">Organizacja samego \u015blubu na pla\u017cy jest \u0142atwiejsza ni\u017c ca\u0142ej uroczysto\u015bci weselnej. <strong>Je\u015bli marzymy o przyj\u0119ciu tu\u017c nad morzem, musimy zapewni\u0107 go\u015bciom odpowiednie warunki do zabawy.<\/strong> W pierwszej kolejno\u015bci, powinni\u015bmy pomy\u015ble\u0107 o miejscach siedz\u0105cych dla go\u015bci.<\/p>\n<p align=\"JUSTIFY\"><img loading=\"lazy\" decoding=\"async\" class=\"aligncenter size-full wp-image-1645\" src=\"https:\/\/www.saleweselne.com\/blog\/wp-content\/uploads\/2019\/06\/candles-celebration-champagne-glasses-1045541.jpg\" alt=\"\" width=\"4104\" height=\"2736\" srcset=\"https:\/\/www.saleweselne.com\/blog\/wp-content\/uploads\/2019\/06\/candles-celebration-champagne-glasses-1045541.jpg 4104w, https:\/\/www.saleweselne.com\/blog\/wp-content\/uploads\/2019\/06\/candles-celebration-champagne-glasses-1045541-300x200.jpg 300w, https:\/\/www.saleweselne.com\/blog\/wp-content\/uploads\/2019\/06\/candles-celebration-champagne-glasses-1045541-768x512.jpg 768w, https:\/\/www.saleweselne.com\/blog\/wp-content\/uploads\/2019\/06\/candles-celebration-champagne-glasses-1045541-1024x683.jpg 1024w, https:\/\/www.saleweselne.com\/blog\/wp-content\/uploads\/2019\/06\/candles-celebration-champagne-glasses-1045541-1140x760.jpg 1140w\" sizes=\"auto, (max-width: 4104px) 100vw, 4104px\" \/><\/p>\n<p align=\"JUSTIFY\"><strong>Sto\u0142\u00f3w i krzese\u0142 raczej nie ustawimy na mi\u0119kkim piasku. Konieczne jest wi\u0119c odpowiednie pod\u0142o\u017ce w postaci podestu, parkietu lub sceny.<\/strong> Mo\u017cna je wypo\u017cyczy\u0107 od zewn\u0119trznej firmy lub wykorzysta\u0107 miejsce zbudowane ju\u017c przez wybrany przez nas obiekt weselny.<\/p>\n<p align=\"JUSTIFY\">Tego typu stela\u017ce mo\u017cna ciekawie zaaran\u017cowa\u0107, wykorzystuj\u0105c oparcia i schodki. <strong>Delikatne dekoracje oparte na motywach kwiatowych, lampiony, girlandy \u015bwietlne lub wbite w piasek \u017cywe pochodnie tworz\u0105 magiczny klimat po zmroku.<\/strong><\/p>\n<p align=\"JUSTIFY\"><img loading=\"lazy\" decoding=\"async\" class=\"aligncenter size-full wp-image-1634\" src=\"https:\/\/www.saleweselne.com\/blog\/wp-content\/uploads\/2019\/06\/affair-anniversary-asad-1024983.jpg\" alt=\"\" width=\"3840\" height=\"2563\" srcset=\"https:\/\/www.saleweselne.com\/blog\/wp-content\/uploads\/2019\/06\/affair-anniversary-asad-1024983.jpg 3840w, https:\/\/www.saleweselne.com\/blog\/wp-content\/uploads\/2019\/06\/affair-anniversary-asad-1024983-300x200.jpg 300w, https:\/\/www.saleweselne.com\/blog\/wp-content\/uploads\/2019\/06\/affair-anniversary-asad-1024983-768x513.jpg 768w, https:\/\/www.saleweselne.com\/blog\/wp-content\/uploads\/2019\/06\/affair-anniversary-asad-1024983-1024x683.jpg 1024w, https:\/\/www.saleweselne.com\/blog\/wp-content\/uploads\/2019\/06\/affair-anniversary-asad-1024983-1140x761.jpg 1140w\" sizes=\"auto, (max-width: 3840px) 100vw, 3840px\" \/><\/p>\n<p align=\"JUSTIFY\"><strong>\u017badne wesele nie mo\u017ce odby\u0107 si\u0119 bez cateringu. Je\u015bli nasz hotel nie posiada restauracji, musimy zam\u00f3wi\u0107 zewn\u0119trzn\u0105 firm\u0119.<\/strong> Pla\u017ca mo\u017ce by\u0107 do\u015b\u0107 daleko od zaplecza gastronomicznego, wi\u0119c najlepiej, je\u015bli posi\u0142ki b\u0119d\u0105 stale donoszone do sto\u0142\u00f3w przez wykwalifikowanych kelner\u00f3w.<\/p>\n<p align=\"JUSTIFY\">Podczas wesela nad morzem o wiele trudniej jest znale\u017a\u0107 miejsce na candy bary czy sto\u0142y z alkoholem.<strong> Mo\u017cna uruchomi\u0107 wyobra\u017ani\u0119 i na przyk\u0142ad wykorzysta\u0107 skrzynie, beczki lub mobilne stoliczki, kt\u00f3rym nie straszny b\u0119dzie nadmorski piasek.<\/strong><\/p>\n<p align=\"JUSTIFY\"><img loading=\"lazy\" decoding=\"async\" class=\"aligncenter size-full wp-image-1799\" src=\"https:\/\/www.saleweselne.com\/blog\/wp-content\/uploads\/2019\/06\/affair-anniversary-asad-1024968.jpg\" alt=\"\" width=\"6465\" height=\"4315\" srcset=\"https:\/\/www.saleweselne.com\/blog\/wp-content\/uploads\/2019\/06\/affair-anniversary-asad-1024968.jpg 6465w, https:\/\/www.saleweselne.com\/blog\/wp-content\/uploads\/2019\/06\/affair-anniversary-asad-1024968-300x200.jpg 300w, https:\/\/www.saleweselne.com\/blog\/wp-content\/uploads\/2019\/06\/affair-anniversary-asad-1024968-768x513.jpg 768w, https:\/\/www.saleweselne.com\/blog\/wp-content\/uploads\/2019\/06\/affair-anniversary-asad-1024968-1024x683.jpg 1024w, https:\/\/www.saleweselne.com\/blog\/wp-content\/uploads\/2019\/06\/affair-anniversary-asad-1024968-1140x761.jpg 1140w\" sizes=\"auto, (max-width: 6465px) 100vw, 6465px\" \/><\/p>\n<p align=\"JUSTIFY\">\n<h3 align=\"JUSTIFY\"><b>\u015alub na pla\u017cy wymaga wi\u0119kszej pomys\u0142owo\u015bci ni\u017c organizacja wesela na sali weselnej. M\u0142oda Para nie mo\u017ce da\u0107 si\u0119 ponie\u015b\u0107 filmowej fantazji, tylko racjonalnie podejmowa\u0107 decyzje. W przeciwnym wypadku \u015blub na pla\u017cy, mimo swego uroku, mo\u017ce by\u0107 k\u0142opotliwy i niewygodny dla go\u015bci. Je\u015bli jednak podejdziemy do organizacji z przezorno\u015bci\u0105, mo\u017cemy spe\u0142ni\u0107 swoje najwi\u0119ksze marzenie. Przy odrobinie zaanga\u017cowania b\u0119dziemy mieli wesele nad morzem, kt\u00f3rego nie zapomni \u017caden z go\u015bci.<\/b><\/h3>\n","protected":false},"excerpt":{"rendered":"<p>Wesele na pla\u017cy jest marzeniem nie jednej Panny M\u0142odej. S\u0142o\u0144ce, szum morza oraz \u015bpiew mew- czy mo\u017cna mie\u0107 bardziej filmow\u0105 opraw\u0119 wesela? Je\u015bli zawsze chcieli\u015bcie \u015blubowa\u0107 sobie mi\u0142o\u015b\u0107 na piaszczystym wybrze\u017cu to jest to mo\u017cliwe r\u00f3wnie\u017c nad Ba\u0142tykiem! \u015alub cywilny nad polskim morzem staje si\u0119 coraz popularniejszy. Jakie s\u0105 warunki organizacji wesela na pla\u017cy? Jak si\u0119 do niego przygotowa\u0107? Jak przygotowa\u0107 miejsce na wesele nad brzegiem morza? <\/p>\n","protected":false},"author":6,"featured_media":1629,"comment_status":"closed","ping_status":"closed","sticky":false,"template":"","format":"standard","meta":{"footnotes":""},"categories":[182,228,170],"tags":[230,229,172,220,219,231,186,232,215,188],"class_list":["post-1626","post","type-post","status-publish","format-standard","has-post-thumbnail","hentry","category-miejsce-na-wesele","category-motyw-weselny","category-organizacja-wesela","tag-motyw-przewodni","tag-motyw-weselny","tag-slub","tag-slub-cywilny","tag-slub-koscielny","tag-wesele-egzotyczne","tag-wesele-w-plenerze","tag-wesele-w-stylu-tropikalnym","tag-weselna-stylizacja","tag-zabawa-weselna"],"yoast_head":"<!-- This site is optimized with the Yoast SEO plugin v26.8 - https:\/\/yoast.com\/product\/yoast-seo-wordpress\/ -->\n<title>\u015alub na pla\u017cy- czyli organizacja wesela nad morzem - blog SaleWeselne.com<\/title>\n<meta name=\"description\" content=\"\u015alub na pla\u017cy- czyli organizacja wesela nad morzem - blog SaleWeselne.com\" \/>\n<meta name=\"robots\" content=\"index, follow, max-snippet:-1, max-image-preview:large, max-video-preview:-1\" \/>\n<link rel=\"canonical\" href=\"https:\/\/www.saleweselne.com\/blog\/slub-na-plazy-czyli-organizacja-wesela-nad-morzem\/\" \/>\n<meta property=\"og:locale\" content=\"pl_PL\" \/>\n<meta property=\"og:type\" content=\"article\" \/>\n<meta property=\"og:title\" content=\"\u015alub na pla\u017cy- czyli organizacja wesela nad morzem - blog SaleWeselne.com\" \/>\n<meta property=\"og:description\" content=\"\u015alub na pla\u017cy- czyli organizacja wesela nad morzem - blog SaleWeselne.com\" \/>\n<meta property=\"og:url\" content=\"https:\/\/www.saleweselne.com\/blog\/slub-na-plazy-czyli-organizacja-wesela-nad-morzem\/\" \/>\n<meta property=\"og:site_name\" content=\"SaleWeselne.com\" \/>\n<meta property=\"article:published_time\" content=\"2019-06-11T12:22:35+00:00\" \/>\n<meta property=\"article:modified_time\" content=\"2024-05-07T10:11:36+00:00\" \/>\n<meta property=\"og:image\" content=\"https:\/\/www.saleweselne.com\/blog\/wp-content\/uploads\/2019\/06\/affair-anniversary-beach-1024991.jpg\" \/>\n\t<meta property=\"og:image:width\" content=\"3840\" \/>\n\t<meta property=\"og:image:height\" content=\"2560\" \/>\n\t<meta property=\"og:image:type\" content=\"image\/jpeg\" \/>\n<meta name=\"author\" content=\"redaktor SaleWeselne.com- Kamila R\u00f3wi\u0144ska\" \/>\n<meta name=\"twitter:card\" content=\"summary_large_image\" \/>\n<meta name=\"twitter:label1\" content=\"Napisane przez\" \/>\n\t<meta name=\"twitter:data1\" content=\"redaktor SaleWeselne.com- Kamila R\u00f3wi\u0144ska\" \/>\n\t<meta name=\"twitter:label2\" content=\"Szacowany czas czytania\" \/>\n\t<meta name=\"twitter:data2\" content=\"5 minut\" \/>\n<script type=\"application\/ld+json\" class=\"yoast-schema-graph\">{\"@context\":\"https:\/\/schema.org\",\"@graph\":[{\"@type\":\"Article\",\"@id\":\"https:\/\/www.saleweselne.com\/blog\/slub-na-plazy-czyli-organizacja-wesela-nad-morzem\/#article\",\"isPartOf\":{\"@id\":\"https:\/\/www.saleweselne.com\/blog\/slub-na-plazy-czyli-organizacja-wesela-nad-morzem\/\"},\"author\":{\"name\":\"redaktor SaleWeselne.com- Kamila R\u00f3wi\u0144ska\",\"@id\":\"https:\/\/www.saleweselne.com\/blog\/#\/schema\/person\/8efb521724c064d26da2045111fce99e\"},\"headline\":\"\u015alub na pla\u017cy- czyli organizacja wesela nad morzem\",\"datePublished\":\"2019-06-11T12:22:35+00:00\",\"dateModified\":\"2024-05-07T10:11:36+00:00\",\"mainEntityOfPage\":{\"@id\":\"https:\/\/www.saleweselne.com\/blog\/slub-na-plazy-czyli-organizacja-wesela-nad-morzem\/\"},\"wordCount\":927,\"publisher\":{\"@id\":\"https:\/\/www.saleweselne.com\/blog\/#organization\"},\"image\":{\"@id\":\"https:\/\/www.saleweselne.com\/blog\/slub-na-plazy-czyli-organizacja-wesela-nad-morzem\/#primaryimage\"},\"thumbnailUrl\":\"https:\/\/www.saleweselne.com\/blog\/wp-content\/uploads\/2019\/06\/affair-anniversary-beach-1024991.jpg\",\"keywords\":[\"motyw przewodni\",\"motyw weselny\",\"\u015blub\",\"\u015blub cywilny\",\"\u015blub ko\u015bcielny\",\"wesele egzotyczne\",\"wesele w plenerze\",\"wesele w stylu tropikalnym\",\"weselna stylizacja\",\"zabawa weselna\"],\"articleSection\":[\"Miejsce na wesele\",\"Motyw weselny\",\"Organizacja wesela\"],\"inLanguage\":\"pl-PL\"},{\"@type\":\"WebPage\",\"@id\":\"https:\/\/www.saleweselne.com\/blog\/slub-na-plazy-czyli-organizacja-wesela-nad-morzem\/\",\"url\":\"https:\/\/www.saleweselne.com\/blog\/slub-na-plazy-czyli-organizacja-wesela-nad-morzem\/\",\"name\":\"\u015alub na pla\u017cy- czyli organizacja wesela nad morzem - blog SaleWeselne.com\",\"isPartOf\":{\"@id\":\"https:\/\/www.saleweselne.com\/blog\/#website\"},\"primaryImageOfPage\":{\"@id\":\"https:\/\/www.saleweselne.com\/blog\/slub-na-plazy-czyli-organizacja-wesela-nad-morzem\/#primaryimage\"},\"image\":{\"@id\":\"https:\/\/www.saleweselne.com\/blog\/slub-na-plazy-czyli-organizacja-wesela-nad-morzem\/#primaryimage\"},\"thumbnailUrl\":\"https:\/\/www.saleweselne.com\/blog\/wp-content\/uploads\/2019\/06\/affair-anniversary-beach-1024991.jpg\",\"datePublished\":\"2019-06-11T12:22:35+00:00\",\"dateModified\":\"2024-05-07T10:11:36+00:00\",\"description\":\"\u015alub na pla\u017cy- czyli organizacja wesela nad morzem - blog SaleWeselne.com\",\"breadcrumb\":{\"@id\":\"https:\/\/www.saleweselne.com\/blog\/slub-na-plazy-czyli-organizacja-wesela-nad-morzem\/#breadcrumb\"},\"inLanguage\":\"pl-PL\",\"potentialAction\":[{\"@type\":\"ReadAction\",\"target\":[\"https:\/\/www.saleweselne.com\/blog\/slub-na-plazy-czyli-organizacja-wesela-nad-morzem\/\"]}]},{\"@type\":\"ImageObject\",\"inLanguage\":\"pl-PL\",\"@id\":\"https:\/\/www.saleweselne.com\/blog\/slub-na-plazy-czyli-organizacja-wesela-nad-morzem\/#primaryimage\",\"url\":\"https:\/\/www.saleweselne.com\/blog\/wp-content\/uploads\/2019\/06\/affair-anniversary-beach-1024991.jpg\",\"contentUrl\":\"https:\/\/www.saleweselne.com\/blog\/wp-content\/uploads\/2019\/06\/affair-anniversary-beach-1024991.jpg\",\"width\":3840,\"height\":2560},{\"@type\":\"BreadcrumbList\",\"@id\":\"https:\/\/www.saleweselne.com\/blog\/slub-na-plazy-czyli-organizacja-wesela-nad-morzem\/#breadcrumb\",\"itemListElement\":[{\"@type\":\"ListItem\",\"position\":1,\"name\":\"Strona g\u0142\u00f3wna\",\"item\":\"https:\/\/www.saleweselne.com\/blog\/\"},{\"@type\":\"ListItem\",\"position\":2,\"name\":\"\u015alub na pla\u017cy- czyli organizacja wesela nad morzem\"}]},{\"@type\":\"WebSite\",\"@id\":\"https:\/\/www.saleweselne.com\/blog\/#website\",\"url\":\"https:\/\/www.saleweselne.com\/blog\/\",\"name\":\"SaleWeselne.com\",\"description\":\"Blog Bran\u017cy Weselnej - Sprawd\u017a najpi\u0119kniejsze sale weselne oraz motywy \u015blubne. Poznaj praktyczne porady, jak zorganizowa\u0107 wymarzone wesele!\",\"publisher\":{\"@id\":\"https:\/\/www.saleweselne.com\/blog\/#organization\"},\"potentialAction\":[{\"@type\":\"SearchAction\",\"target\":{\"@type\":\"EntryPoint\",\"urlTemplate\":\"https:\/\/www.saleweselne.com\/blog\/?s={search_term_string}\"},\"query-input\":{\"@type\":\"PropertyValueSpecification\",\"valueRequired\":true,\"valueName\":\"search_term_string\"}}],\"inLanguage\":\"pl-PL\"},{\"@type\":\"Organization\",\"@id\":\"https:\/\/www.saleweselne.com\/blog\/#organization\",\"name\":\"SaleWeselne.com\",\"url\":\"https:\/\/www.saleweselne.com\/blog\/\",\"logo\":{\"@type\":\"ImageObject\",\"inLanguage\":\"pl-PL\",\"@id\":\"https:\/\/www.saleweselne.com\/blog\/#\/schema\/logo\/image\/\",\"url\":\"https:\/\/www.saleweselne.com\/blog\/wp-content\/uploads\/2021\/03\/saleweselne-logotyp-RGB-bez-tla-2.png\",\"contentUrl\":\"https:\/\/www.saleweselne.com\/blog\/wp-content\/uploads\/2021\/03\/saleweselne-logotyp-RGB-bez-tla-2.png\",\"width\":625,\"height\":150,\"caption\":\"SaleWeselne.com\"},\"image\":{\"@id\":\"https:\/\/www.saleweselne.com\/blog\/#\/schema\/logo\/image\/\"}},{\"@type\":\"Person\",\"@id\":\"https:\/\/www.saleweselne.com\/blog\/#\/schema\/person\/8efb521724c064d26da2045111fce99e\",\"name\":\"redaktor SaleWeselne.com- Kamila R\u00f3wi\u0144ska\",\"url\":\"https:\/\/www.saleweselne.com\/blog\/author\/kamila\/\"}]}<\/script>\n<!-- \/ Yoast SEO plugin. -->","yoast_head_json":{"title":"\u015alub na pla\u017cy- czyli organizacja wesela nad morzem - blog SaleWeselne.com","description":"\u015alub na pla\u017cy- czyli organizacja wesela nad morzem - blog SaleWeselne.com","robots":{"index":"index","follow":"follow","max-snippet":"max-snippet:-1","max-image-preview":"max-image-preview:large","max-video-preview":"max-video-preview:-1"},"canonical":"https:\/\/www.saleweselne.com\/blog\/slub-na-plazy-czyli-organizacja-wesela-nad-morzem\/","og_locale":"pl_PL","og_type":"article","og_title":"\u015alub na pla\u017cy- czyli organizacja wesela nad morzem - blog SaleWeselne.com","og_description":"\u015alub na pla\u017cy- czyli organizacja wesela nad morzem - blog SaleWeselne.com","og_url":"https:\/\/www.saleweselne.com\/blog\/slub-na-plazy-czyli-organizacja-wesela-nad-morzem\/","og_site_name":"SaleWeselne.com","article_published_time":"2019-06-11T12:22:35+00:00","article_modified_time":"2024-05-07T10:11:36+00:00","og_image":[{"width":3840,"height":2560,"url":"https:\/\/www.saleweselne.com\/blog\/wp-content\/uploads\/2019\/06\/affair-anniversary-beach-1024991.jpg","type":"image\/jpeg"}],"author":"redaktor SaleWeselne.com- Kamila R\u00f3wi\u0144ska","twitter_card":"summary_large_image","twitter_misc":{"Napisane przez":"redaktor SaleWeselne.com- Kamila R\u00f3wi\u0144ska","Szacowany czas czytania":"5 minut"},"schema":{"@context":"https:\/\/schema.org","@graph":[{"@type":"Article","@id":"https:\/\/www.saleweselne.com\/blog\/slub-na-plazy-czyli-organizacja-wesela-nad-morzem\/#article","isPartOf":{"@id":"https:\/\/www.saleweselne.com\/blog\/slub-na-plazy-czyli-organizacja-wesela-nad-morzem\/"},"author":{"name":"redaktor SaleWeselne.com- Kamila R\u00f3wi\u0144ska","@id":"https:\/\/www.saleweselne.com\/blog\/#\/schema\/person\/8efb521724c064d26da2045111fce99e"},"headline":"\u015alub na pla\u017cy- czyli organizacja wesela nad morzem","datePublished":"2019-06-11T12:22:35+00:00","dateModified":"2024-05-07T10:11:36+00:00","mainEntityOfPage":{"@id":"https:\/\/www.saleweselne.com\/blog\/slub-na-plazy-czyli-organizacja-wesela-nad-morzem\/"},"wordCount":927,"publisher":{"@id":"https:\/\/www.saleweselne.com\/blog\/#organization"},"image":{"@id":"https:\/\/www.saleweselne.com\/blog\/slub-na-plazy-czyli-organizacja-wesela-nad-morzem\/#primaryimage"},"thumbnailUrl":"https:\/\/www.saleweselne.com\/blog\/wp-content\/uploads\/2019\/06\/affair-anniversary-beach-1024991.jpg","keywords":["motyw przewodni","motyw weselny","\u015blub","\u015blub cywilny","\u015blub ko\u015bcielny","wesele egzotyczne","wesele w plenerze","wesele w stylu tropikalnym","weselna stylizacja","zabawa weselna"],"articleSection":["Miejsce na wesele","Motyw weselny","Organizacja wesela"],"inLanguage":"pl-PL"},{"@type":"WebPage","@id":"https:\/\/www.saleweselne.com\/blog\/slub-na-plazy-czyli-organizacja-wesela-nad-morzem\/","url":"https:\/\/www.saleweselne.com\/blog\/slub-na-plazy-czyli-organizacja-wesela-nad-morzem\/","name":"\u015alub na pla\u017cy- czyli organizacja wesela nad morzem - blog SaleWeselne.com","isPartOf":{"@id":"https:\/\/www.saleweselne.com\/blog\/#website"},"primaryImageOfPage":{"@id":"https:\/\/www.saleweselne.com\/blog\/slub-na-plazy-czyli-organizacja-wesela-nad-morzem\/#primaryimage"},"image":{"@id":"https:\/\/www.saleweselne.com\/blog\/slub-na-plazy-czyli-organizacja-wesela-nad-morzem\/#primaryimage"},"thumbnailUrl":"https:\/\/www.saleweselne.com\/blog\/wp-content\/uploads\/2019\/06\/affair-anniversary-beach-1024991.jpg","datePublished":"2019-06-11T12:22:35+00:00","dateModified":"2024-05-07T10:11:36+00:00","description":"\u015alub na pla\u017cy- czyli organizacja wesela nad morzem - blog SaleWeselne.com","breadcrumb":{"@id":"https:\/\/www.saleweselne.com\/blog\/slub-na-plazy-czyli-organizacja-wesela-nad-morzem\/#breadcrumb"},"inLanguage":"pl-PL","potentialAction":[{"@type":"ReadAction","target":["https:\/\/www.saleweselne.com\/blog\/slub-na-plazy-czyli-organizacja-wesela-nad-morzem\/"]}]},{"@type":"ImageObject","inLanguage":"pl-PL","@id":"https:\/\/www.saleweselne.com\/blog\/slub-na-plazy-czyli-organizacja-wesela-nad-morzem\/#primaryimage","url":"https:\/\/www.saleweselne.com\/blog\/wp-content\/uploads\/2019\/06\/affair-anniversary-beach-1024991.jpg","contentUrl":"https:\/\/www.saleweselne.com\/blog\/wp-content\/uploads\/2019\/06\/affair-anniversary-beach-1024991.jpg","width":3840,"height":2560},{"@type":"BreadcrumbList","@id":"https:\/\/www.saleweselne.com\/blog\/slub-na-plazy-czyli-organizacja-wesela-nad-morzem\/#breadcrumb","itemListElement":[{"@type":"ListItem","position":1,"name":"Strona g\u0142\u00f3wna","item":"https:\/\/www.saleweselne.com\/blog\/"},{"@type":"ListItem","position":2,"name":"\u015alub na pla\u017cy- czyli organizacja wesela nad morzem"}]},{"@type":"WebSite","@id":"https:\/\/www.saleweselne.com\/blog\/#website","url":"https:\/\/www.saleweselne.com\/blog\/","name":"SaleWeselne.com","description":"Blog Bran\u017cy Weselnej - Sprawd\u017a najpi\u0119kniejsze sale weselne oraz motywy \u015blubne. Poznaj praktyczne porady, jak zorganizowa\u0107 wymarzone wesele!","publisher":{"@id":"https:\/\/www.saleweselne.com\/blog\/#organization"},"potentialAction":[{"@type":"SearchAction","target":{"@type":"EntryPoint","urlTemplate":"https:\/\/www.saleweselne.com\/blog\/?s={search_term_string}"},"query-input":{"@type":"PropertyValueSpecification","valueRequired":true,"valueName":"search_term_string"}}],"inLanguage":"pl-PL"},{"@type":"Organization","@id":"https:\/\/www.saleweselne.com\/blog\/#organization","name":"SaleWeselne.com","url":"https:\/\/www.saleweselne.com\/blog\/","logo":{"@type":"ImageObject","inLanguage":"pl-PL","@id":"https:\/\/www.saleweselne.com\/blog\/#\/schema\/logo\/image\/","url":"https:\/\/www.saleweselne.com\/blog\/wp-content\/uploads\/2021\/03\/saleweselne-logotyp-RGB-bez-tla-2.png","contentUrl":"https:\/\/www.saleweselne.com\/blog\/wp-content\/uploads\/2021\/03\/saleweselne-logotyp-RGB-bez-tla-2.png","width":625,"height":150,"caption":"SaleWeselne.com"},"image":{"@id":"https:\/\/www.saleweselne.com\/blog\/#\/schema\/logo\/image\/"}},{"@type":"Person","@id":"https:\/\/www.saleweselne.com\/blog\/#\/schema\/person\/8efb521724c064d26da2045111fce99e","name":"redaktor SaleWeselne.com- Kamila R\u00f3wi\u0144ska","url":"https:\/\/www.saleweselne.com\/blog\/author\/kamila\/"}]}},"_links":{"self":[{"href":"https:\/\/www.saleweselne.com\/blog\/wp-json\/wp\/v2\/posts\/1626","targetHints":{"allow":["GET"]}}],"collection":[{"href":"https:\/\/www.saleweselne.com\/blog\/wp-json\/wp\/v2\/posts"}],"about":[{"href":"https:\/\/www.saleweselne.com\/blog\/wp-json\/wp\/v2\/types\/post"}],"author":[{"embeddable":true,"href":"https:\/\/www.saleweselne.com\/blog\/wp-json\/wp\/v2\/users\/6"}],"replies":[{"embeddable":true,"href":"https:\/\/www.saleweselne.com\/blog\/wp-json\/wp\/v2\/comments?post=1626"}],"version-history":[{"count":11,"href":"https:\/\/www.saleweselne.com\/blog\/wp-json\/wp\/v2\/posts\/1626\/revisions"}],"predecessor-version":[{"id":1800,"href":"https:\/\/www.saleweselne.com\/blog\/wp-json\/wp\/v2\/posts\/1626\/revisions\/1800"}],"wp:featuredmedia":[{"embeddable":true,"href":"https:\/\/www.saleweselne.com\/blog\/wp-json\/wp\/v2\/media\/1629"}],"wp:attachment":[{"href":"https:\/\/www.saleweselne.com\/blog\/wp-json\/wp\/v2\/media?parent=1626"}],"wp:term":[{"taxonomy":"category","embeddable":true,"href":"https:\/\/www.saleweselne.com\/blog\/wp-json\/wp\/v2\/categories?post=1626"},{"taxonomy":"post_tag","embeddable":true,"href":"https:\/\/www.saleweselne.com\/blog\/wp-json\/wp\/v2\/tags?post=1626"}],"curies":[{"name":"wp","href":"https:\/\/api.w.org\/{rel}","templated":true}]}}