{"id":1648,"date":"2019-06-18T14:14:42","date_gmt":"2019-06-18T12:14:42","guid":{"rendered":"https:\/\/www.saleweselne.com\/blog\/?p=1648"},"modified":"2024-05-07T12:11:36","modified_gmt":"2024-05-07T10:11:36","slug":"sukienka-na-poprawiny-dla-panny-mlodej","status":"publish","type":"post","link":"https:\/\/www.saleweselne.com\/blog\/sukienka-na-poprawiny-dla-panny-mlodej\/","title":{"rendered":"Sukienka na poprawiny dla Panny M\u0142odej"},"content":{"rendered":"<p align=\"justify\"><strong>Decyduj\u0105c si\u0119 na organizacj\u0119 wesela z poprawinami, Panna M\u0142oda stoi przed kolejnym trudnym wyborem &#8211; jak\u0105 sukienk\u0119 na poprawiny ubra\u0107?<\/strong><\/p>\n<p align=\"justify\">Sukni\u0119 \u015blubn\u0105 mamy zwykle wybran\u0105 przynajmniej kilka miesi\u0119cy przed planowanym \u015blubem. Wyb\u00f3r odpowiedniej kreacji zajmuje nam du\u017co czasu i sp\u0119dza sen z powiek. Wyb\u00f3r <strong>sukni na poprawiny<\/strong> zostawiamy cz\u0119sto na ostatni\u0105 chwil\u0119, uwa\u017caj\u0105c, \u017ce jest wiele innych wa\u017cniejszych rzeczy do za\u0142atwienia. Na ko\u0144cu budzimy si\u0119 &#8222;z r\u0119k\u0105 w nocniku&#8221; i na kilka dni przed weselem i poprawinami nie wiemy, co ubra\u0107 tego drugiego dnia. By unikn\u0105\u0107 nerwowego biegania po sklepach kilka dni przed weselem, kiedy jest tysi\u0105c innych wa\u017cnych rzeczy do za\u0142atwienia, pomy\u015bl o <strong>sukience na poprawiny<\/strong> wcze\u015bniej &#8211; najlepiej tak samo wcze\u015bnie, jak o sukni \u015blubnej.<\/p>\n<p align=\"justify\"><img loading=\"lazy\" decoding=\"async\" class=\"aligncenter size-full wp-image-1662\" src=\"https:\/\/www.saleweselne.com\/blog\/wp-content\/uploads\/2019\/06\/people-2565128_1920.jpg\" alt=\"\" width=\"1920\" height=\"1280\" srcset=\"https:\/\/www.saleweselne.com\/blog\/wp-content\/uploads\/2019\/06\/people-2565128_1920.jpg 1920w, https:\/\/www.saleweselne.com\/blog\/wp-content\/uploads\/2019\/06\/people-2565128_1920-300x200.jpg 300w, https:\/\/www.saleweselne.com\/blog\/wp-content\/uploads\/2019\/06\/people-2565128_1920-768x512.jpg 768w, https:\/\/www.saleweselne.com\/blog\/wp-content\/uploads\/2019\/06\/people-2565128_1920-1024x683.jpg 1024w, https:\/\/www.saleweselne.com\/blog\/wp-content\/uploads\/2019\/06\/people-2565128_1920-1140x760.jpg 1140w\" sizes=\"auto, (max-width: 1920px) 100vw, 1920px\" \/><\/p>\n<h3 style=\"text-align: center;\">Jak\u0105 sukienk\u0119 na poprawiny wybra\u0107?<\/h3>\n<p align=\"justify\">W przypadku wyboru sukni \u015blubnej zdarza si\u0119 nam spotyka\u0107 ze sztywnymi zasadami, co wolno, a czego nie wolno Pannie M\u0142odej. Przy sukni na poprawiny rzadko spotykamy si\u0119 z jakimi\u015b &#8222;zakazami&#8221;. Przyj\u0119\u0142o si\u0119, \u017ce poprawinowa kiecka powinna by\u0107 <strong>mniej strojna ni\u017c suknia \u015blubna i najlepiej&#8230; kr\u00f3tsza<\/strong>. Co oczywi\u015bcie nie sprawdzi si\u0119, je\u015bli na dzie\u0144 \u015blubu wybra\u0142y\u015bmy sukienk\u0119 skromn\u0105 lub kr\u00f3tk\u0105. Ci\u0119\u017cko b\u0119dzie znale\u017a\u0107 wtedy sukienk\u0119 jeszcze kr\u00f3tsz\u0105, a nawet je\u015bli&#8230; to po co?<\/p>\n<p align=\"justify\"><img loading=\"lazy\" decoding=\"async\" class=\"aligncenter size-full wp-image-1655\" src=\"https:\/\/www.saleweselne.com\/blog\/wp-content\/uploads\/2019\/06\/grill-878001_1920.jpg\" alt=\"\" width=\"1920\" height=\"1281\" srcset=\"https:\/\/www.saleweselne.com\/blog\/wp-content\/uploads\/2019\/06\/grill-878001_1920.jpg 1920w, https:\/\/www.saleweselne.com\/blog\/wp-content\/uploads\/2019\/06\/grill-878001_1920-300x200.jpg 300w, https:\/\/www.saleweselne.com\/blog\/wp-content\/uploads\/2019\/06\/grill-878001_1920-768x512.jpg 768w, https:\/\/www.saleweselne.com\/blog\/wp-content\/uploads\/2019\/06\/grill-878001_1920-1024x683.jpg 1024w, https:\/\/www.saleweselne.com\/blog\/wp-content\/uploads\/2019\/06\/grill-878001_1920-1140x761.jpg 1140w\" sizes=\"auto, (max-width: 1920px) 100vw, 1920px\" \/><\/p>\n<p align=\"justify\">Mniej strojna sukienka ma swoje uzasadnienie w tym, \u017ce poprawiny s\u0105 imprez\u0105 du\u017co mniej uroczyst\u0105 i eleganck\u0105. Sp\u0119dzamy te\u017c tam mniej czasu i mniej go\u015bci, w por\u00f3wnaniu do wesela, bierze w nich udzia\u0142. Poprawiny cz\u0119sto s\u0105 te\u017c <a href=\"https:\/\/www.saleweselne.com\/przyjecie-w-plenerze\/\">przyj\u0119ciem w plenerze<\/a>, dlatego warto zadba\u0107 o to, <strong>by suknia by\u0142a komfortowa do noszenia<\/strong> i przez swoj\u0105 d\u0142ugo\u015b\u0107 nie pobrudzi\u0142a si\u0119 od ewentualnego b\u0142ota.<\/p>\n<p align=\"justify\"><img loading=\"lazy\" decoding=\"async\" class=\"aligncenter size-full wp-image-1659\" src=\"https:\/\/www.saleweselne.com\/blog\/wp-content\/uploads\/2019\/06\/girl-1287027_1920.jpg\" alt=\"\" width=\"1920\" height=\"1440\" srcset=\"https:\/\/www.saleweselne.com\/blog\/wp-content\/uploads\/2019\/06\/girl-1287027_1920.jpg 1920w, https:\/\/www.saleweselne.com\/blog\/wp-content\/uploads\/2019\/06\/girl-1287027_1920-300x225.jpg 300w, https:\/\/www.saleweselne.com\/blog\/wp-content\/uploads\/2019\/06\/girl-1287027_1920-768x576.jpg 768w, https:\/\/www.saleweselne.com\/blog\/wp-content\/uploads\/2019\/06\/girl-1287027_1920-1024x768.jpg 1024w, https:\/\/www.saleweselne.com\/blog\/wp-content\/uploads\/2019\/06\/girl-1287027_1920-1140x855.jpg 1140w\" sizes=\"auto, (max-width: 1920px) 100vw, 1920px\" \/><\/p>\n<p align=\"justify\"><strong>Wygodna sukienka b\u0119dzie te\u017c swojego rodzaju wytchnieniem po ca\u0142onocnym, weselnym szale\u0144stwie<\/strong> w sukni \u015blubnej, kt\u00f3ra niestety cz\u0119sto jest niewygodna, mimo \u017ce zjawiskowa. Sukienka, w kt\u00f3rej dobrze si\u0119 czujemy i kt\u00f3ra nic nam szczeg\u00f3lnie nie uciska, sprawdzi si\u0119 r\u00f3wnie\u017c, kiedy na poprawinach przewidziana jest <strong>zabawa taneczna<\/strong>. Pary cz\u0119sto decyduj\u0105 si\u0119, opr\u00f3cz wykupienia poprawinowego obiadu, na wynaj\u0119cie <a href=\"https:\/\/www.saleweselne.com\/osobny-parkiet\/\">osobnego parkietu<\/a> i puszczenie muzyki, tym samym sugeruj\u0105c go\u015bciom, \u017ce<strong> taniec jest mile widziany<\/strong>, a wr\u0119cz&#8230; po\u017c\u0105dany. Poprawiny odr\u00f3\u017cnia od wesela te\u017c to, \u017ce Para M\u0142oda mo\u017ce troch\u0119 &#8222;wyluzowa\u0107&#8221; i bawi\u0107 si\u0119 na ca\u0142ego, nie my\u015bl\u0105c o tym, czy wypada i czy przypadkiem fotograf nie uchwyci jakiego\u015b \u017cenuj\u0105cego tanecznego momentu.<\/p>\n<p align=\"justify\"><img loading=\"lazy\" decoding=\"async\" class=\"aligncenter size-full wp-image-1649\" src=\"https:\/\/www.saleweselne.com\/blog\/wp-content\/uploads\/2019\/06\/people-1594959_1920.jpg\" alt=\"\" width=\"1920\" height=\"1275\" srcset=\"https:\/\/www.saleweselne.com\/blog\/wp-content\/uploads\/2019\/06\/people-1594959_1920.jpg 1920w, https:\/\/www.saleweselne.com\/blog\/wp-content\/uploads\/2019\/06\/people-1594959_1920-300x199.jpg 300w, https:\/\/www.saleweselne.com\/blog\/wp-content\/uploads\/2019\/06\/people-1594959_1920-768x510.jpg 768w, https:\/\/www.saleweselne.com\/blog\/wp-content\/uploads\/2019\/06\/people-1594959_1920-1024x680.jpg 1024w, https:\/\/www.saleweselne.com\/blog\/wp-content\/uploads\/2019\/06\/people-1594959_1920-1140x757.jpg 1140w\" sizes=\"auto, (max-width: 1920px) 100vw, 1920px\" \/><\/p>\n<h3 style=\"text-align: center;\">Sukienka na poprawiny dla M\u0142odej &#8211; jaki kolor wybra\u0107?<\/h3>\n<p align=\"justify\">Po kroju i d\u0142ugo\u015bci <strong>sukienki na poprawiny<\/strong> czas zastanowi\u0107 si\u0119 nad jej kolorem. Tradycjonalistki nie wyobra\u017caj\u0105 sobie, \u017ceby m\u00f3c wyst\u0105pi\u0107 na w\u0142asnych poprawinach w sukni innej ni\u017c bia\u0142a.<strong> Uwa\u017ca si\u0119, \u017ce Panna M\u0142oda zar\u00f3wno na weselu, jak i przyj\u0119ciu poprawinowym, powinna wyst\u0105pi\u0107 w bia\u0142ej kreacji<\/strong>, \u017ceby podkre\u015bli\u0107, kto jest najwa\u017cniejsz\u0105 kobiet\u0105 na tej imprezie.<\/p>\n<p align=\"justify\"><img loading=\"lazy\" decoding=\"async\" class=\"aligncenter size-full wp-image-1656\" src=\"https:\/\/www.saleweselne.com\/blog\/wp-content\/uploads\/2019\/06\/young-woman-1745173_1920.jpg\" alt=\"\" width=\"1920\" height=\"1280\" srcset=\"https:\/\/www.saleweselne.com\/blog\/wp-content\/uploads\/2019\/06\/young-woman-1745173_1920.jpg 1920w, https:\/\/www.saleweselne.com\/blog\/wp-content\/uploads\/2019\/06\/young-woman-1745173_1920-300x200.jpg 300w, https:\/\/www.saleweselne.com\/blog\/wp-content\/uploads\/2019\/06\/young-woman-1745173_1920-768x512.jpg 768w, https:\/\/www.saleweselne.com\/blog\/wp-content\/uploads\/2019\/06\/young-woman-1745173_1920-1024x683.jpg 1024w, https:\/\/www.saleweselne.com\/blog\/wp-content\/uploads\/2019\/06\/young-woman-1745173_1920-1140x760.jpg 1140w\" sizes=\"auto, (max-width: 1920px) 100vw, 1920px\" \/><\/p>\n<p align=\"justify\">Je\u015bli nie przywi\u0105zujesz do tego du\u017cej wagi lub nie czujesz si\u0119 dobrze w kolorze bia\u0142ym i jeden dzie\u0144 w zupe\u0142no\u015bci ci wystarczy\u0142,<strong> wybierz sukni\u0119 na poprawiny w innym kolorze<\/strong>. Np. niebieskim, zielonym, pastelowym r\u00f3\u017cu, b\u0142\u0119kicie, be\u017cu, ecru, a nawet we wzorki. Niekt\u00f3re Panny M\u0142ode uwa\u017caj\u0105 nawet, \u017ce czerwona sukienka na poprawiny te\u017c jest odpowiednia i decyduj\u0105 si\u0119 by\u0107 tego drugiego dnia &#8222;Lady in red&#8221;. <strong>Grunt to czu\u0107 si\u0119 komfortowo i wyj\u0105tkowo!<\/strong> Najwa\u017cniejsze jest to, jak w danej sukience si\u0119 czujesz, czy ci si\u0119 podoba i&#8230; czy podoba si\u0119 twojemu partnerowi.<\/p>\n<p align=\"justify\"><img loading=\"lazy\" decoding=\"async\" class=\"aligncenter size-full wp-image-1660\" src=\"https:\/\/www.saleweselne.com\/blog\/wp-content\/uploads\/2019\/06\/male-model-3017902_1920.jpg\" alt=\"\" width=\"1920\" height=\"1445\" srcset=\"https:\/\/www.saleweselne.com\/blog\/wp-content\/uploads\/2019\/06\/male-model-3017902_1920.jpg 1920w, https:\/\/www.saleweselne.com\/blog\/wp-content\/uploads\/2019\/06\/male-model-3017902_1920-300x226.jpg 300w, https:\/\/www.saleweselne.com\/blog\/wp-content\/uploads\/2019\/06\/male-model-3017902_1920-768x578.jpg 768w, https:\/\/www.saleweselne.com\/blog\/wp-content\/uploads\/2019\/06\/male-model-3017902_1920-1024x771.jpg 1024w, https:\/\/www.saleweselne.com\/blog\/wp-content\/uploads\/2019\/06\/male-model-3017902_1920-1140x858.jpg 1140w\" sizes=\"auto, (max-width: 1920px) 100vw, 1920px\" \/><\/p>\n<h3 style=\"text-align: center;\">Czy sukienka na poprawiny to must have?<\/h3>\n<p align=\"justify\">Zamiast sukienki na poprawiny mo\u017cna wybra\u0107 <strong>zwiewn\u0105 sp\u00f3dnic\u0119 i top lub jak\u0105\u015b \u0142adn\u0105 bluzk\u0119<\/strong>. Zdarzaj\u0105 si\u0119 jednak <strong>Panie, kt\u00f3re nie czuj\u0105 si\u0119 dobrze w sukienkach i sp\u00f3dnicach<\/strong>. A przecie\u017c nie po to organizuje si\u0119 poprawiny za du\u017ce pieni\u0105dze, by Panna M\u0142oda czu\u0142a si\u0119 niekomfortowo. Co wtedy? Mo\u017ce warto w tym dniu postawi\u0107 na <strong>spodnie z dopasowan\u0105 g\u00f3r\u0105<\/strong>? A mo\u017ce na <strong>kombinezon lub garsonk\u0119<\/strong>? W internecie jest naprawd\u0119 wiele propozycji i inspiracji na temat tego,<strong> jak ubra\u0107 si\u0119 elegancko i zjawiskowo<\/strong> bez si\u0119gania po sukni\u0119.<\/p>\n<p align=\"justify\"><img loading=\"lazy\" decoding=\"async\" class=\"aligncenter size-full wp-image-1657\" src=\"https:\/\/www.saleweselne.com\/blog\/wp-content\/uploads\/2019\/06\/love-4200591_1920.jpg\" alt=\"\" width=\"1920\" height=\"1280\" srcset=\"https:\/\/www.saleweselne.com\/blog\/wp-content\/uploads\/2019\/06\/love-4200591_1920.jpg 1920w, https:\/\/www.saleweselne.com\/blog\/wp-content\/uploads\/2019\/06\/love-4200591_1920-300x200.jpg 300w, https:\/\/www.saleweselne.com\/blog\/wp-content\/uploads\/2019\/06\/love-4200591_1920-768x512.jpg 768w, https:\/\/www.saleweselne.com\/blog\/wp-content\/uploads\/2019\/06\/love-4200591_1920-1024x683.jpg 1024w, https:\/\/www.saleweselne.com\/blog\/wp-content\/uploads\/2019\/06\/love-4200591_1920-1140x760.jpg 1140w\" sizes=\"auto, (max-width: 1920px) 100vw, 1920px\" \/><\/p>\n<h3 style=\"text-align: center;\">Buty na poprawiny powinny by\u0107 wygodne<\/h3>\n<p align=\"justify\">Po ca\u0142ym dniu i nocy na szpilkach Panny M\u0142ode cz\u0119sto bol\u0105 nogi na tyle, \u017ce ledwo mog\u0105 chodzi\u0107. Zwykle nie ma czasu na moczenie st\u00f3p czy masa\u017c (no chyba, \u017ce taki wykonany przez \u015bwie\u017co upieczonego m\u0119\u017ca), dlatego <strong>tego drugiego dnia warto postawi\u0107 przede wszystkim na wygodne buty<\/strong>. Nie mamy na my\u015bli oczywi\u015bcie pluszowych kapci, ale but\u00f3w, kt\u00f3re s\u0105 nie tylko pi\u0119kne, ale r\u00f3wnie\u017c wygodne. Je\u015bli poprawiny odbywaj\u0105 si\u0119 w <a href=\"https:\/\/www.saleweselne.com\/ogrod-park\/\">ogrodzie i parku<\/a>, szczeg\u00f3lnie warto zadba\u0107 o sw\u00f3j komfort. Panny M\u0142ode si\u0119gaj\u0105 w tym dniu cz\u0119sto po baleriny, buty na niskim obcasie, delikatne sanda\u0142ki, a te bardziej odwa\u017cne nawet po trampki.<\/p>\n<p align=\"justify\"><img loading=\"lazy\" decoding=\"async\" class=\"aligncenter size-full wp-image-1652\" src=\"https:\/\/www.saleweselne.com\/blog\/wp-content\/uploads\/2019\/06\/shoes-2605477_1920.png\" alt=\"\" width=\"1920\" height=\"1268\" srcset=\"https:\/\/www.saleweselne.com\/blog\/wp-content\/uploads\/2019\/06\/shoes-2605477_1920.png 1920w, https:\/\/www.saleweselne.com\/blog\/wp-content\/uploads\/2019\/06\/shoes-2605477_1920-300x198.png 300w, https:\/\/www.saleweselne.com\/blog\/wp-content\/uploads\/2019\/06\/shoes-2605477_1920-768x507.png 768w, https:\/\/www.saleweselne.com\/blog\/wp-content\/uploads\/2019\/06\/shoes-2605477_1920-1024x676.png 1024w, https:\/\/www.saleweselne.com\/blog\/wp-content\/uploads\/2019\/06\/shoes-2605477_1920-1140x753.png 1140w, https:\/\/www.saleweselne.com\/blog\/wp-content\/uploads\/2019\/06\/shoes-2605477_1920-500x330.png 500w\" sizes=\"auto, (max-width: 1920px) 100vw, 1920px\" \/><\/p>\n<p align=\"justify\"><strong>Wygodne buty, kt\u00f3re nie uciskaj\u0105, nie obcieraj\u0105 i nie obci\u0105\u017caj\u0105 jeszcze bardziej ju\u017c obola\u0142ych n\u00f3g, s\u0105 na wag\u0119 z\u0142ota.<\/strong> Pomog\u0105 M\u0142odym porusza\u0107 si\u0119 komfortowo po terenie poprawin oraz cieszy\u0107 si\u0119 drugim dniem swojego \u017cycia w nowej roli &#8211; w roli \u017cony.<\/p>\n<p align=\"justify\"><img loading=\"lazy\" decoding=\"async\" class=\"aligncenter size-full wp-image-1654\" src=\"https:\/\/www.saleweselne.com\/blog\/wp-content\/uploads\/2019\/06\/feet-1042336_1920.jpg\" alt=\"\" width=\"1920\" height=\"1536\" srcset=\"https:\/\/www.saleweselne.com\/blog\/wp-content\/uploads\/2019\/06\/feet-1042336_1920.jpg 1920w, https:\/\/www.saleweselne.com\/blog\/wp-content\/uploads\/2019\/06\/feet-1042336_1920-300x240.jpg 300w, https:\/\/www.saleweselne.com\/blog\/wp-content\/uploads\/2019\/06\/feet-1042336_1920-768x614.jpg 768w, https:\/\/www.saleweselne.com\/blog\/wp-content\/uploads\/2019\/06\/feet-1042336_1920-1024x819.jpg 1024w, https:\/\/www.saleweselne.com\/blog\/wp-content\/uploads\/2019\/06\/feet-1042336_1920-1140x912.jpg 1140w\" sizes=\"auto, (max-width: 1920px) 100vw, 1920px\" \/><\/p>\n<p align=\"justify\">Panna M\u0142oda chce si\u0119 prezentowa\u0107 zjawiskowo zar\u00f3wno podczas wesela, jak i poprawin. Opr\u00f3cz wygl\u0105du wa\u017cne jest jednak, jak b\u0119dzie si\u0119 czu\u0142a. To od dobrego samopoczucia i komfortu Pary M\u0142odej zale\u017cy dobra zabawa i sukces tego ca\u0142ego przedsi\u0119wzi\u0119cia. Pami\u0119tajcie o tym i bawcie si\u0119 doskonale zar\u00f3wno podczas wesela, jak i poprawin!<\/p>\n<p align=\"justify\"><img loading=\"lazy\" decoding=\"async\" class=\"aligncenter size-full wp-image-1661\" src=\"https:\/\/www.saleweselne.com\/blog\/wp-content\/uploads\/2019\/06\/girl-3522196_1920.jpg\" alt=\"\" width=\"1920\" height=\"1271\" srcset=\"https:\/\/www.saleweselne.com\/blog\/wp-content\/uploads\/2019\/06\/girl-3522196_1920.jpg 1920w, https:\/\/www.saleweselne.com\/blog\/wp-content\/uploads\/2019\/06\/girl-3522196_1920-300x199.jpg 300w, https:\/\/www.saleweselne.com\/blog\/wp-content\/uploads\/2019\/06\/girl-3522196_1920-768x508.jpg 768w, https:\/\/www.saleweselne.com\/blog\/wp-content\/uploads\/2019\/06\/girl-3522196_1920-1024x678.jpg 1024w, https:\/\/www.saleweselne.com\/blog\/wp-content\/uploads\/2019\/06\/girl-3522196_1920-1140x755.jpg 1140w, https:\/\/www.saleweselne.com\/blog\/wp-content\/uploads\/2019\/06\/girl-3522196_1920-500x330.jpg 500w\" sizes=\"auto, (max-width: 1920px) 100vw, 1920px\" \/><\/p>\n","protected":false},"excerpt":{"rendered":"<p>Wyb\u00f3r sukienki na poprawiny dla Panny M\u0142odej zwykle zajmuje mniej czasu ni\u017c wyb\u00f3r sukni \u015blubnej. Jest ona zwykle skromniejsza, ta\u0144sza i najcz\u0119\u015bciej kupowana w sklepie, a nie szyta na miar\u0119. Jest to jednak wa\u017cny element, kt\u00f3ry pozwoli Pannie M\u0142odej czu\u0107 si\u0119 wyj\u0105tkowo nie tylko podczas wesela, ale r\u00f3wnie\u017c poprawin.<\/p>\n","protected":false},"author":7,"featured_media":1658,"comment_status":"closed","ping_status":"open","sticky":false,"template":"","format":"standard","meta":{"footnotes":""},"categories":[170,238,200],"tags":[241,242,239,240],"class_list":["post-1648","post","type-post","status-publish","format-standard","has-post-thumbnail","hentry","category-organizacja-wesela","category-poprawiny","category-stroj-weselny","tag-poprawiny","tag-stroj-na-poprawiny","tag-sukienka-na-poprawiny","tag-suknia-na-poprawiny"],"yoast_head":"<!-- This site is optimized with the Yoast SEO plugin v27.5 - https:\/\/yoast.com\/product\/yoast-seo-wordpress\/ -->\n<title>Sukienka na poprawiny dla Panny M\u0142odej - blog SaleWeselne.com<\/title>\n<meta name=\"description\" content=\"Sukienka na poprawiny dla Panny M\u0142odej - blog SaleWeselne.com\" \/>\n<meta name=\"robots\" content=\"index, follow, max-snippet:-1, max-image-preview:large, max-video-preview:-1\" \/>\n<link rel=\"canonical\" href=\"https:\/\/www.saleweselne.com\/blog\/sukienka-na-poprawiny-dla-panny-mlodej\/\" \/>\n<meta property=\"og:locale\" content=\"pl_PL\" \/>\n<meta property=\"og:type\" content=\"article\" \/>\n<meta property=\"og:title\" content=\"Sukienka na poprawiny dla Panny M\u0142odej - blog SaleWeselne.com\" \/>\n<meta property=\"og:description\" content=\"Sukienka na poprawiny dla Panny M\u0142odej - blog SaleWeselne.com\" \/>\n<meta property=\"og:url\" content=\"https:\/\/www.saleweselne.com\/blog\/sukienka-na-poprawiny-dla-panny-mlodej\/\" \/>\n<meta property=\"og:site_name\" content=\"SaleWeselne.com\" \/>\n<meta property=\"article:published_time\" content=\"2019-06-18T12:14:42+00:00\" \/>\n<meta property=\"article:modified_time\" content=\"2024-05-07T10:11:36+00:00\" \/>\n<meta property=\"og:image\" content=\"https:\/\/www.saleweselne.com\/blog\/wp-content\/uploads\/2019\/06\/girl-3362228_1920.jpg\" \/>\n\t<meta property=\"og:image:width\" content=\"1920\" \/>\n\t<meta property=\"og:image:height\" content=\"1279\" \/>\n\t<meta property=\"og:image:type\" content=\"image\/jpeg\" \/>\n<meta name=\"author\" content=\"Darek\" \/>\n<meta name=\"twitter:card\" content=\"summary_large_image\" \/>\n<meta name=\"twitter:label1\" content=\"Napisane przez\" \/>\n\t<meta name=\"twitter:data1\" content=\"Darek\" \/>\n\t<meta name=\"twitter:label2\" content=\"Szacowany czas czytania\" \/>\n\t<meta name=\"twitter:data2\" content=\"5 minut\" \/>\n<script type=\"application\/ld+json\" class=\"yoast-schema-graph\">{\"@context\":\"https:\\\/\\\/schema.org\",\"@graph\":[{\"@type\":\"Article\",\"@id\":\"https:\\\/\\\/www.saleweselne.com\\\/blog\\\/sukienka-na-poprawiny-dla-panny-mlodej\\\/#article\",\"isPartOf\":{\"@id\":\"https:\\\/\\\/www.saleweselne.com\\\/blog\\\/sukienka-na-poprawiny-dla-panny-mlodej\\\/\"},\"author\":{\"name\":\"Darek\",\"@id\":\"https:\\\/\\\/www.saleweselne.com\\\/blog\\\/#\\\/schema\\\/person\\\/0e924cd9ceaca06a0d75928575d0f95a\"},\"headline\":\"Sukienka na poprawiny dla Panny M\u0142odej\",\"datePublished\":\"2019-06-18T12:14:42+00:00\",\"dateModified\":\"2024-05-07T10:11:36+00:00\",\"mainEntityOfPage\":{\"@id\":\"https:\\\/\\\/www.saleweselne.com\\\/blog\\\/sukienka-na-poprawiny-dla-panny-mlodej\\\/\"},\"wordCount\":955,\"publisher\":{\"@id\":\"https:\\\/\\\/www.saleweselne.com\\\/blog\\\/#organization\"},\"image\":{\"@id\":\"https:\\\/\\\/www.saleweselne.com\\\/blog\\\/sukienka-na-poprawiny-dla-panny-mlodej\\\/#primaryimage\"},\"thumbnailUrl\":\"https:\\\/\\\/www.saleweselne.com\\\/blog\\\/wp-content\\\/uploads\\\/2019\\\/06\\\/girl-3362228_1920.jpg\",\"keywords\":[\"poprawiny\",\"str\u00f3j na poprawiny\",\"sukienka na poprawiny\",\"suknia na poprawiny\"],\"articleSection\":[\"Organizacja wesela\",\"Poprawiny\",\"Str\u00f3j weselny\"],\"inLanguage\":\"pl-PL\"},{\"@type\":\"WebPage\",\"@id\":\"https:\\\/\\\/www.saleweselne.com\\\/blog\\\/sukienka-na-poprawiny-dla-panny-mlodej\\\/\",\"url\":\"https:\\\/\\\/www.saleweselne.com\\\/blog\\\/sukienka-na-poprawiny-dla-panny-mlodej\\\/\",\"name\":\"Sukienka na poprawiny dla Panny M\u0142odej - blog SaleWeselne.com\",\"isPartOf\":{\"@id\":\"https:\\\/\\\/www.saleweselne.com\\\/blog\\\/#website\"},\"primaryImageOfPage\":{\"@id\":\"https:\\\/\\\/www.saleweselne.com\\\/blog\\\/sukienka-na-poprawiny-dla-panny-mlodej\\\/#primaryimage\"},\"image\":{\"@id\":\"https:\\\/\\\/www.saleweselne.com\\\/blog\\\/sukienka-na-poprawiny-dla-panny-mlodej\\\/#primaryimage\"},\"thumbnailUrl\":\"https:\\\/\\\/www.saleweselne.com\\\/blog\\\/wp-content\\\/uploads\\\/2019\\\/06\\\/girl-3362228_1920.jpg\",\"datePublished\":\"2019-06-18T12:14:42+00:00\",\"dateModified\":\"2024-05-07T10:11:36+00:00\",\"description\":\"Sukienka na poprawiny dla Panny M\u0142odej - blog SaleWeselne.com\",\"breadcrumb\":{\"@id\":\"https:\\\/\\\/www.saleweselne.com\\\/blog\\\/sukienka-na-poprawiny-dla-panny-mlodej\\\/#breadcrumb\"},\"inLanguage\":\"pl-PL\",\"potentialAction\":[{\"@type\":\"ReadAction\",\"target\":[\"https:\\\/\\\/www.saleweselne.com\\\/blog\\\/sukienka-na-poprawiny-dla-panny-mlodej\\\/\"]}]},{\"@type\":\"ImageObject\",\"inLanguage\":\"pl-PL\",\"@id\":\"https:\\\/\\\/www.saleweselne.com\\\/blog\\\/sukienka-na-poprawiny-dla-panny-mlodej\\\/#primaryimage\",\"url\":\"https:\\\/\\\/www.saleweselne.com\\\/blog\\\/wp-content\\\/uploads\\\/2019\\\/06\\\/girl-3362228_1920.jpg\",\"contentUrl\":\"https:\\\/\\\/www.saleweselne.com\\\/blog\\\/wp-content\\\/uploads\\\/2019\\\/06\\\/girl-3362228_1920.jpg\",\"width\":1920,\"height\":1279},{\"@type\":\"BreadcrumbList\",\"@id\":\"https:\\\/\\\/www.saleweselne.com\\\/blog\\\/sukienka-na-poprawiny-dla-panny-mlodej\\\/#breadcrumb\",\"itemListElement\":[{\"@type\":\"ListItem\",\"position\":1,\"name\":\"Strona g\u0142\u00f3wna\",\"item\":\"https:\\\/\\\/www.saleweselne.com\\\/blog\\\/\"},{\"@type\":\"ListItem\",\"position\":2,\"name\":\"Sukienka na poprawiny dla Panny M\u0142odej\"}]},{\"@type\":\"WebSite\",\"@id\":\"https:\\\/\\\/www.saleweselne.com\\\/blog\\\/#website\",\"url\":\"https:\\\/\\\/www.saleweselne.com\\\/blog\\\/\",\"name\":\"SaleWeselne.com\",\"description\":\"Blog Bran\u017cy Weselnej - Sprawd\u017a najpi\u0119kniejsze sale weselne oraz motywy \u015blubne. Poznaj praktyczne porady, jak zorganizowa\u0107 wymarzone wesele!\",\"publisher\":{\"@id\":\"https:\\\/\\\/www.saleweselne.com\\\/blog\\\/#organization\"},\"potentialAction\":[{\"@type\":\"SearchAction\",\"target\":{\"@type\":\"EntryPoint\",\"urlTemplate\":\"https:\\\/\\\/www.saleweselne.com\\\/blog\\\/?s={search_term_string}\"},\"query-input\":{\"@type\":\"PropertyValueSpecification\",\"valueRequired\":true,\"valueName\":\"search_term_string\"}}],\"inLanguage\":\"pl-PL\"},{\"@type\":\"Organization\",\"@id\":\"https:\\\/\\\/www.saleweselne.com\\\/blog\\\/#organization\",\"name\":\"SaleWeselne.com\",\"url\":\"https:\\\/\\\/www.saleweselne.com\\\/blog\\\/\",\"logo\":{\"@type\":\"ImageObject\",\"inLanguage\":\"pl-PL\",\"@id\":\"https:\\\/\\\/www.saleweselne.com\\\/blog\\\/#\\\/schema\\\/logo\\\/image\\\/\",\"url\":\"https:\\\/\\\/www.saleweselne.com\\\/blog\\\/wp-content\\\/uploads\\\/2021\\\/03\\\/saleweselne-logotyp-RGB-bez-tla-2.png\",\"contentUrl\":\"https:\\\/\\\/www.saleweselne.com\\\/blog\\\/wp-content\\\/uploads\\\/2021\\\/03\\\/saleweselne-logotyp-RGB-bez-tla-2.png\",\"width\":625,\"height\":150,\"caption\":\"SaleWeselne.com\"},\"image\":{\"@id\":\"https:\\\/\\\/www.saleweselne.com\\\/blog\\\/#\\\/schema\\\/logo\\\/image\\\/\"}},{\"@type\":\"Person\",\"@id\":\"https:\\\/\\\/www.saleweselne.com\\\/blog\\\/#\\\/schema\\\/person\\\/0e924cd9ceaca06a0d75928575d0f95a\",\"name\":\"Darek\",\"url\":\"https:\\\/\\\/www.saleweselne.com\\\/blog\\\/author\\\/darek\\\/\"}]}<\/script>\n<!-- \/ Yoast SEO plugin. -->","yoast_head_json":{"title":"Sukienka na poprawiny dla Panny M\u0142odej - blog SaleWeselne.com","description":"Sukienka na poprawiny dla Panny M\u0142odej - blog SaleWeselne.com","robots":{"index":"index","follow":"follow","max-snippet":"max-snippet:-1","max-image-preview":"max-image-preview:large","max-video-preview":"max-video-preview:-1"},"canonical":"https:\/\/www.saleweselne.com\/blog\/sukienka-na-poprawiny-dla-panny-mlodej\/","og_locale":"pl_PL","og_type":"article","og_title":"Sukienka na poprawiny dla Panny M\u0142odej - blog SaleWeselne.com","og_description":"Sukienka na poprawiny dla Panny M\u0142odej - blog SaleWeselne.com","og_url":"https:\/\/www.saleweselne.com\/blog\/sukienka-na-poprawiny-dla-panny-mlodej\/","og_site_name":"SaleWeselne.com","article_published_time":"2019-06-18T12:14:42+00:00","article_modified_time":"2024-05-07T10:11:36+00:00","og_image":[{"width":1920,"height":1279,"url":"https:\/\/www.saleweselne.com\/blog\/wp-content\/uploads\/2019\/06\/girl-3362228_1920.jpg","type":"image\/jpeg"}],"author":"Darek","twitter_card":"summary_large_image","twitter_misc":{"Napisane przez":"Darek","Szacowany czas czytania":"5 minut"},"schema":{"@context":"https:\/\/schema.org","@graph":[{"@type":"Article","@id":"https:\/\/www.saleweselne.com\/blog\/sukienka-na-poprawiny-dla-panny-mlodej\/#article","isPartOf":{"@id":"https:\/\/www.saleweselne.com\/blog\/sukienka-na-poprawiny-dla-panny-mlodej\/"},"author":{"name":"Darek","@id":"https:\/\/www.saleweselne.com\/blog\/#\/schema\/person\/0e924cd9ceaca06a0d75928575d0f95a"},"headline":"Sukienka na poprawiny dla Panny M\u0142odej","datePublished":"2019-06-18T12:14:42+00:00","dateModified":"2024-05-07T10:11:36+00:00","mainEntityOfPage":{"@id":"https:\/\/www.saleweselne.com\/blog\/sukienka-na-poprawiny-dla-panny-mlodej\/"},"wordCount":955,"publisher":{"@id":"https:\/\/www.saleweselne.com\/blog\/#organization"},"image":{"@id":"https:\/\/www.saleweselne.com\/blog\/sukienka-na-poprawiny-dla-panny-mlodej\/#primaryimage"},"thumbnailUrl":"https:\/\/www.saleweselne.com\/blog\/wp-content\/uploads\/2019\/06\/girl-3362228_1920.jpg","keywords":["poprawiny","str\u00f3j na poprawiny","sukienka na poprawiny","suknia na poprawiny"],"articleSection":["Organizacja wesela","Poprawiny","Str\u00f3j weselny"],"inLanguage":"pl-PL"},{"@type":"WebPage","@id":"https:\/\/www.saleweselne.com\/blog\/sukienka-na-poprawiny-dla-panny-mlodej\/","url":"https:\/\/www.saleweselne.com\/blog\/sukienka-na-poprawiny-dla-panny-mlodej\/","name":"Sukienka na poprawiny dla Panny M\u0142odej - blog SaleWeselne.com","isPartOf":{"@id":"https:\/\/www.saleweselne.com\/blog\/#website"},"primaryImageOfPage":{"@id":"https:\/\/www.saleweselne.com\/blog\/sukienka-na-poprawiny-dla-panny-mlodej\/#primaryimage"},"image":{"@id":"https:\/\/www.saleweselne.com\/blog\/sukienka-na-poprawiny-dla-panny-mlodej\/#primaryimage"},"thumbnailUrl":"https:\/\/www.saleweselne.com\/blog\/wp-content\/uploads\/2019\/06\/girl-3362228_1920.jpg","datePublished":"2019-06-18T12:14:42+00:00","dateModified":"2024-05-07T10:11:36+00:00","description":"Sukienka na poprawiny dla Panny M\u0142odej - blog SaleWeselne.com","breadcrumb":{"@id":"https:\/\/www.saleweselne.com\/blog\/sukienka-na-poprawiny-dla-panny-mlodej\/#breadcrumb"},"inLanguage":"pl-PL","potentialAction":[{"@type":"ReadAction","target":["https:\/\/www.saleweselne.com\/blog\/sukienka-na-poprawiny-dla-panny-mlodej\/"]}]},{"@type":"ImageObject","inLanguage":"pl-PL","@id":"https:\/\/www.saleweselne.com\/blog\/sukienka-na-poprawiny-dla-panny-mlodej\/#primaryimage","url":"https:\/\/www.saleweselne.com\/blog\/wp-content\/uploads\/2019\/06\/girl-3362228_1920.jpg","contentUrl":"https:\/\/www.saleweselne.com\/blog\/wp-content\/uploads\/2019\/06\/girl-3362228_1920.jpg","width":1920,"height":1279},{"@type":"BreadcrumbList","@id":"https:\/\/www.saleweselne.com\/blog\/sukienka-na-poprawiny-dla-panny-mlodej\/#breadcrumb","itemListElement":[{"@type":"ListItem","position":1,"name":"Strona g\u0142\u00f3wna","item":"https:\/\/www.saleweselne.com\/blog\/"},{"@type":"ListItem","position":2,"name":"Sukienka na poprawiny dla Panny M\u0142odej"}]},{"@type":"WebSite","@id":"https:\/\/www.saleweselne.com\/blog\/#website","url":"https:\/\/www.saleweselne.com\/blog\/","name":"SaleWeselne.com","description":"Blog Bran\u017cy Weselnej - Sprawd\u017a najpi\u0119kniejsze sale weselne oraz motywy \u015blubne. Poznaj praktyczne porady, jak zorganizowa\u0107 wymarzone wesele!","publisher":{"@id":"https:\/\/www.saleweselne.com\/blog\/#organization"},"potentialAction":[{"@type":"SearchAction","target":{"@type":"EntryPoint","urlTemplate":"https:\/\/www.saleweselne.com\/blog\/?s={search_term_string}"},"query-input":{"@type":"PropertyValueSpecification","valueRequired":true,"valueName":"search_term_string"}}],"inLanguage":"pl-PL"},{"@type":"Organization","@id":"https:\/\/www.saleweselne.com\/blog\/#organization","name":"SaleWeselne.com","url":"https:\/\/www.saleweselne.com\/blog\/","logo":{"@type":"ImageObject","inLanguage":"pl-PL","@id":"https:\/\/www.saleweselne.com\/blog\/#\/schema\/logo\/image\/","url":"https:\/\/www.saleweselne.com\/blog\/wp-content\/uploads\/2021\/03\/saleweselne-logotyp-RGB-bez-tla-2.png","contentUrl":"https:\/\/www.saleweselne.com\/blog\/wp-content\/uploads\/2021\/03\/saleweselne-logotyp-RGB-bez-tla-2.png","width":625,"height":150,"caption":"SaleWeselne.com"},"image":{"@id":"https:\/\/www.saleweselne.com\/blog\/#\/schema\/logo\/image\/"}},{"@type":"Person","@id":"https:\/\/www.saleweselne.com\/blog\/#\/schema\/person\/0e924cd9ceaca06a0d75928575d0f95a","name":"Darek","url":"https:\/\/www.saleweselne.com\/blog\/author\/darek\/"}]}},"_links":{"self":[{"href":"https:\/\/www.saleweselne.com\/blog\/wp-json\/wp\/v2\/posts\/1648","targetHints":{"allow":["GET"]}}],"collection":[{"href":"https:\/\/www.saleweselne.com\/blog\/wp-json\/wp\/v2\/posts"}],"about":[{"href":"https:\/\/www.saleweselne.com\/blog\/wp-json\/wp\/v2\/types\/post"}],"author":[{"embeddable":true,"href":"https:\/\/www.saleweselne.com\/blog\/wp-json\/wp\/v2\/users\/7"}],"replies":[{"embeddable":true,"href":"https:\/\/www.saleweselne.com\/blog\/wp-json\/wp\/v2\/comments?post=1648"}],"version-history":[{"count":6,"href":"https:\/\/www.saleweselne.com\/blog\/wp-json\/wp\/v2\/posts\/1648\/revisions"}],"predecessor-version":[{"id":1668,"href":"https:\/\/www.saleweselne.com\/blog\/wp-json\/wp\/v2\/posts\/1648\/revisions\/1668"}],"wp:featuredmedia":[{"embeddable":true,"href":"https:\/\/www.saleweselne.com\/blog\/wp-json\/wp\/v2\/media\/1658"}],"wp:attachment":[{"href":"https:\/\/www.saleweselne.com\/blog\/wp-json\/wp\/v2\/media?parent=1648"}],"wp:term":[{"taxonomy":"category","embeddable":true,"href":"https:\/\/www.saleweselne.com\/blog\/wp-json\/wp\/v2\/categories?post=1648"},{"taxonomy":"post_tag","embeddable":true,"href":"https:\/\/www.saleweselne.com\/blog\/wp-json\/wp\/v2\/tags?post=1648"}],"curies":[{"name":"wp","href":"https:\/\/api.w.org\/{rel}","templated":true}]}}