{"id":1692,"date":"2019-06-28T13:56:14","date_gmt":"2019-06-28T11:56:14","guid":{"rendered":"https:\/\/www.saleweselne.com\/blog\/?p=1692"},"modified":"2024-05-07T12:11:36","modified_gmt":"2024-05-07T10:11:36","slug":"najpiekniejsze-makijaze-slubne-trendy-2019","status":"publish","type":"post","link":"https:\/\/www.saleweselne.com\/blog\/najpiekniejsze-makijaze-slubne-trendy-2019\/","title":{"rendered":"Najpi\u0119kniejsze makija\u017ce \u015blubne &#8211; trendy 2019"},"content":{"rendered":"<p align=\"justify\"><strong>W dniu swojego \u015blubu ka\u017cda kobieta chce wygl\u0105da\u0107 zjawiskowo. Na jej wygl\u0105d sk\u0142ada si\u0119 nie tylko pi\u0119kna suknia \u015blubna, ale r\u00f3wnie\u017c dodatki, fryzura, manicure czy makija\u017c \u015blubny. Czym powinna kierowa\u0107 si\u0119 Panna M\u0142oda, wybieraj\u0105c odpowiedni rodzaj makija\u017cu dla siebie?<\/strong><\/p>\n<h3 style=\"text-align: center;\">Makija\u017c oczu na wesele &#8211; trendy 2019<\/h3>\n<p align=\"justify\"><strong>Odcienie be\u017cu i br\u0105zu to klasyka w makija\u017cu weselnym. <\/strong>Nie tylko w roku 2019, ale r\u00f3wnie\u017c w poprzednich latach, na powiekach Panien M\u0142odych kr\u00f3lowa\u0142y <strong>makija\u017ce wykonane neutralnymi kolorami, czyli r\u00f3\u017cnymi odcieniami br\u0105zu, be\u017cu, bieli i r\u00f3\u017cu.<\/strong> Wiza\u017cystki m\u00f3wi\u0105, \u017ce jest to <strong>makija\u017c upi\u0119kszaj\u0105cy<\/strong>, kt\u00f3ry wygl\u0105da dobrze praktycznie u ka\u017cdej kobiety, bez wzgl\u0119du na typ jej urody. Makija\u017c \u015blubny dla blondynki i makija\u017c \u015blubny dla brunetki b\u0119dzie dobrze wygl\u0105da\u0142 z tak pomalowanymi oczami. Jasna powieka, delikatny br\u0105z w za\u0142amaniu i mocniejszy kolor w zewn\u0119trznym k\u0105ciku. Do tego bia\u0142y per\u0142owy cie\u0144 w k\u0105ciku oka, cienka czarna kreska i mo\u017cna i\u015b\u0107 podbija\u0107 \u015bwiat!<\/p>\n<p align=\"justify\"><img loading=\"lazy\" decoding=\"async\" class=\"aligncenter size-full wp-image-1697\" src=\"https:\/\/www.saleweselne.com\/blog\/wp-content\/uploads\/2019\/06\/make-up-1984115_1920.jpg\" alt=\"\" width=\"1920\" height=\"1226\" srcset=\"https:\/\/www.saleweselne.com\/blog\/wp-content\/uploads\/2019\/06\/make-up-1984115_1920.jpg 1920w, https:\/\/www.saleweselne.com\/blog\/wp-content\/uploads\/2019\/06\/make-up-1984115_1920-300x192.jpg 300w, https:\/\/www.saleweselne.com\/blog\/wp-content\/uploads\/2019\/06\/make-up-1984115_1920-768x490.jpg 768w, https:\/\/www.saleweselne.com\/blog\/wp-content\/uploads\/2019\/06\/make-up-1984115_1920-1024x654.jpg 1024w, https:\/\/www.saleweselne.com\/blog\/wp-content\/uploads\/2019\/06\/make-up-1984115_1920-1140x728.jpg 1140w\" sizes=\"auto, (max-width: 1920px) 100vw, 1920px\" \/><\/p>\n<p align=\"justify\">Decyduj\u0105c si\u0119 na <strong>delikatny makija\u017c na wesele<\/strong>, warto zadba\u0107 o<strong> d\u0142ugie rz\u0119sy<\/strong>, kt\u00f3re, jak wiemy, przyczyniaj\u0105 si\u0119 do zalotnego spojrzenia. Niekt\u00f3re Panie decyduj\u0105 si\u0119 przed \u015blubem na<strong> przed\u0142u\u017cenie rz\u0119s u kosmetyczki<\/strong>. Je\u015bli jednak masz naturalnie d\u0142ugie rz\u0119sy i chcesz je tylko troch\u0119 &#8222;podreperowa\u0107&#8221; w tym dniu, <strong>wiza\u017cystka mo\u017ce doklei\u0107 rz\u0119sy na pasku lub w formie k\u0119pek.<\/strong><\/p>\n<p align=\"justify\"><img loading=\"lazy\" decoding=\"async\" class=\"aligncenter size-full wp-image-1706\" src=\"https:\/\/www.saleweselne.com\/blog\/wp-content\/uploads\/2019\/06\/girl-1848947_1920.jpg\" alt=\"\" width=\"1920\" height=\"1280\" srcset=\"https:\/\/www.saleweselne.com\/blog\/wp-content\/uploads\/2019\/06\/girl-1848947_1920.jpg 1920w, https:\/\/www.saleweselne.com\/blog\/wp-content\/uploads\/2019\/06\/girl-1848947_1920-300x200.jpg 300w, https:\/\/www.saleweselne.com\/blog\/wp-content\/uploads\/2019\/06\/girl-1848947_1920-768x512.jpg 768w, https:\/\/www.saleweselne.com\/blog\/wp-content\/uploads\/2019\/06\/girl-1848947_1920-1024x683.jpg 1024w, https:\/\/www.saleweselne.com\/blog\/wp-content\/uploads\/2019\/06\/girl-1848947_1920-1140x760.jpg 1140w\" sizes=\"auto, (max-width: 1920px) 100vw, 1920px\" \/><\/p>\n<p align=\"justify\">By jeszcze lepiej podkre\u015bli\u0107 oczy Panny M\u0142odej, makija\u017cystki cz\u0119sto dodaj\u0105 <strong>troch\u0119 b\u0142ysku na powiek\u0119<\/strong>. Najcz\u0119\u015bciej decyduj\u0105 si\u0119 na u\u017cycie <strong>po\u0142yskuj\u0105cych cieni w odcieniach z\u0142ota, srebra, bieli lub r\u00f3\u017cu<\/strong>.<\/p>\n<p align=\"justify\"><img loading=\"lazy\" decoding=\"async\" class=\"aligncenter size-full wp-image-1707\" src=\"https:\/\/www.saleweselne.com\/blog\/wp-content\/uploads\/2019\/06\/woman-3220835_1920.jpg\" alt=\"\" width=\"1920\" height=\"1224\" srcset=\"https:\/\/www.saleweselne.com\/blog\/wp-content\/uploads\/2019\/06\/woman-3220835_1920.jpg 1920w, https:\/\/www.saleweselne.com\/blog\/wp-content\/uploads\/2019\/06\/woman-3220835_1920-300x191.jpg 300w, https:\/\/www.saleweselne.com\/blog\/wp-content\/uploads\/2019\/06\/woman-3220835_1920-768x490.jpg 768w, https:\/\/www.saleweselne.com\/blog\/wp-content\/uploads\/2019\/06\/woman-3220835_1920-1024x653.jpg 1024w, https:\/\/www.saleweselne.com\/blog\/wp-content\/uploads\/2019\/06\/woman-3220835_1920-1140x727.jpg 1140w\" sizes=\"auto, (max-width: 1920px) 100vw, 1920px\" \/><\/p>\n<h3 style=\"text-align: center;\"><strong>Makija\u017c brwi &#8211; trendy 2019<\/strong><\/h3>\n<p align=\"justify\"><strong>Makija\u017c na \u015blub<\/strong> nie mo\u017ce oby\u0107 si\u0119 bez odpowiedniego <strong>podkre\u015blenia brwi<\/strong>. Coraz cz\u0119\u015bciej kobiety decyduj\u0105 si\u0119 ma <strong>makija\u017c permanentny brwi<\/strong>. My jednak nie radzimy robi\u0107 go kr\u00f3tko przed \u015blubem, je\u015bli b\u0119dzie to nasz pierwszy raz. Na pocz\u0105tku trudno przyzwyczai\u0107 si\u0119 do wygl\u0105du swojej twarzy z permanentnymi brwiami. Panna M\u0142oda mo\u017ce by\u0107 wr\u0119cz za\u0142amana, co mo\u017ce prze\u0142o\u017cy\u0107 si\u0119 na jej dobre samopoczucie i pewno\u015b\u0107 siebie w dniu \u015blubu. Kobiety, kt\u00f3re nie chc\u0105 ryzykowa\u0107 lub nie czuj\u0105 si\u0119 dobrze na co dzie\u0144 w mocno podkre\u015blonych brwiach, nie musz\u0105 si\u0119 obawia\u0107. Makija\u017cystka zadba, by naturalne brwi r\u00f3wnie\u017c prezentowa\u0142y si\u0119 pi\u0119knie, a mo\u017ce nawet&#8230; pi\u0119kniej. <strong>Pomady, kredki, pudry, cienie<\/strong> &#8211; jest du\u017co kosmetyk\u00f3w przeznaczonych do brwi. Wiza\u017cystka dobierze odpowiedni odcie\u0144, by brwi Panny M\u0142odej nie by\u0142y ani za ciemne, ani za rude, ani za szare, ale jednak by\u0142y widoczne i<strong> tworzy\u0142y pi\u0119kn\u0105 ram\u0119 ca\u0142ej twarzy<\/strong>.<\/p>\n<p align=\"justify\"><img loading=\"lazy\" decoding=\"async\" class=\"aligncenter size-full wp-image-1702\" src=\"https:\/\/www.saleweselne.com\/blog\/wp-content\/uploads\/2019\/06\/makeup-3512680_1920.jpg\" alt=\"\" width=\"1920\" height=\"1279\" srcset=\"https:\/\/www.saleweselne.com\/blog\/wp-content\/uploads\/2019\/06\/makeup-3512680_1920.jpg 1920w, https:\/\/www.saleweselne.com\/blog\/wp-content\/uploads\/2019\/06\/makeup-3512680_1920-300x200.jpg 300w, https:\/\/www.saleweselne.com\/blog\/wp-content\/uploads\/2019\/06\/makeup-3512680_1920-768x512.jpg 768w, https:\/\/www.saleweselne.com\/blog\/wp-content\/uploads\/2019\/06\/makeup-3512680_1920-1024x682.jpg 1024w, https:\/\/www.saleweselne.com\/blog\/wp-content\/uploads\/2019\/06\/makeup-3512680_1920-1140x759.jpg 1140w\" sizes=\"auto, (max-width: 1920px) 100vw, 1920px\" \/><\/p>\n<p align=\"justify\">Nie mo\u017cemy zapomnie\u0107 r\u00f3wnie\u017c o <strong>konturowaniu twarzy<\/strong>. Nie ka\u017cda kobieta konturuje sobie twarz w codziennym makija\u017cu. W<strong> makija\u017cu weselnym<\/strong> jest to jednak bardzo wa\u017cna czynno\u015b\u0107, bowiem <strong>bronzer potrafi magicznie wysmukli\u0107 twarz i nada\u0107 jej delikatnej opalenizny<\/strong>. Taki efekt wygl\u0105da dobrze na zdj\u0119ciach. Nie b\u00f3jmy si\u0119 te\u017c tego dnia doda\u0107 wi\u0119cej bronzera &#8211; flesz aparatu &#8222;zjada&#8221; cz\u0119\u015b\u0107 naszego makija\u017cu i cz\u0119sto na zdj\u0119ciach z pozoru mocny makija\u017c wygl\u0105da bardzo delikatnie.<\/p>\n<p align=\"justify\"><img loading=\"lazy\" decoding=\"async\" class=\"aligncenter size-full wp-image-1701\" src=\"https:\/\/www.saleweselne.com\/blog\/wp-content\/uploads\/2019\/06\/makeup-2361876_1920.jpg\" alt=\"\" width=\"1280\" height=\"1920\" srcset=\"https:\/\/www.saleweselne.com\/blog\/wp-content\/uploads\/2019\/06\/makeup-2361876_1920.jpg 1280w, https:\/\/www.saleweselne.com\/blog\/wp-content\/uploads\/2019\/06\/makeup-2361876_1920-200x300.jpg 200w, https:\/\/www.saleweselne.com\/blog\/wp-content\/uploads\/2019\/06\/makeup-2361876_1920-768x1152.jpg 768w, https:\/\/www.saleweselne.com\/blog\/wp-content\/uploads\/2019\/06\/makeup-2361876_1920-683x1024.jpg 683w, https:\/\/www.saleweselne.com\/blog\/wp-content\/uploads\/2019\/06\/makeup-2361876_1920-1140x1710.jpg 1140w\" sizes=\"auto, (max-width: 1280px) 100vw, 1280px\" \/><\/p>\n<h3 style=\"text-align: center;\"><strong>Wdzi\u0119ku i uroku Pannie M\u0142odej doda r\u00f3wnie\u017c <\/strong><\/h3>\n<h3 style=\"text-align: center;\"><strong>subtelny r\u00f3\u017c do policzk\u00f3w i roz\u015bwietlacz<br \/>\n<\/strong><\/h3>\n<p align=\"justify\">Jest wiele odcieni, dlatego ka\u017cda kobieta wybierze co\u015b dla siebie. Brzoskwiniowy, \u0142ososiowy, ceglasty&#8230; to tylko niekt\u00f3re z nich. <strong>A na wierzch ko\u015bci policzkowych roz\u015bwietlacz,<\/strong> kt\u00f3ry sprawi, \u017ce Panna M\u0142oda b\u0119dzie b\u0142yszcze\u0107 jeszcze bardziej! Roz\u015bwietlacz warto doda\u0107 te\u017c na \u015brodek nosa i tzw. \u0142uk kupidyna (nad ustami), by optycznie jest powi\u0119kszy\u0107.<\/p>\n<h3 style=\"text-align: center;\" align=\"justify\"><img loading=\"lazy\" decoding=\"async\" class=\"aligncenter size-full wp-image-1699\" src=\"https:\/\/www.saleweselne.com\/blog\/wp-content\/uploads\/2019\/06\/wedding-make-up-1609232_1920.jpg\" alt=\"\" width=\"1920\" height=\"1281\" srcset=\"https:\/\/www.saleweselne.com\/blog\/wp-content\/uploads\/2019\/06\/wedding-make-up-1609232_1920.jpg 1920w, https:\/\/www.saleweselne.com\/blog\/wp-content\/uploads\/2019\/06\/wedding-make-up-1609232_1920-300x200.jpg 300w, https:\/\/www.saleweselne.com\/blog\/wp-content\/uploads\/2019\/06\/wedding-make-up-1609232_1920-768x512.jpg 768w, https:\/\/www.saleweselne.com\/blog\/wp-content\/uploads\/2019\/06\/wedding-make-up-1609232_1920-1024x683.jpg 1024w, https:\/\/www.saleweselne.com\/blog\/wp-content\/uploads\/2019\/06\/wedding-make-up-1609232_1920-1140x761.jpg 1140w\" sizes=\"auto, (max-width: 1920px) 100vw, 1920px\" \/><\/h3>\n<h3 style=\"text-align: center;\" align=\"justify\"><strong>Usta, usta, usta &#8211; nie zapominajmy o wypiel\u0119gnowanych wargach<\/strong><\/h3>\n<p align=\"justify\">Zr\u00f3bmy dzie\u0144 przed \u015blubem peeling. Tak, zgadza si\u0119, usta te\u017c peelingujemy! Na rynku s\u0105 ju\u017c gotowe kosmetyki do tego celu, ale r\u00f3wnie dobrze sprawdzi si\u0119 <strong>odrobina miodu i cukru<\/strong>. Przed rozpocz\u0119ciem makija\u017cu nale\u017cy <strong>posmarowa\u0107 usta nawil\u017caj\u0105c\u0105 pomadk\u0105<\/strong>, kt\u00f3ra sprawi, \u017ce szminka lub b\u0142yszczyk b\u0119d\u0105 wygl\u0105da\u0142y du\u017co lepiej i trzyma\u0142y si\u0119 d\u0142u\u017cej. <strong>Makija\u017c na wesele<\/strong> powinien by\u0107 stonowany, ale <strong>podkre\u015blaj\u0105cy wszystkie atuty<\/strong>. Decyduj\u0105c si\u0119 na mocno podkre\u015blone oczy, wybierzmy <strong>szmink\u0119 w odcieniach nude lub delikatnych r\u00f3\u017cach<\/strong>. Do delikatniejszego makija\u017cu oka, dobierzmy <strong>wyrazisty r\u00f3\u017c<\/strong> lub nawet <strong>czerwie\u0144<\/strong>, kt\u00f3ra doda pewno\u015bci siebie i kobieco\u015bci.<\/p>\n<p align=\"justify\"><img loading=\"lazy\" decoding=\"async\" class=\"aligncenter size-full wp-image-1696\" src=\"https:\/\/www.saleweselne.com\/blog\/wp-content\/uploads\/2019\/06\/make-up-1728358_1920.jpg\" alt=\"\" width=\"1920\" height=\"1280\" srcset=\"https:\/\/www.saleweselne.com\/blog\/wp-content\/uploads\/2019\/06\/make-up-1728358_1920.jpg 1920w, https:\/\/www.saleweselne.com\/blog\/wp-content\/uploads\/2019\/06\/make-up-1728358_1920-300x200.jpg 300w, https:\/\/www.saleweselne.com\/blog\/wp-content\/uploads\/2019\/06\/make-up-1728358_1920-768x512.jpg 768w, https:\/\/www.saleweselne.com\/blog\/wp-content\/uploads\/2019\/06\/make-up-1728358_1920-1024x683.jpg 1024w, https:\/\/www.saleweselne.com\/blog\/wp-content\/uploads\/2019\/06\/make-up-1728358_1920-1140x760.jpg 1140w\" sizes=\"auto, (max-width: 1920px) 100vw, 1920px\" \/><\/p>\n<p align=\"justify\">Inspiracje na makija\u017c \u015blubny jest wiele. Znajdziemy je w internecie, gazetach, w telewizji czy na reklamach umieszczanych w sklepach z kosmetykami. Je\u015bli jeste\u015bmy makija\u017cowymi freak&#8217;ami i uwielbiamy si\u0119 malowa\u0107 na co dzie\u0144, nie ma powodu, by w dniu \u015blubu by\u0142o inaczej. Kobiety, kt\u00f3re lubi\u0105 makija\u017c, same najlepiej wiedz\u0105, co warto podkre\u015bli\u0107, jakich kolor\u00f3w u\u017cy\u0107 i w jakim make-upie czuj\u0105 si\u0119 najlepiej, dlatego powinny<strong> same zrobi\u0107 sobie makija\u017c na wesele<\/strong>, oszcz\u0119dzaj\u0105c tym samym troch\u0119 pieni\u0119dzy na inne elementy przyj\u0119cia weselnego.<\/p>\n<p align=\"justify\"><img loading=\"lazy\" decoding=\"async\" class=\"aligncenter size-full wp-image-1705\" src=\"https:\/\/www.saleweselne.com\/blog\/wp-content\/uploads\/2019\/06\/young-woman-1149643_1920.jpg\" alt=\"\" width=\"1920\" height=\"1280\" srcset=\"https:\/\/www.saleweselne.com\/blog\/wp-content\/uploads\/2019\/06\/young-woman-1149643_1920.jpg 1920w, https:\/\/www.saleweselne.com\/blog\/wp-content\/uploads\/2019\/06\/young-woman-1149643_1920-300x200.jpg 300w, https:\/\/www.saleweselne.com\/blog\/wp-content\/uploads\/2019\/06\/young-woman-1149643_1920-768x512.jpg 768w, https:\/\/www.saleweselne.com\/blog\/wp-content\/uploads\/2019\/06\/young-woman-1149643_1920-1024x683.jpg 1024w, https:\/\/www.saleweselne.com\/blog\/wp-content\/uploads\/2019\/06\/young-woman-1149643_1920-1140x760.jpg 1140w\" sizes=\"auto, (max-width: 1920px) 100vw, 1920px\" \/><\/p>\n<p align=\"justify\">Je\u015bli jednak nie jest nam po drodze z kosmetykami do makija\u017cu, malujemy si\u0119 od wielkiego \u015bwi\u0119ta i nie czujemy si\u0119 w tym dobrze, nie warto oszcz\u0119dza\u0107 na specjali\u015bcie. Wiza\u017cy\u015bci maj\u0105 ogromn\u0105 kolekcj\u0119 kosmetyk\u00f3w, wiele odcieni, typ\u00f3w kosmetyk\u00f3w, z przeznaczeniem do r\u00f3\u017cnych typ\u00f3w cery. Maj\u0105 te\u017c do\u015bwiadczenie w robieniu nie tylko makija\u017cy weselnych, ale r\u00f3wnie\u017c okoliczno\u015bciowych. Wiedz\u0105, jak wyczarowa\u0107 prawdziwe dzie\u0142o sztuki, by twarz Panny M\u0142odej wygl\u0105da\u0142a rewelacyjnie zar\u00f3wno na \u017cywo, jak i na zdj\u0119ciach. W ko\u0144cu p\u0119dzle do makija\u017cu to troch\u0119 takie magiczne r\u00f3\u017cd\u017cki. Trzeba tylko wiedzie\u0107, jak ich u\u017cywa\u0107, poniewa\u017c w nieodpowiednich r\u0119kach mog\u0105 narobi\u0107 wi\u0119cej z\u0142ego ni\u017c dobrego.<\/p>\n<p align=\"justify\"><img loading=\"lazy\" decoding=\"async\" class=\"aligncenter size-full wp-image-1708\" src=\"https:\/\/www.saleweselne.com\/blog\/wp-content\/uploads\/2019\/06\/brushes-1837192_1920.jpg\" alt=\"\" width=\"1920\" height=\"1280\" srcset=\"https:\/\/www.saleweselne.com\/blog\/wp-content\/uploads\/2019\/06\/brushes-1837192_1920.jpg 1920w, https:\/\/www.saleweselne.com\/blog\/wp-content\/uploads\/2019\/06\/brushes-1837192_1920-300x200.jpg 300w, https:\/\/www.saleweselne.com\/blog\/wp-content\/uploads\/2019\/06\/brushes-1837192_1920-768x512.jpg 768w, https:\/\/www.saleweselne.com\/blog\/wp-content\/uploads\/2019\/06\/brushes-1837192_1920-1024x683.jpg 1024w, https:\/\/www.saleweselne.com\/blog\/wp-content\/uploads\/2019\/06\/brushes-1837192_1920-1140x760.jpg 1140w\" sizes=\"auto, (max-width: 1920px) 100vw, 1920px\" \/><\/p>\n","protected":false},"excerpt":{"rendered":"<p>Makija\u017c \u015blubny to bardzo wa\u017cny element wygl\u0105du Panny M\u0142odej. Nie tylko upi\u0119ksza, podkre\u015bla atuty i wysmukla twarz, ale r\u00f3wnie\u017c dodaje pewno\u015bci siebie. Szukasz inspiracji na sw\u00f3j weselny make-up? Zapraszamy do lektury!<\/p>\n","protected":false},"author":7,"featured_media":1704,"comment_status":"closed","ping_status":"closed","sticky":false,"template":"","format":"standard","meta":{"footnotes":""},"categories":[196,200,198],"tags":[244,243,246,245],"class_list":["post-1692","post","type-post","status-publish","format-standard","has-post-thumbnail","hentry","category-makijaz-fryzura","category-stroj-weselny","category-uslugi-weselne","tag-makijaz-na-slub","tag-makijaz-slubny","tag-makijaz-slubny-trendy-2019","tag-makijaz-weselny"],"yoast_head":"<!-- This site is optimized with the Yoast SEO plugin v27.5 - https:\/\/yoast.com\/product\/yoast-seo-wordpress\/ -->\n<title>Najpi\u0119kniejsze makija\u017ce \u015blubne - trendy 2019 - blog SaleWeselne.com<\/title>\n<meta name=\"description\" content=\"Najpi\u0119kniejsze makija\u017ce \u015blubne - trendy 2019 - blog SaleWeselne.com\" \/>\n<meta name=\"robots\" content=\"index, follow, max-snippet:-1, max-image-preview:large, max-video-preview:-1\" \/>\n<link rel=\"canonical\" href=\"https:\/\/www.saleweselne.com\/blog\/najpiekniejsze-makijaze-slubne-trendy-2019\/\" \/>\n<meta property=\"og:locale\" content=\"pl_PL\" \/>\n<meta property=\"og:type\" content=\"article\" \/>\n<meta property=\"og:title\" content=\"Najpi\u0119kniejsze makija\u017ce \u015blubne - trendy 2019 - blog SaleWeselne.com\" \/>\n<meta property=\"og:description\" content=\"Najpi\u0119kniejsze makija\u017ce \u015blubne - trendy 2019 - blog SaleWeselne.com\" \/>\n<meta property=\"og:url\" content=\"https:\/\/www.saleweselne.com\/blog\/najpiekniejsze-makijaze-slubne-trendy-2019\/\" \/>\n<meta property=\"og:site_name\" content=\"SaleWeselne.com\" \/>\n<meta property=\"article:published_time\" content=\"2019-06-28T11:56:14+00:00\" \/>\n<meta property=\"article:modified_time\" content=\"2024-05-07T10:11:36+00:00\" \/>\n<meta property=\"og:image\" content=\"https:\/\/www.saleweselne.com\/blog\/wp-content\/uploads\/2019\/06\/blue-eyes-237438_1920.jpg\" \/>\n\t<meta property=\"og:image:width\" content=\"1920\" \/>\n\t<meta property=\"og:image:height\" content=\"1243\" \/>\n\t<meta property=\"og:image:type\" content=\"image\/jpeg\" \/>\n<meta name=\"author\" content=\"Darek\" \/>\n<meta name=\"twitter:card\" content=\"summary_large_image\" \/>\n<meta name=\"twitter:label1\" content=\"Napisane przez\" \/>\n\t<meta name=\"twitter:data1\" content=\"Darek\" \/>\n\t<meta name=\"twitter:label2\" content=\"Szacowany czas czytania\" \/>\n\t<meta name=\"twitter:data2\" content=\"5 minut\" \/>\n<script type=\"application\/ld+json\" class=\"yoast-schema-graph\">{\"@context\":\"https:\\\/\\\/schema.org\",\"@graph\":[{\"@type\":\"Article\",\"@id\":\"https:\\\/\\\/www.saleweselne.com\\\/blog\\\/najpiekniejsze-makijaze-slubne-trendy-2019\\\/#article\",\"isPartOf\":{\"@id\":\"https:\\\/\\\/www.saleweselne.com\\\/blog\\\/najpiekniejsze-makijaze-slubne-trendy-2019\\\/\"},\"author\":{\"name\":\"Darek\",\"@id\":\"https:\\\/\\\/www.saleweselne.com\\\/blog\\\/#\\\/schema\\\/person\\\/0e924cd9ceaca06a0d75928575d0f95a\"},\"headline\":\"Najpi\u0119kniejsze makija\u017ce \u015blubne &#8211; trendy 2019\",\"datePublished\":\"2019-06-28T11:56:14+00:00\",\"dateModified\":\"2024-05-07T10:11:36+00:00\",\"mainEntityOfPage\":{\"@id\":\"https:\\\/\\\/www.saleweselne.com\\\/blog\\\/najpiekniejsze-makijaze-slubne-trendy-2019\\\/\"},\"wordCount\":986,\"publisher\":{\"@id\":\"https:\\\/\\\/www.saleweselne.com\\\/blog\\\/#organization\"},\"image\":{\"@id\":\"https:\\\/\\\/www.saleweselne.com\\\/blog\\\/najpiekniejsze-makijaze-slubne-trendy-2019\\\/#primaryimage\"},\"thumbnailUrl\":\"https:\\\/\\\/www.saleweselne.com\\\/blog\\\/wp-content\\\/uploads\\\/2019\\\/06\\\/blue-eyes-237438_1920.jpg\",\"keywords\":[\"makija\u017c na \u015blub\",\"makija\u017c \u015blubny\",\"makija\u017c \u015blubny trendy 2019\",\"makija\u017c weselny\"],\"articleSection\":[\"Makija\u017c\\\/fryzura\",\"Str\u00f3j weselny\",\"Us\u0142ugi weselne\"],\"inLanguage\":\"pl-PL\"},{\"@type\":\"WebPage\",\"@id\":\"https:\\\/\\\/www.saleweselne.com\\\/blog\\\/najpiekniejsze-makijaze-slubne-trendy-2019\\\/\",\"url\":\"https:\\\/\\\/www.saleweselne.com\\\/blog\\\/najpiekniejsze-makijaze-slubne-trendy-2019\\\/\",\"name\":\"Najpi\u0119kniejsze makija\u017ce \u015blubne - trendy 2019 - blog SaleWeselne.com\",\"isPartOf\":{\"@id\":\"https:\\\/\\\/www.saleweselne.com\\\/blog\\\/#website\"},\"primaryImageOfPage\":{\"@id\":\"https:\\\/\\\/www.saleweselne.com\\\/blog\\\/najpiekniejsze-makijaze-slubne-trendy-2019\\\/#primaryimage\"},\"image\":{\"@id\":\"https:\\\/\\\/www.saleweselne.com\\\/blog\\\/najpiekniejsze-makijaze-slubne-trendy-2019\\\/#primaryimage\"},\"thumbnailUrl\":\"https:\\\/\\\/www.saleweselne.com\\\/blog\\\/wp-content\\\/uploads\\\/2019\\\/06\\\/blue-eyes-237438_1920.jpg\",\"datePublished\":\"2019-06-28T11:56:14+00:00\",\"dateModified\":\"2024-05-07T10:11:36+00:00\",\"description\":\"Najpi\u0119kniejsze makija\u017ce \u015blubne - trendy 2019 - blog SaleWeselne.com\",\"breadcrumb\":{\"@id\":\"https:\\\/\\\/www.saleweselne.com\\\/blog\\\/najpiekniejsze-makijaze-slubne-trendy-2019\\\/#breadcrumb\"},\"inLanguage\":\"pl-PL\",\"potentialAction\":[{\"@type\":\"ReadAction\",\"target\":[\"https:\\\/\\\/www.saleweselne.com\\\/blog\\\/najpiekniejsze-makijaze-slubne-trendy-2019\\\/\"]}]},{\"@type\":\"ImageObject\",\"inLanguage\":\"pl-PL\",\"@id\":\"https:\\\/\\\/www.saleweselne.com\\\/blog\\\/najpiekniejsze-makijaze-slubne-trendy-2019\\\/#primaryimage\",\"url\":\"https:\\\/\\\/www.saleweselne.com\\\/blog\\\/wp-content\\\/uploads\\\/2019\\\/06\\\/blue-eyes-237438_1920.jpg\",\"contentUrl\":\"https:\\\/\\\/www.saleweselne.com\\\/blog\\\/wp-content\\\/uploads\\\/2019\\\/06\\\/blue-eyes-237438_1920.jpg\",\"width\":1920,\"height\":1243},{\"@type\":\"BreadcrumbList\",\"@id\":\"https:\\\/\\\/www.saleweselne.com\\\/blog\\\/najpiekniejsze-makijaze-slubne-trendy-2019\\\/#breadcrumb\",\"itemListElement\":[{\"@type\":\"ListItem\",\"position\":1,\"name\":\"Strona g\u0142\u00f3wna\",\"item\":\"https:\\\/\\\/www.saleweselne.com\\\/blog\\\/\"},{\"@type\":\"ListItem\",\"position\":2,\"name\":\"Najpi\u0119kniejsze makija\u017ce \u015blubne &#8211; trendy 2019\"}]},{\"@type\":\"WebSite\",\"@id\":\"https:\\\/\\\/www.saleweselne.com\\\/blog\\\/#website\",\"url\":\"https:\\\/\\\/www.saleweselne.com\\\/blog\\\/\",\"name\":\"SaleWeselne.com\",\"description\":\"Blog Bran\u017cy Weselnej - Sprawd\u017a najpi\u0119kniejsze sale weselne oraz motywy \u015blubne. Poznaj praktyczne porady, jak zorganizowa\u0107 wymarzone wesele!\",\"publisher\":{\"@id\":\"https:\\\/\\\/www.saleweselne.com\\\/blog\\\/#organization\"},\"potentialAction\":[{\"@type\":\"SearchAction\",\"target\":{\"@type\":\"EntryPoint\",\"urlTemplate\":\"https:\\\/\\\/www.saleweselne.com\\\/blog\\\/?s={search_term_string}\"},\"query-input\":{\"@type\":\"PropertyValueSpecification\",\"valueRequired\":true,\"valueName\":\"search_term_string\"}}],\"inLanguage\":\"pl-PL\"},{\"@type\":\"Organization\",\"@id\":\"https:\\\/\\\/www.saleweselne.com\\\/blog\\\/#organization\",\"name\":\"SaleWeselne.com\",\"url\":\"https:\\\/\\\/www.saleweselne.com\\\/blog\\\/\",\"logo\":{\"@type\":\"ImageObject\",\"inLanguage\":\"pl-PL\",\"@id\":\"https:\\\/\\\/www.saleweselne.com\\\/blog\\\/#\\\/schema\\\/logo\\\/image\\\/\",\"url\":\"https:\\\/\\\/www.saleweselne.com\\\/blog\\\/wp-content\\\/uploads\\\/2021\\\/03\\\/saleweselne-logotyp-RGB-bez-tla-2.png\",\"contentUrl\":\"https:\\\/\\\/www.saleweselne.com\\\/blog\\\/wp-content\\\/uploads\\\/2021\\\/03\\\/saleweselne-logotyp-RGB-bez-tla-2.png\",\"width\":625,\"height\":150,\"caption\":\"SaleWeselne.com\"},\"image\":{\"@id\":\"https:\\\/\\\/www.saleweselne.com\\\/blog\\\/#\\\/schema\\\/logo\\\/image\\\/\"}},{\"@type\":\"Person\",\"@id\":\"https:\\\/\\\/www.saleweselne.com\\\/blog\\\/#\\\/schema\\\/person\\\/0e924cd9ceaca06a0d75928575d0f95a\",\"name\":\"Darek\",\"url\":\"https:\\\/\\\/www.saleweselne.com\\\/blog\\\/author\\\/darek\\\/\"}]}<\/script>\n<!-- \/ Yoast SEO plugin. -->","yoast_head_json":{"title":"Najpi\u0119kniejsze makija\u017ce \u015blubne - trendy 2019 - blog SaleWeselne.com","description":"Najpi\u0119kniejsze makija\u017ce \u015blubne - trendy 2019 - blog SaleWeselne.com","robots":{"index":"index","follow":"follow","max-snippet":"max-snippet:-1","max-image-preview":"max-image-preview:large","max-video-preview":"max-video-preview:-1"},"canonical":"https:\/\/www.saleweselne.com\/blog\/najpiekniejsze-makijaze-slubne-trendy-2019\/","og_locale":"pl_PL","og_type":"article","og_title":"Najpi\u0119kniejsze makija\u017ce \u015blubne - trendy 2019 - blog SaleWeselne.com","og_description":"Najpi\u0119kniejsze makija\u017ce \u015blubne - trendy 2019 - blog SaleWeselne.com","og_url":"https:\/\/www.saleweselne.com\/blog\/najpiekniejsze-makijaze-slubne-trendy-2019\/","og_site_name":"SaleWeselne.com","article_published_time":"2019-06-28T11:56:14+00:00","article_modified_time":"2024-05-07T10:11:36+00:00","og_image":[{"width":1920,"height":1243,"url":"https:\/\/www.saleweselne.com\/blog\/wp-content\/uploads\/2019\/06\/blue-eyes-237438_1920.jpg","type":"image\/jpeg"}],"author":"Darek","twitter_card":"summary_large_image","twitter_misc":{"Napisane przez":"Darek","Szacowany czas czytania":"5 minut"},"schema":{"@context":"https:\/\/schema.org","@graph":[{"@type":"Article","@id":"https:\/\/www.saleweselne.com\/blog\/najpiekniejsze-makijaze-slubne-trendy-2019\/#article","isPartOf":{"@id":"https:\/\/www.saleweselne.com\/blog\/najpiekniejsze-makijaze-slubne-trendy-2019\/"},"author":{"name":"Darek","@id":"https:\/\/www.saleweselne.com\/blog\/#\/schema\/person\/0e924cd9ceaca06a0d75928575d0f95a"},"headline":"Najpi\u0119kniejsze makija\u017ce \u015blubne &#8211; trendy 2019","datePublished":"2019-06-28T11:56:14+00:00","dateModified":"2024-05-07T10:11:36+00:00","mainEntityOfPage":{"@id":"https:\/\/www.saleweselne.com\/blog\/najpiekniejsze-makijaze-slubne-trendy-2019\/"},"wordCount":986,"publisher":{"@id":"https:\/\/www.saleweselne.com\/blog\/#organization"},"image":{"@id":"https:\/\/www.saleweselne.com\/blog\/najpiekniejsze-makijaze-slubne-trendy-2019\/#primaryimage"},"thumbnailUrl":"https:\/\/www.saleweselne.com\/blog\/wp-content\/uploads\/2019\/06\/blue-eyes-237438_1920.jpg","keywords":["makija\u017c na \u015blub","makija\u017c \u015blubny","makija\u017c \u015blubny trendy 2019","makija\u017c weselny"],"articleSection":["Makija\u017c\/fryzura","Str\u00f3j weselny","Us\u0142ugi weselne"],"inLanguage":"pl-PL"},{"@type":"WebPage","@id":"https:\/\/www.saleweselne.com\/blog\/najpiekniejsze-makijaze-slubne-trendy-2019\/","url":"https:\/\/www.saleweselne.com\/blog\/najpiekniejsze-makijaze-slubne-trendy-2019\/","name":"Najpi\u0119kniejsze makija\u017ce \u015blubne - trendy 2019 - blog SaleWeselne.com","isPartOf":{"@id":"https:\/\/www.saleweselne.com\/blog\/#website"},"primaryImageOfPage":{"@id":"https:\/\/www.saleweselne.com\/blog\/najpiekniejsze-makijaze-slubne-trendy-2019\/#primaryimage"},"image":{"@id":"https:\/\/www.saleweselne.com\/blog\/najpiekniejsze-makijaze-slubne-trendy-2019\/#primaryimage"},"thumbnailUrl":"https:\/\/www.saleweselne.com\/blog\/wp-content\/uploads\/2019\/06\/blue-eyes-237438_1920.jpg","datePublished":"2019-06-28T11:56:14+00:00","dateModified":"2024-05-07T10:11:36+00:00","description":"Najpi\u0119kniejsze makija\u017ce \u015blubne - trendy 2019 - blog SaleWeselne.com","breadcrumb":{"@id":"https:\/\/www.saleweselne.com\/blog\/najpiekniejsze-makijaze-slubne-trendy-2019\/#breadcrumb"},"inLanguage":"pl-PL","potentialAction":[{"@type":"ReadAction","target":["https:\/\/www.saleweselne.com\/blog\/najpiekniejsze-makijaze-slubne-trendy-2019\/"]}]},{"@type":"ImageObject","inLanguage":"pl-PL","@id":"https:\/\/www.saleweselne.com\/blog\/najpiekniejsze-makijaze-slubne-trendy-2019\/#primaryimage","url":"https:\/\/www.saleweselne.com\/blog\/wp-content\/uploads\/2019\/06\/blue-eyes-237438_1920.jpg","contentUrl":"https:\/\/www.saleweselne.com\/blog\/wp-content\/uploads\/2019\/06\/blue-eyes-237438_1920.jpg","width":1920,"height":1243},{"@type":"BreadcrumbList","@id":"https:\/\/www.saleweselne.com\/blog\/najpiekniejsze-makijaze-slubne-trendy-2019\/#breadcrumb","itemListElement":[{"@type":"ListItem","position":1,"name":"Strona g\u0142\u00f3wna","item":"https:\/\/www.saleweselne.com\/blog\/"},{"@type":"ListItem","position":2,"name":"Najpi\u0119kniejsze makija\u017ce \u015blubne &#8211; trendy 2019"}]},{"@type":"WebSite","@id":"https:\/\/www.saleweselne.com\/blog\/#website","url":"https:\/\/www.saleweselne.com\/blog\/","name":"SaleWeselne.com","description":"Blog Bran\u017cy Weselnej - Sprawd\u017a najpi\u0119kniejsze sale weselne oraz motywy \u015blubne. Poznaj praktyczne porady, jak zorganizowa\u0107 wymarzone wesele!","publisher":{"@id":"https:\/\/www.saleweselne.com\/blog\/#organization"},"potentialAction":[{"@type":"SearchAction","target":{"@type":"EntryPoint","urlTemplate":"https:\/\/www.saleweselne.com\/blog\/?s={search_term_string}"},"query-input":{"@type":"PropertyValueSpecification","valueRequired":true,"valueName":"search_term_string"}}],"inLanguage":"pl-PL"},{"@type":"Organization","@id":"https:\/\/www.saleweselne.com\/blog\/#organization","name":"SaleWeselne.com","url":"https:\/\/www.saleweselne.com\/blog\/","logo":{"@type":"ImageObject","inLanguage":"pl-PL","@id":"https:\/\/www.saleweselne.com\/blog\/#\/schema\/logo\/image\/","url":"https:\/\/www.saleweselne.com\/blog\/wp-content\/uploads\/2021\/03\/saleweselne-logotyp-RGB-bez-tla-2.png","contentUrl":"https:\/\/www.saleweselne.com\/blog\/wp-content\/uploads\/2021\/03\/saleweselne-logotyp-RGB-bez-tla-2.png","width":625,"height":150,"caption":"SaleWeselne.com"},"image":{"@id":"https:\/\/www.saleweselne.com\/blog\/#\/schema\/logo\/image\/"}},{"@type":"Person","@id":"https:\/\/www.saleweselne.com\/blog\/#\/schema\/person\/0e924cd9ceaca06a0d75928575d0f95a","name":"Darek","url":"https:\/\/www.saleweselne.com\/blog\/author\/darek\/"}]}},"_links":{"self":[{"href":"https:\/\/www.saleweselne.com\/blog\/wp-json\/wp\/v2\/posts\/1692","targetHints":{"allow":["GET"]}}],"collection":[{"href":"https:\/\/www.saleweselne.com\/blog\/wp-json\/wp\/v2\/posts"}],"about":[{"href":"https:\/\/www.saleweselne.com\/blog\/wp-json\/wp\/v2\/types\/post"}],"author":[{"embeddable":true,"href":"https:\/\/www.saleweselne.com\/blog\/wp-json\/wp\/v2\/users\/7"}],"replies":[{"embeddable":true,"href":"https:\/\/www.saleweselne.com\/blog\/wp-json\/wp\/v2\/comments?post=1692"}],"version-history":[{"count":6,"href":"https:\/\/www.saleweselne.com\/blog\/wp-json\/wp\/v2\/posts\/1692\/revisions"}],"predecessor-version":[{"id":1712,"href":"https:\/\/www.saleweselne.com\/blog\/wp-json\/wp\/v2\/posts\/1692\/revisions\/1712"}],"wp:featuredmedia":[{"embeddable":true,"href":"https:\/\/www.saleweselne.com\/blog\/wp-json\/wp\/v2\/media\/1704"}],"wp:attachment":[{"href":"https:\/\/www.saleweselne.com\/blog\/wp-json\/wp\/v2\/media?parent=1692"}],"wp:term":[{"taxonomy":"category","embeddable":true,"href":"https:\/\/www.saleweselne.com\/blog\/wp-json\/wp\/v2\/categories?post=1692"},{"taxonomy":"post_tag","embeddable":true,"href":"https:\/\/www.saleweselne.com\/blog\/wp-json\/wp\/v2\/tags?post=1692"}],"curies":[{"name":"wp","href":"https:\/\/api.w.org\/{rel}","templated":true}]}}