{"id":1713,"date":"2019-07-01T10:03:13","date_gmt":"2019-07-01T08:03:13","guid":{"rendered":"https:\/\/www.saleweselne.com\/blog\/?p=1713"},"modified":"2024-05-07T12:11:36","modified_gmt":"2024-05-07T10:11:36","slug":"ozdoby-slubne-do-wlosow-ktore-zaczaruja-kazda-fryzure-slubna","status":"publish","type":"post","link":"https:\/\/www.saleweselne.com\/blog\/ozdoby-slubne-do-wlosow-ktore-zaczaruja-kazda-fryzure-slubna\/","title":{"rendered":"Ozdoby \u015blubne do w\u0142os\u00f3w, kt\u00f3re zaczaruj\u0105 ka\u017cd\u0105 fryzur\u0119 \u015blubn\u0105!"},"content":{"rendered":"<h3 align=\"JUSTIFY\"><b>Suknia \u015blubna jest odzwierciedleniem charakteru i stylu \u017cycia Panny M\u0142odej. Cz\u0119\u015b\u0107 kobiet wybiera roz\u0142o\u017cyste \u201eprinceski\u201d, a inne wol\u0105 skromne \u201esyrenki\u201d. Wyb\u00f3r stroju do \u015blubu to jednak tylko po\u0142owa zadania. Aby prezentowa\u0107 si\u0119 naprawd\u0119 pi\u0119knie, trzeba dobra\u0107 do sukni odpowiednie dodatki: bi\u017cuteri\u0119 i buty. To, co jednak jest zazwyczaj najbardziej problematyczn\u0105 kwesti\u0105 do znalezienie idealnej ozdoby do w\u0142os\u00f3w na \u015blub. Jakie mamy mo\u017cliwo\u015bci? Co obecnie podbija serca Panien M\u0142odych w salonach \u015blubnych? <\/b><\/h3>\n<p align=\"JUSTIFY\">Je\u015bli jeszcze nie zdecydowa\u0142a\u015b, jakie ozdoby \u015blubne do w\u0142os\u00f3w wybra\u0107, koniecznie sprawd\u017a nasze propozycje. Przygotowali\u015bmy dla Was kilka najciekawszych stylizacji, w\u015br\u00f3d kt\u00f3rych na pewno znajdziesz co\u015b dla siebie.<\/p>\n<h3 style=\"text-align: center;\" align=\"JUSTIFY\">Jakie ozdoby \u015blubne mo\u017cna wybra\u0107?<\/h3>\n<h3 align=\"JUSTIFY\"><b>Wianek<\/b><\/h3>\n<p align=\"JUSTIFY\">Wianek we w\u0142osach jako ozdoba \u015blubna robi ostatnimi czasy prawdziw\u0105 furor\u0119. Idealnie podkre\u015bla wesela w stylu naturalnym, boho lub rustykalnym. Kwiaty oraz r\u00f3\u017cnego rodzaju ro\u015bliny daj\u0105 nieograniczone mo\u017cliwo\u015bci \u0142\u0105cznia kolor\u00f3w, dzi\u0119ki czemu wianek staje si\u0119 pi\u0119knym uzupe\u0142nieniem og\u00f3lnego konceptu uroczysto\u015bci. Mo\u017cna swobodnie wybiera\u0107 mi\u0119dzy gatunkami i wielko\u015bci\u0105 kwiat\u00f3w, tworz\u0105c zar\u00f3wno imponuj\u0105ce ozdoby do w\u0142os\u00f3w, jak i subtelne wi\u0105zanki. Najcz\u0119\u015bciej dobiera si\u0119 kompozycj\u0119 wianku do bukietu \u015blubnego, aby tworzy\u0142y doskona\u0142\u0105 par\u0119. Wianki \u015bwietnie dopasowuj\u0105 si\u0119 do ka\u017cdej d\u0142ugo\u015bci i koloru w\u0142os\u00f3w. Mo\u017cna nimi ozdobi\u0107 rozpuszczone fale lub wysoko upi\u0119ty koczek.<\/p>\n<p align=\"JUSTIFY\"><img loading=\"lazy\" decoding=\"async\" class=\"aligncenter size-full wp-image-1718\" src=\"https:\/\/www.saleweselne.com\/blog\/wp-content\/uploads\/2019\/07\/alvin-mahmudov-436ZVxZOtEM-unsplash.jpg\" alt=\"\" width=\"1806\" height=\"1662\" srcset=\"https:\/\/www.saleweselne.com\/blog\/wp-content\/uploads\/2019\/07\/alvin-mahmudov-436ZVxZOtEM-unsplash.jpg 1806w, https:\/\/www.saleweselne.com\/blog\/wp-content\/uploads\/2019\/07\/alvin-mahmudov-436ZVxZOtEM-unsplash-300x276.jpg 300w, https:\/\/www.saleweselne.com\/blog\/wp-content\/uploads\/2019\/07\/alvin-mahmudov-436ZVxZOtEM-unsplash-768x707.jpg 768w, https:\/\/www.saleweselne.com\/blog\/wp-content\/uploads\/2019\/07\/alvin-mahmudov-436ZVxZOtEM-unsplash-1024x942.jpg 1024w, https:\/\/www.saleweselne.com\/blog\/wp-content\/uploads\/2019\/07\/alvin-mahmudov-436ZVxZOtEM-unsplash-1140x1049.jpg 1140w\" sizes=\"auto, (max-width: 1806px) 100vw, 1806px\" \/><\/p>\n<p align=\"JUSTIFY\"><img loading=\"lazy\" decoding=\"async\" class=\"aligncenter size-full wp-image-1723\" src=\"https:\/\/www.saleweselne.com\/blog\/wp-content\/uploads\/2019\/07\/anthony-tran-LFoaYq3gmc4-unsplash.jpg\" alt=\"\" width=\"1351\" height=\"1310\" srcset=\"https:\/\/www.saleweselne.com\/blog\/wp-content\/uploads\/2019\/07\/anthony-tran-LFoaYq3gmc4-unsplash.jpg 1351w, https:\/\/www.saleweselne.com\/blog\/wp-content\/uploads\/2019\/07\/anthony-tran-LFoaYq3gmc4-unsplash-300x291.jpg 300w, https:\/\/www.saleweselne.com\/blog\/wp-content\/uploads\/2019\/07\/anthony-tran-LFoaYq3gmc4-unsplash-768x745.jpg 768w, https:\/\/www.saleweselne.com\/blog\/wp-content\/uploads\/2019\/07\/anthony-tran-LFoaYq3gmc4-unsplash-1024x993.jpg 1024w, https:\/\/www.saleweselne.com\/blog\/wp-content\/uploads\/2019\/07\/anthony-tran-LFoaYq3gmc4-unsplash-1140x1105.jpg 1140w\" sizes=\"auto, (max-width: 1351px) 100vw, 1351px\" \/><\/p>\n<h3 align=\"JUSTIFY\"><b>Kwiaty<\/b><\/h3>\n<p align=\"JUSTIFY\">Je\u015bli wianek to dla nas za wiele, mo\u017cemy zdecydowa\u0107 si\u0119 na wpi\u0119cie mi\u0119dzy kosmykami pojedynczych kwiat\u00f3w. \u015awietnie prezentuj\u0105 si\u0119 w plecionym warkoczu lub jako upi\u0119cie z ty\u0142u g\u0142owy. Wybrane przez nas kwiaty wcale nie musz\u0105 by\u0107 naturalne, chocia\u017c oczywi\u015bcie wszystko zale\u017cy od upodoba\u0144 Panny M\u0142odej. Gdy decydujemy si\u0119 na \u017cywe, warto wybra\u0107 taki gatunek, kt\u00f3ry mamy w bukiecie. Kwiaty s\u0105 doskona\u0142ym akcentem kolorystycznym, kt\u00f3ry w nienachalny spos\u00f3b podkre\u015bla romantyczno\u015b\u0107 i kobieco\u015b\u0107 ca\u0142ej kreacji.<\/p>\n<p align=\"JUSTIFY\"><img loading=\"lazy\" decoding=\"async\" class=\"aligncenter size-full wp-image-1719\" src=\"https:\/\/www.saleweselne.com\/blog\/wp-content\/uploads\/2019\/07\/alvin-mahmudov-sYIqGW3hufI-unsplash-1.jpg\" alt=\"\" width=\"1305\" height=\"1169\" srcset=\"https:\/\/www.saleweselne.com\/blog\/wp-content\/uploads\/2019\/07\/alvin-mahmudov-sYIqGW3hufI-unsplash-1.jpg 1305w, https:\/\/www.saleweselne.com\/blog\/wp-content\/uploads\/2019\/07\/alvin-mahmudov-sYIqGW3hufI-unsplash-1-300x269.jpg 300w, https:\/\/www.saleweselne.com\/blog\/wp-content\/uploads\/2019\/07\/alvin-mahmudov-sYIqGW3hufI-unsplash-1-768x688.jpg 768w, https:\/\/www.saleweselne.com\/blog\/wp-content\/uploads\/2019\/07\/alvin-mahmudov-sYIqGW3hufI-unsplash-1-1024x917.jpg 1024w, https:\/\/www.saleweselne.com\/blog\/wp-content\/uploads\/2019\/07\/alvin-mahmudov-sYIqGW3hufI-unsplash-1-1140x1021.jpg 1140w\" sizes=\"auto, (max-width: 1305px) 100vw, 1305px\" \/><\/p>\n<p align=\"JUSTIFY\"><img loading=\"lazy\" decoding=\"async\" class=\"aligncenter size-full wp-image-1724\" src=\"https:\/\/www.saleweselne.com\/blog\/wp-content\/uploads\/2019\/07\/bride-fixing-girl-1327328.jpg\" alt=\"\" width=\"6016\" height=\"4016\" srcset=\"https:\/\/www.saleweselne.com\/blog\/wp-content\/uploads\/2019\/07\/bride-fixing-girl-1327328.jpg 6016w, https:\/\/www.saleweselne.com\/blog\/wp-content\/uploads\/2019\/07\/bride-fixing-girl-1327328-300x200.jpg 300w, https:\/\/www.saleweselne.com\/blog\/wp-content\/uploads\/2019\/07\/bride-fixing-girl-1327328-768x513.jpg 768w, https:\/\/www.saleweselne.com\/blog\/wp-content\/uploads\/2019\/07\/bride-fixing-girl-1327328-1024x684.jpg 1024w, https:\/\/www.saleweselne.com\/blog\/wp-content\/uploads\/2019\/07\/bride-fixing-girl-1327328-1140x761.jpg 1140w\" sizes=\"auto, (max-width: 6016px) 100vw, 6016px\" \/><\/p>\n<h3 align=\"JUSTIFY\"><b>Grzebyk<\/b><\/h3>\n<p align=\"JUSTIFY\">Na ozdob\u0119 \u015blubn\u0105 mo\u017cna wybra\u0107 r\u00f3wnie\u017c grzebyk, cho\u0107 nie nale\u017cy on do najcz\u0119stszych wybor\u00f3w Panien M\u0142odych. W przeciwie\u0144stwie do innych dekoracji jest do\u015b\u0107 ma\u0142o funkcjonalny. Grzebyk najlepiej sprawdza si\u0119 przy grubych i upi\u0119tych w\u0142osach. Je\u015bli mamy kr\u00f3tk\u0105 fryzur\u0119, najprawdopodobniej nie zda egzaminu. Mi\u0142o\u015bniczki tej ozdoby do w\u0142os\u00f3w zachwycaj\u0105 si\u0119 jednak ich pi\u0119knymi zdobieniami i oryginalnym wygl\u0105dem. Grzebyk mo\u017ce by\u0107 ozdobiony kryszta\u0142kami lub pere\u0142kami, posiada\u0107 ciekawe kszta\u0142ty oraz wzorki. Warto przemy\u015ble\u0107 ten wyb\u00f3r, gdy planujemy pu\u015b\u0107 do \u015blubu w koku lub ciasnym upi\u0119ciu. Grzebyk mo\u017cna r\u00f3wnie\u017c wczepi\u0107 za uchem lub z ty\u0142u g\u0142owy.<\/p>\n<p align=\"JUSTIFY\"><img loading=\"lazy\" decoding=\"async\" class=\"aligncenter size-full wp-image-1717\" src=\"https:\/\/www.saleweselne.com\/blog\/wp-content\/uploads\/2019\/07\/almos-bechtold-soyhgESoGVc-unsplash.jpg\" alt=\"\" width=\"5472\" height=\"3648\" srcset=\"https:\/\/www.saleweselne.com\/blog\/wp-content\/uploads\/2019\/07\/almos-bechtold-soyhgESoGVc-unsplash.jpg 5472w, https:\/\/www.saleweselne.com\/blog\/wp-content\/uploads\/2019\/07\/almos-bechtold-soyhgESoGVc-unsplash-300x200.jpg 300w, https:\/\/www.saleweselne.com\/blog\/wp-content\/uploads\/2019\/07\/almos-bechtold-soyhgESoGVc-unsplash-768x512.jpg 768w, https:\/\/www.saleweselne.com\/blog\/wp-content\/uploads\/2019\/07\/almos-bechtold-soyhgESoGVc-unsplash-1024x683.jpg 1024w, https:\/\/www.saleweselne.com\/blog\/wp-content\/uploads\/2019\/07\/almos-bechtold-soyhgESoGVc-unsplash-1140x760.jpg 1140w\" sizes=\"auto, (max-width: 5472px) 100vw, 5472px\" \/><\/p>\n<h3 align=\"JUSTIFY\"><b>Ozdoba \u015blubna na druciku<\/b><\/h3>\n<p align=\"JUSTIFY\">Wiele dekoracji do w\u0142os\u00f3w przymocowanych jest do delikatnego druciku, spinki lub wsuwki, kt\u00f3re pozostawiaj\u0105 na widoku tylko najwa\u017cniejsz\u0105, najpi\u0119kniejsz\u0105 cz\u0119\u015b\u0107 ozdoby \u015blubnej. Tego typu akcesoria ozdobione s\u0105 l\u015bni\u0105cymi kryszta\u0142kami, pere\u0142kami lub kamieniami jubilerskimi, dzi\u0119ki czemu w cudowny spos\u00f3b dobijaj\u0105 \u015bwiat\u0142o, nadaj\u0105c Panie M\u0142odej blasku. Doskonale nadaj\u0105 si\u0119 do wesela w stylu glamour. Ich dodatkowym atutem jest mo\u017cliwo\u015b\u0107 szybkiego wpi\u0119cia we w\u0142osy, co pozwala na \u0142atwe poprawki w trakcie wesela. S\u0105 to bardzo wygodne, a jednocze\u015bnie eleganckie ozdoby do w\u0142os\u00f3w na \u015blub, kt\u00f3re mo\u017cna wykorzysta\u0107 w r\u00f3\u017cnych kombinacjach. Mo\u017cna nosi\u0107 je jako opask\u0119 do w\u0142os\u00f3w, owin\u0105\u0107 wok\u00f3\u0142 koka, wple\u015b\u0107 w warkocza lub pojedynczo powpina\u0107 we fryzur\u0119.<\/p>\n<p align=\"JUSTIFY\"><img loading=\"lazy\" decoding=\"async\" class=\"aligncenter size-full wp-image-1793\" src=\"https:\/\/www.saleweselne.com\/blog\/wp-content\/uploads\/2019\/07\/josh-applegate-Ulkw1pe1YJI-unsplash.jpg\" alt=\"\" width=\"2982\" height=\"2186\" srcset=\"https:\/\/www.saleweselne.com\/blog\/wp-content\/uploads\/2019\/07\/josh-applegate-Ulkw1pe1YJI-unsplash.jpg 2982w, https:\/\/www.saleweselne.com\/blog\/wp-content\/uploads\/2019\/07\/josh-applegate-Ulkw1pe1YJI-unsplash-300x220.jpg 300w, https:\/\/www.saleweselne.com\/blog\/wp-content\/uploads\/2019\/07\/josh-applegate-Ulkw1pe1YJI-unsplash-768x563.jpg 768w, https:\/\/www.saleweselne.com\/blog\/wp-content\/uploads\/2019\/07\/josh-applegate-Ulkw1pe1YJI-unsplash-1024x751.jpg 1024w, https:\/\/www.saleweselne.com\/blog\/wp-content\/uploads\/2019\/07\/josh-applegate-Ulkw1pe1YJI-unsplash-1140x836.jpg 1140w\" sizes=\"auto, (max-width: 2982px) 100vw, 2982px\" \/><\/p>\n<p align=\"JUSTIFY\"><img loading=\"lazy\" decoding=\"async\" class=\"aligncenter size-full wp-image-1741\" src=\"https:\/\/www.saleweselne.com\/blog\/wp-content\/uploads\/2019\/07\/hair-791295_1920.jpg\" alt=\"\" width=\"1920\" height=\"1280\" srcset=\"https:\/\/www.saleweselne.com\/blog\/wp-content\/uploads\/2019\/07\/hair-791295_1920.jpg 1920w, https:\/\/www.saleweselne.com\/blog\/wp-content\/uploads\/2019\/07\/hair-791295_1920-300x200.jpg 300w, https:\/\/www.saleweselne.com\/blog\/wp-content\/uploads\/2019\/07\/hair-791295_1920-768x512.jpg 768w, https:\/\/www.saleweselne.com\/blog\/wp-content\/uploads\/2019\/07\/hair-791295_1920-1024x683.jpg 1024w, https:\/\/www.saleweselne.com\/blog\/wp-content\/uploads\/2019\/07\/hair-791295_1920-1140x760.jpg 1140w\" sizes=\"auto, (max-width: 1920px) 100vw, 1920px\" \/><\/p>\n<h3 align=\"JUSTIFY\"><b>Opaska<\/b><\/h3>\n<p align=\"JUSTIFY\">Opaska nadaj\u0105 si\u0119 do w\u0142os\u00f3w o ka\u017cdej d\u0142ugo\u015bci i mo\u017ce w ciekawy spos\u00f3b podkre\u015bli\u0107 fryzur\u0119 \u015blubn\u0105. Pi\u0119knie prezentuje si\u0119 we w\u0142osach upi\u0119tych, g\u0142adko zaczesanych do ty\u0142u oraz swobodnie rozpuszczonych lokach. Opaska mo\u017ce by\u0107 wykonana z bia\u0142ej lub barwionej koronki, a tak\u017ce by\u0107 ozdobiona pere\u0142kami, kryszta\u0142kami lub pi\u00f3rkami. Taka ozdoba do w\u0142os\u00f3w \u015bwietnie podkre\u015bla wesela w stylu retro oraz w klimacie lat 20. i 30. Doskonale sprawdza si\u0119 jako podkre\u015blenie minimalistycznej oraz eleganckiej sukni \u015blubnej.<\/p>\n<p align=\"JUSTIFY\"><img loading=\"lazy\" decoding=\"async\" class=\"aligncenter size-full wp-image-1754\" src=\"https:\/\/www.saleweselne.com\/blog\/wp-content\/uploads\/2019\/07\/woman-3075743_1920.jpg\" alt=\"\" width=\"1274\" height=\"1230\" srcset=\"https:\/\/www.saleweselne.com\/blog\/wp-content\/uploads\/2019\/07\/woman-3075743_1920.jpg 1274w, https:\/\/www.saleweselne.com\/blog\/wp-content\/uploads\/2019\/07\/woman-3075743_1920-300x290.jpg 300w, https:\/\/www.saleweselne.com\/blog\/wp-content\/uploads\/2019\/07\/woman-3075743_1920-768x741.jpg 768w, https:\/\/www.saleweselne.com\/blog\/wp-content\/uploads\/2019\/07\/woman-3075743_1920-1024x989.jpg 1024w, https:\/\/www.saleweselne.com\/blog\/wp-content\/uploads\/2019\/07\/woman-3075743_1920-1140x1101.jpg 1140w\" sizes=\"auto, (max-width: 1274px) 100vw, 1274px\" \/><\/p>\n<p align=\"JUSTIFY\"><img loading=\"lazy\" decoding=\"async\" class=\"aligncenter size-full wp-image-1742\" src=\"https:\/\/www.saleweselne.com\/blog\/wp-content\/uploads\/2019\/07\/bride-1209981_1920.jpg\" alt=\"\" width=\"1920\" height=\"1275\" srcset=\"https:\/\/www.saleweselne.com\/blog\/wp-content\/uploads\/2019\/07\/bride-1209981_1920.jpg 1920w, https:\/\/www.saleweselne.com\/blog\/wp-content\/uploads\/2019\/07\/bride-1209981_1920-300x199.jpg 300w, https:\/\/www.saleweselne.com\/blog\/wp-content\/uploads\/2019\/07\/bride-1209981_1920-768x510.jpg 768w, https:\/\/www.saleweselne.com\/blog\/wp-content\/uploads\/2019\/07\/bride-1209981_1920-1024x680.jpg 1024w, https:\/\/www.saleweselne.com\/blog\/wp-content\/uploads\/2019\/07\/bride-1209981_1920-1140x757.jpg 1140w\" sizes=\"auto, (max-width: 1920px) 100vw, 1920px\" \/><\/p>\n<p align=\"JUSTIFY\"><img loading=\"lazy\" decoding=\"async\" class=\"aligncenter size-full wp-image-1750\" src=\"https:\/\/www.saleweselne.com\/blog\/wp-content\/uploads\/2019\/07\/bride-2043803_1920.jpg\" alt=\"\" width=\"1262\" height=\"1238\" srcset=\"https:\/\/www.saleweselne.com\/blog\/wp-content\/uploads\/2019\/07\/bride-2043803_1920.jpg 1262w, https:\/\/www.saleweselne.com\/blog\/wp-content\/uploads\/2019\/07\/bride-2043803_1920-300x294.jpg 300w, https:\/\/www.saleweselne.com\/blog\/wp-content\/uploads\/2019\/07\/bride-2043803_1920-768x753.jpg 768w, https:\/\/www.saleweselne.com\/blog\/wp-content\/uploads\/2019\/07\/bride-2043803_1920-1024x1005.jpg 1024w, https:\/\/www.saleweselne.com\/blog\/wp-content\/uploads\/2019\/07\/bride-2043803_1920-1140x1118.jpg 1140w, https:\/\/www.saleweselne.com\/blog\/wp-content\/uploads\/2019\/07\/bride-2043803_1920-75x75.jpg 75w\" sizes=\"auto, (max-width: 1262px) 100vw, 1262px\" \/><\/p>\n<h3 align=\"JUSTIFY\"><b>Tiara<\/b><\/h3>\n<p align=\"JUSTIFY\">Tiara to klasyczna ozdoba do w\u0142os\u00f3w na \u015blub. Zale\u017cnie od rodzaju i wielko\u015bci mo\u017ce wygl\u0105da\u0107 subtelnie lub po kr\u00f3lewsku. \u015awietnie dope\u0142nia stylizacje romantyczne oraz typu glamour. Jej ogromn\u0105 zalet\u0105 jest to, \u017ce wyst\u0119puje w naprawd\u0119 r\u00f3\u017cnych wersjach. Tiara mo\u017ce by\u0107 z\u0142ota, srebrna lub kolorowa, dzi\u0119ki czemu mo\u017cemy dobra\u0107 dok\u0142adanie tak\u0105, jak reszta naszej bi\u017cuterii \u015blubnej. Najefektywniej prezentuje si\u0119 w swobodnie w rozpuszczonych lub cz\u0119\u015bciowo upi\u0119tych w\u0142osach. Zak\u0142adaj\u0105c na g\u0142ow\u0119 tiar\u0119, w dniu \u015blubu mo\u017cna poczu\u0107 si\u0119 jak prawdziwa ksi\u0119\u017cniczka.<\/p>\n<p align=\"JUSTIFY\"><img loading=\"lazy\" decoding=\"async\" class=\"aligncenter size-full wp-image-1721\" src=\"https:\/\/www.saleweselne.com\/blog\/wp-content\/uploads\/2019\/07\/guilherme-stecanella-YwKMq8lYDV0-unsplash.jpg\" alt=\"\" width=\"1810\" height=\"1925\" srcset=\"https:\/\/www.saleweselne.com\/blog\/wp-content\/uploads\/2019\/07\/guilherme-stecanella-YwKMq8lYDV0-unsplash.jpg 1810w, https:\/\/www.saleweselne.com\/blog\/wp-content\/uploads\/2019\/07\/guilherme-stecanella-YwKMq8lYDV0-unsplash-282x300.jpg 282w, https:\/\/www.saleweselne.com\/blog\/wp-content\/uploads\/2019\/07\/guilherme-stecanella-YwKMq8lYDV0-unsplash-768x817.jpg 768w, https:\/\/www.saleweselne.com\/blog\/wp-content\/uploads\/2019\/07\/guilherme-stecanella-YwKMq8lYDV0-unsplash-963x1024.jpg 963w, https:\/\/www.saleweselne.com\/blog\/wp-content\/uploads\/2019\/07\/guilherme-stecanella-YwKMq8lYDV0-unsplash-1140x1212.jpg 1140w\" sizes=\"auto, (max-width: 1810px) 100vw, 1810px\" \/><\/p>\n<p align=\"JUSTIFY\"><img loading=\"lazy\" decoding=\"async\" class=\"aligncenter size-full wp-image-1743\" src=\"https:\/\/www.saleweselne.com\/blog\/wp-content\/uploads\/2019\/07\/people-2597437_1920.jpg\" alt=\"\" width=\"1920\" height=\"1080\" srcset=\"https:\/\/www.saleweselne.com\/blog\/wp-content\/uploads\/2019\/07\/people-2597437_1920.jpg 1920w, https:\/\/www.saleweselne.com\/blog\/wp-content\/uploads\/2019\/07\/people-2597437_1920-300x169.jpg 300w, https:\/\/www.saleweselne.com\/blog\/wp-content\/uploads\/2019\/07\/people-2597437_1920-768x432.jpg 768w, https:\/\/www.saleweselne.com\/blog\/wp-content\/uploads\/2019\/07\/people-2597437_1920-1024x576.jpg 1024w, https:\/\/www.saleweselne.com\/blog\/wp-content\/uploads\/2019\/07\/people-2597437_1920-1140x641.jpg 1140w\" sizes=\"auto, (max-width: 1920px) 100vw, 1920px\" \/><\/p>\n<h3 align=\"JUSTIFY\"><b>Fascynator\/ Woalka<\/b><\/h3>\n<p align=\"JUSTIFY\">Nazwa tej ozdoby do w\u0142os\u00f3w nie jest zbyt znana. Pod tym dziwnym s\u0142owem kryje si\u0119 tradycyjny, male\u0144ki kapelusik ozdobiony najcz\u0119\u015bciej pi\u00f3rkami i woalk\u0105. Czasem posiada dodatkowe kryszta\u0142ki lub r\u0119cznie szyte zdobienia. Fascynatory to ozdoba do w\u0142os\u00f3w, kt\u00f3r\u0105 u\u017cywa\u0142y nasze prababcie. By\u0142y oznak\u0105 elegancji, szyku oraz klasy. Fascynator mo\u017cna wykorzysta\u0107, gdy organizujemy wesele w klimacie retro. \u015awietnie prezentuj\u0105 si\u0119 tak\u017ce nowocze\u015bniejsze i l\u017cejsze wersje. Panna M\u0142oda b\u0119dzie \u015bwietnie wygl\u0105da\u0107 z tak\u0105 ozdob\u0105 do w\u0142os\u00f3w, wysiadaj\u0105c z zabytkowego samochodu.<\/p>\n<p align=\"JUSTIFY\"><img loading=\"lazy\" decoding=\"async\" class=\"aligncenter size-full wp-image-1725\" src=\"https:\/\/www.saleweselne.com\/blog\/wp-content\/uploads\/2019\/07\/bride-997604_1280.jpg\" alt=\"\" width=\"1280\" height=\"854\" srcset=\"https:\/\/www.saleweselne.com\/blog\/wp-content\/uploads\/2019\/07\/bride-997604_1280.jpg 1280w, https:\/\/www.saleweselne.com\/blog\/wp-content\/uploads\/2019\/07\/bride-997604_1280-300x200.jpg 300w, https:\/\/www.saleweselne.com\/blog\/wp-content\/uploads\/2019\/07\/bride-997604_1280-768x512.jpg 768w, https:\/\/www.saleweselne.com\/blog\/wp-content\/uploads\/2019\/07\/bride-997604_1280-1024x683.jpg 1024w, https:\/\/www.saleweselne.com\/blog\/wp-content\/uploads\/2019\/07\/bride-997604_1280-1140x761.jpg 1140w\" sizes=\"auto, (max-width: 1280px) 100vw, 1280px\" \/><\/p>\n<h3 align=\"JUSTIFY\"><b>Welon<\/b><\/h3>\n<p align=\"JUSTIFY\">Gdy my\u015blimy o Pannie M\u0142odej od razu w g\u0142owie pojawia si\u0119 obraz bia\u0142ej sukni i&#8230; welonu! To najbardziej tradycyjna i rozpowszechniona ozdoba \u015blubna do w\u0142os\u00f3w. Wiele kobiet nie wyobra\u017ca sobie bez niego wesela. W ko\u0144cu czym\u015b trzeba rzuca\u0107, aby wy\u0142oni\u0107 nast\u0119pn\u0105 m\u0119\u017catk\u0119? Ju\u017c jako dziewczynki ogl\u0105da\u0142y\u015bmy w filmach, jak Pan M\u0142ody ods\u0142ania Pannie M\u0142odej welon przed o\u0142tarzem. Wyb\u00f3r welonu jest strza\u0142em w dziesi\u0105tk\u0119 podczas klasycznych \u015blub\u00f3w. Mo\u017cna go doczepi\u0107 do fryzury \u015blubnej, wianka, jak i umocowa\u0107 na rozpuszczonych w\u0142osach. \u015awietnie sprawdza si\u0119 w zestawieniu z inn\u0105 ozdob\u0105, np. grzebykiem lub spink\u0105. Welony maj\u0105 r\u00f3\u017cn\u0105 d\u0142ugo\u015b\u0107. Mog\u0105 by\u0107 g\u0142adkie, po\u0142yskliwe, jedwabne lub haftowane, dzi\u0119ki czemu doskonale dopasowuj\u0105 si\u0119 do sukni i urody Panny M\u0142odej.<\/p>\n<p align=\"JUSTIFY\"><img loading=\"lazy\" decoding=\"async\" class=\"aligncenter size-full wp-image-1728\" src=\"https:\/\/www.saleweselne.com\/blog\/wp-content\/uploads\/2019\/07\/brooke-cagle-KlYr-wedN3c-unsplash.jpg\" alt=\"\" width=\"5472\" height=\"3648\" srcset=\"https:\/\/www.saleweselne.com\/blog\/wp-content\/uploads\/2019\/07\/brooke-cagle-KlYr-wedN3c-unsplash.jpg 5472w, https:\/\/www.saleweselne.com\/blog\/wp-content\/uploads\/2019\/07\/brooke-cagle-KlYr-wedN3c-unsplash-300x200.jpg 300w, https:\/\/www.saleweselne.com\/blog\/wp-content\/uploads\/2019\/07\/brooke-cagle-KlYr-wedN3c-unsplash-768x512.jpg 768w, https:\/\/www.saleweselne.com\/blog\/wp-content\/uploads\/2019\/07\/brooke-cagle-KlYr-wedN3c-unsplash-1024x683.jpg 1024w, https:\/\/www.saleweselne.com\/blog\/wp-content\/uploads\/2019\/07\/brooke-cagle-KlYr-wedN3c-unsplash-1140x760.jpg 1140w\" sizes=\"auto, (max-width: 5472px) 100vw, 5472px\" \/><\/p>\n<p align=\"JUSTIFY\"><img loading=\"lazy\" decoding=\"async\" class=\"aligncenter size-full wp-image-1740\" src=\"https:\/\/www.saleweselne.com\/blog\/wp-content\/uploads\/2019\/07\/bride-3163755_1920.jpg\" alt=\"\" width=\"1357\" height=\"1225\" srcset=\"https:\/\/www.saleweselne.com\/blog\/wp-content\/uploads\/2019\/07\/bride-3163755_1920.jpg 1357w, https:\/\/www.saleweselne.com\/blog\/wp-content\/uploads\/2019\/07\/bride-3163755_1920-300x271.jpg 300w, https:\/\/www.saleweselne.com\/blog\/wp-content\/uploads\/2019\/07\/bride-3163755_1920-768x693.jpg 768w, https:\/\/www.saleweselne.com\/blog\/wp-content\/uploads\/2019\/07\/bride-3163755_1920-1024x924.jpg 1024w, https:\/\/www.saleweselne.com\/blog\/wp-content\/uploads\/2019\/07\/bride-3163755_1920-1140x1029.jpg 1140w\" sizes=\"auto, (max-width: 1357px) 100vw, 1357px\" \/><\/p>\n<h3 align=\"JUSTIFY\"><b>Kapelusz<\/b><\/h3>\n<p align=\"JUSTIFY\">Kapelusz to najmniej popularna ozdoba do w\u0142os\u00f3w g\u0142\u00f3wnie ze wzgl\u0119du na swoj\u0105 wielko\u015b\u0107. \u015awietnie sprawdza si\u0119 jednak, jako chwilowy dodatek do stylizacji w tylu retro lub rustykalnym. Mo\u017cne by\u0107 wykonany z zamszu, koronki lub cienkiej s\u0142omki. Kapelusz mo\u017cna wykorzysta\u0107, je\u015bli planujemy wesele podczas lata, dzi\u0119ki temu Panna M\u0142oda nie musi m\u0119czy\u0107 si\u0119 w upalnym s\u0142o\u0144cu. Tego typu ozdoba jest nie tylko przyjemna dla oka, ale tak\u017ce przydatna. Zale\u017cnie od rodzaju mo\u017ce doda\u0107 Pannie M\u0142odej m\u0142odzie\u0144czej rze\u015bko\u015bci lub dojrza\u0142ej ekstrawagancji.<\/p>\n<p align=\"JUSTIFY\"><img loading=\"lazy\" decoding=\"async\" class=\"aligncenter size-full wp-image-1744\" src=\"https:\/\/www.saleweselne.com\/blog\/wp-content\/uploads\/2019\/07\/wedding-dresses-1486248_1920.jpg\" alt=\"\" width=\"1269\" height=\"1102\" srcset=\"https:\/\/www.saleweselne.com\/blog\/wp-content\/uploads\/2019\/07\/wedding-dresses-1486248_1920.jpg 1269w, https:\/\/www.saleweselne.com\/blog\/wp-content\/uploads\/2019\/07\/wedding-dresses-1486248_1920-300x261.jpg 300w, https:\/\/www.saleweselne.com\/blog\/wp-content\/uploads\/2019\/07\/wedding-dresses-1486248_1920-768x667.jpg 768w, https:\/\/www.saleweselne.com\/blog\/wp-content\/uploads\/2019\/07\/wedding-dresses-1486248_1920-1024x889.jpg 1024w, https:\/\/www.saleweselne.com\/blog\/wp-content\/uploads\/2019\/07\/wedding-dresses-1486248_1920-1140x990.jpg 1140w\" sizes=\"auto, (max-width: 1269px) 100vw, 1269px\" \/><\/p>\n<p align=\"JUSTIFY\"><img loading=\"lazy\" decoding=\"async\" class=\"aligncenter size-full wp-image-1753\" src=\"https:\/\/www.saleweselne.com\/blog\/wp-content\/uploads\/2019\/07\/garden-803512_1920.jpg\" alt=\"\" width=\"1920\" height=\"1279\" srcset=\"https:\/\/www.saleweselne.com\/blog\/wp-content\/uploads\/2019\/07\/garden-803512_1920.jpg 1920w, https:\/\/www.saleweselne.com\/blog\/wp-content\/uploads\/2019\/07\/garden-803512_1920-300x200.jpg 300w, https:\/\/www.saleweselne.com\/blog\/wp-content\/uploads\/2019\/07\/garden-803512_1920-768x512.jpg 768w, https:\/\/www.saleweselne.com\/blog\/wp-content\/uploads\/2019\/07\/garden-803512_1920-1024x682.jpg 1024w, https:\/\/www.saleweselne.com\/blog\/wp-content\/uploads\/2019\/07\/garden-803512_1920-1140x759.jpg 1140w\" sizes=\"auto, (max-width: 1920px) 100vw, 1920px\" \/><\/p>\n<h3 align=\"JUSTIFY\"><b>Odpowiednia ozdoba do w\u0142os\u00f3w na \u015blub podkre\u015bla styl sukni i ca\u0142ego wesela. Mo\u017cna wybra\u0107 co\u015b delikatnego, b\u0142yszcz\u0105cego lub klasycznego. Niekt\u00f3re z dodatk\u00f3w lepiej wygl\u0105daj\u0105 w upi\u0119ciu, a inne pi\u0119knie prezentuj\u0105 si\u0119 przy rozpuszczonych w\u0142osach. Nie musisz si\u0119 spieszy\u0107 z wyborem. Warto por\u00f3wna\u0107 r\u00f3\u017cne mo\u017cliwo\u015bci, spyta\u0107 o opinie innych, aby ozdoba \u015blubna do w\u0142os\u00f3w idealne dope\u0142nia\u0142a si\u0119 z kreacj\u0105. Wszystko zale\u017cy od naszych upodoba\u0144. Najwa\u017cniejsze, aby Panna M\u0142oda czu\u0142a si\u0119 dobrze w wybranych akcesoriach.<\/b><\/h3>\n<p>Poszukujesz idealnej sali weselnej? Na portalu <strong><a href=\"https:\/\/www.saleweselne.com\/\">SaleWeselne.com<\/a><\/strong> znajdziesz wiele ciekawych obiekt\u00f3w, hoteli i restauracji z ca\u0142ej Polski!<\/p>\n","protected":false},"excerpt":{"rendered":"<p>Tradycyjny welon czy mo\u017ce wianek ze \u015bwie\u017cych kwiat\u00f3w? Opaska na g\u0142ow\u0119 czy l\u015bni\u0105ca tiara? Mo\u017cliwo\u015bci jest wiele, lecz nie ma co si\u0119 \u015bpieszy\u0107 z wyborem. Elementy kreacji Panny M\u0142odej musz\u0105 do siebie pasowa\u0107 od A do Z. Jak wi\u0119c dobra\u0107 dekoracje na czubek g\u0142owy? Jakie s\u0105 najpi\u0119kniejsze ozdoby \u015blubne do w\u0142os\u00f3w? <\/p>\n","protected":false},"author":6,"featured_media":1720,"comment_status":"closed","ping_status":"closed","sticky":false,"template":"","format":"standard","meta":{"footnotes":""},"categories":[196,200],"tags":[213,212,247,172,177,171,215],"class_list":["post-1713","post","type-post","status-publish","format-standard","has-post-thumbnail","hentry","category-makijaz-fryzura","category-stroj-weselny","tag-bizuteria-slubna","tag-dodatki-slubne","tag-ozdoba-slubna-do-wlosow","tag-slub","tag-suknia-slubna","tag-wesele","tag-weselna-stylizacja"],"yoast_head":"<!-- This site is optimized with the Yoast SEO plugin v27.5 - https:\/\/yoast.com\/product\/yoast-seo-wordpress\/ -->\n<title>Ozdoby \u015blubne do w\u0142os\u00f3w, kt\u00f3re zaczaruj\u0105 ka\u017cd\u0105 fryzur\u0119 \u015blubn\u0105! - blog SaleWeselne.com<\/title>\n<meta name=\"description\" content=\"Ozdoby \u015blubne do w\u0142os\u00f3w, kt\u00f3re zaczaruj\u0105 ka\u017cd\u0105 fryzur\u0119 \u015blubn\u0105! - blog SaleWeselne.com\" \/>\n<meta name=\"robots\" content=\"index, follow, max-snippet:-1, max-image-preview:large, max-video-preview:-1\" \/>\n<link rel=\"canonical\" href=\"https:\/\/www.saleweselne.com\/blog\/ozdoby-slubne-do-wlosow-ktore-zaczaruja-kazda-fryzure-slubna\/\" \/>\n<meta property=\"og:locale\" content=\"pl_PL\" \/>\n<meta property=\"og:type\" content=\"article\" \/>\n<meta property=\"og:title\" content=\"Ozdoby \u015blubne do w\u0142os\u00f3w, kt\u00f3re zaczaruj\u0105 ka\u017cd\u0105 fryzur\u0119 \u015blubn\u0105! - blog SaleWeselne.com\" \/>\n<meta property=\"og:description\" content=\"Ozdoby \u015blubne do w\u0142os\u00f3w, kt\u00f3re zaczaruj\u0105 ka\u017cd\u0105 fryzur\u0119 \u015blubn\u0105! - blog SaleWeselne.com\" \/>\n<meta property=\"og:url\" content=\"https:\/\/www.saleweselne.com\/blog\/ozdoby-slubne-do-wlosow-ktore-zaczaruja-kazda-fryzure-slubna\/\" \/>\n<meta property=\"og:site_name\" content=\"SaleWeselne.com\" \/>\n<meta property=\"article:published_time\" content=\"2019-07-01T08:03:13+00:00\" \/>\n<meta property=\"article:modified_time\" content=\"2024-05-07T10:11:36+00:00\" \/>\n<meta property=\"og:image\" content=\"https:\/\/www.saleweselne.com\/blog\/wp-content\/uploads\/2019\/07\/adult-beautiful-blur-355063-1024x683.jpg\" \/>\n\t<meta property=\"og:image:width\" content=\"1024\" \/>\n\t<meta property=\"og:image:height\" content=\"683\" \/>\n\t<meta property=\"og:image:type\" content=\"image\/jpeg\" \/>\n<meta name=\"author\" content=\"redaktor SaleWeselne.com- Kamila R\u00f3wi\u0144ska\" \/>\n<meta name=\"twitter:card\" content=\"summary_large_image\" \/>\n<meta name=\"twitter:label1\" content=\"Napisane przez\" \/>\n\t<meta name=\"twitter:data1\" content=\"redaktor SaleWeselne.com- Kamila R\u00f3wi\u0144ska\" \/>\n\t<meta name=\"twitter:label2\" content=\"Szacowany czas czytania\" \/>\n\t<meta name=\"twitter:data2\" content=\"6 minut\" \/>\n<script type=\"application\/ld+json\" class=\"yoast-schema-graph\">{\"@context\":\"https:\\\/\\\/schema.org\",\"@graph\":[{\"@type\":\"Article\",\"@id\":\"https:\\\/\\\/www.saleweselne.com\\\/blog\\\/ozdoby-slubne-do-wlosow-ktore-zaczaruja-kazda-fryzure-slubna\\\/#article\",\"isPartOf\":{\"@id\":\"https:\\\/\\\/www.saleweselne.com\\\/blog\\\/ozdoby-slubne-do-wlosow-ktore-zaczaruja-kazda-fryzure-slubna\\\/\"},\"author\":{\"name\":\"redaktor SaleWeselne.com- Kamila R\u00f3wi\u0144ska\",\"@id\":\"https:\\\/\\\/www.saleweselne.com\\\/blog\\\/#\\\/schema\\\/person\\\/8efb521724c064d26da2045111fce99e\"},\"headline\":\"Ozdoby \u015blubne do w\u0142os\u00f3w, kt\u00f3re zaczaruj\u0105 ka\u017cd\u0105 fryzur\u0119 \u015blubn\u0105!\",\"datePublished\":\"2019-07-01T08:03:13+00:00\",\"dateModified\":\"2024-05-07T10:11:36+00:00\",\"mainEntityOfPage\":{\"@id\":\"https:\\\/\\\/www.saleweselne.com\\\/blog\\\/ozdoby-slubne-do-wlosow-ktore-zaczaruja-kazda-fryzure-slubna\\\/\"},\"wordCount\":1274,\"publisher\":{\"@id\":\"https:\\\/\\\/www.saleweselne.com\\\/blog\\\/#organization\"},\"image\":{\"@id\":\"https:\\\/\\\/www.saleweselne.com\\\/blog\\\/ozdoby-slubne-do-wlosow-ktore-zaczaruja-kazda-fryzure-slubna\\\/#primaryimage\"},\"thumbnailUrl\":\"https:\\\/\\\/www.saleweselne.com\\\/blog\\\/wp-content\\\/uploads\\\/2019\\\/07\\\/adult-beautiful-blur-355063.jpg\",\"keywords\":[\"bi\u017cuteria \u015blubna\",\"dodatki \u015blubne\",\"ozdoba \u015blubna do w\u0142os\u00f3w\",\"\u015blub\",\"suknia \u015blubna\",\"wesele\",\"weselna stylizacja\"],\"articleSection\":[\"Makija\u017c\\\/fryzura\",\"Str\u00f3j weselny\"],\"inLanguage\":\"pl-PL\"},{\"@type\":\"WebPage\",\"@id\":\"https:\\\/\\\/www.saleweselne.com\\\/blog\\\/ozdoby-slubne-do-wlosow-ktore-zaczaruja-kazda-fryzure-slubna\\\/\",\"url\":\"https:\\\/\\\/www.saleweselne.com\\\/blog\\\/ozdoby-slubne-do-wlosow-ktore-zaczaruja-kazda-fryzure-slubna\\\/\",\"name\":\"Ozdoby \u015blubne do w\u0142os\u00f3w, kt\u00f3re zaczaruj\u0105 ka\u017cd\u0105 fryzur\u0119 \u015blubn\u0105! - blog SaleWeselne.com\",\"isPartOf\":{\"@id\":\"https:\\\/\\\/www.saleweselne.com\\\/blog\\\/#website\"},\"primaryImageOfPage\":{\"@id\":\"https:\\\/\\\/www.saleweselne.com\\\/blog\\\/ozdoby-slubne-do-wlosow-ktore-zaczaruja-kazda-fryzure-slubna\\\/#primaryimage\"},\"image\":{\"@id\":\"https:\\\/\\\/www.saleweselne.com\\\/blog\\\/ozdoby-slubne-do-wlosow-ktore-zaczaruja-kazda-fryzure-slubna\\\/#primaryimage\"},\"thumbnailUrl\":\"https:\\\/\\\/www.saleweselne.com\\\/blog\\\/wp-content\\\/uploads\\\/2019\\\/07\\\/adult-beautiful-blur-355063.jpg\",\"datePublished\":\"2019-07-01T08:03:13+00:00\",\"dateModified\":\"2024-05-07T10:11:36+00:00\",\"description\":\"Ozdoby \u015blubne do w\u0142os\u00f3w, kt\u00f3re zaczaruj\u0105 ka\u017cd\u0105 fryzur\u0119 \u015blubn\u0105! - blog SaleWeselne.com\",\"breadcrumb\":{\"@id\":\"https:\\\/\\\/www.saleweselne.com\\\/blog\\\/ozdoby-slubne-do-wlosow-ktore-zaczaruja-kazda-fryzure-slubna\\\/#breadcrumb\"},\"inLanguage\":\"pl-PL\",\"potentialAction\":[{\"@type\":\"ReadAction\",\"target\":[\"https:\\\/\\\/www.saleweselne.com\\\/blog\\\/ozdoby-slubne-do-wlosow-ktore-zaczaruja-kazda-fryzure-slubna\\\/\"]}]},{\"@type\":\"ImageObject\",\"inLanguage\":\"pl-PL\",\"@id\":\"https:\\\/\\\/www.saleweselne.com\\\/blog\\\/ozdoby-slubne-do-wlosow-ktore-zaczaruja-kazda-fryzure-slubna\\\/#primaryimage\",\"url\":\"https:\\\/\\\/www.saleweselne.com\\\/blog\\\/wp-content\\\/uploads\\\/2019\\\/07\\\/adult-beautiful-blur-355063.jpg\",\"contentUrl\":\"https:\\\/\\\/www.saleweselne.com\\\/blog\\\/wp-content\\\/uploads\\\/2019\\\/07\\\/adult-beautiful-blur-355063.jpg\",\"width\":5616,\"height\":3744},{\"@type\":\"BreadcrumbList\",\"@id\":\"https:\\\/\\\/www.saleweselne.com\\\/blog\\\/ozdoby-slubne-do-wlosow-ktore-zaczaruja-kazda-fryzure-slubna\\\/#breadcrumb\",\"itemListElement\":[{\"@type\":\"ListItem\",\"position\":1,\"name\":\"Strona g\u0142\u00f3wna\",\"item\":\"https:\\\/\\\/www.saleweselne.com\\\/blog\\\/\"},{\"@type\":\"ListItem\",\"position\":2,\"name\":\"Ozdoby \u015blubne do w\u0142os\u00f3w, kt\u00f3re zaczaruj\u0105 ka\u017cd\u0105 fryzur\u0119 \u015blubn\u0105!\"}]},{\"@type\":\"WebSite\",\"@id\":\"https:\\\/\\\/www.saleweselne.com\\\/blog\\\/#website\",\"url\":\"https:\\\/\\\/www.saleweselne.com\\\/blog\\\/\",\"name\":\"SaleWeselne.com\",\"description\":\"Blog Bran\u017cy Weselnej - Sprawd\u017a najpi\u0119kniejsze sale weselne oraz motywy \u015blubne. Poznaj praktyczne porady, jak zorganizowa\u0107 wymarzone wesele!\",\"publisher\":{\"@id\":\"https:\\\/\\\/www.saleweselne.com\\\/blog\\\/#organization\"},\"potentialAction\":[{\"@type\":\"SearchAction\",\"target\":{\"@type\":\"EntryPoint\",\"urlTemplate\":\"https:\\\/\\\/www.saleweselne.com\\\/blog\\\/?s={search_term_string}\"},\"query-input\":{\"@type\":\"PropertyValueSpecification\",\"valueRequired\":true,\"valueName\":\"search_term_string\"}}],\"inLanguage\":\"pl-PL\"},{\"@type\":\"Organization\",\"@id\":\"https:\\\/\\\/www.saleweselne.com\\\/blog\\\/#organization\",\"name\":\"SaleWeselne.com\",\"url\":\"https:\\\/\\\/www.saleweselne.com\\\/blog\\\/\",\"logo\":{\"@type\":\"ImageObject\",\"inLanguage\":\"pl-PL\",\"@id\":\"https:\\\/\\\/www.saleweselne.com\\\/blog\\\/#\\\/schema\\\/logo\\\/image\\\/\",\"url\":\"https:\\\/\\\/www.saleweselne.com\\\/blog\\\/wp-content\\\/uploads\\\/2021\\\/03\\\/saleweselne-logotyp-RGB-bez-tla-2.png\",\"contentUrl\":\"https:\\\/\\\/www.saleweselne.com\\\/blog\\\/wp-content\\\/uploads\\\/2021\\\/03\\\/saleweselne-logotyp-RGB-bez-tla-2.png\",\"width\":625,\"height\":150,\"caption\":\"SaleWeselne.com\"},\"image\":{\"@id\":\"https:\\\/\\\/www.saleweselne.com\\\/blog\\\/#\\\/schema\\\/logo\\\/image\\\/\"}},{\"@type\":\"Person\",\"@id\":\"https:\\\/\\\/www.saleweselne.com\\\/blog\\\/#\\\/schema\\\/person\\\/8efb521724c064d26da2045111fce99e\",\"name\":\"redaktor SaleWeselne.com- Kamila R\u00f3wi\u0144ska\",\"url\":\"https:\\\/\\\/www.saleweselne.com\\\/blog\\\/author\\\/kamila\\\/\"}]}<\/script>\n<!-- \/ Yoast SEO plugin. -->","yoast_head_json":{"title":"Ozdoby \u015blubne do w\u0142os\u00f3w, kt\u00f3re zaczaruj\u0105 ka\u017cd\u0105 fryzur\u0119 \u015blubn\u0105! - blog SaleWeselne.com","description":"Ozdoby \u015blubne do w\u0142os\u00f3w, kt\u00f3re zaczaruj\u0105 ka\u017cd\u0105 fryzur\u0119 \u015blubn\u0105! - blog SaleWeselne.com","robots":{"index":"index","follow":"follow","max-snippet":"max-snippet:-1","max-image-preview":"max-image-preview:large","max-video-preview":"max-video-preview:-1"},"canonical":"https:\/\/www.saleweselne.com\/blog\/ozdoby-slubne-do-wlosow-ktore-zaczaruja-kazda-fryzure-slubna\/","og_locale":"pl_PL","og_type":"article","og_title":"Ozdoby \u015blubne do w\u0142os\u00f3w, kt\u00f3re zaczaruj\u0105 ka\u017cd\u0105 fryzur\u0119 \u015blubn\u0105! - blog SaleWeselne.com","og_description":"Ozdoby \u015blubne do w\u0142os\u00f3w, kt\u00f3re zaczaruj\u0105 ka\u017cd\u0105 fryzur\u0119 \u015blubn\u0105! - blog SaleWeselne.com","og_url":"https:\/\/www.saleweselne.com\/blog\/ozdoby-slubne-do-wlosow-ktore-zaczaruja-kazda-fryzure-slubna\/","og_site_name":"SaleWeselne.com","article_published_time":"2019-07-01T08:03:13+00:00","article_modified_time":"2024-05-07T10:11:36+00:00","og_image":[{"width":1024,"height":683,"url":"https:\/\/www.saleweselne.com\/blog\/wp-content\/uploads\/2019\/07\/adult-beautiful-blur-355063-1024x683.jpg","type":"image\/jpeg"}],"author":"redaktor SaleWeselne.com- Kamila R\u00f3wi\u0144ska","twitter_card":"summary_large_image","twitter_misc":{"Napisane przez":"redaktor SaleWeselne.com- Kamila R\u00f3wi\u0144ska","Szacowany czas czytania":"6 minut"},"schema":{"@context":"https:\/\/schema.org","@graph":[{"@type":"Article","@id":"https:\/\/www.saleweselne.com\/blog\/ozdoby-slubne-do-wlosow-ktore-zaczaruja-kazda-fryzure-slubna\/#article","isPartOf":{"@id":"https:\/\/www.saleweselne.com\/blog\/ozdoby-slubne-do-wlosow-ktore-zaczaruja-kazda-fryzure-slubna\/"},"author":{"name":"redaktor SaleWeselne.com- Kamila R\u00f3wi\u0144ska","@id":"https:\/\/www.saleweselne.com\/blog\/#\/schema\/person\/8efb521724c064d26da2045111fce99e"},"headline":"Ozdoby \u015blubne do w\u0142os\u00f3w, kt\u00f3re zaczaruj\u0105 ka\u017cd\u0105 fryzur\u0119 \u015blubn\u0105!","datePublished":"2019-07-01T08:03:13+00:00","dateModified":"2024-05-07T10:11:36+00:00","mainEntityOfPage":{"@id":"https:\/\/www.saleweselne.com\/blog\/ozdoby-slubne-do-wlosow-ktore-zaczaruja-kazda-fryzure-slubna\/"},"wordCount":1274,"publisher":{"@id":"https:\/\/www.saleweselne.com\/blog\/#organization"},"image":{"@id":"https:\/\/www.saleweselne.com\/blog\/ozdoby-slubne-do-wlosow-ktore-zaczaruja-kazda-fryzure-slubna\/#primaryimage"},"thumbnailUrl":"https:\/\/www.saleweselne.com\/blog\/wp-content\/uploads\/2019\/07\/adult-beautiful-blur-355063.jpg","keywords":["bi\u017cuteria \u015blubna","dodatki \u015blubne","ozdoba \u015blubna do w\u0142os\u00f3w","\u015blub","suknia \u015blubna","wesele","weselna stylizacja"],"articleSection":["Makija\u017c\/fryzura","Str\u00f3j weselny"],"inLanguage":"pl-PL"},{"@type":"WebPage","@id":"https:\/\/www.saleweselne.com\/blog\/ozdoby-slubne-do-wlosow-ktore-zaczaruja-kazda-fryzure-slubna\/","url":"https:\/\/www.saleweselne.com\/blog\/ozdoby-slubne-do-wlosow-ktore-zaczaruja-kazda-fryzure-slubna\/","name":"Ozdoby \u015blubne do w\u0142os\u00f3w, kt\u00f3re zaczaruj\u0105 ka\u017cd\u0105 fryzur\u0119 \u015blubn\u0105! - blog SaleWeselne.com","isPartOf":{"@id":"https:\/\/www.saleweselne.com\/blog\/#website"},"primaryImageOfPage":{"@id":"https:\/\/www.saleweselne.com\/blog\/ozdoby-slubne-do-wlosow-ktore-zaczaruja-kazda-fryzure-slubna\/#primaryimage"},"image":{"@id":"https:\/\/www.saleweselne.com\/blog\/ozdoby-slubne-do-wlosow-ktore-zaczaruja-kazda-fryzure-slubna\/#primaryimage"},"thumbnailUrl":"https:\/\/www.saleweselne.com\/blog\/wp-content\/uploads\/2019\/07\/adult-beautiful-blur-355063.jpg","datePublished":"2019-07-01T08:03:13+00:00","dateModified":"2024-05-07T10:11:36+00:00","description":"Ozdoby \u015blubne do w\u0142os\u00f3w, kt\u00f3re zaczaruj\u0105 ka\u017cd\u0105 fryzur\u0119 \u015blubn\u0105! - blog SaleWeselne.com","breadcrumb":{"@id":"https:\/\/www.saleweselne.com\/blog\/ozdoby-slubne-do-wlosow-ktore-zaczaruja-kazda-fryzure-slubna\/#breadcrumb"},"inLanguage":"pl-PL","potentialAction":[{"@type":"ReadAction","target":["https:\/\/www.saleweselne.com\/blog\/ozdoby-slubne-do-wlosow-ktore-zaczaruja-kazda-fryzure-slubna\/"]}]},{"@type":"ImageObject","inLanguage":"pl-PL","@id":"https:\/\/www.saleweselne.com\/blog\/ozdoby-slubne-do-wlosow-ktore-zaczaruja-kazda-fryzure-slubna\/#primaryimage","url":"https:\/\/www.saleweselne.com\/blog\/wp-content\/uploads\/2019\/07\/adult-beautiful-blur-355063.jpg","contentUrl":"https:\/\/www.saleweselne.com\/blog\/wp-content\/uploads\/2019\/07\/adult-beautiful-blur-355063.jpg","width":5616,"height":3744},{"@type":"BreadcrumbList","@id":"https:\/\/www.saleweselne.com\/blog\/ozdoby-slubne-do-wlosow-ktore-zaczaruja-kazda-fryzure-slubna\/#breadcrumb","itemListElement":[{"@type":"ListItem","position":1,"name":"Strona g\u0142\u00f3wna","item":"https:\/\/www.saleweselne.com\/blog\/"},{"@type":"ListItem","position":2,"name":"Ozdoby \u015blubne do w\u0142os\u00f3w, kt\u00f3re zaczaruj\u0105 ka\u017cd\u0105 fryzur\u0119 \u015blubn\u0105!"}]},{"@type":"WebSite","@id":"https:\/\/www.saleweselne.com\/blog\/#website","url":"https:\/\/www.saleweselne.com\/blog\/","name":"SaleWeselne.com","description":"Blog Bran\u017cy Weselnej - Sprawd\u017a najpi\u0119kniejsze sale weselne oraz motywy \u015blubne. Poznaj praktyczne porady, jak zorganizowa\u0107 wymarzone wesele!","publisher":{"@id":"https:\/\/www.saleweselne.com\/blog\/#organization"},"potentialAction":[{"@type":"SearchAction","target":{"@type":"EntryPoint","urlTemplate":"https:\/\/www.saleweselne.com\/blog\/?s={search_term_string}"},"query-input":{"@type":"PropertyValueSpecification","valueRequired":true,"valueName":"search_term_string"}}],"inLanguage":"pl-PL"},{"@type":"Organization","@id":"https:\/\/www.saleweselne.com\/blog\/#organization","name":"SaleWeselne.com","url":"https:\/\/www.saleweselne.com\/blog\/","logo":{"@type":"ImageObject","inLanguage":"pl-PL","@id":"https:\/\/www.saleweselne.com\/blog\/#\/schema\/logo\/image\/","url":"https:\/\/www.saleweselne.com\/blog\/wp-content\/uploads\/2021\/03\/saleweselne-logotyp-RGB-bez-tla-2.png","contentUrl":"https:\/\/www.saleweselne.com\/blog\/wp-content\/uploads\/2021\/03\/saleweselne-logotyp-RGB-bez-tla-2.png","width":625,"height":150,"caption":"SaleWeselne.com"},"image":{"@id":"https:\/\/www.saleweselne.com\/blog\/#\/schema\/logo\/image\/"}},{"@type":"Person","@id":"https:\/\/www.saleweselne.com\/blog\/#\/schema\/person\/8efb521724c064d26da2045111fce99e","name":"redaktor SaleWeselne.com- Kamila R\u00f3wi\u0144ska","url":"https:\/\/www.saleweselne.com\/blog\/author\/kamila\/"}]}},"_links":{"self":[{"href":"https:\/\/www.saleweselne.com\/blog\/wp-json\/wp\/v2\/posts\/1713","targetHints":{"allow":["GET"]}}],"collection":[{"href":"https:\/\/www.saleweselne.com\/blog\/wp-json\/wp\/v2\/posts"}],"about":[{"href":"https:\/\/www.saleweselne.com\/blog\/wp-json\/wp\/v2\/types\/post"}],"author":[{"embeddable":true,"href":"https:\/\/www.saleweselne.com\/blog\/wp-json\/wp\/v2\/users\/6"}],"replies":[{"embeddable":true,"href":"https:\/\/www.saleweselne.com\/blog\/wp-json\/wp\/v2\/comments?post=1713"}],"version-history":[{"count":21,"href":"https:\/\/www.saleweselne.com\/blog\/wp-json\/wp\/v2\/posts\/1713\/revisions"}],"predecessor-version":[{"id":1795,"href":"https:\/\/www.saleweselne.com\/blog\/wp-json\/wp\/v2\/posts\/1713\/revisions\/1795"}],"wp:featuredmedia":[{"embeddable":true,"href":"https:\/\/www.saleweselne.com\/blog\/wp-json\/wp\/v2\/media\/1720"}],"wp:attachment":[{"href":"https:\/\/www.saleweselne.com\/blog\/wp-json\/wp\/v2\/media?parent=1713"}],"wp:term":[{"taxonomy":"category","embeddable":true,"href":"https:\/\/www.saleweselne.com\/blog\/wp-json\/wp\/v2\/categories?post=1713"},{"taxonomy":"post_tag","embeddable":true,"href":"https:\/\/www.saleweselne.com\/blog\/wp-json\/wp\/v2\/tags?post=1713"}],"curies":[{"name":"wp","href":"https:\/\/api.w.org\/{rel}","templated":true}]}}