{"id":1962,"date":"2019-10-22T14:19:15","date_gmt":"2019-10-22T12:19:15","guid":{"rendered":"https:\/\/www.saleweselne.com\/blog\/?p=1962"},"modified":"2024-05-07T12:11:35","modified_gmt":"2024-05-07T10:11:35","slug":"wesele-wsrod-drzew-czyli-lesny-motyw-na-wesele","status":"publish","type":"post","link":"https:\/\/www.saleweselne.com\/blog\/wesele-wsrod-drzew-czyli-lesny-motyw-na-wesele\/","title":{"rendered":"Mi\u0142o\u015b\u0107 w\u015br\u00f3d drzew- czyli le\u015bny motyw na wesele"},"content":{"rendered":"<h3 align=\"JUSTIFY\"><b>M\u0142ode Pary coraz ch\u0119tniej organizuj\u0105 wesele w konkretnej stylizacji. Wiele miesi\u0119cy przed terminem \u015blubu przygotowuj\u0105 dekoracje na sal\u0119 weseln\u0105. Je\u015bli poszukujesz ciekawej inspiracji na temat przewodni wesela- mamy j\u0105 dla Ciebie! Jesienn\u0105 por\u0105 \u015bwietnie prezentuje si\u0119 le\u015bny motyw na wesele!\u00a0<\/b><\/h3>\n<p><img loading=\"lazy\" decoding=\"async\" class=\"aligncenter size-full wp-image-1985\" src=\"https:\/\/www.saleweselne.com\/blog\/wp-content\/uploads\/2019\/10\/affection-couple-embracing-3031373.jpg\" alt=\"\" width=\"1801\" height=\"1736\" srcset=\"https:\/\/www.saleweselne.com\/blog\/wp-content\/uploads\/2019\/10\/affection-couple-embracing-3031373.jpg 1801w, https:\/\/www.saleweselne.com\/blog\/wp-content\/uploads\/2019\/10\/affection-couple-embracing-3031373-300x289.jpg 300w, https:\/\/www.saleweselne.com\/blog\/wp-content\/uploads\/2019\/10\/affection-couple-embracing-3031373-768x740.jpg 768w, https:\/\/www.saleweselne.com\/blog\/wp-content\/uploads\/2019\/10\/affection-couple-embracing-3031373-1024x987.jpg 1024w, https:\/\/www.saleweselne.com\/blog\/wp-content\/uploads\/2019\/10\/affection-couple-embracing-3031373-1140x1099.jpg 1140w\" sizes=\"auto, (max-width: 1801px) 100vw, 1801px\" \/><\/p>\n<p align=\"JUSTIFY\">Aby wszystko zachowane by\u0142o w jednej tematyce, do wygl\u0105du sali weselnej nale\u017cy dopasowa\u0107 papeteri\u0119 \u015blubn\u0105, upominki oraz ozdoby do ko\u015bcio\u0142a. Wygl\u0105d Pary M\u0142odej oraz proponowane menu r\u00f3wnie\u017c powinny nie zaburza\u0107 koncepcji. Jak przygotowa\u0107 wi\u0119c pi\u0119kny le\u015bny motyw na wesele? Jak udekorowa\u0107 sal\u0119 weseln\u0105 w stylu le\u015bnym? Z jakich naturalnych ozd\u00f3b mo\u017cna skorzysta\u0107?<\/p>\n<h2 style=\"text-align: center;\" align=\"JUSTIFY\"><b>Papeteria \u015blubna z le\u015bnym motywem<\/b><\/h2>\n<p align=\"JUSTIFY\">O jednolit\u0105 stylizacj\u0119 wesela mo\u017cna zadba\u0107 ju\u017c od samego pocz\u0105tku, stosuj\u0105c <strong>papeteri\u0119 \u015blubn\u0105 z le\u015bnym motywem<\/strong>. Chodzi przede wszystkim o zaproszenia, poniewa\u017c powiedz\u0105 one go\u015bciom, czego mog\u0105 si\u0119 spodziewa\u0107 i jaki b\u0119dzie temat przyj\u0119cia.<\/p>\n<p align=\"JUSTIFY\">W przypadku motyw\u00f3w le\u015bnych, mo\u017cna \u015bmia\u0142o pokusi\u0107 si\u0119 o przygotowanie ich samodzielnie. W sklepach papierniczych, hand-made oraz hurtowniach internetowych mo\u017cna znale\u017a\u0107 wiele gotowych element\u00f3w oraz rodzaj\u00f3w ozdobnego papieru.\u00a0Przy niewielkim nak\u0142adzie pracy powstanie w ten spos\u00f3b indywidualna oraz idealnie do nas dopasowana papeteria \u015blubna.<\/p>\n<p align=\"JUSTIFY\"><img loading=\"lazy\" decoding=\"async\" class=\"aligncenter size-full wp-image-1971\" src=\"https:\/\/www.saleweselne.com\/blog\/wp-content\/uploads\/2019\/10\/bouquet-bride-bride-and-groom-1875423.jpg\" alt=\"\" width=\"1938\" height=\"1494\" srcset=\"https:\/\/www.saleweselne.com\/blog\/wp-content\/uploads\/2019\/10\/bouquet-bride-bride-and-groom-1875423.jpg 1938w, https:\/\/www.saleweselne.com\/blog\/wp-content\/uploads\/2019\/10\/bouquet-bride-bride-and-groom-1875423-300x231.jpg 300w, https:\/\/www.saleweselne.com\/blog\/wp-content\/uploads\/2019\/10\/bouquet-bride-bride-and-groom-1875423-768x592.jpg 768w, https:\/\/www.saleweselne.com\/blog\/wp-content\/uploads\/2019\/10\/bouquet-bride-bride-and-groom-1875423-1024x789.jpg 1024w, https:\/\/www.saleweselne.com\/blog\/wp-content\/uploads\/2019\/10\/bouquet-bride-bride-and-groom-1875423-1140x879.jpg 1140w\" sizes=\"auto, (max-width: 1938px) 100vw, 1938px\" \/><\/p>\n<p align=\"JUSTIFY\">Najbardziej popularne s\u0105 <strong>wzory li\u015bcia paproci oraz wie\u0144ca lauroweg<\/strong>o, ale mo\u017cna tak\u017ce oprze\u0107 si\u0119 na wzorach li\u015bci, a tak\u017ce graficznych przestawieniach zwierz\u0105t le\u015bnych.<\/p>\n<p align=\"JUSTIFY\">\u015awietny efekt uzyskamy r\u00f3wnie\u017c, stosuj\u0105c prawdziwe <strong>\u00a0listki oraz kwiaty<\/strong>. Pojedyncze ga\u0142\u0105zki lub ma\u0142e bukieciki wygl\u0105daj\u0105 rewelacyjne, gdy obwi\u0105\u017cemy je ozdobn\u0105 wst\u0105\u017ck\u0105 lub kawa\u0142kiem sznurka.<\/p>\n<p align=\"JUSTIFY\"><img loading=\"lazy\" decoding=\"async\" class=\"aligncenter size-full wp-image-1980\" src=\"https:\/\/www.saleweselne.com\/blog\/wp-content\/uploads\/2019\/10\/affection-couple-happiness-3094446.jpg\" alt=\"\" width=\"5472\" height=\"3648\" srcset=\"https:\/\/www.saleweselne.com\/blog\/wp-content\/uploads\/2019\/10\/affection-couple-happiness-3094446.jpg 5472w, https:\/\/www.saleweselne.com\/blog\/wp-content\/uploads\/2019\/10\/affection-couple-happiness-3094446-300x200.jpg 300w, https:\/\/www.saleweselne.com\/blog\/wp-content\/uploads\/2019\/10\/affection-couple-happiness-3094446-768x512.jpg 768w, https:\/\/www.saleweselne.com\/blog\/wp-content\/uploads\/2019\/10\/affection-couple-happiness-3094446-1024x683.jpg 1024w, https:\/\/www.saleweselne.com\/blog\/wp-content\/uploads\/2019\/10\/affection-couple-happiness-3094446-1140x760.jpg 1140w\" sizes=\"auto, (max-width: 5472px) 100vw, 5472px\" \/><\/p>\n<h2 style=\"text-align: center;\" align=\"JUSTIFY\"><b>Le\u015bny motyw sali weselnej<\/b><\/h2>\n<p align=\"JUSTIFY\">Je\u015bli kochacie zapach lasu i lubicie otacza\u0107 si\u0119 zieleni\u0105 to le\u015bny motyw sali weselnej jest idealny dla Was! Stworzy\u0107 magiczny, naturalny klimat podczas uroczysto\u015bci mo\u017cna na dwa sposoby. Pierwszy z nich zale\u017cny jest od wybranego obiektu weselnego.<\/p>\n<p align=\"JUSTIFY\">Je\u017celi jest umiejscowiony z dala od ha\u0142asu, w spokojnym zagajniku lub przy le\u015bnej polanie, zadanie mamy u\u0142atwione. Ju\u017c samo miejsce wp\u0142ywa\u0107 b\u0119dzie na charakter przyj\u0119cia. Jednak nawet je\u015bli wesele odbywa si\u0119 w centrum miasta, wci\u0105\u017c mo\u017cemy <strong>stworzy\u0107 na sali weselnej magiczn\u0105, le\u015bn\u0105 krain\u0119<\/strong>. Wystarcz\u0105 do tego tylko odpowiednie dekoracje.<\/p>\n<p align=\"JUSTIFY\"><img loading=\"lazy\" decoding=\"async\" class=\"aligncenter size-full wp-image-1978\" src=\"https:\/\/www.saleweselne.com\/blog\/wp-content\/uploads\/2019\/10\/card-celebration-ceremony-2463417.jpg\" alt=\"\" width=\"4406\" height=\"2937\" srcset=\"https:\/\/www.saleweselne.com\/blog\/wp-content\/uploads\/2019\/10\/card-celebration-ceremony-2463417.jpg 4406w, https:\/\/www.saleweselne.com\/blog\/wp-content\/uploads\/2019\/10\/card-celebration-ceremony-2463417-300x200.jpg 300w, https:\/\/www.saleweselne.com\/blog\/wp-content\/uploads\/2019\/10\/card-celebration-ceremony-2463417-768x512.jpg 768w, https:\/\/www.saleweselne.com\/blog\/wp-content\/uploads\/2019\/10\/card-celebration-ceremony-2463417-1024x683.jpg 1024w, https:\/\/www.saleweselne.com\/blog\/wp-content\/uploads\/2019\/10\/card-celebration-ceremony-2463417-1140x760.jpg 1140w\" sizes=\"auto, (max-width: 4406px) 100vw, 4406px\" \/><\/p>\n<p align=\"JUSTIFY\">Przede wszystkim <strong>powinni\u015bmy postawi\u0107 na drewno<\/strong>! Poci\u0119te na kawa\u0142ki pnie mog\u0105 s\u0142u\u017cy\u0107 jako siedziska lub ma\u0142e stoliczki. Oczywi\u015bcie, nie powinni\u015bmy kaza\u0107 go\u015bciom siedzie\u0107 na nich podczas obiadu, ale jako dodatek sprawdzaj\u0105 si\u0119 doskonale.<\/p>\n<p align=\"JUSTIFY\">W bukietach mog\u0105 znale\u017a\u0107 si\u0119<strong> ga\u0142\u0105zki, a najlepiej pochodz\u0105ce z drzew iglastych<\/strong>, poniewa\u017c ig\u0142y przez d\u0142ugi czas pi\u0119knie si\u0119 prezentuj\u0105, a dodatkowo zapewniaj\u0105 cudowny zapach!<\/p>\n<p align=\"JUSTIFY\"><img loading=\"lazy\" decoding=\"async\" class=\"aligncenter size-full wp-image-1975\" src=\"https:\/\/www.saleweselne.com\/blog\/wp-content\/uploads\/2019\/10\/acorn-blur-cutlery-175765.jpg\" alt=\"\" width=\"5225\" height=\"2980\" srcset=\"https:\/\/www.saleweselne.com\/blog\/wp-content\/uploads\/2019\/10\/acorn-blur-cutlery-175765.jpg 5225w, https:\/\/www.saleweselne.com\/blog\/wp-content\/uploads\/2019\/10\/acorn-blur-cutlery-175765-300x171.jpg 300w, https:\/\/www.saleweselne.com\/blog\/wp-content\/uploads\/2019\/10\/acorn-blur-cutlery-175765-768x438.jpg 768w, https:\/\/www.saleweselne.com\/blog\/wp-content\/uploads\/2019\/10\/acorn-blur-cutlery-175765-1024x584.jpg 1024w, https:\/\/www.saleweselne.com\/blog\/wp-content\/uploads\/2019\/10\/acorn-blur-cutlery-175765-1140x650.jpg 1140w\" sizes=\"auto, (max-width: 5225px) 100vw, 5225px\" \/><\/p>\n<p align=\"JUSTIFY\">Aby podkre\u015bli\u0107 le\u015bn\u0105 stylizacj\u0119 na wesele, mo\u017cna przygotowa\u0107 naturalne k\u0105ciki:<strong> pnie udekorowa\u0107 mchem (najlepiej naturalnym) i otoczy\u0107 je \u015bwiecznikami<\/strong>. Idealnie pasuj\u0105 \u015bwieczniki wykonane ze s\u0142oik\u00f3w lub po prostu naturalne \u015bwiecie.<\/p>\n<p align=\"JUSTIFY\">\u017beby le\u015bna stylizacja by\u0142a sp\u00f3jna lepiej unika\u0107 intensywnych kolor\u00f3w i brokatu, a postawi\u0107 na barwy pastelowe, lekko przydymione. Mo\u017cna \u015bmia\u0142o wykorzysta\u0107 <strong>wszelkie odcienie zieleni, br\u0105zu i be\u017cu.<\/strong> \u015awietnie wygl\u0105daj\u0105 r\u00f3wnie\u017c kontrasty, lecz opieraj\u0105ce si\u0119 na kolorach wyst\u0119puj\u0105cych w naturze, np. czerwonym lub \u017c\u00f3\u0142tym.<\/p>\n<p align=\"JUSTIFY\"><img loading=\"lazy\" decoding=\"async\" class=\"aligncenter size-full wp-image-1974\" src=\"https:\/\/www.saleweselne.com\/blog\/wp-content\/uploads\/2019\/10\/ben-rosett-w4bp40RJZ9M-unsplash.jpg\" alt=\"\" width=\"6016\" height=\"4016\" srcset=\"https:\/\/www.saleweselne.com\/blog\/wp-content\/uploads\/2019\/10\/ben-rosett-w4bp40RJZ9M-unsplash.jpg 6016w, https:\/\/www.saleweselne.com\/blog\/wp-content\/uploads\/2019\/10\/ben-rosett-w4bp40RJZ9M-unsplash-300x200.jpg 300w, https:\/\/www.saleweselne.com\/blog\/wp-content\/uploads\/2019\/10\/ben-rosett-w4bp40RJZ9M-unsplash-768x513.jpg 768w, https:\/\/www.saleweselne.com\/blog\/wp-content\/uploads\/2019\/10\/ben-rosett-w4bp40RJZ9M-unsplash-1024x684.jpg 1024w, https:\/\/www.saleweselne.com\/blog\/wp-content\/uploads\/2019\/10\/ben-rosett-w4bp40RJZ9M-unsplash-1140x761.jpg 1140w\" sizes=\"auto, (max-width: 6016px) 100vw, 6016px\" \/><\/p>\n<h2 style=\"text-align: center;\" align=\"JUSTIFY\"><b>Las na talerzu<\/b><\/h2>\n<p align=\"JUSTIFY\">Wybieraj\u0105c zastaw\u0119 weseln\u0105, powinni\u015bmy skupi\u0107 si\u0119 na prostocie. Najlepiej wygl\u0105daj\u0105 bia\u0142e, czarne, z\u0142ote lub miedziane talerze. Je\u015bli nie chcecie, aby sto\u0142y wygl\u0105da\u0142y nudno, mo\u017cna je udekorowa\u0107 mchem. Pod talerze mo\u017cna pod\u0142o\u017cy\u0107 <strong>okr\u0105g\u0142e plastry drewna<\/strong>, jednak warto zadba\u0107, aby by\u0142y dobrze wyg\u0142adzone i nie porani\u0142y go\u015bci.<\/p>\n<p align=\"JUSTIFY\">Przy bia\u0142ych serwetkach \u015bwietnie prezentuj\u0105 si\u0119 zielone ga\u0142\u0105zki np. <strong>rozmarynu, paproci, jemio\u0142y lub cisu<\/strong>. Mo\u017cna tak\u017ce wykorzysta\u0107 ususzone kwiaty, a pod tym wzgl\u0119dem zdecydowanie g\u00f3ruje <strong>lawenda<\/strong>!<\/p>\n<p align=\"JUSTIFY\"><img loading=\"lazy\" decoding=\"async\" class=\"aligncenter size-full wp-image-1970\" src=\"https:\/\/www.saleweselne.com\/blog\/wp-content\/uploads\/2019\/10\/cake-chairs-cutlery-395134.jpg\" alt=\"\" width=\"6951\" height=\"4912\" srcset=\"https:\/\/www.saleweselne.com\/blog\/wp-content\/uploads\/2019\/10\/cake-chairs-cutlery-395134.jpg 6951w, https:\/\/www.saleweselne.com\/blog\/wp-content\/uploads\/2019\/10\/cake-chairs-cutlery-395134-300x212.jpg 300w, https:\/\/www.saleweselne.com\/blog\/wp-content\/uploads\/2019\/10\/cake-chairs-cutlery-395134-768x543.jpg 768w, https:\/\/www.saleweselne.com\/blog\/wp-content\/uploads\/2019\/10\/cake-chairs-cutlery-395134-1024x724.jpg 1024w, https:\/\/www.saleweselne.com\/blog\/wp-content\/uploads\/2019\/10\/cake-chairs-cutlery-395134-1140x806.jpg 1140w\" sizes=\"auto, (max-width: 6951px) 100vw, 6951px\" \/><\/p>\n<p align=\"JUSTIFY\">Le\u015bny motyw na weselu to nie tylko dekoracje, ale tak\u017ce odpowiednio dobrane menu. Je\u015bli pora roku nam sprzyja, na talerzach zdecydowanie powinny pojawi\u0107 si\u0119 dary natury pochodz\u0105ce prosto z lasu: <strong>jagody, je\u017cyny czy grzyby<\/strong>.\u00a0Na sto\u0142ach dodatkowo mo\u017ce pojawi\u0107 si\u0119 <strong>dynia, bak\u0142a\u017can i cukinia,\u00a0<\/strong>zar\u00f3wno w sa\u0142atach, gulaszach jak i zupach.<\/p>\n<p align=\"JUSTIFY\">Doskonale pasuj\u0105 r\u00f3wnie\u017c <strong>soczyste dania mi\u0119sne, np. z dziczyzny czy jagni\u0119ciny<\/strong>.\u00a0Le\u015bny motyw \u015bwietnie sprawdza si\u0119 podczas wesela organizowanego jesieni\u0105. Mo\u017cemy obserwowa\u0107 wtedy za oknami pi\u0119kn\u0105 palet\u0119 kolor\u00f3w, kt\u00f3rych romantyczny klimat przenika do wn\u0119trza sali weselnej.\u00a0 Gor\u0105ce i aromatyczne dania nie tylko nasyc\u0105 go\u015bci, ale tak\u017ce rozgrzej\u0105 w ch\u0142odniejsze wieczory.<\/p>\n<p align=\"JUSTIFY\"><img loading=\"lazy\" decoding=\"async\" class=\"aligncenter size-full wp-image-1969\" src=\"https:\/\/www.saleweselne.com\/blog\/wp-content\/uploads\/2019\/10\/appetizers-chef-cuisine-1267320.jpg\" alt=\"\" width=\"7952\" height=\"5304\" srcset=\"https:\/\/www.saleweselne.com\/blog\/wp-content\/uploads\/2019\/10\/appetizers-chef-cuisine-1267320.jpg 7952w, https:\/\/www.saleweselne.com\/blog\/wp-content\/uploads\/2019\/10\/appetizers-chef-cuisine-1267320-300x200.jpg 300w, https:\/\/www.saleweselne.com\/blog\/wp-content\/uploads\/2019\/10\/appetizers-chef-cuisine-1267320-768x512.jpg 768w, https:\/\/www.saleweselne.com\/blog\/wp-content\/uploads\/2019\/10\/appetizers-chef-cuisine-1267320-1024x683.jpg 1024w, https:\/\/www.saleweselne.com\/blog\/wp-content\/uploads\/2019\/10\/appetizers-chef-cuisine-1267320-1140x760.jpg 1140w\" sizes=\"auto, (max-width: 7952px) 100vw, 7952px\" \/><\/p>\n<h3 align=\"JUSTIFY\"><strong>Le\u015bny motyw na wesele daje ogromne mo\u017cliwo\u015bci przy niewielkich kosztach, poniewa\u017c wi\u0119kszo\u015b\u0107 dekoracji znajdziemy na ziemi. Bazuj\u0105c na naturalnych elementach nie b\u0119dziemy mie\u0107 problemu, co zrobi\u0107 z ozdobami, gdy uroczysto\u015b\u0107 si\u0119 zako\u0144czy.\u00a0<\/strong><\/h3>\n","protected":false},"excerpt":{"rendered":"<p>Pomys\u0142\u00f3w na moty \u015blubny jest jednak bardzo wiele i wci\u0105\u017c pojawiaj\u0105 si\u0119 nowe inspiracje posuwane przez specjalist\u00f3w od organizacji wesel, ale tak\u017ce przez samych Zakochanych. Je\u015bli macie problem z wyborem motywu weselnego oraz doboru idealnych dodatk\u00f3w, przygotowali\u015bmy dla Was ciekaw\u0105 propozycj\u0119- le\u015bny motyw na wesele!<\/p>\n","protected":false},"author":6,"featured_media":1967,"comment_status":"closed","ping_status":"closed","sticky":false,"template":"","format":"standard","meta":{"footnotes":""},"categories":[194,228,170,201,225],"tags":[181,212,230,229,174,214,175,178,171,215,226],"class_list":["post-1962","post","type-post","status-publish","format-standard","has-post-thumbnail","hentry","category-dekoracje-weselne","category-motyw-weselny","category-organizacja-wesela","category-sala-weselna","category-zaproszenia-slubne","tag-dekoracja-sali-weselnej","tag-dodatki-slubne","tag-motyw-przewodni","tag-motyw-weselny","tag-organizacja-wesela","tag-ozdoby","tag-planowanie-wesela","tag-sala-weselna","tag-wesele","tag-weselna-stylizacja","tag-zaproszenia-slubne"],"yoast_head":"<!-- This site is optimized with the Yoast SEO plugin v27.5 - https:\/\/yoast.com\/product\/yoast-seo-wordpress\/ -->\n<title>Mi\u0142o\u015b\u0107 w\u015br\u00f3d drzew- czyli le\u015bny motyw na wesele - blog SaleWeselne.com<\/title>\n<meta name=\"description\" content=\"Mi\u0142o\u015b\u0107 w\u015br\u00f3d drzew- czyli le\u015bny motyw na wesele - blog SaleWeselne.com\" \/>\n<meta name=\"robots\" content=\"index, follow, max-snippet:-1, max-image-preview:large, max-video-preview:-1\" \/>\n<link rel=\"canonical\" href=\"https:\/\/www.saleweselne.com\/blog\/wesele-wsrod-drzew-czyli-lesny-motyw-na-wesele\/\" \/>\n<meta property=\"og:locale\" content=\"pl_PL\" \/>\n<meta property=\"og:type\" content=\"article\" \/>\n<meta property=\"og:title\" content=\"Mi\u0142o\u015b\u0107 w\u015br\u00f3d drzew- czyli le\u015bny motyw na wesele - blog SaleWeselne.com\" \/>\n<meta property=\"og:description\" content=\"Mi\u0142o\u015b\u0107 w\u015br\u00f3d drzew- czyli le\u015bny motyw na wesele - blog SaleWeselne.com\" \/>\n<meta property=\"og:url\" content=\"https:\/\/www.saleweselne.com\/blog\/wesele-wsrod-drzew-czyli-lesny-motyw-na-wesele\/\" \/>\n<meta property=\"og:site_name\" content=\"SaleWeselne.com\" \/>\n<meta property=\"article:published_time\" content=\"2019-10-22T12:19:15+00:00\" \/>\n<meta property=\"article:modified_time\" content=\"2024-05-07T10:11:35+00:00\" \/>\n<meta property=\"og:image\" content=\"https:\/\/www.saleweselne.com\/blog\/wp-content\/uploads\/2019\/10\/tim-stagge-yEcKzQtGUgw-unsplash-1024x576.jpg\" \/>\n\t<meta property=\"og:image:width\" content=\"1024\" \/>\n\t<meta property=\"og:image:height\" content=\"576\" \/>\n\t<meta property=\"og:image:type\" content=\"image\/jpeg\" \/>\n<meta name=\"author\" content=\"redaktor SaleWeselne.com- Kamila R\u00f3wi\u0144ska\" \/>\n<meta name=\"twitter:card\" content=\"summary_large_image\" \/>\n<meta name=\"twitter:label1\" content=\"Napisane przez\" \/>\n\t<meta name=\"twitter:data1\" content=\"redaktor SaleWeselne.com- Kamila R\u00f3wi\u0144ska\" \/>\n\t<meta name=\"twitter:label2\" content=\"Szacowany czas czytania\" \/>\n\t<meta name=\"twitter:data2\" content=\"4 minuty\" \/>\n<script type=\"application\/ld+json\" class=\"yoast-schema-graph\">{\"@context\":\"https:\\\/\\\/schema.org\",\"@graph\":[{\"@type\":\"Article\",\"@id\":\"https:\\\/\\\/www.saleweselne.com\\\/blog\\\/wesele-wsrod-drzew-czyli-lesny-motyw-na-wesele\\\/#article\",\"isPartOf\":{\"@id\":\"https:\\\/\\\/www.saleweselne.com\\\/blog\\\/wesele-wsrod-drzew-czyli-lesny-motyw-na-wesele\\\/\"},\"author\":{\"name\":\"redaktor SaleWeselne.com- Kamila R\u00f3wi\u0144ska\",\"@id\":\"https:\\\/\\\/www.saleweselne.com\\\/blog\\\/#\\\/schema\\\/person\\\/8efb521724c064d26da2045111fce99e\"},\"headline\":\"Mi\u0142o\u015b\u0107 w\u015br\u00f3d drzew- czyli le\u015bny motyw na wesele\",\"datePublished\":\"2019-10-22T12:19:15+00:00\",\"dateModified\":\"2024-05-07T10:11:35+00:00\",\"mainEntityOfPage\":{\"@id\":\"https:\\\/\\\/www.saleweselne.com\\\/blog\\\/wesele-wsrod-drzew-czyli-lesny-motyw-na-wesele\\\/\"},\"wordCount\":820,\"publisher\":{\"@id\":\"https:\\\/\\\/www.saleweselne.com\\\/blog\\\/#organization\"},\"image\":{\"@id\":\"https:\\\/\\\/www.saleweselne.com\\\/blog\\\/wesele-wsrod-drzew-czyli-lesny-motyw-na-wesele\\\/#primaryimage\"},\"thumbnailUrl\":\"https:\\\/\\\/www.saleweselne.com\\\/blog\\\/wp-content\\\/uploads\\\/2019\\\/10\\\/tim-stagge-yEcKzQtGUgw-unsplash.jpg\",\"keywords\":[\"dekoracja sali weselnej\",\"dodatki \u015blubne\",\"motyw przewodni\",\"motyw weselny\",\"organizacja wesela\",\"ozdoby\",\"planowanie wesela\",\"sala weselna\",\"wesele\",\"weselna stylizacja\",\"zaproszenia \u015blubne\"],\"articleSection\":[\"Dekoracje weselne\",\"Motyw weselny\",\"Organizacja wesela\",\"Sala weselna\",\"Zaproszenia \u015blubne\"],\"inLanguage\":\"pl-PL\"},{\"@type\":\"WebPage\",\"@id\":\"https:\\\/\\\/www.saleweselne.com\\\/blog\\\/wesele-wsrod-drzew-czyli-lesny-motyw-na-wesele\\\/\",\"url\":\"https:\\\/\\\/www.saleweselne.com\\\/blog\\\/wesele-wsrod-drzew-czyli-lesny-motyw-na-wesele\\\/\",\"name\":\"Mi\u0142o\u015b\u0107 w\u015br\u00f3d drzew- czyli le\u015bny motyw na wesele - blog SaleWeselne.com\",\"isPartOf\":{\"@id\":\"https:\\\/\\\/www.saleweselne.com\\\/blog\\\/#website\"},\"primaryImageOfPage\":{\"@id\":\"https:\\\/\\\/www.saleweselne.com\\\/blog\\\/wesele-wsrod-drzew-czyli-lesny-motyw-na-wesele\\\/#primaryimage\"},\"image\":{\"@id\":\"https:\\\/\\\/www.saleweselne.com\\\/blog\\\/wesele-wsrod-drzew-czyli-lesny-motyw-na-wesele\\\/#primaryimage\"},\"thumbnailUrl\":\"https:\\\/\\\/www.saleweselne.com\\\/blog\\\/wp-content\\\/uploads\\\/2019\\\/10\\\/tim-stagge-yEcKzQtGUgw-unsplash.jpg\",\"datePublished\":\"2019-10-22T12:19:15+00:00\",\"dateModified\":\"2024-05-07T10:11:35+00:00\",\"description\":\"Mi\u0142o\u015b\u0107 w\u015br\u00f3d drzew- czyli le\u015bny motyw na wesele - blog SaleWeselne.com\",\"breadcrumb\":{\"@id\":\"https:\\\/\\\/www.saleweselne.com\\\/blog\\\/wesele-wsrod-drzew-czyli-lesny-motyw-na-wesele\\\/#breadcrumb\"},\"inLanguage\":\"pl-PL\",\"potentialAction\":[{\"@type\":\"ReadAction\",\"target\":[\"https:\\\/\\\/www.saleweselne.com\\\/blog\\\/wesele-wsrod-drzew-czyli-lesny-motyw-na-wesele\\\/\"]}]},{\"@type\":\"ImageObject\",\"inLanguage\":\"pl-PL\",\"@id\":\"https:\\\/\\\/www.saleweselne.com\\\/blog\\\/wesele-wsrod-drzew-czyli-lesny-motyw-na-wesele\\\/#primaryimage\",\"url\":\"https:\\\/\\\/www.saleweselne.com\\\/blog\\\/wp-content\\\/uploads\\\/2019\\\/10\\\/tim-stagge-yEcKzQtGUgw-unsplash.jpg\",\"contentUrl\":\"https:\\\/\\\/www.saleweselne.com\\\/blog\\\/wp-content\\\/uploads\\\/2019\\\/10\\\/tim-stagge-yEcKzQtGUgw-unsplash.jpg\",\"width\":5214,\"height\":2933,\"caption\":\"le\u015bny motyw przewodni wesela\"},{\"@type\":\"BreadcrumbList\",\"@id\":\"https:\\\/\\\/www.saleweselne.com\\\/blog\\\/wesele-wsrod-drzew-czyli-lesny-motyw-na-wesele\\\/#breadcrumb\",\"itemListElement\":[{\"@type\":\"ListItem\",\"position\":1,\"name\":\"Strona g\u0142\u00f3wna\",\"item\":\"https:\\\/\\\/www.saleweselne.com\\\/blog\\\/\"},{\"@type\":\"ListItem\",\"position\":2,\"name\":\"Mi\u0142o\u015b\u0107 w\u015br\u00f3d drzew- czyli le\u015bny motyw na wesele\"}]},{\"@type\":\"WebSite\",\"@id\":\"https:\\\/\\\/www.saleweselne.com\\\/blog\\\/#website\",\"url\":\"https:\\\/\\\/www.saleweselne.com\\\/blog\\\/\",\"name\":\"SaleWeselne.com\",\"description\":\"Blog Bran\u017cy Weselnej - Sprawd\u017a najpi\u0119kniejsze sale weselne oraz motywy \u015blubne. Poznaj praktyczne porady, jak zorganizowa\u0107 wymarzone wesele!\",\"publisher\":{\"@id\":\"https:\\\/\\\/www.saleweselne.com\\\/blog\\\/#organization\"},\"potentialAction\":[{\"@type\":\"SearchAction\",\"target\":{\"@type\":\"EntryPoint\",\"urlTemplate\":\"https:\\\/\\\/www.saleweselne.com\\\/blog\\\/?s={search_term_string}\"},\"query-input\":{\"@type\":\"PropertyValueSpecification\",\"valueRequired\":true,\"valueName\":\"search_term_string\"}}],\"inLanguage\":\"pl-PL\"},{\"@type\":\"Organization\",\"@id\":\"https:\\\/\\\/www.saleweselne.com\\\/blog\\\/#organization\",\"name\":\"SaleWeselne.com\",\"url\":\"https:\\\/\\\/www.saleweselne.com\\\/blog\\\/\",\"logo\":{\"@type\":\"ImageObject\",\"inLanguage\":\"pl-PL\",\"@id\":\"https:\\\/\\\/www.saleweselne.com\\\/blog\\\/#\\\/schema\\\/logo\\\/image\\\/\",\"url\":\"https:\\\/\\\/www.saleweselne.com\\\/blog\\\/wp-content\\\/uploads\\\/2021\\\/03\\\/saleweselne-logotyp-RGB-bez-tla-2.png\",\"contentUrl\":\"https:\\\/\\\/www.saleweselne.com\\\/blog\\\/wp-content\\\/uploads\\\/2021\\\/03\\\/saleweselne-logotyp-RGB-bez-tla-2.png\",\"width\":625,\"height\":150,\"caption\":\"SaleWeselne.com\"},\"image\":{\"@id\":\"https:\\\/\\\/www.saleweselne.com\\\/blog\\\/#\\\/schema\\\/logo\\\/image\\\/\"}},{\"@type\":\"Person\",\"@id\":\"https:\\\/\\\/www.saleweselne.com\\\/blog\\\/#\\\/schema\\\/person\\\/8efb521724c064d26da2045111fce99e\",\"name\":\"redaktor SaleWeselne.com- Kamila R\u00f3wi\u0144ska\",\"url\":\"https:\\\/\\\/www.saleweselne.com\\\/blog\\\/author\\\/kamila\\\/\"}]}<\/script>\n<!-- \/ Yoast SEO plugin. -->","yoast_head_json":{"title":"Mi\u0142o\u015b\u0107 w\u015br\u00f3d drzew- czyli le\u015bny motyw na wesele - blog SaleWeselne.com","description":"Mi\u0142o\u015b\u0107 w\u015br\u00f3d drzew- czyli le\u015bny motyw na wesele - blog SaleWeselne.com","robots":{"index":"index","follow":"follow","max-snippet":"max-snippet:-1","max-image-preview":"max-image-preview:large","max-video-preview":"max-video-preview:-1"},"canonical":"https:\/\/www.saleweselne.com\/blog\/wesele-wsrod-drzew-czyli-lesny-motyw-na-wesele\/","og_locale":"pl_PL","og_type":"article","og_title":"Mi\u0142o\u015b\u0107 w\u015br\u00f3d drzew- czyli le\u015bny motyw na wesele - blog SaleWeselne.com","og_description":"Mi\u0142o\u015b\u0107 w\u015br\u00f3d drzew- czyli le\u015bny motyw na wesele - blog SaleWeselne.com","og_url":"https:\/\/www.saleweselne.com\/blog\/wesele-wsrod-drzew-czyli-lesny-motyw-na-wesele\/","og_site_name":"SaleWeselne.com","article_published_time":"2019-10-22T12:19:15+00:00","article_modified_time":"2024-05-07T10:11:35+00:00","og_image":[{"width":1024,"height":576,"url":"https:\/\/www.saleweselne.com\/blog\/wp-content\/uploads\/2019\/10\/tim-stagge-yEcKzQtGUgw-unsplash-1024x576.jpg","type":"image\/jpeg"}],"author":"redaktor SaleWeselne.com- Kamila R\u00f3wi\u0144ska","twitter_card":"summary_large_image","twitter_misc":{"Napisane przez":"redaktor SaleWeselne.com- Kamila R\u00f3wi\u0144ska","Szacowany czas czytania":"4 minuty"},"schema":{"@context":"https:\/\/schema.org","@graph":[{"@type":"Article","@id":"https:\/\/www.saleweselne.com\/blog\/wesele-wsrod-drzew-czyli-lesny-motyw-na-wesele\/#article","isPartOf":{"@id":"https:\/\/www.saleweselne.com\/blog\/wesele-wsrod-drzew-czyli-lesny-motyw-na-wesele\/"},"author":{"name":"redaktor SaleWeselne.com- Kamila R\u00f3wi\u0144ska","@id":"https:\/\/www.saleweselne.com\/blog\/#\/schema\/person\/8efb521724c064d26da2045111fce99e"},"headline":"Mi\u0142o\u015b\u0107 w\u015br\u00f3d drzew- czyli le\u015bny motyw na wesele","datePublished":"2019-10-22T12:19:15+00:00","dateModified":"2024-05-07T10:11:35+00:00","mainEntityOfPage":{"@id":"https:\/\/www.saleweselne.com\/blog\/wesele-wsrod-drzew-czyli-lesny-motyw-na-wesele\/"},"wordCount":820,"publisher":{"@id":"https:\/\/www.saleweselne.com\/blog\/#organization"},"image":{"@id":"https:\/\/www.saleweselne.com\/blog\/wesele-wsrod-drzew-czyli-lesny-motyw-na-wesele\/#primaryimage"},"thumbnailUrl":"https:\/\/www.saleweselne.com\/blog\/wp-content\/uploads\/2019\/10\/tim-stagge-yEcKzQtGUgw-unsplash.jpg","keywords":["dekoracja sali weselnej","dodatki \u015blubne","motyw przewodni","motyw weselny","organizacja wesela","ozdoby","planowanie wesela","sala weselna","wesele","weselna stylizacja","zaproszenia \u015blubne"],"articleSection":["Dekoracje weselne","Motyw weselny","Organizacja wesela","Sala weselna","Zaproszenia \u015blubne"],"inLanguage":"pl-PL"},{"@type":"WebPage","@id":"https:\/\/www.saleweselne.com\/blog\/wesele-wsrod-drzew-czyli-lesny-motyw-na-wesele\/","url":"https:\/\/www.saleweselne.com\/blog\/wesele-wsrod-drzew-czyli-lesny-motyw-na-wesele\/","name":"Mi\u0142o\u015b\u0107 w\u015br\u00f3d drzew- czyli le\u015bny motyw na wesele - blog SaleWeselne.com","isPartOf":{"@id":"https:\/\/www.saleweselne.com\/blog\/#website"},"primaryImageOfPage":{"@id":"https:\/\/www.saleweselne.com\/blog\/wesele-wsrod-drzew-czyli-lesny-motyw-na-wesele\/#primaryimage"},"image":{"@id":"https:\/\/www.saleweselne.com\/blog\/wesele-wsrod-drzew-czyli-lesny-motyw-na-wesele\/#primaryimage"},"thumbnailUrl":"https:\/\/www.saleweselne.com\/blog\/wp-content\/uploads\/2019\/10\/tim-stagge-yEcKzQtGUgw-unsplash.jpg","datePublished":"2019-10-22T12:19:15+00:00","dateModified":"2024-05-07T10:11:35+00:00","description":"Mi\u0142o\u015b\u0107 w\u015br\u00f3d drzew- czyli le\u015bny motyw na wesele - blog SaleWeselne.com","breadcrumb":{"@id":"https:\/\/www.saleweselne.com\/blog\/wesele-wsrod-drzew-czyli-lesny-motyw-na-wesele\/#breadcrumb"},"inLanguage":"pl-PL","potentialAction":[{"@type":"ReadAction","target":["https:\/\/www.saleweselne.com\/blog\/wesele-wsrod-drzew-czyli-lesny-motyw-na-wesele\/"]}]},{"@type":"ImageObject","inLanguage":"pl-PL","@id":"https:\/\/www.saleweselne.com\/blog\/wesele-wsrod-drzew-czyli-lesny-motyw-na-wesele\/#primaryimage","url":"https:\/\/www.saleweselne.com\/blog\/wp-content\/uploads\/2019\/10\/tim-stagge-yEcKzQtGUgw-unsplash.jpg","contentUrl":"https:\/\/www.saleweselne.com\/blog\/wp-content\/uploads\/2019\/10\/tim-stagge-yEcKzQtGUgw-unsplash.jpg","width":5214,"height":2933,"caption":"le\u015bny motyw przewodni wesela"},{"@type":"BreadcrumbList","@id":"https:\/\/www.saleweselne.com\/blog\/wesele-wsrod-drzew-czyli-lesny-motyw-na-wesele\/#breadcrumb","itemListElement":[{"@type":"ListItem","position":1,"name":"Strona g\u0142\u00f3wna","item":"https:\/\/www.saleweselne.com\/blog\/"},{"@type":"ListItem","position":2,"name":"Mi\u0142o\u015b\u0107 w\u015br\u00f3d drzew- czyli le\u015bny motyw na wesele"}]},{"@type":"WebSite","@id":"https:\/\/www.saleweselne.com\/blog\/#website","url":"https:\/\/www.saleweselne.com\/blog\/","name":"SaleWeselne.com","description":"Blog Bran\u017cy Weselnej - Sprawd\u017a najpi\u0119kniejsze sale weselne oraz motywy \u015blubne. Poznaj praktyczne porady, jak zorganizowa\u0107 wymarzone wesele!","publisher":{"@id":"https:\/\/www.saleweselne.com\/blog\/#organization"},"potentialAction":[{"@type":"SearchAction","target":{"@type":"EntryPoint","urlTemplate":"https:\/\/www.saleweselne.com\/blog\/?s={search_term_string}"},"query-input":{"@type":"PropertyValueSpecification","valueRequired":true,"valueName":"search_term_string"}}],"inLanguage":"pl-PL"},{"@type":"Organization","@id":"https:\/\/www.saleweselne.com\/blog\/#organization","name":"SaleWeselne.com","url":"https:\/\/www.saleweselne.com\/blog\/","logo":{"@type":"ImageObject","inLanguage":"pl-PL","@id":"https:\/\/www.saleweselne.com\/blog\/#\/schema\/logo\/image\/","url":"https:\/\/www.saleweselne.com\/blog\/wp-content\/uploads\/2021\/03\/saleweselne-logotyp-RGB-bez-tla-2.png","contentUrl":"https:\/\/www.saleweselne.com\/blog\/wp-content\/uploads\/2021\/03\/saleweselne-logotyp-RGB-bez-tla-2.png","width":625,"height":150,"caption":"SaleWeselne.com"},"image":{"@id":"https:\/\/www.saleweselne.com\/blog\/#\/schema\/logo\/image\/"}},{"@type":"Person","@id":"https:\/\/www.saleweselne.com\/blog\/#\/schema\/person\/8efb521724c064d26da2045111fce99e","name":"redaktor SaleWeselne.com- Kamila R\u00f3wi\u0144ska","url":"https:\/\/www.saleweselne.com\/blog\/author\/kamila\/"}]}},"_links":{"self":[{"href":"https:\/\/www.saleweselne.com\/blog\/wp-json\/wp\/v2\/posts\/1962","targetHints":{"allow":["GET"]}}],"collection":[{"href":"https:\/\/www.saleweselne.com\/blog\/wp-json\/wp\/v2\/posts"}],"about":[{"href":"https:\/\/www.saleweselne.com\/blog\/wp-json\/wp\/v2\/types\/post"}],"author":[{"embeddable":true,"href":"https:\/\/www.saleweselne.com\/blog\/wp-json\/wp\/v2\/users\/6"}],"replies":[{"embeddable":true,"href":"https:\/\/www.saleweselne.com\/blog\/wp-json\/wp\/v2\/comments?post=1962"}],"version-history":[{"count":12,"href":"https:\/\/www.saleweselne.com\/blog\/wp-json\/wp\/v2\/posts\/1962\/revisions"}],"predecessor-version":[{"id":1988,"href":"https:\/\/www.saleweselne.com\/blog\/wp-json\/wp\/v2\/posts\/1962\/revisions\/1988"}],"wp:featuredmedia":[{"embeddable":true,"href":"https:\/\/www.saleweselne.com\/blog\/wp-json\/wp\/v2\/media\/1967"}],"wp:attachment":[{"href":"https:\/\/www.saleweselne.com\/blog\/wp-json\/wp\/v2\/media?parent=1962"}],"wp:term":[{"taxonomy":"category","embeddable":true,"href":"https:\/\/www.saleweselne.com\/blog\/wp-json\/wp\/v2\/categories?post=1962"},{"taxonomy":"post_tag","embeddable":true,"href":"https:\/\/www.saleweselne.com\/blog\/wp-json\/wp\/v2\/tags?post=1962"}],"curies":[{"name":"wp","href":"https:\/\/api.w.org\/{rel}","templated":true}]}}