{"id":2820,"date":"2021-06-27T18:00:11","date_gmt":"2021-06-27T16:00:11","guid":{"rendered":"https:\/\/www.saleweselne.com\/blog\/?p=2820"},"modified":"2024-05-07T12:11:09","modified_gmt":"2024-05-07T10:11:09","slug":"urlop-okolicznosciowy-slub-komu-sie-nalezy","status":"publish","type":"post","link":"https:\/\/www.saleweselne.com\/blog\/urlop-okolicznosciowy-slub-komu-sie-nalezy\/","title":{"rendered":"Urlop okoliczno\u015bciowy \u015blub &#8211; komu si\u0119 nale\u017cy?"},"content":{"rendered":"<p style=\"text-align: justify;\"><strong>Przygotowanie \u015blubu i przyj\u0119cia weselnego wymaga odpowiednich nak\u0142ad\u00f3w czasu. Sprawd\u017a wi\u0119c, <a href=\"https:\/\/www.saleweselne.com\/blog\/od-czego-zaczac-planowanie-wesela-aby-ze-wszystkim-zdazyc\/\">od czego zacz\u0105\u0107 planowanie tego wyj\u0105tkowego dnia<\/a>! Nie da si\u0119 ukry\u0107, \u017ce wiele us\u0142ug nale\u017cy zarezerwowa\u0107 z odpowiednim wyprzedzeniem, ale te\u017c zapewni\u0107 sobie odpowiedni\u0105 przestrze\u0144 na przygotowanie si\u0119 do tych chwil. Na pewno przysz\u0142ej Parze M\u0142odej przyda si\u0119 jaki\u015b urlop. W dzisiejszym artykule przybli\u017cymy kwesti\u0119 urlopu okoliczno\u015bciowego na \u015blub &#8211; komu on przys\u0142uguje? Ile trwa? Mo\u017ce z niego skorzysta\u0107 tylko Para M\u0142oda, czy mo\u017ce te\u017c go\u015bcie? Wszystko to wyja\u015bniamy poni\u017cej.<\/strong><\/p>\n<p><img loading=\"lazy\" decoding=\"async\" class=\"aligncenter size-full wp-image-2824\" src=\"https:\/\/www.saleweselne.com\/blog\/wp-content\/uploads\/2021\/07\/urlopik3.jpg\" alt=\"\" width=\"1778\" height=\"1000\" srcset=\"https:\/\/www.saleweselne.com\/blog\/wp-content\/uploads\/2021\/07\/urlopik3.jpg 1778w, https:\/\/www.saleweselne.com\/blog\/wp-content\/uploads\/2021\/07\/urlopik3-300x169.jpg 300w, https:\/\/www.saleweselne.com\/blog\/wp-content\/uploads\/2021\/07\/urlopik3-768x432.jpg 768w, https:\/\/www.saleweselne.com\/blog\/wp-content\/uploads\/2021\/07\/urlopik3-1024x576.jpg 1024w, https:\/\/www.saleweselne.com\/blog\/wp-content\/uploads\/2021\/07\/urlopik3-1140x641.jpg 1140w\" sizes=\"auto, (max-width: 1778px) 100vw, 1778px\" \/><\/p>\n<p style=\"text-align: center;\">Fot. Unsplash<\/p>\n<p style=\"text-align: justify;\"><strong>\u015aluby i wesela najcz\u0119\u015bciej odbywaj\u0105 si\u0119 w weekendy<\/strong> &#8211; jednak dla niekt\u00f3rych go\u015bci dojazd na miejsce wymaga pokonania dziesi\u0105tek, a nawet setek kilometr\u00f3w. W zwi\u0105zku z tym, musz\u0105 oni wyjecha\u0107 co najmniej dzie\u0144 wcze\u015bniej. Podobna sytuacja ma miejsce, gdy narzeczeni decyduj\u0105 si\u0119 na <a href=\"https:\/\/www.saleweselne.com\/blog\/slub-za-granica-organizacja-dokumenty\/\">organizacj\u0119 \u015blubu za granic\u0105<\/a>. Fina\u0142 jest taki, \u017ce w obu sytuacjach trzeba skorzysta\u0107 z urlopu. I tutaj w\u0142a\u015bnie pojawia si\u0119 pytanie, <strong>kto mo\u017ce skorzysta\u0107 z urlopu okoliczno\u015bciowego na \u015blub<\/strong>? Z powodzeniem zrobi\u0105 to sami bohaterowie wydarzenia, ale czy kto\u015b jeszcze? Jako, \u017ce <strong>urlop okoliczno\u015bciowy jest p\u0142atnym urlopem pracowniczym<\/strong>, kt\u00f3rzy przys\u0142uguje pracownikom z okazji wa\u017cnych wydarze\u0144 \u017cyciowych (np. w\u0142a\u015bnie \u015blub czy pogrzeb), mo\u017cna mniema\u0107, \u017ce wniosek o niego mog\u0105 z\u0142o\u017cy\u0107 przynajmniej jeszcze rodzice nowo\u017ce\u0144c\u00f3w. Warto tak\u017ce przy tym pami\u0119ta\u0107, \u017ce <strong>urlop okoliczno\u015bciowy nie wlicza si\u0119 do ca\u0142o\u015bciowej puli dni urlopowych<\/strong>. Pracodawca ma obowi\u0105zek udzieli\u0107 pracownikowi zgody na taki urlop, niezale\u017cnie czy jest to \u015blub ko\u015bcielny, cywilny czy konkordatowy.<\/p>\n<p><img loading=\"lazy\" decoding=\"async\" class=\"aligncenter size-full wp-image-2825\" src=\"https:\/\/www.saleweselne.com\/blog\/wp-content\/uploads\/2021\/07\/urlopik4.jpg\" alt=\"\" width=\"749\" height=\"500\" srcset=\"https:\/\/www.saleweselne.com\/blog\/wp-content\/uploads\/2021\/07\/urlopik4.jpg 749w, https:\/\/www.saleweselne.com\/blog\/wp-content\/uploads\/2021\/07\/urlopik4-300x200.jpg 300w\" sizes=\"auto, (max-width: 749px) 100vw, 749px\" \/><\/p>\n<p style=\"text-align: center;\">Fot. Unsplash<\/p>\n<h2 style=\"text-align: justify;\">Urlop okoliczno\u015bciowy na w\u0142asny \u015blub<\/h2>\n<p style=\"text-align: justify;\">\n\u015alub to jeden z najwa\u017cniejszych dni, dlatego nikogo nie dziwi\u0105 wielomiesi\u0119czne przygotowania i dbanie o nawet najmniejsze detale tego wydarzenia. W samym dniu \u015blubu od samego rana co\u015b si\u0119 dzieje &#8211; Panna M\u0142oda idzie do fryzjera, wykonuje makija\u017c \u015blubny, Pan M\u0142ody r\u00f3wnie\u017c szykuje si\u0119 do tej wa\u017cnej uroczysto\u015bci. <strong>Musz\u0105 mie\u0107 oni wolne, aby jak najlepiej przygotowa\u0107 si\u0119 na ca\u0142\u0105 ceremoni\u0119 oraz wielogodzinn\u0105 zabaw\u0119 do bia\u0142ego rana<\/strong>. Zar\u00f3wno Pannie M\u0142odej, jak i Panu M\u0142odemu przys\u0142uguj\u0105<strong> dwa dni urlopu okoliczno\u015bciowego<\/strong> ze wzgl\u0119du na \u015blub.<\/p>\n<p><img loading=\"lazy\" decoding=\"async\" class=\"aligncenter size-full wp-image-2822\" src=\"https:\/\/www.saleweselne.com\/blog\/wp-content\/uploads\/2021\/07\/urlopik1.jpg\" alt=\"\" width=\"634\" height=\"951\" srcset=\"https:\/\/www.saleweselne.com\/blog\/wp-content\/uploads\/2021\/07\/urlopik1.jpg 634w, https:\/\/www.saleweselne.com\/blog\/wp-content\/uploads\/2021\/07\/urlopik1-200x300.jpg 200w\" sizes=\"auto, (max-width: 634px) 100vw, 634px\" \/><\/p>\n<p style=\"text-align: center;\">Fot. Unsplash<\/p>\n<h2 style=\"text-align: justify;\">Urlop okoliczno\u015bciowy na \u015blub dziecka<\/h2>\n<p style=\"text-align: justify;\">\nOczywiste jest, \u017ce \u015blub to tak\u017ce ogromne prze\u017cycie dla rodzic\u00f3w Pary M\u0142odej (sprawd\u017a przy okazji, <a href=\"https:\/\/www.saleweselne.com\/blog\/podziekowania-slubne-dla-rodzicow-jaki-prezent-dla-rodzicow-kupic\/\">jaki prezent podarowa\u0107 rodzicom na \u015blubie<\/a>). Im tak\u017ce przys\u0142uguje <strong>prawo do wzi\u0119cia urlopu okoliczno\u015bciowego<\/strong>. O ile jednak sama Para M\u0142oda mo\u017ce liczy\u0107 na dwa dni takiego urlopu, o tyle jednak<strong> rodzice mog\u0105 wykorzysta\u0107 tylko jeden dzie\u0144<\/strong>. Zawsze to jednak co\u015b!<\/p>\n<p><img loading=\"lazy\" decoding=\"async\" class=\"aligncenter size-full wp-image-2768\" src=\"https:\/\/www.saleweselne.com\/blog\/wp-content\/uploads\/2021\/05\/goscie.jpg\" alt=\"\" width=\"1050\" height=\"701\" srcset=\"https:\/\/www.saleweselne.com\/blog\/wp-content\/uploads\/2021\/05\/goscie.jpg 1050w, https:\/\/www.saleweselne.com\/blog\/wp-content\/uploads\/2021\/05\/goscie-300x200.jpg 300w, https:\/\/www.saleweselne.com\/blog\/wp-content\/uploads\/2021\/05\/goscie-768x513.jpg 768w, https:\/\/www.saleweselne.com\/blog\/wp-content\/uploads\/2021\/05\/goscie-1024x684.jpg 1024w\" sizes=\"auto, (max-width: 1050px) 100vw, 1050px\" \/><\/p>\n<p style=\"text-align: center;\">Fot. Unsplash<\/p>\n<h2 style=\"text-align: justify;\">Urlop okoliczno\u015bciowy na \u015blub brata lub siostry<\/h2>\n<p style=\"text-align: justify;\">\nPolskie prawo pracy tak naprawd\u0119 pozwala na <strong>urlop okoliczno\u015bciowy z okazji \u015blubu<\/strong> tylko samej Parze M\u0142odej i jej rodzicom. Niestety, rodze\u0144stwu pary nie przys\u0142uguje taka mo\u017cliwo\u015b\u0107 i zamiast urlopu okoliczno\u015bciowego, mog\u0105 oni skorzysta\u0107 z klasycznego urlopu wypoczynkowego. To bardzo wa\u017cne i nale\u017cy o tym pami\u0119ta\u0107, \u017ce <strong>urlop okoliczno\u015bciowy &#8211; \u015blub mo\u017cliwy jest tylko ze wzgl\u0119du na w\u0142asny \u015blub lub swojego dziecka<\/strong>. Pozosta\u0142e osoby &#8211; je\u015bli maj\u0105 tak\u0105 potrzeb\u0119 &#8211; mog\u0105 skorzysta\u0107 z urlopu wypoczynkowego.<\/p>\n<p><img loading=\"lazy\" decoding=\"async\" class=\"aligncenter size-full wp-image-2821\" src=\"https:\/\/www.saleweselne.com\/blog\/wp-content\/uploads\/2021\/07\/urlopik.jpg\" alt=\"\" width=\"749\" height=\"500\" srcset=\"https:\/\/www.saleweselne.com\/blog\/wp-content\/uploads\/2021\/07\/urlopik.jpg 749w, https:\/\/www.saleweselne.com\/blog\/wp-content\/uploads\/2021\/07\/urlopik-300x200.jpg 300w\" sizes=\"auto, (max-width: 749px) 100vw, 749px\" \/><\/p>\n<p style=\"text-align: center;\">Fot. Unsplash<\/p>\n<h2 style=\"text-align: justify;\">Urlop okoliczno\u015bciowy na \u015blub &#8211; kiedy wykorzysta\u0107?<\/h2>\n<p style=\"text-align: justify;\">\nNarzeczeni i rodzice, kt\u00f3rym przys\u0142uguje prawo do skorzystania z <strong>urlopu okoliczno\u015bciowego<\/strong>, cz\u0119sto zastanawiaj\u0105 si\u0119 jednak, kiedy go wykorzysta\u0107. Jako, \u017ce sam \u015blub ma miejsce zazwyczaj w weekend, to co wtedy &#8211; czy urlop ten przepada? I tutaj mamy bardzo dobr\u0105 wiadomo\u015b\u0107 &#8211; <strong>przepisy nie okre\u015blaj\u0105 jasno, kiedy dok\u0142adnie powinno si\u0119 wykorzysta\u0107<\/strong> <strong>urlop okoliczno\u015bciowy z okazji \u015blubu<\/strong>. Nie musisz wi\u0119c wykorzystywa\u0107 go w samym dniu ceremonii, ale przed ni\u0105 lub nawet po niej. Wa\u017cne jest jednak to, by wolne by\u0142o zwi\u0105zane w jaki\u015b spos\u00f3b z tym wydarzeniem. Przyk\u0142adowo, je\u015bli Panna M\u0142oda b\u0119dzie potrzebowa\u0142a wolnego, by wybra\u0107 si\u0119 na przymiarki sukni \u015blubnej, to \u015bmia\u0142o mo\u017ce wykorzysta\u0107 jeden z dni urlopu okoliczno\u015bciowego. Podobnie te\u017c jest z rodzicami. Je\u015bli potrzebuj\u0105 oni wolnego, by na przyk\u0142ad towarzyszy\u0107 swoim dzieciom podczas dostarczania zaprosze\u0144 \u015blubnych, to nie ma problemu &#8211; w taki spos\u00f3b tak\u017ce mog\u0105 wykorzysta\u0107 przys\u0142uguj\u0105cy im jeden dzie\u0144 wolnego.<\/p>\n<p style=\"text-align: justify;\">Mamy nadziej\u0119, \u017ce dzisiejszy artyku\u0142 dok\u0142adnie wyja\u015bni\u0142, jak wygl\u0105da kwestia <strong>urlopu okoliczno\u015bciowego z okazji \u015blubu<\/strong>. Teraz ju\u017c, gdy us\u0142yszysz pytanie, ile dni urlopu przys\u0142uguje Parze M\u0142odej, lub <strong>urlop okoliczno\u015bciowy na \u015blub dziecka &#8211; kiedy wykorzysta\u0107<\/strong>, to bez problemu udzielisz odpowiedzi!<\/p>\n<p><img loading=\"lazy\" decoding=\"async\" class=\"aligncenter size-full wp-image-2752\" src=\"https:\/\/www.saleweselne.com\/blog\/wp-content\/uploads\/2021\/05\/goscieeee.jpg\" alt=\"\" width=\"1050\" height=\"700\" srcset=\"https:\/\/www.saleweselne.com\/blog\/wp-content\/uploads\/2021\/05\/goscieeee.jpg 1050w, https:\/\/www.saleweselne.com\/blog\/wp-content\/uploads\/2021\/05\/goscieeee-300x200.jpg 300w, https:\/\/www.saleweselne.com\/blog\/wp-content\/uploads\/2021\/05\/goscieeee-768x512.jpg 768w, https:\/\/www.saleweselne.com\/blog\/wp-content\/uploads\/2021\/05\/goscieeee-1024x683.jpg 1024w\" sizes=\"auto, (max-width: 1050px) 100vw, 1050px\" \/><\/p>\n<p style=\"text-align: center;\">Fot. Unsplash<\/p>\n","protected":false},"excerpt":{"rendered":"<p>Czy wiesz, \u017ce z okazji \u015blubu przys\u0142uguje Ci urlop okoliczno\u015bciowy? Pod warunkiem oczywi\u015bcie, \u017ce to w\u0142a\u015bnie Ty bierzesz ten \u015blub lub jeste\u015b rodzicem nowo\u017ce\u0144c\u00f3w. W dzisiejszym artykule piszemy, ile czeka na Ciebie dni wolnego oraz kiedy mo\u017cesz je wykorzysta\u0107.<\/p>\n","protected":false},"author":7,"featured_media":2823,"comment_status":"closed","ping_status":"closed","sticky":false,"template":"","format":"standard","meta":{"footnotes":""},"categories":[170],"tags":[176,172,375,377,378,379,376],"class_list":["post-2820","post","type-post","status-publish","format-standard","has-post-thumbnail","hentry","category-organizacja-wesela","tag-organizacja-slubu","tag-slub","tag-urlop-okolicznosciowy","tag-urlop-okolicznosciowy-dla-pary-mlodej","tag-urlop-okolicznosciowy-dla-rodzicow","tag-urlop-okolicznosciowy-na-slub","tag-urlop-okolicznosciowy-slub"],"yoast_head":"<!-- This site is optimized with the Yoast SEO plugin v27.5 - https:\/\/yoast.com\/product\/yoast-seo-wordpress\/ -->\n<title>Urlop okoliczno\u015bciowy \u015blub - komu si\u0119 nale\u017cy? - blog SaleWeselne.com<\/title>\n<meta name=\"description\" content=\"Urlop okoliczno\u015bciowy \u015blub - komu si\u0119 nale\u017cy? - blog SaleWeselne.com\" \/>\n<meta name=\"robots\" content=\"index, follow, max-snippet:-1, max-image-preview:large, max-video-preview:-1\" \/>\n<link rel=\"canonical\" href=\"https:\/\/www.saleweselne.com\/blog\/urlop-okolicznosciowy-slub-komu-sie-nalezy\/\" \/>\n<meta property=\"og:locale\" content=\"pl_PL\" \/>\n<meta property=\"og:type\" content=\"article\" \/>\n<meta property=\"og:title\" content=\"Urlop okoliczno\u015bciowy \u015blub - komu si\u0119 nale\u017cy? - blog SaleWeselne.com\" \/>\n<meta property=\"og:description\" content=\"Urlop okoliczno\u015bciowy \u015blub - komu si\u0119 nale\u017cy? - blog SaleWeselne.com\" \/>\n<meta property=\"og:url\" content=\"https:\/\/www.saleweselne.com\/blog\/urlop-okolicznosciowy-slub-komu-sie-nalezy\/\" \/>\n<meta property=\"og:site_name\" content=\"SaleWeselne.com\" \/>\n<meta property=\"article:published_time\" content=\"2021-06-27T16:00:11+00:00\" \/>\n<meta property=\"article:modified_time\" content=\"2024-05-07T10:11:09+00:00\" \/>\n<meta property=\"og:image\" content=\"https:\/\/www.saleweselne.com\/blog\/wp-content\/uploads\/2021\/07\/urlopik2.jpg\" \/>\n\t<meta property=\"og:image:width\" content=\"748\" \/>\n\t<meta property=\"og:image:height\" content=\"500\" \/>\n\t<meta property=\"og:image:type\" content=\"image\/jpeg\" \/>\n<meta name=\"author\" content=\"Darek\" \/>\n<meta name=\"twitter:card\" content=\"summary_large_image\" \/>\n<meta name=\"twitter:label1\" content=\"Napisane przez\" \/>\n\t<meta name=\"twitter:data1\" content=\"Darek\" \/>\n\t<meta name=\"twitter:label2\" content=\"Szacowany czas czytania\" \/>\n\t<meta name=\"twitter:data2\" content=\"4 minuty\" \/>\n<script type=\"application\/ld+json\" class=\"yoast-schema-graph\">{\"@context\":\"https:\\\/\\\/schema.org\",\"@graph\":[{\"@type\":\"Article\",\"@id\":\"https:\\\/\\\/www.saleweselne.com\\\/blog\\\/urlop-okolicznosciowy-slub-komu-sie-nalezy\\\/#article\",\"isPartOf\":{\"@id\":\"https:\\\/\\\/www.saleweselne.com\\\/blog\\\/urlop-okolicznosciowy-slub-komu-sie-nalezy\\\/\"},\"author\":{\"name\":\"Darek\",\"@id\":\"https:\\\/\\\/www.saleweselne.com\\\/blog\\\/#\\\/schema\\\/person\\\/0e924cd9ceaca06a0d75928575d0f95a\"},\"headline\":\"Urlop okoliczno\u015bciowy \u015blub &#8211; komu si\u0119 nale\u017cy?\",\"datePublished\":\"2021-06-27T16:00:11+00:00\",\"dateModified\":\"2024-05-07T10:11:09+00:00\",\"mainEntityOfPage\":{\"@id\":\"https:\\\/\\\/www.saleweselne.com\\\/blog\\\/urlop-okolicznosciowy-slub-komu-sie-nalezy\\\/\"},\"wordCount\":799,\"publisher\":{\"@id\":\"https:\\\/\\\/www.saleweselne.com\\\/blog\\\/#organization\"},\"image\":{\"@id\":\"https:\\\/\\\/www.saleweselne.com\\\/blog\\\/urlop-okolicznosciowy-slub-komu-sie-nalezy\\\/#primaryimage\"},\"thumbnailUrl\":\"https:\\\/\\\/www.saleweselne.com\\\/blog\\\/wp-content\\\/uploads\\\/2021\\\/07\\\/urlopik2.jpg\",\"keywords\":[\"organizacja \u015blubu\",\"\u015blub\",\"urlop okoliczno\u015bciowy\",\"urlop okoliczno\u015bciowy dla pary m\u0142odej\",\"urlop okoliczno\u015bciowy dla rodzic\u00f3w\",\"urlop okoliczno\u015bciowy na \u015blub\",\"urlop okoliczno\u015bciowy \u015blub\"],\"articleSection\":[\"Organizacja wesela\"],\"inLanguage\":\"pl-PL\"},{\"@type\":\"WebPage\",\"@id\":\"https:\\\/\\\/www.saleweselne.com\\\/blog\\\/urlop-okolicznosciowy-slub-komu-sie-nalezy\\\/\",\"url\":\"https:\\\/\\\/www.saleweselne.com\\\/blog\\\/urlop-okolicznosciowy-slub-komu-sie-nalezy\\\/\",\"name\":\"Urlop okoliczno\u015bciowy \u015blub - komu si\u0119 nale\u017cy? - blog SaleWeselne.com\",\"isPartOf\":{\"@id\":\"https:\\\/\\\/www.saleweselne.com\\\/blog\\\/#website\"},\"primaryImageOfPage\":{\"@id\":\"https:\\\/\\\/www.saleweselne.com\\\/blog\\\/urlop-okolicznosciowy-slub-komu-sie-nalezy\\\/#primaryimage\"},\"image\":{\"@id\":\"https:\\\/\\\/www.saleweselne.com\\\/blog\\\/urlop-okolicznosciowy-slub-komu-sie-nalezy\\\/#primaryimage\"},\"thumbnailUrl\":\"https:\\\/\\\/www.saleweselne.com\\\/blog\\\/wp-content\\\/uploads\\\/2021\\\/07\\\/urlopik2.jpg\",\"datePublished\":\"2021-06-27T16:00:11+00:00\",\"dateModified\":\"2024-05-07T10:11:09+00:00\",\"description\":\"Urlop okoliczno\u015bciowy \u015blub - komu si\u0119 nale\u017cy? - blog SaleWeselne.com\",\"breadcrumb\":{\"@id\":\"https:\\\/\\\/www.saleweselne.com\\\/blog\\\/urlop-okolicznosciowy-slub-komu-sie-nalezy\\\/#breadcrumb\"},\"inLanguage\":\"pl-PL\",\"potentialAction\":[{\"@type\":\"ReadAction\",\"target\":[\"https:\\\/\\\/www.saleweselne.com\\\/blog\\\/urlop-okolicznosciowy-slub-komu-sie-nalezy\\\/\"]}]},{\"@type\":\"ImageObject\",\"inLanguage\":\"pl-PL\",\"@id\":\"https:\\\/\\\/www.saleweselne.com\\\/blog\\\/urlop-okolicznosciowy-slub-komu-sie-nalezy\\\/#primaryimage\",\"url\":\"https:\\\/\\\/www.saleweselne.com\\\/blog\\\/wp-content\\\/uploads\\\/2021\\\/07\\\/urlopik2.jpg\",\"contentUrl\":\"https:\\\/\\\/www.saleweselne.com\\\/blog\\\/wp-content\\\/uploads\\\/2021\\\/07\\\/urlopik2.jpg\",\"width\":748,\"height\":500},{\"@type\":\"BreadcrumbList\",\"@id\":\"https:\\\/\\\/www.saleweselne.com\\\/blog\\\/urlop-okolicznosciowy-slub-komu-sie-nalezy\\\/#breadcrumb\",\"itemListElement\":[{\"@type\":\"ListItem\",\"position\":1,\"name\":\"Strona g\u0142\u00f3wna\",\"item\":\"https:\\\/\\\/www.saleweselne.com\\\/blog\\\/\"},{\"@type\":\"ListItem\",\"position\":2,\"name\":\"Urlop okoliczno\u015bciowy \u015blub &#8211; komu si\u0119 nale\u017cy?\"}]},{\"@type\":\"WebSite\",\"@id\":\"https:\\\/\\\/www.saleweselne.com\\\/blog\\\/#website\",\"url\":\"https:\\\/\\\/www.saleweselne.com\\\/blog\\\/\",\"name\":\"SaleWeselne.com\",\"description\":\"Blog Bran\u017cy Weselnej - Sprawd\u017a najpi\u0119kniejsze sale weselne oraz motywy \u015blubne. Poznaj praktyczne porady, jak zorganizowa\u0107 wymarzone wesele!\",\"publisher\":{\"@id\":\"https:\\\/\\\/www.saleweselne.com\\\/blog\\\/#organization\"},\"potentialAction\":[{\"@type\":\"SearchAction\",\"target\":{\"@type\":\"EntryPoint\",\"urlTemplate\":\"https:\\\/\\\/www.saleweselne.com\\\/blog\\\/?s={search_term_string}\"},\"query-input\":{\"@type\":\"PropertyValueSpecification\",\"valueRequired\":true,\"valueName\":\"search_term_string\"}}],\"inLanguage\":\"pl-PL\"},{\"@type\":\"Organization\",\"@id\":\"https:\\\/\\\/www.saleweselne.com\\\/blog\\\/#organization\",\"name\":\"SaleWeselne.com\",\"url\":\"https:\\\/\\\/www.saleweselne.com\\\/blog\\\/\",\"logo\":{\"@type\":\"ImageObject\",\"inLanguage\":\"pl-PL\",\"@id\":\"https:\\\/\\\/www.saleweselne.com\\\/blog\\\/#\\\/schema\\\/logo\\\/image\\\/\",\"url\":\"https:\\\/\\\/www.saleweselne.com\\\/blog\\\/wp-content\\\/uploads\\\/2021\\\/03\\\/saleweselne-logotyp-RGB-bez-tla-2.png\",\"contentUrl\":\"https:\\\/\\\/www.saleweselne.com\\\/blog\\\/wp-content\\\/uploads\\\/2021\\\/03\\\/saleweselne-logotyp-RGB-bez-tla-2.png\",\"width\":625,\"height\":150,\"caption\":\"SaleWeselne.com\"},\"image\":{\"@id\":\"https:\\\/\\\/www.saleweselne.com\\\/blog\\\/#\\\/schema\\\/logo\\\/image\\\/\"}},{\"@type\":\"Person\",\"@id\":\"https:\\\/\\\/www.saleweselne.com\\\/blog\\\/#\\\/schema\\\/person\\\/0e924cd9ceaca06a0d75928575d0f95a\",\"name\":\"Darek\",\"url\":\"https:\\\/\\\/www.saleweselne.com\\\/blog\\\/author\\\/darek\\\/\"}]}<\/script>\n<!-- \/ Yoast SEO plugin. -->","yoast_head_json":{"title":"Urlop okoliczno\u015bciowy \u015blub - komu si\u0119 nale\u017cy? - blog SaleWeselne.com","description":"Urlop okoliczno\u015bciowy \u015blub - komu si\u0119 nale\u017cy? - blog SaleWeselne.com","robots":{"index":"index","follow":"follow","max-snippet":"max-snippet:-1","max-image-preview":"max-image-preview:large","max-video-preview":"max-video-preview:-1"},"canonical":"https:\/\/www.saleweselne.com\/blog\/urlop-okolicznosciowy-slub-komu-sie-nalezy\/","og_locale":"pl_PL","og_type":"article","og_title":"Urlop okoliczno\u015bciowy \u015blub - komu si\u0119 nale\u017cy? - blog SaleWeselne.com","og_description":"Urlop okoliczno\u015bciowy \u015blub - komu si\u0119 nale\u017cy? - blog SaleWeselne.com","og_url":"https:\/\/www.saleweselne.com\/blog\/urlop-okolicznosciowy-slub-komu-sie-nalezy\/","og_site_name":"SaleWeselne.com","article_published_time":"2021-06-27T16:00:11+00:00","article_modified_time":"2024-05-07T10:11:09+00:00","og_image":[{"width":748,"height":500,"url":"https:\/\/www.saleweselne.com\/blog\/wp-content\/uploads\/2021\/07\/urlopik2.jpg","type":"image\/jpeg"}],"author":"Darek","twitter_card":"summary_large_image","twitter_misc":{"Napisane przez":"Darek","Szacowany czas czytania":"4 minuty"},"schema":{"@context":"https:\/\/schema.org","@graph":[{"@type":"Article","@id":"https:\/\/www.saleweselne.com\/blog\/urlop-okolicznosciowy-slub-komu-sie-nalezy\/#article","isPartOf":{"@id":"https:\/\/www.saleweselne.com\/blog\/urlop-okolicznosciowy-slub-komu-sie-nalezy\/"},"author":{"name":"Darek","@id":"https:\/\/www.saleweselne.com\/blog\/#\/schema\/person\/0e924cd9ceaca06a0d75928575d0f95a"},"headline":"Urlop okoliczno\u015bciowy \u015blub &#8211; komu si\u0119 nale\u017cy?","datePublished":"2021-06-27T16:00:11+00:00","dateModified":"2024-05-07T10:11:09+00:00","mainEntityOfPage":{"@id":"https:\/\/www.saleweselne.com\/blog\/urlop-okolicznosciowy-slub-komu-sie-nalezy\/"},"wordCount":799,"publisher":{"@id":"https:\/\/www.saleweselne.com\/blog\/#organization"},"image":{"@id":"https:\/\/www.saleweselne.com\/blog\/urlop-okolicznosciowy-slub-komu-sie-nalezy\/#primaryimage"},"thumbnailUrl":"https:\/\/www.saleweselne.com\/blog\/wp-content\/uploads\/2021\/07\/urlopik2.jpg","keywords":["organizacja \u015blubu","\u015blub","urlop okoliczno\u015bciowy","urlop okoliczno\u015bciowy dla pary m\u0142odej","urlop okoliczno\u015bciowy dla rodzic\u00f3w","urlop okoliczno\u015bciowy na \u015blub","urlop okoliczno\u015bciowy \u015blub"],"articleSection":["Organizacja wesela"],"inLanguage":"pl-PL"},{"@type":"WebPage","@id":"https:\/\/www.saleweselne.com\/blog\/urlop-okolicznosciowy-slub-komu-sie-nalezy\/","url":"https:\/\/www.saleweselne.com\/blog\/urlop-okolicznosciowy-slub-komu-sie-nalezy\/","name":"Urlop okoliczno\u015bciowy \u015blub - komu si\u0119 nale\u017cy? - blog SaleWeselne.com","isPartOf":{"@id":"https:\/\/www.saleweselne.com\/blog\/#website"},"primaryImageOfPage":{"@id":"https:\/\/www.saleweselne.com\/blog\/urlop-okolicznosciowy-slub-komu-sie-nalezy\/#primaryimage"},"image":{"@id":"https:\/\/www.saleweselne.com\/blog\/urlop-okolicznosciowy-slub-komu-sie-nalezy\/#primaryimage"},"thumbnailUrl":"https:\/\/www.saleweselne.com\/blog\/wp-content\/uploads\/2021\/07\/urlopik2.jpg","datePublished":"2021-06-27T16:00:11+00:00","dateModified":"2024-05-07T10:11:09+00:00","description":"Urlop okoliczno\u015bciowy \u015blub - komu si\u0119 nale\u017cy? - blog SaleWeselne.com","breadcrumb":{"@id":"https:\/\/www.saleweselne.com\/blog\/urlop-okolicznosciowy-slub-komu-sie-nalezy\/#breadcrumb"},"inLanguage":"pl-PL","potentialAction":[{"@type":"ReadAction","target":["https:\/\/www.saleweselne.com\/blog\/urlop-okolicznosciowy-slub-komu-sie-nalezy\/"]}]},{"@type":"ImageObject","inLanguage":"pl-PL","@id":"https:\/\/www.saleweselne.com\/blog\/urlop-okolicznosciowy-slub-komu-sie-nalezy\/#primaryimage","url":"https:\/\/www.saleweselne.com\/blog\/wp-content\/uploads\/2021\/07\/urlopik2.jpg","contentUrl":"https:\/\/www.saleweselne.com\/blog\/wp-content\/uploads\/2021\/07\/urlopik2.jpg","width":748,"height":500},{"@type":"BreadcrumbList","@id":"https:\/\/www.saleweselne.com\/blog\/urlop-okolicznosciowy-slub-komu-sie-nalezy\/#breadcrumb","itemListElement":[{"@type":"ListItem","position":1,"name":"Strona g\u0142\u00f3wna","item":"https:\/\/www.saleweselne.com\/blog\/"},{"@type":"ListItem","position":2,"name":"Urlop okoliczno\u015bciowy \u015blub &#8211; komu si\u0119 nale\u017cy?"}]},{"@type":"WebSite","@id":"https:\/\/www.saleweselne.com\/blog\/#website","url":"https:\/\/www.saleweselne.com\/blog\/","name":"SaleWeselne.com","description":"Blog Bran\u017cy Weselnej - Sprawd\u017a najpi\u0119kniejsze sale weselne oraz motywy \u015blubne. Poznaj praktyczne porady, jak zorganizowa\u0107 wymarzone wesele!","publisher":{"@id":"https:\/\/www.saleweselne.com\/blog\/#organization"},"potentialAction":[{"@type":"SearchAction","target":{"@type":"EntryPoint","urlTemplate":"https:\/\/www.saleweselne.com\/blog\/?s={search_term_string}"},"query-input":{"@type":"PropertyValueSpecification","valueRequired":true,"valueName":"search_term_string"}}],"inLanguage":"pl-PL"},{"@type":"Organization","@id":"https:\/\/www.saleweselne.com\/blog\/#organization","name":"SaleWeselne.com","url":"https:\/\/www.saleweselne.com\/blog\/","logo":{"@type":"ImageObject","inLanguage":"pl-PL","@id":"https:\/\/www.saleweselne.com\/blog\/#\/schema\/logo\/image\/","url":"https:\/\/www.saleweselne.com\/blog\/wp-content\/uploads\/2021\/03\/saleweselne-logotyp-RGB-bez-tla-2.png","contentUrl":"https:\/\/www.saleweselne.com\/blog\/wp-content\/uploads\/2021\/03\/saleweselne-logotyp-RGB-bez-tla-2.png","width":625,"height":150,"caption":"SaleWeselne.com"},"image":{"@id":"https:\/\/www.saleweselne.com\/blog\/#\/schema\/logo\/image\/"}},{"@type":"Person","@id":"https:\/\/www.saleweselne.com\/blog\/#\/schema\/person\/0e924cd9ceaca06a0d75928575d0f95a","name":"Darek","url":"https:\/\/www.saleweselne.com\/blog\/author\/darek\/"}]}},"_links":{"self":[{"href":"https:\/\/www.saleweselne.com\/blog\/wp-json\/wp\/v2\/posts\/2820","targetHints":{"allow":["GET"]}}],"collection":[{"href":"https:\/\/www.saleweselne.com\/blog\/wp-json\/wp\/v2\/posts"}],"about":[{"href":"https:\/\/www.saleweselne.com\/blog\/wp-json\/wp\/v2\/types\/post"}],"author":[{"embeddable":true,"href":"https:\/\/www.saleweselne.com\/blog\/wp-json\/wp\/v2\/users\/7"}],"replies":[{"embeddable":true,"href":"https:\/\/www.saleweselne.com\/blog\/wp-json\/wp\/v2\/comments?post=2820"}],"version-history":[{"count":1,"href":"https:\/\/www.saleweselne.com\/blog\/wp-json\/wp\/v2\/posts\/2820\/revisions"}],"predecessor-version":[{"id":2826,"href":"https:\/\/www.saleweselne.com\/blog\/wp-json\/wp\/v2\/posts\/2820\/revisions\/2826"}],"wp:featuredmedia":[{"embeddable":true,"href":"https:\/\/www.saleweselne.com\/blog\/wp-json\/wp\/v2\/media\/2823"}],"wp:attachment":[{"href":"https:\/\/www.saleweselne.com\/blog\/wp-json\/wp\/v2\/media?parent=2820"}],"wp:term":[{"taxonomy":"category","embeddable":true,"href":"https:\/\/www.saleweselne.com\/blog\/wp-json\/wp\/v2\/categories?post=2820"},{"taxonomy":"post_tag","embeddable":true,"href":"https:\/\/www.saleweselne.com\/blog\/wp-json\/wp\/v2\/tags?post=2820"}],"curies":[{"name":"wp","href":"https:\/\/api.w.org\/{rel}","templated":true}]}}