{"id":3002,"date":"2022-04-20T15:38:12","date_gmt":"2022-04-20T13:38:12","guid":{"rendered":"https:\/\/www.saleweselne.com\/blog\/?p=3002"},"modified":"2024-05-07T12:10:54","modified_gmt":"2024-05-07T10:10:54","slug":"sukienki-na-poprawiny-dla-mlodej","status":"publish","type":"post","link":"https:\/\/www.saleweselne.com\/blog\/sukienki-na-poprawiny-dla-mlodej\/","title":{"rendered":"Sukienki na poprawiny dla M\u0142odej"},"content":{"rendered":"<p><strong>Bierzesz nied\u0142ugo \u015blub? Po kolei wykre\u015blasz rzeczy ze swojej weselnej checklisty? Sala zarezerwowana, zaliczka wp\u0142acona, kurs przedma\u0142\u017ce\u0144ski zrobiony, zaproszenia wys\u0142ane, sukienka \u015blubna kupiona, sukienka na poprawiny&#8230; czekaj, czekaj, masz ju\u017c sukienk\u0119 na poprawiny, prawda? Wcale nie od\u0142o\u017cy\u0142a\u015b tego na ostatni\u0105 chwil\u0119? Je\u015bli jednak w\u0142a\u015bnie tak zrobi\u0142a\u015b, to dzisiejszy artyku\u0142 jest dla Ciebie \ud83d\ude04 Panny, kt\u00f3re jeszcze maj\u0105 do swojego wesela i poprawin sporo czasu, r\u00f3wnie\u017c znajd\u0105 w artykule przydatne wskaz\u00f3wki \ud83d\ude09<\/strong><\/p>\n<p><img loading=\"lazy\" decoding=\"async\" class=\"aligncenter size-full wp-image-3007\" src=\"https:\/\/www.saleweselne.com\/blog\/wp-content\/uploads\/2022\/04\/pexels-monica-turlui-7137418.jpg\" alt=\"\" width=\"2624\" height=\"3936\" srcset=\"https:\/\/www.saleweselne.com\/blog\/wp-content\/uploads\/2022\/04\/pexels-monica-turlui-7137418.jpg 2624w, https:\/\/www.saleweselne.com\/blog\/wp-content\/uploads\/2022\/04\/pexels-monica-turlui-7137418-200x300.jpg 200w, https:\/\/www.saleweselne.com\/blog\/wp-content\/uploads\/2022\/04\/pexels-monica-turlui-7137418-768x1152.jpg 768w, https:\/\/www.saleweselne.com\/blog\/wp-content\/uploads\/2022\/04\/pexels-monica-turlui-7137418-683x1024.jpg 683w, https:\/\/www.saleweselne.com\/blog\/wp-content\/uploads\/2022\/04\/pexels-monica-turlui-7137418-1140x1710.jpg 1140w\" sizes=\"auto, (max-width: 2624px) 100vw, 2624px\" \/><\/p>\n<p>Wyb\u00f3r sukni \u015blubnej to jedna z najwa\u017cniejszych rzeczy, jak\u0105 musimy zrobi\u0107 przed \u015blubem i weselem. Jest to bardzo wa\u017cna decyzja, bowiem to, jak b\u0119dziemy si\u0119 w niej prezentowa\u0107, wp\u0142ynie nie tylko na zdj\u0119cia weselne, ale przede wszystkim na nasze samozadowolenie i komfort. Suknia \u015blubna nie musi by\u0107 bardzo efektowna, z d\u0142ugim trenem czy wyszywana diamentami, wa\u017cne, \u017ceby Panna M\u0142oda dobrze si\u0119 w niej czu\u0142a i \u017ceby odpowiada\u0142a jej preferencjom.<\/p>\n<p>Suknia \u015blubna skupia niemal ca\u0142\u0105 uwag\u0119 Panny M\u0142odej, ale trzeba pami\u0119ta\u0107, \u017ce wa\u017cna jest r\u00f3wnie\u017c sukienka na poprawiny &#8211; o ile te poprawiny organizujecie. Zwykle wyb\u00f3r sukienki poprawinowej zostawiamy na ostatnie tygodnie przed \u015blubem, poniewa\u017c wyb\u00f3r sukienki \u015blubnej jest ju\u017c wystarczaj\u0105co czasoch\u0142onny i stresuj\u0105cy.<\/p>\n<p><img loading=\"lazy\" decoding=\"async\" class=\"aligncenter size-full wp-image-3024\" src=\"https:\/\/www.saleweselne.com\/blog\/wp-content\/uploads\/2022\/04\/zoriana-stakhniv-d_9i9TaOxfI-unsplash.jpg\" alt=\"\" width=\"4016\" height=\"6016\" srcset=\"https:\/\/www.saleweselne.com\/blog\/wp-content\/uploads\/2022\/04\/zoriana-stakhniv-d_9i9TaOxfI-unsplash.jpg 4016w, https:\/\/www.saleweselne.com\/blog\/wp-content\/uploads\/2022\/04\/zoriana-stakhniv-d_9i9TaOxfI-unsplash-200x300.jpg 200w, https:\/\/www.saleweselne.com\/blog\/wp-content\/uploads\/2022\/04\/zoriana-stakhniv-d_9i9TaOxfI-unsplash-768x1150.jpg 768w, https:\/\/www.saleweselne.com\/blog\/wp-content\/uploads\/2022\/04\/zoriana-stakhniv-d_9i9TaOxfI-unsplash-684x1024.jpg 684w, https:\/\/www.saleweselne.com\/blog\/wp-content\/uploads\/2022\/04\/zoriana-stakhniv-d_9i9TaOxfI-unsplash-1140x1708.jpg 1140w\" sizes=\"auto, (max-width: 4016px) 100vw, 4016px\" \/><\/p>\n<p>Dzi\u015b chcemy podpowiedzie\u0107, na co zwr\u00f3ci\u0107 uwag\u0119, dokonuj\u0105c zakupu sukienki na poprawiny dla M\u0142odej. Na jaki kr\u00f3j postawi\u0107, kt\u00f3ry kolor wybra\u0107, czy miejsce poprawin ma znaczenie? Wszystko po to, by \u0142atwiej uda\u0142o Wam si\u0119 odnale\u017a\u0107 t\u0119 idealn\u0105 sukienk\u0119 na poprawiny.<\/p>\n<h2 style=\"text-align: center;\">Sukienka na poprawiny a miejsce poprawin<\/h2>\n<p>To, co na\u0142o\u017cymy na siebie w dniu poprawin, tak naprawd\u0119 zale\u017cy od charakteru samej imprezy. Na co innego mo\u017cemy sobie pozwoli\u0107, organizuj\u0105c <a href=\"https:\/\/www.saleweselne.com\/sale-weselne-sala-weselna\" target=\"_blank\" rel=\"noopener\">poprawiny na sali weselnej<\/a>, <a href=\"https:\/\/www.saleweselne.com\/sale-weselne-restauracja\" target=\"_blank\" rel=\"noopener\">poprawiny w restauracji<\/a>, a na co innego decyduj\u0105c si\u0119 na organizacj\u0119 <a href=\"https:\/\/www.saleweselne.com\/sale-weselne-przyjecie-w-plenerze\" target=\"_blank\" rel=\"noopener\">przyj\u0119cia w plenerze<\/a>.<\/p>\n<p>Je\u015bli Wasze poprawiny odbywaj\u0105 si\u0119 w eleganckiej restauracji (np. tej w <a href=\"https:\/\/www.saleweselne.com\/sale-weselne-hotel\" target=\"_blank\" rel=\"noopener\">5-gwiazdkowym hotelu<\/a>) postaw na prost\u0105 sukienk\u0119 na poprawiny dla M\u0142odej. Str\u00f3j na poprawiny powinien by\u0107 mniej strojny ni\u017c suknia \u015blubna, ale wci\u0105\u017c dosy\u0107 szykowny. Mo\u017cesz postawi\u0107 na sukienk\u0119 przed kolano, eleganck\u0105 bi\u017cuteri\u0119 i buty na obcasie. W takich okoliczno\u015bciach sprawdzi si\u0119 r\u00f3wnie\u017c damski garnitur czy koszula z eleganck\u0105 o\u0142\u00f3wkow\u0105 sp\u00f3dnic\u0105.<\/p>\n<p><img loading=\"lazy\" decoding=\"async\" class=\"aligncenter size-full wp-image-3018\" src=\"https:\/\/www.saleweselne.com\/blog\/wp-content\/uploads\/2022\/04\/grigore-ricky-vRkiYoCeN2g-unsplash.jpg\" alt=\"\" width=\"3179\" height=\"4726\" srcset=\"https:\/\/www.saleweselne.com\/blog\/wp-content\/uploads\/2022\/04\/grigore-ricky-vRkiYoCeN2g-unsplash.jpg 3179w, https:\/\/www.saleweselne.com\/blog\/wp-content\/uploads\/2022\/04\/grigore-ricky-vRkiYoCeN2g-unsplash-202x300.jpg 202w, https:\/\/www.saleweselne.com\/blog\/wp-content\/uploads\/2022\/04\/grigore-ricky-vRkiYoCeN2g-unsplash-768x1142.jpg 768w, https:\/\/www.saleweselne.com\/blog\/wp-content\/uploads\/2022\/04\/grigore-ricky-vRkiYoCeN2g-unsplash-689x1024.jpg 689w, https:\/\/www.saleweselne.com\/blog\/wp-content\/uploads\/2022\/04\/grigore-ricky-vRkiYoCeN2g-unsplash-1140x1695.jpg 1140w\" sizes=\"auto, (max-width: 3179px) 100vw, 3179px\" \/><\/p>\n<p>Je\u015bli jednak planujecie <strong>poprawiny w plenerze<\/strong> (np. w formie pikniku czy grilla), to poszukaj sukienki bardziej zwiewnej, mniej formalnej. Sukienka na poprawiny boho cz\u0119sto bywa d\u0142uga &#8211; tzw. sukienka maxi. Mo\u017ce by\u0107 jednokolorowa, a mo\u017cesz te\u017c postawi\u0107 na motyw kwiatowy. Pami\u0119taj, \u017ce to wci\u0105\u017c Twoje \u015bwi\u0119to (i oczywi\u015bcie \u015bwie\u017co upieczonego m\u0119\u017ca), wi\u0119c to Ty jeste\u015b gwiazd\u0105 imprezy i masz b\u0142yszcze\u0107 ponad inne gwiazdy \ud83d\ude42 Sukienka wi\u0119c mo\u017ce by\u0107 skromniejsza ni\u017c ta \u015blubna i bardziej wygodna, ale dalej musi si\u0119 wyr\u00f3\u017cnia\u0107 i wygl\u0105da\u0107 stylowo.<\/p>\n<p><img loading=\"lazy\" decoding=\"async\" class=\"aligncenter size-full wp-image-3008\" src=\"https:\/\/www.saleweselne.com\/blog\/wp-content\/uploads\/2022\/04\/pexels-jasmin-chew-5390350.jpg\" alt=\"\" width=\"3460\" height=\"4622\" srcset=\"https:\/\/www.saleweselne.com\/blog\/wp-content\/uploads\/2022\/04\/pexels-jasmin-chew-5390350.jpg 3460w, https:\/\/www.saleweselne.com\/blog\/wp-content\/uploads\/2022\/04\/pexels-jasmin-chew-5390350-225x300.jpg 225w, https:\/\/www.saleweselne.com\/blog\/wp-content\/uploads\/2022\/04\/pexels-jasmin-chew-5390350-768x1026.jpg 768w, https:\/\/www.saleweselne.com\/blog\/wp-content\/uploads\/2022\/04\/pexels-jasmin-chew-5390350-767x1024.jpg 767w, https:\/\/www.saleweselne.com\/blog\/wp-content\/uploads\/2022\/04\/pexels-jasmin-chew-5390350-1140x1523.jpg 1140w\" sizes=\"auto, (max-width: 3460px) 100vw, 3460px\" \/><\/p>\n<p>Je\u015bli zastanawiasz si\u0119 wci\u0105\u017c nad plenerow\u0105 sukienk\u0105 na poprawiny dla M\u0142odej &#8211; boho ma wiele odcieni i wiele twarzy. Na pewno znajdziesz co\u015b idealnego dla siebie \ud83d\ude42\u00a0D\u0142uga sukienka na poprawiny dla M\u0142odej cz\u0119sto robi ju\u017c du\u017ce wra\u017cenie przez sam\u0105 d\u0142ugo\u015b\u0107 kreacji.<\/p>\n<p>Pami\u0119taj r\u00f3wnie\u017c, \u017ce je\u015bli Wasza impreza odbywa si\u0119 w plenerze i w zamy\u015ble ma trwa\u0107 do p\u00f3\u017anego wieczora lub nocy, to warto zadba\u0107 o nakrycie wierzchnie. Jasny sweter, kurtka jeansowa i ramoneska powinny za\u0142atwi\u0107 nie tylko problem ch\u0142odnego wieczora, ale r\u00f3wnie\u017c komar\u00f3w \ud83d\ude09\u00a0Do sukienki na poprawiny w stylu boho doskonale b\u0119dzie pasowa\u0107 kapelusz z du\u017cym rondem.<\/p>\n<p><img loading=\"lazy\" decoding=\"async\" class=\"aligncenter size-full wp-image-3032\" src=\"https:\/\/www.saleweselne.com\/blog\/wp-content\/uploads\/2022\/04\/tamara-bellis-6P_yGDcfJdA-unsplash.jpg\" alt=\"\" width=\"3972\" height=\"2648\" srcset=\"https:\/\/www.saleweselne.com\/blog\/wp-content\/uploads\/2022\/04\/tamara-bellis-6P_yGDcfJdA-unsplash.jpg 3972w, https:\/\/www.saleweselne.com\/blog\/wp-content\/uploads\/2022\/04\/tamara-bellis-6P_yGDcfJdA-unsplash-300x200.jpg 300w, https:\/\/www.saleweselne.com\/blog\/wp-content\/uploads\/2022\/04\/tamara-bellis-6P_yGDcfJdA-unsplash-768x512.jpg 768w, https:\/\/www.saleweselne.com\/blog\/wp-content\/uploads\/2022\/04\/tamara-bellis-6P_yGDcfJdA-unsplash-1024x683.jpg 1024w, https:\/\/www.saleweselne.com\/blog\/wp-content\/uploads\/2022\/04\/tamara-bellis-6P_yGDcfJdA-unsplash-1140x760.jpg 1140w\" sizes=\"auto, (max-width: 3972px) 100vw, 3972px\" \/><\/p>\n<h2 style=\"text-align: center;\">Jaki kolor sukienki na poprawiny dla M\u0142odej?<\/h2>\n<p>Jaka sukienka na poprawiny powinna mie\u0107 kolor, du\u017co zale\u017cy od preferencji samej Panny M\u0142odej. Istnieje niepisana zasada, \u017ce sukienka powinna by\u0107 mniej strojna ni\u017c ta weselna, ale wcale nie wyklucza to, \u017ce trzeba rezygnowa\u0107 z bia\u0142ej sukienki na poprawiny dla M\u0142odej. Wr\u0119cz przeciwnie &#8211; biel b\u0119dzie Ci\u0119 wyr\u00f3\u017cnia\u0107 z t\u0142umu go\u015bci. Nie b\u0119dzie w\u0105tpliwo\u015bci, kto jest gwiazd\u0105 tego przyj\u0119cia.<\/p>\n<p><img loading=\"lazy\" decoding=\"async\" class=\"aligncenter size-full wp-image-3006\" src=\"https:\/\/www.saleweselne.com\/blog\/wp-content\/uploads\/2022\/04\/pexels-monica-turlui-7137417.jpg\" alt=\"\" width=\"3796\" height=\"5694\" srcset=\"https:\/\/www.saleweselne.com\/blog\/wp-content\/uploads\/2022\/04\/pexels-monica-turlui-7137417.jpg 3796w, https:\/\/www.saleweselne.com\/blog\/wp-content\/uploads\/2022\/04\/pexels-monica-turlui-7137417-200x300.jpg 200w, https:\/\/www.saleweselne.com\/blog\/wp-content\/uploads\/2022\/04\/pexels-monica-turlui-7137417-768x1152.jpg 768w, https:\/\/www.saleweselne.com\/blog\/wp-content\/uploads\/2022\/04\/pexels-monica-turlui-7137417-683x1024.jpg 683w, https:\/\/www.saleweselne.com\/blog\/wp-content\/uploads\/2022\/04\/pexels-monica-turlui-7137417-1140x1710.jpg 1140w\" sizes=\"auto, (max-width: 3796px) 100vw, 3796px\" \/><\/p>\n<p>Jest wiele pi\u0119knych bia\u0142ych sukienek na poprawiny, kt\u00f3re mo\u017cesz znale\u017a\u0107 w sklepach stacjonarnych czy tych internetowych. Koronkowe sukienki przylegaj\u0105ce do cia\u0142a, zwiewne sukienki boho, eleganckie sukienki satynowe w kolorze bieli i wiele, wiele innych. Na pewno w internecie znajdziesz wi\u0119cej inspiracji &#8211; my podrzucamy kilka. Pami\u0119tajcie, \u017ce je\u015bli macie wi\u0119kszy rozmiar lub bardziej zaokr\u0105glone kszta\u0142ty, to\u00a0sukienk\u0119 na poprawiny plus size znajdziecie aktualnie ju\u017c w wielu markach odzie\u017cowych. Szukajcie w specjalnych zak\u0142adkach &#8222;plus size&#8221; lub po prostu sprawd\u017acie, czy w filtrach na stronie mo\u017cna zaznaczy\u0107 Wasz rozmiar. U\u0142atwi to zdecydowanie szukanie &#8211; sklep\u00f3w z sukienkami jest teraz przecie\u017c ca\u0142e mn\u00f3stwo i ci\u0119\u017cko zapozna\u0107 si\u0119 z ofert\u0105 wszystkich.<\/p>\n<p><img loading=\"lazy\" decoding=\"async\" class=\"aligncenter size-full wp-image-3014\" src=\"https:\/\/www.saleweselne.com\/blog\/wp-content\/uploads\/2022\/04\/pexels-\u0434\u0430\u0440\u044c\u044f-\u0442\u0430\u0449\u0438\u043b\u0438\u043d\u0430-11781397.jpg\" alt=\"\" width=\"4912\" height=\"7360\" srcset=\"https:\/\/www.saleweselne.com\/blog\/wp-content\/uploads\/2022\/04\/pexels-\u0434\u0430\u0440\u044c\u044f-\u0442\u0430\u0449\u0438\u043b\u0438\u043d\u0430-11781397.jpg 4912w, https:\/\/www.saleweselne.com\/blog\/wp-content\/uploads\/2022\/04\/pexels-\u0434\u0430\u0440\u044c\u044f-\u0442\u0430\u0449\u0438\u043b\u0438\u043d\u0430-11781397-200x300.jpg 200w, https:\/\/www.saleweselne.com\/blog\/wp-content\/uploads\/2022\/04\/pexels-\u0434\u0430\u0440\u044c\u044f-\u0442\u0430\u0449\u0438\u043b\u0438\u043d\u0430-11781397-768x1151.jpg 768w, https:\/\/www.saleweselne.com\/blog\/wp-content\/uploads\/2022\/04\/pexels-\u0434\u0430\u0440\u044c\u044f-\u0442\u0430\u0449\u0438\u043b\u0438\u043d\u0430-11781397-683x1024.jpg 683w, https:\/\/www.saleweselne.com\/blog\/wp-content\/uploads\/2022\/04\/pexels-\u0434\u0430\u0440\u044c\u044f-\u0442\u0430\u0449\u0438\u043b\u0438\u043d\u0430-11781397-1140x1708.jpg 1140w\" sizes=\"auto, (max-width: 4912px) 100vw, 4912px\" \/><\/p>\n<p>Jednak w przypadku ogniska, grilla czy zabawy w ogrodzie, bia\u0142a suknia cz\u0119sto bywa niepraktyczna &#8211; szybko mo\u017ce si\u0119 ubrudzi\u0107 &#8211; cho\u0107by na poni\u017cszym zdj\u0119ciu \ud83d\ude42<\/p>\n<p><img loading=\"lazy\" decoding=\"async\" class=\"aligncenter size-full wp-image-3022\" src=\"https:\/\/www.saleweselne.com\/blog\/wp-content\/uploads\/2022\/04\/joel-overbeck-S0IcOmOIfqs-unsplash.jpg\" alt=\"\" width=\"4000\" height=\"6000\" srcset=\"https:\/\/www.saleweselne.com\/blog\/wp-content\/uploads\/2022\/04\/joel-overbeck-S0IcOmOIfqs-unsplash.jpg 4000w, https:\/\/www.saleweselne.com\/blog\/wp-content\/uploads\/2022\/04\/joel-overbeck-S0IcOmOIfqs-unsplash-200x300.jpg 200w, https:\/\/www.saleweselne.com\/blog\/wp-content\/uploads\/2022\/04\/joel-overbeck-S0IcOmOIfqs-unsplash-768x1152.jpg 768w, https:\/\/www.saleweselne.com\/blog\/wp-content\/uploads\/2022\/04\/joel-overbeck-S0IcOmOIfqs-unsplash-683x1024.jpg 683w, https:\/\/www.saleweselne.com\/blog\/wp-content\/uploads\/2022\/04\/joel-overbeck-S0IcOmOIfqs-unsplash-1140x1710.jpg 1140w\" sizes=\"auto, (max-width: 4000px) 100vw, 4000px\" \/><\/p>\n<p>Tak naprawd\u0119 kolor sukienki na poprawiny dla Panny M\u0142odej to wyb\u00f3r g\u0142\u00f3wnej zainteresowanej. Najwa\u017cniejsze, by czu\u0107 si\u0119 wyj\u0105tkowo, ale i&#8230; komfortowo! Mo\u017cesz si\u0119gn\u0105\u0107 po delikatne odcienie niebieskiego, zielonego czy po pastelowy r\u00f3\u017c. \u015awietnie sprawdz\u0105 si\u0119 r\u00f3wnie\u017c sukienki be\u017cowe czy sukienki ecru na poprawiny. Je\u015bli jeste\u015b odwa\u017cna i zdecydowana, mo\u017cesz si\u0119gn\u0105\u0107 nawet po czerwie\u0144 &#8211; A CO! W ko\u0144cu Tw\u00f3j dzie\u0144, mo\u017cesz by\u0107 &#8222;Lady in red&#8221; \ud83d\ude42<\/p>\n<p><img loading=\"lazy\" decoding=\"async\" class=\"aligncenter size-full wp-image-3016\" src=\"https:\/\/www.saleweselne.com\/blog\/wp-content\/uploads\/2022\/04\/sunny-ng-qmn7rZMWeBg-unsplash.jpg\" alt=\"\" width=\"4266\" height=\"6181\" srcset=\"https:\/\/www.saleweselne.com\/blog\/wp-content\/uploads\/2022\/04\/sunny-ng-qmn7rZMWeBg-unsplash.jpg 4266w, https:\/\/www.saleweselne.com\/blog\/wp-content\/uploads\/2022\/04\/sunny-ng-qmn7rZMWeBg-unsplash-207x300.jpg 207w, https:\/\/www.saleweselne.com\/blog\/wp-content\/uploads\/2022\/04\/sunny-ng-qmn7rZMWeBg-unsplash-768x1113.jpg 768w, https:\/\/www.saleweselne.com\/blog\/wp-content\/uploads\/2022\/04\/sunny-ng-qmn7rZMWeBg-unsplash-707x1024.jpg 707w, https:\/\/www.saleweselne.com\/blog\/wp-content\/uploads\/2022\/04\/sunny-ng-qmn7rZMWeBg-unsplash-1140x1652.jpg 1140w\" sizes=\"auto, (max-width: 4266px) 100vw, 4266px\" \/><\/p>\n<p><img loading=\"lazy\" decoding=\"async\" class=\"aligncenter size-full wp-image-3003\" src=\"https:\/\/www.saleweselne.com\/blog\/wp-content\/uploads\/2022\/04\/sharon-mccutcheon-u-nLkFCEzQc-unsplash.jpg\" alt=\"\" width=\"5616\" height=\"3744\" srcset=\"https:\/\/www.saleweselne.com\/blog\/wp-content\/uploads\/2022\/04\/sharon-mccutcheon-u-nLkFCEzQc-unsplash.jpg 5616w, https:\/\/www.saleweselne.com\/blog\/wp-content\/uploads\/2022\/04\/sharon-mccutcheon-u-nLkFCEzQc-unsplash-300x200.jpg 300w, https:\/\/www.saleweselne.com\/blog\/wp-content\/uploads\/2022\/04\/sharon-mccutcheon-u-nLkFCEzQc-unsplash-768x512.jpg 768w, https:\/\/www.saleweselne.com\/blog\/wp-content\/uploads\/2022\/04\/sharon-mccutcheon-u-nLkFCEzQc-unsplash-1024x683.jpg 1024w, https:\/\/www.saleweselne.com\/blog\/wp-content\/uploads\/2022\/04\/sharon-mccutcheon-u-nLkFCEzQc-unsplash-1140x760.jpg 1140w\" sizes=\"auto, (max-width: 5616px) 100vw, 5616px\" \/><\/p>\n<p><img loading=\"lazy\" decoding=\"async\" class=\"aligncenter size-full wp-image-3017\" src=\"https:\/\/www.saleweselne.com\/blog\/wp-content\/uploads\/2022\/04\/adriano-goncalves-IeHLttCrsXE-unsplash.jpg\" alt=\"\" width=\"3168\" height=\"4752\" srcset=\"https:\/\/www.saleweselne.com\/blog\/wp-content\/uploads\/2022\/04\/adriano-goncalves-IeHLttCrsXE-unsplash.jpg 3168w, https:\/\/www.saleweselne.com\/blog\/wp-content\/uploads\/2022\/04\/adriano-goncalves-IeHLttCrsXE-unsplash-200x300.jpg 200w, https:\/\/www.saleweselne.com\/blog\/wp-content\/uploads\/2022\/04\/adriano-goncalves-IeHLttCrsXE-unsplash-768x1152.jpg 768w, https:\/\/www.saleweselne.com\/blog\/wp-content\/uploads\/2022\/04\/adriano-goncalves-IeHLttCrsXE-unsplash-683x1024.jpg 683w, https:\/\/www.saleweselne.com\/blog\/wp-content\/uploads\/2022\/04\/adriano-goncalves-IeHLttCrsXE-unsplash-1140x1710.jpg 1140w\" sizes=\"auto, (max-width: 3168px) 100vw, 3168px\" \/><\/p>\n<p><img loading=\"lazy\" decoding=\"async\" class=\"aligncenter size-full wp-image-3025\" src=\"https:\/\/www.saleweselne.com\/blog\/wp-content\/uploads\/2022\/04\/hans-mendoza-pD-Pe27IJmg-unsplash.jpg\" alt=\"\" width=\"4000\" height=\"6000\" srcset=\"https:\/\/www.saleweselne.com\/blog\/wp-content\/uploads\/2022\/04\/hans-mendoza-pD-Pe27IJmg-unsplash.jpg 4000w, https:\/\/www.saleweselne.com\/blog\/wp-content\/uploads\/2022\/04\/hans-mendoza-pD-Pe27IJmg-unsplash-200x300.jpg 200w, https:\/\/www.saleweselne.com\/blog\/wp-content\/uploads\/2022\/04\/hans-mendoza-pD-Pe27IJmg-unsplash-768x1152.jpg 768w, https:\/\/www.saleweselne.com\/blog\/wp-content\/uploads\/2022\/04\/hans-mendoza-pD-Pe27IJmg-unsplash-683x1024.jpg 683w, https:\/\/www.saleweselne.com\/blog\/wp-content\/uploads\/2022\/04\/hans-mendoza-pD-Pe27IJmg-unsplash-1140x1710.jpg 1140w\" sizes=\"auto, (max-width: 4000px) 100vw, 4000px\" \/><\/p>\n<p>Mamy nadziej\u0119, \u017ce przynajmniej troch\u0119 rozwiali\u015bmy Wasze w\u0105tpliwo\u015bci na temat tego, jaka sukienka na poprawiny b\u0119dzie odpowiednia.<\/p>\n<p>A Wy na jaki kolor i kr\u00f3j sukienki na poprawiny postawicie? \ud83d\ude42 Pochwalcie si\u0119 w komentarzach! Mo\u017ce zainspirujecie inne Panny M\u0142ode \ud83d\ude42<\/p>\n<p>Koniecznie te\u017c przeczytajcie, <a href=\"https:\/\/www.saleweselne.com\/blog\/jak-dobrac-i-gdzie-kupic-buty-do-sukni-slubnej\/\" target=\"_blank\" rel=\"noopener\">jak dobra\u0107 i gdzie kupi\u0107 buty do sukni \u015blubnej?<\/a><\/p>\n<p>A tak\u017ce o <a href=\"https:\/\/www.saleweselne.com\/blog\/samodzielne-pranie-sukni-slubnej-czy-to-moze-sie-udac\/\" target=\"_blank\" rel=\"noopener\">samodzielnym praniu sukni \u015blubnej \u2013 czy to mo\u017ce si\u0119 uda\u0107?<\/a><\/p>\n","protected":false},"excerpt":{"rendered":"<p>Suknia na poprawiny jest wa\u017cnym elementem, o kt\u00f3rym musi pami\u0119ta\u0107 przysz\u0142a Panna M\u0142oda. Wyb\u00f3r poprawinowej kreacji jest jednak odk\u0142adany cz\u0119sto na ostatni\u0105 chwil\u0119, a kiedy czas biegnie nieub\u0142aganie, to okazuje si\u0119, \u017ce nerwowo musimy poszukiwa\u0107 kreacji kilka dni przed \u015blubem. Dla tych z Was, kt\u00f3re szukaj\u0105 w\u0142a\u015bnie swojej poprawinowej sukienki, mamy kilka wskaz\u00f3wek.<\/p>\n","protected":false},"author":7,"featured_media":3012,"comment_status":"closed","ping_status":"closed","sticky":false,"template":"","format":"standard","meta":{"footnotes":""},"categories":[255,182,228,170,238],"tags":[],"class_list":["post-3002","post","type-post","status-publish","format-standard","has-post-thumbnail","hentry","category-fotografia-slubna","category-miejsce-na-wesele","category-motyw-weselny","category-organizacja-wesela","category-poprawiny"],"yoast_head":"<!-- This site is optimized with the Yoast SEO plugin v26.8 - https:\/\/yoast.com\/product\/yoast-seo-wordpress\/ -->\n<title>Sukienki na poprawiny dla M\u0142odej - blog SaleWeselne.com<\/title>\n<meta name=\"description\" content=\"Sukienki na poprawiny dla M\u0142odej - blog SaleWeselne.com\" \/>\n<meta name=\"robots\" content=\"index, follow, max-snippet:-1, max-image-preview:large, max-video-preview:-1\" \/>\n<link rel=\"canonical\" href=\"https:\/\/www.saleweselne.com\/blog\/sukienki-na-poprawiny-dla-mlodej\/\" \/>\n<meta property=\"og:locale\" content=\"pl_PL\" \/>\n<meta property=\"og:type\" content=\"article\" \/>\n<meta property=\"og:title\" content=\"Sukienki na poprawiny dla M\u0142odej - blog SaleWeselne.com\" \/>\n<meta property=\"og:description\" content=\"Sukienki na poprawiny dla M\u0142odej - blog SaleWeselne.com\" \/>\n<meta property=\"og:url\" content=\"https:\/\/www.saleweselne.com\/blog\/sukienki-na-poprawiny-dla-mlodej\/\" \/>\n<meta property=\"og:site_name\" content=\"SaleWeselne.com\" \/>\n<meta property=\"article:published_time\" content=\"2022-04-20T13:38:12+00:00\" \/>\n<meta property=\"article:modified_time\" content=\"2024-05-07T10:10:54+00:00\" \/>\n<meta property=\"og:image\" content=\"https:\/\/www.saleweselne.com\/blog\/wp-content\/uploads\/2022\/04\/pexels-olya-kobruseva-4541924-684x1024.jpg\" \/>\n\t<meta property=\"og:image:width\" content=\"684\" \/>\n\t<meta property=\"og:image:height\" content=\"1024\" \/>\n\t<meta property=\"og:image:type\" content=\"image\/jpeg\" \/>\n<meta name=\"author\" content=\"Darek\" \/>\n<meta name=\"twitter:card\" content=\"summary_large_image\" \/>\n<meta name=\"twitter:label1\" content=\"Napisane przez\" \/>\n\t<meta name=\"twitter:data1\" content=\"Darek\" \/>\n\t<meta name=\"twitter:label2\" content=\"Szacowany czas czytania\" \/>\n\t<meta name=\"twitter:data2\" content=\"5 minut\" \/>\n<script type=\"application\/ld+json\" class=\"yoast-schema-graph\">{\"@context\":\"https:\/\/schema.org\",\"@graph\":[{\"@type\":\"Article\",\"@id\":\"https:\/\/www.saleweselne.com\/blog\/sukienki-na-poprawiny-dla-mlodej\/#article\",\"isPartOf\":{\"@id\":\"https:\/\/www.saleweselne.com\/blog\/sukienki-na-poprawiny-dla-mlodej\/\"},\"author\":{\"name\":\"Darek\",\"@id\":\"https:\/\/www.saleweselne.com\/blog\/#\/schema\/person\/0e924cd9ceaca06a0d75928575d0f95a\"},\"headline\":\"Sukienki na poprawiny dla M\u0142odej\",\"datePublished\":\"2022-04-20T13:38:12+00:00\",\"dateModified\":\"2024-05-07T10:10:54+00:00\",\"mainEntityOfPage\":{\"@id\":\"https:\/\/www.saleweselne.com\/blog\/sukienki-na-poprawiny-dla-mlodej\/\"},\"wordCount\":997,\"publisher\":{\"@id\":\"https:\/\/www.saleweselne.com\/blog\/#organization\"},\"image\":{\"@id\":\"https:\/\/www.saleweselne.com\/blog\/sukienki-na-poprawiny-dla-mlodej\/#primaryimage\"},\"thumbnailUrl\":\"https:\/\/www.saleweselne.com\/blog\/wp-content\/uploads\/2022\/04\/pexels-olya-kobruseva-4541924.jpg\",\"articleSection\":[\"fotografia \u015blubna\",\"Miejsce na wesele\",\"Motyw weselny\",\"Organizacja wesela\",\"Poprawiny\"],\"inLanguage\":\"pl-PL\"},{\"@type\":\"WebPage\",\"@id\":\"https:\/\/www.saleweselne.com\/blog\/sukienki-na-poprawiny-dla-mlodej\/\",\"url\":\"https:\/\/www.saleweselne.com\/blog\/sukienki-na-poprawiny-dla-mlodej\/\",\"name\":\"Sukienki na poprawiny dla M\u0142odej - blog SaleWeselne.com\",\"isPartOf\":{\"@id\":\"https:\/\/www.saleweselne.com\/blog\/#website\"},\"primaryImageOfPage\":{\"@id\":\"https:\/\/www.saleweselne.com\/blog\/sukienki-na-poprawiny-dla-mlodej\/#primaryimage\"},\"image\":{\"@id\":\"https:\/\/www.saleweselne.com\/blog\/sukienki-na-poprawiny-dla-mlodej\/#primaryimage\"},\"thumbnailUrl\":\"https:\/\/www.saleweselne.com\/blog\/wp-content\/uploads\/2022\/04\/pexels-olya-kobruseva-4541924.jpg\",\"datePublished\":\"2022-04-20T13:38:12+00:00\",\"dateModified\":\"2024-05-07T10:10:54+00:00\",\"description\":\"Sukienki na poprawiny dla M\u0142odej - blog SaleWeselne.com\",\"breadcrumb\":{\"@id\":\"https:\/\/www.saleweselne.com\/blog\/sukienki-na-poprawiny-dla-mlodej\/#breadcrumb\"},\"inLanguage\":\"pl-PL\",\"potentialAction\":[{\"@type\":\"ReadAction\",\"target\":[\"https:\/\/www.saleweselne.com\/blog\/sukienki-na-poprawiny-dla-mlodej\/\"]}]},{\"@type\":\"ImageObject\",\"inLanguage\":\"pl-PL\",\"@id\":\"https:\/\/www.saleweselne.com\/blog\/sukienki-na-poprawiny-dla-mlodej\/#primaryimage\",\"url\":\"https:\/\/www.saleweselne.com\/blog\/wp-content\/uploads\/2022\/04\/pexels-olya-kobruseva-4541924.jpg\",\"contentUrl\":\"https:\/\/www.saleweselne.com\/blog\/wp-content\/uploads\/2022\/04\/pexels-olya-kobruseva-4541924.jpg\",\"width\":3004,\"height\":4500},{\"@type\":\"BreadcrumbList\",\"@id\":\"https:\/\/www.saleweselne.com\/blog\/sukienki-na-poprawiny-dla-mlodej\/#breadcrumb\",\"itemListElement\":[{\"@type\":\"ListItem\",\"position\":1,\"name\":\"Strona g\u0142\u00f3wna\",\"item\":\"https:\/\/www.saleweselne.com\/blog\/\"},{\"@type\":\"ListItem\",\"position\":2,\"name\":\"Sukienki na poprawiny dla M\u0142odej\"}]},{\"@type\":\"WebSite\",\"@id\":\"https:\/\/www.saleweselne.com\/blog\/#website\",\"url\":\"https:\/\/www.saleweselne.com\/blog\/\",\"name\":\"SaleWeselne.com\",\"description\":\"Blog Bran\u017cy Weselnej - Sprawd\u017a najpi\u0119kniejsze sale weselne oraz motywy \u015blubne. Poznaj praktyczne porady, jak zorganizowa\u0107 wymarzone wesele!\",\"publisher\":{\"@id\":\"https:\/\/www.saleweselne.com\/blog\/#organization\"},\"potentialAction\":[{\"@type\":\"SearchAction\",\"target\":{\"@type\":\"EntryPoint\",\"urlTemplate\":\"https:\/\/www.saleweselne.com\/blog\/?s={search_term_string}\"},\"query-input\":{\"@type\":\"PropertyValueSpecification\",\"valueRequired\":true,\"valueName\":\"search_term_string\"}}],\"inLanguage\":\"pl-PL\"},{\"@type\":\"Organization\",\"@id\":\"https:\/\/www.saleweselne.com\/blog\/#organization\",\"name\":\"SaleWeselne.com\",\"url\":\"https:\/\/www.saleweselne.com\/blog\/\",\"logo\":{\"@type\":\"ImageObject\",\"inLanguage\":\"pl-PL\",\"@id\":\"https:\/\/www.saleweselne.com\/blog\/#\/schema\/logo\/image\/\",\"url\":\"https:\/\/www.saleweselne.com\/blog\/wp-content\/uploads\/2021\/03\/saleweselne-logotyp-RGB-bez-tla-2.png\",\"contentUrl\":\"https:\/\/www.saleweselne.com\/blog\/wp-content\/uploads\/2021\/03\/saleweselne-logotyp-RGB-bez-tla-2.png\",\"width\":625,\"height\":150,\"caption\":\"SaleWeselne.com\"},\"image\":{\"@id\":\"https:\/\/www.saleweselne.com\/blog\/#\/schema\/logo\/image\/\"}},{\"@type\":\"Person\",\"@id\":\"https:\/\/www.saleweselne.com\/blog\/#\/schema\/person\/0e924cd9ceaca06a0d75928575d0f95a\",\"name\":\"Darek\",\"url\":\"https:\/\/www.saleweselne.com\/blog\/author\/darek\/\"}]}<\/script>\n<!-- \/ Yoast SEO plugin. -->","yoast_head_json":{"title":"Sukienki na poprawiny dla M\u0142odej - blog SaleWeselne.com","description":"Sukienki na poprawiny dla M\u0142odej - blog SaleWeselne.com","robots":{"index":"index","follow":"follow","max-snippet":"max-snippet:-1","max-image-preview":"max-image-preview:large","max-video-preview":"max-video-preview:-1"},"canonical":"https:\/\/www.saleweselne.com\/blog\/sukienki-na-poprawiny-dla-mlodej\/","og_locale":"pl_PL","og_type":"article","og_title":"Sukienki na poprawiny dla M\u0142odej - blog SaleWeselne.com","og_description":"Sukienki na poprawiny dla M\u0142odej - blog SaleWeselne.com","og_url":"https:\/\/www.saleweselne.com\/blog\/sukienki-na-poprawiny-dla-mlodej\/","og_site_name":"SaleWeselne.com","article_published_time":"2022-04-20T13:38:12+00:00","article_modified_time":"2024-05-07T10:10:54+00:00","og_image":[{"width":684,"height":1024,"url":"https:\/\/www.saleweselne.com\/blog\/wp-content\/uploads\/2022\/04\/pexels-olya-kobruseva-4541924-684x1024.jpg","type":"image\/jpeg"}],"author":"Darek","twitter_card":"summary_large_image","twitter_misc":{"Napisane przez":"Darek","Szacowany czas czytania":"5 minut"},"schema":{"@context":"https:\/\/schema.org","@graph":[{"@type":"Article","@id":"https:\/\/www.saleweselne.com\/blog\/sukienki-na-poprawiny-dla-mlodej\/#article","isPartOf":{"@id":"https:\/\/www.saleweselne.com\/blog\/sukienki-na-poprawiny-dla-mlodej\/"},"author":{"name":"Darek","@id":"https:\/\/www.saleweselne.com\/blog\/#\/schema\/person\/0e924cd9ceaca06a0d75928575d0f95a"},"headline":"Sukienki na poprawiny dla M\u0142odej","datePublished":"2022-04-20T13:38:12+00:00","dateModified":"2024-05-07T10:10:54+00:00","mainEntityOfPage":{"@id":"https:\/\/www.saleweselne.com\/blog\/sukienki-na-poprawiny-dla-mlodej\/"},"wordCount":997,"publisher":{"@id":"https:\/\/www.saleweselne.com\/blog\/#organization"},"image":{"@id":"https:\/\/www.saleweselne.com\/blog\/sukienki-na-poprawiny-dla-mlodej\/#primaryimage"},"thumbnailUrl":"https:\/\/www.saleweselne.com\/blog\/wp-content\/uploads\/2022\/04\/pexels-olya-kobruseva-4541924.jpg","articleSection":["fotografia \u015blubna","Miejsce na wesele","Motyw weselny","Organizacja wesela","Poprawiny"],"inLanguage":"pl-PL"},{"@type":"WebPage","@id":"https:\/\/www.saleweselne.com\/blog\/sukienki-na-poprawiny-dla-mlodej\/","url":"https:\/\/www.saleweselne.com\/blog\/sukienki-na-poprawiny-dla-mlodej\/","name":"Sukienki na poprawiny dla M\u0142odej - blog SaleWeselne.com","isPartOf":{"@id":"https:\/\/www.saleweselne.com\/blog\/#website"},"primaryImageOfPage":{"@id":"https:\/\/www.saleweselne.com\/blog\/sukienki-na-poprawiny-dla-mlodej\/#primaryimage"},"image":{"@id":"https:\/\/www.saleweselne.com\/blog\/sukienki-na-poprawiny-dla-mlodej\/#primaryimage"},"thumbnailUrl":"https:\/\/www.saleweselne.com\/blog\/wp-content\/uploads\/2022\/04\/pexels-olya-kobruseva-4541924.jpg","datePublished":"2022-04-20T13:38:12+00:00","dateModified":"2024-05-07T10:10:54+00:00","description":"Sukienki na poprawiny dla M\u0142odej - blog SaleWeselne.com","breadcrumb":{"@id":"https:\/\/www.saleweselne.com\/blog\/sukienki-na-poprawiny-dla-mlodej\/#breadcrumb"},"inLanguage":"pl-PL","potentialAction":[{"@type":"ReadAction","target":["https:\/\/www.saleweselne.com\/blog\/sukienki-na-poprawiny-dla-mlodej\/"]}]},{"@type":"ImageObject","inLanguage":"pl-PL","@id":"https:\/\/www.saleweselne.com\/blog\/sukienki-na-poprawiny-dla-mlodej\/#primaryimage","url":"https:\/\/www.saleweselne.com\/blog\/wp-content\/uploads\/2022\/04\/pexels-olya-kobruseva-4541924.jpg","contentUrl":"https:\/\/www.saleweselne.com\/blog\/wp-content\/uploads\/2022\/04\/pexels-olya-kobruseva-4541924.jpg","width":3004,"height":4500},{"@type":"BreadcrumbList","@id":"https:\/\/www.saleweselne.com\/blog\/sukienki-na-poprawiny-dla-mlodej\/#breadcrumb","itemListElement":[{"@type":"ListItem","position":1,"name":"Strona g\u0142\u00f3wna","item":"https:\/\/www.saleweselne.com\/blog\/"},{"@type":"ListItem","position":2,"name":"Sukienki na poprawiny dla M\u0142odej"}]},{"@type":"WebSite","@id":"https:\/\/www.saleweselne.com\/blog\/#website","url":"https:\/\/www.saleweselne.com\/blog\/","name":"SaleWeselne.com","description":"Blog Bran\u017cy Weselnej - Sprawd\u017a najpi\u0119kniejsze sale weselne oraz motywy \u015blubne. Poznaj praktyczne porady, jak zorganizowa\u0107 wymarzone wesele!","publisher":{"@id":"https:\/\/www.saleweselne.com\/blog\/#organization"},"potentialAction":[{"@type":"SearchAction","target":{"@type":"EntryPoint","urlTemplate":"https:\/\/www.saleweselne.com\/blog\/?s={search_term_string}"},"query-input":{"@type":"PropertyValueSpecification","valueRequired":true,"valueName":"search_term_string"}}],"inLanguage":"pl-PL"},{"@type":"Organization","@id":"https:\/\/www.saleweselne.com\/blog\/#organization","name":"SaleWeselne.com","url":"https:\/\/www.saleweselne.com\/blog\/","logo":{"@type":"ImageObject","inLanguage":"pl-PL","@id":"https:\/\/www.saleweselne.com\/blog\/#\/schema\/logo\/image\/","url":"https:\/\/www.saleweselne.com\/blog\/wp-content\/uploads\/2021\/03\/saleweselne-logotyp-RGB-bez-tla-2.png","contentUrl":"https:\/\/www.saleweselne.com\/blog\/wp-content\/uploads\/2021\/03\/saleweselne-logotyp-RGB-bez-tla-2.png","width":625,"height":150,"caption":"SaleWeselne.com"},"image":{"@id":"https:\/\/www.saleweselne.com\/blog\/#\/schema\/logo\/image\/"}},{"@type":"Person","@id":"https:\/\/www.saleweselne.com\/blog\/#\/schema\/person\/0e924cd9ceaca06a0d75928575d0f95a","name":"Darek","url":"https:\/\/www.saleweselne.com\/blog\/author\/darek\/"}]}},"_links":{"self":[{"href":"https:\/\/www.saleweselne.com\/blog\/wp-json\/wp\/v2\/posts\/3002","targetHints":{"allow":["GET"]}}],"collection":[{"href":"https:\/\/www.saleweselne.com\/blog\/wp-json\/wp\/v2\/posts"}],"about":[{"href":"https:\/\/www.saleweselne.com\/blog\/wp-json\/wp\/v2\/types\/post"}],"author":[{"embeddable":true,"href":"https:\/\/www.saleweselne.com\/blog\/wp-json\/wp\/v2\/users\/7"}],"replies":[{"embeddable":true,"href":"https:\/\/www.saleweselne.com\/blog\/wp-json\/wp\/v2\/comments?post=3002"}],"version-history":[{"count":18,"href":"https:\/\/www.saleweselne.com\/blog\/wp-json\/wp\/v2\/posts\/3002\/revisions"}],"predecessor-version":[{"id":3046,"href":"https:\/\/www.saleweselne.com\/blog\/wp-json\/wp\/v2\/posts\/3002\/revisions\/3046"}],"wp:featuredmedia":[{"embeddable":true,"href":"https:\/\/www.saleweselne.com\/blog\/wp-json\/wp\/v2\/media\/3012"}],"wp:attachment":[{"href":"https:\/\/www.saleweselne.com\/blog\/wp-json\/wp\/v2\/media?parent=3002"}],"wp:term":[{"taxonomy":"category","embeddable":true,"href":"https:\/\/www.saleweselne.com\/blog\/wp-json\/wp\/v2\/categories?post=3002"},{"taxonomy":"post_tag","embeddable":true,"href":"https:\/\/www.saleweselne.com\/blog\/wp-json\/wp\/v2\/tags?post=3002"}],"curies":[{"name":"wp","href":"https:\/\/api.w.org\/{rel}","templated":true}]}}