{"id":3447,"date":"2023-05-08T14:17:20","date_gmt":"2023-05-08T12:17:20","guid":{"rendered":"https:\/\/www.saleweselne.com\/blog\/?p=3447"},"modified":"2024-05-07T12:10:38","modified_gmt":"2024-05-07T10:10:38","slug":"oryginalna-dekoracja-stolu-weselnego-6-pomyslow","status":"publish","type":"post","link":"https:\/\/www.saleweselne.com\/blog\/oryginalna-dekoracja-stolu-weselnego-6-pomyslow\/","title":{"rendered":"Oryginalna dekoracja sto\u0142u weselnego &#8211; 6 pomys\u0142\u00f3w."},"content":{"rendered":"<p style=\"text-align: justify;\"><strong>Organizacja wyj\u0105tkowego wesela to jak prowadzenie wielkiego projektu &#8211; wymaga ogromnej ilo\u015bci czasu i zaanga\u017cowania. Nie mo\u017cna zapomnie\u0107 nawet o najmniejszych szczeg\u00f3\u0142ach, gdy\u017c to w\u0142a\u015bnie one dopinaj\u0105 uroczysto\u015b\u0107 w pi\u0119kn\u0105 ca\u0142o\u015b\u0107. Jednym z najwa\u017cniejszych element\u00f3w jest odpowiednie przygotowanie dekoracji sto\u0142u weselnego, kt\u00f3ry przyci\u0105ga uwag\u0119 i nadaje charakter ca\u0142emu przedsi\u0119wzi\u0119ciu.<\/strong><\/p>\n<p style=\"text-align: justify;\">Cho\u0107 tradycyjne kwiaty i bia\u0142e obrusy zawsze wygl\u0105daj\u0105 pi\u0119knie, warto zastanowi\u0107 si\u0119 nad <strong>oryginalnymi i kreatywnymi pomys\u0142ami, kt\u00f3re zachwyc\u0105 Waszych go\u015bci.<\/strong> W tym artykule przedstawiamy siedem nietuzinkowych sposob\u00f3w na dekoracj\u0119 sto\u0142u weselnego, kt\u00f3re sprawi\u0105, \u017ce Wasze wesele b\u0119dzie wyj\u0105tkowe i zapadnie w pami\u0119\u0107 na d\u0142ugo.<\/p>\n<h2 style=\"text-align: justify;\">Kwiaty i ro\u015bliny w doniczkach<\/h2>\n<p style=\"text-align: justify;\">Kwiaty i ro\u015bliny w doniczkach to niezwykle urokliwy element dekoracyjny, kt\u00f3ry mo\u017ce nada\u0107 wyj\u0105tkowego klimatu ka\u017cdej okazji. W przypadku sto\u0142u weselnego, takie aran\u017cacje mog\u0105 by\u0107 nie tylko eleganckie, ale i bardzo oryginalne.<\/p>\n<p><img loading=\"lazy\" decoding=\"async\" class=\"aligncenter size-full wp-image-3453\" src=\"https:\/\/www.saleweselne.com\/blog\/wp-content\/uploads\/2023\/05\/luigi-pozzoli-dCj59bCHq1U-unsplash.jpg\" alt=\"\" width=\"3500\" height=\"2333\" srcset=\"https:\/\/www.saleweselne.com\/blog\/wp-content\/uploads\/2023\/05\/luigi-pozzoli-dCj59bCHq1U-unsplash.jpg 3500w, https:\/\/www.saleweselne.com\/blog\/wp-content\/uploads\/2023\/05\/luigi-pozzoli-dCj59bCHq1U-unsplash-300x200.jpg 300w, https:\/\/www.saleweselne.com\/blog\/wp-content\/uploads\/2023\/05\/luigi-pozzoli-dCj59bCHq1U-unsplash-768x512.jpg 768w, https:\/\/www.saleweselne.com\/blog\/wp-content\/uploads\/2023\/05\/luigi-pozzoli-dCj59bCHq1U-unsplash-1024x683.jpg 1024w, https:\/\/www.saleweselne.com\/blog\/wp-content\/uploads\/2023\/05\/luigi-pozzoli-dCj59bCHq1U-unsplash-1140x760.jpg 1140w\" sizes=\"auto, (max-width: 3500px) 100vw, 3500px\" \/><\/p>\n<p style=\"text-align: justify;\"><strong>Zamiast klasycznych bukiet\u00f3w, warto postawi\u0107 na mniejsze kwiaty i ro\u015bliny,<\/strong> kt\u00f3re w doniczkach b\u0119d\u0105 wygl\u0105da\u0107 r\u00f3wnie pi\u0119knie, a dodatkowo stan\u0105 si\u0119 ciekawym elementem sto\u0142u. Doniczki z ro\u015blinami mo\u017cna umie\u015bci\u0107 wzd\u0142u\u017c \u015brodka sto\u0142u, tworz\u0105c pi\u0119kne i kolorowe kompozycje. Aby doniczki z ro\u015blinami sta\u0142y si\u0119 jeszcze bardziej dekoracyjne, mo\u017cna je <strong>ozdobi\u0107 kokardkami, wst\u0105\u017ckami lub ma\u0142ymi breloczkami z imionami go\u015bci.<\/strong> Taki szczeg\u00f3\u0142 sprawi, \u017ce st\u00f3\u0142 weselny nabierze jeszcze bardziej osobistego charakteru i przyci\u0105gnie uwag\u0119 ka\u017cdego z zaproszonych go\u015bci.<\/p>\n<h2 style=\"text-align: justify;\">\u015awiece i lampiony<\/h2>\n<p style=\"text-align: justify;\">Lampiony i \u015bwiece to idealne elementy dekoracyjne, kt\u00f3re dodadz\u0105<strong> elegancji, ciep\u0142a oraz romantyzmu na ka\u017cdym weselnym stole.<\/strong><\/p>\n<p style=\"text-align: justify;\">\u015awiece, umie\u015bci\u0107 mo\u017cna w <strong>pi\u0119knych szklanych i metalowych pojemnikach, lub ozdobnych \u015bwiecznikach,<\/strong> kt\u00f3re dodadz\u0105 z\u0142otej ciep\u0142ej po\u015bwiaty. W ten spos\u00f3b \u015bwiat\u0142a nie tylko wspaniale udekoruj\u0105 sto\u0142y, ale r\u00f3wnie\u017c wprowadzaj\u0105 przyjemn\u0105 atmosfer\u0119 intymno\u015bci i romantyzmu. Ich p\u0142omienie poch\u0142aniaj\u0105 napi\u0119cie i wytwarzaj\u0105 spokojn\u0105 i przyjemn\u0105 aur\u0119. Mo\u017cna je r\u00f3wnie\u017c umie\u015bci\u0107 <strong>wzd\u0142u\u017c ca\u0142ego sto\u0142u, aby doda\u0107 jeszcze wi\u0119cej blasku i uroku.<\/strong><\/p>\n<p><img loading=\"lazy\" decoding=\"async\" class=\"aligncenter size-full wp-image-3448\" src=\"https:\/\/www.saleweselne.com\/blog\/wp-content\/uploads\/2023\/05\/hannah-busing-rYWEj9Cyx7E-unsplash.jpg\" alt=\"\" width=\"5040\" height=\"3360\" srcset=\"https:\/\/www.saleweselne.com\/blog\/wp-content\/uploads\/2023\/05\/hannah-busing-rYWEj9Cyx7E-unsplash.jpg 5040w, https:\/\/www.saleweselne.com\/blog\/wp-content\/uploads\/2023\/05\/hannah-busing-rYWEj9Cyx7E-unsplash-300x200.jpg 300w, https:\/\/www.saleweselne.com\/blog\/wp-content\/uploads\/2023\/05\/hannah-busing-rYWEj9Cyx7E-unsplash-768x512.jpg 768w, https:\/\/www.saleweselne.com\/blog\/wp-content\/uploads\/2023\/05\/hannah-busing-rYWEj9Cyx7E-unsplash-1024x683.jpg 1024w, https:\/\/www.saleweselne.com\/blog\/wp-content\/uploads\/2023\/05\/hannah-busing-rYWEj9Cyx7E-unsplash-1140x760.jpg 1140w\" sizes=\"auto, (max-width: 5040px) 100vw, 5040px\" \/><\/p>\n<p style=\"text-align: justify;\">Lampiony s\u0105 wspania\u0142ym uzupe\u0142nieniem dekoracji weselnego sto\u0142u. <strong>Mog\u0105 przybiera\u0107 r\u00f3\u017cne kszta\u0142ty i kolory<\/strong>. Mo\u017cna je zawiesi\u0107 w powietrzu, aby stworzy\u0107 pi\u0119kne aran\u017cacje \u015bwiat\u0142a, kt\u00f3re wprowadz\u0105 niepowtarzaln\u0105 atmosfer\u0119 romantyzmu i uroku. Dobrym rozwi\u0105zaniem jest te\u017c umieszczenie lampion\u00f3w bezpo\u015brednio na sto\u0142ach, aby podkre\u015bli\u0107 ich elegancj\u0119.<\/p>\n<h2 style=\"text-align: justify;\">Lustra i szk\u0142o<\/h2>\n<p style=\"text-align: justify;\"><strong>Lustra i szk\u0142o &#8211; te s\u0142owa wzbudzaj\u0105 skojarzenia z elegancj\u0105 i szykiem.<\/strong> A kiedy dodamy je do dekoracji sto\u0142u weselnego, uzyskujemy wspania\u0142y efekt, kt\u00f3ry zachwyci go\u015bci.<\/p>\n<p style=\"text-align: justify;\">Du\u017ce lustra umieszczone na \u015brodku sto\u0142u stanowi\u0105 prawdziwe <strong>arcydzie\u0142a dekoratorskie.<\/strong> Ich l\u015bni\u0105ce powierzchnie odbijaj\u0105 \u015bwiat\u0142o i dodaj\u0105 przestrzeni lekko\u015bci i elegancji. <strong>A co z mniejszymi lustrami?<\/strong> Mo\u017cna je rozmie\u015bci\u0107 wzd\u0142u\u017c sto\u0142u, co stworzy ciekawy efekt optyczny i dodatkowo roz\u015bwietli ca\u0142e wn\u0119trze.<\/p>\n<p><img loading=\"lazy\" decoding=\"async\" class=\"aligncenter size-full wp-image-3450\" src=\"https:\/\/www.saleweselne.com\/blog\/wp-content\/uploads\/2023\/05\/marc-babin-ecGZWPOvya0-unsplash.jpg\" alt=\"\" width=\"4368\" height=\"2912\" srcset=\"https:\/\/www.saleweselne.com\/blog\/wp-content\/uploads\/2023\/05\/marc-babin-ecGZWPOvya0-unsplash.jpg 4368w, https:\/\/www.saleweselne.com\/blog\/wp-content\/uploads\/2023\/05\/marc-babin-ecGZWPOvya0-unsplash-300x200.jpg 300w, https:\/\/www.saleweselne.com\/blog\/wp-content\/uploads\/2023\/05\/marc-babin-ecGZWPOvya0-unsplash-768x512.jpg 768w, https:\/\/www.saleweselne.com\/blog\/wp-content\/uploads\/2023\/05\/marc-babin-ecGZWPOvya0-unsplash-1024x683.jpg 1024w, https:\/\/www.saleweselne.com\/blog\/wp-content\/uploads\/2023\/05\/marc-babin-ecGZWPOvya0-unsplash-1140x760.jpg 1140w\" sizes=\"auto, (max-width: 4368px) 100vw, 4368px\" \/><\/p>\n<p style=\"text-align: justify;\">Szk\u0142o to materia\u0142, kt\u00f3ry kojarzy si\u0119 z wytworno\u015bci\u0105 i szykiem.<strong> Wazy, kieliszki, misy<\/strong> &#8211; to tylko niekt\u00f3re elementy ze szk\u0142a, kt\u00f3re mo\u017cna umie\u015bci\u0107 na sto\u0142ach weselnych. Ich l\u015bni\u0105ce powierzchnie odbijaj\u0105 \u015bwiat\u0142o, co sprawia, \u017ce ca\u0142a przestrze\u0144 nabiera uroku i elegancji.<\/p>\n<p style=\"text-align: justify;\">Nie tylko zwyk\u0142e szklane elementy s\u0105 wspania\u0142\u0105 dekoracj\u0105. Mo\u017cna tak\u017ce postawi\u0107 na sto\u0142ach <strong>szklane kule lub figurki,<\/strong> kt\u00f3re wyr\u00f3\u017cni\u0105 si\u0119 spo\u015br\u00f3d innych element\u00f3w dekoracyjnych. Te delikatne i eleganckie dodatki na pewno zrobi\u0105 wra\u017cenie na go\u015bciach.<\/p>\n<h2 style=\"text-align: justify;\">Owoce i warzywa<\/h2>\n<p style=\"text-align: justify;\">Owoce i warzywa, to naturalna poezja smaku, barw i aromatu, kt\u00f3ra w niebanalny spos\u00f3b, mo\u017ce w<strong>zbogaci\u0107 pi\u0119kno weselnego sto\u0142u<\/strong>. Te niesamowite skarby natury, z \u0142atwo\u015bci\u0105 ujmuj\u0105 nasze zmys\u0142y i pobudzaj\u0105 wyobra\u017ani\u0119.<\/p>\n<p style=\"text-align: justify;\">Owoce i warzywa mog\u0105 stanowi\u0107 niebanaln\u0105 dekoracj\u0119 sto\u0142u weselnego. Mo\u017cna je umie\u015bci\u0107 w <strong>eleganckich talerzach lub stylowych koszach, b\u0105d\u017a te\u017c zaprezentowa\u0107 w formie pi\u0119knych, artystycznych kompozycji, zdobi\u0105cych centraln\u0105 cz\u0119\u015b\u0107 sto\u0142u<\/strong>. By uzyska\u0107 wyj\u0105tkowy efekt, warto postawi\u0107 na ciekawe po\u0142\u0105czenia kolor\u00f3w i kszta\u0142t\u00f3w, a tak\u017ce doda\u0107 dodatkowe elementy dekoracyjne, takie jak li\u015bcie, ga\u0142\u0105zki czy kwiaty. W ten spos\u00f3b stworzymy niepowtarzaln\u0105, wakacyjn\u0105 atmosfer\u0119, kt\u00f3ra zachwyci go\u015bci.<\/p>\n<p><img loading=\"lazy\" decoding=\"async\" class=\"aligncenter size-full wp-image-3452\" src=\"https:\/\/www.saleweselne.com\/blog\/wp-content\/uploads\/2023\/05\/jason-gardner-hiAlkxoq4kk-unsplash.jpg\" alt=\"\" width=\"4000\" height=\"6000\" srcset=\"https:\/\/www.saleweselne.com\/blog\/wp-content\/uploads\/2023\/05\/jason-gardner-hiAlkxoq4kk-unsplash.jpg 4000w, https:\/\/www.saleweselne.com\/blog\/wp-content\/uploads\/2023\/05\/jason-gardner-hiAlkxoq4kk-unsplash-200x300.jpg 200w, https:\/\/www.saleweselne.com\/blog\/wp-content\/uploads\/2023\/05\/jason-gardner-hiAlkxoq4kk-unsplash-768x1152.jpg 768w, https:\/\/www.saleweselne.com\/blog\/wp-content\/uploads\/2023\/05\/jason-gardner-hiAlkxoq4kk-unsplash-683x1024.jpg 683w, https:\/\/www.saleweselne.com\/blog\/wp-content\/uploads\/2023\/05\/jason-gardner-hiAlkxoq4kk-unsplash-1140x1710.jpg 1140w\" sizes=\"auto, (max-width: 4000px) 100vw, 4000px\" \/><\/p>\n<p style=\"text-align: justify;\">Owoce i warzywa to nie tylko dekoracja sto\u0142u weselnego, ale r\u00f3wnie\u017c<strong> pyszne przek\u0105ski, kt\u00f3re idealnie zaspokoj\u0105 apetyt go\u015bci.<\/strong> Dzi\u0119ki nim, ka\u017cdy b\u0119dzie m\u00f3g\u0142 rozkoszowa\u0107 si\u0119 wspania\u0142ymi smakami, a jednocze\u015bnie podziwia\u0107 pi\u0119kno natury, kt\u00f3re znajdzie si\u0119 na stole. W ten spos\u00f3b, owoce i warzywa staj\u0105 si\u0119 nie tylko elementem dekoracyjnym, ale r\u00f3wnie\u017c doskona\u0142ym dodatkiem kulinarnym, kt\u00f3ry pozwoli na zachowanie zdrowej r\u00f3wnowagi w diecie weselnego menu.<\/p>\n<h2 style=\"text-align: justify;\">Drewno i surowe materia\u0142y<\/h2>\n<p style=\"text-align: justify;\">Dla par, kt\u00f3re pragn\u0105 podkre\u015bli\u0107 swoje<strong> zami\u0142owanie do rustykalnego stylu,<\/strong> idealnym rozwi\u0105zaniem b\u0119d\u0105 dekoracje wykonane z naturalnych materia\u0142\u00f3w, takich jak drewno czy surowe tkaniny.<\/p>\n<p style=\"text-align: justify;\">Drewno, to materia\u0142, kt\u00f3ry nie tylko emanuje ciep\u0142em i przytulno\u015bci\u0105, ale r\u00f3wnie\u017c wspaniale komponuje si\u0119 z kwiatami, \u015bwiecami czy owocami. Wystarczy umie\u015bci\u0107 na \u015brodku sto\u0142u <strong>drewniane tace, deski lub p\u00f3\u0142ki, a nast\u0119pnie udekorowa\u0107 je wed\u0142ug w\u0142asnego gustu.<\/strong> W ten spos\u00f3b mo\u017cna stworzy\u0107 niepowtarzaln\u0105 aran\u017cacj\u0119, kt\u00f3ra zachwyci wszystkich go\u015bci.<\/p>\n<p><img loading=\"lazy\" decoding=\"async\" class=\"aligncenter size-full wp-image-3449\" src=\"https:\/\/www.saleweselne.com\/blog\/wp-content\/uploads\/2023\/05\/mitchell-lawler-tbaoryUol_E-unsplash.jpg\" alt=\"\" width=\"6016\" height=\"4016\" srcset=\"https:\/\/www.saleweselne.com\/blog\/wp-content\/uploads\/2023\/05\/mitchell-lawler-tbaoryUol_E-unsplash.jpg 6016w, https:\/\/www.saleweselne.com\/blog\/wp-content\/uploads\/2023\/05\/mitchell-lawler-tbaoryUol_E-unsplash-300x200.jpg 300w, https:\/\/www.saleweselne.com\/blog\/wp-content\/uploads\/2023\/05\/mitchell-lawler-tbaoryUol_E-unsplash-768x513.jpg 768w, https:\/\/www.saleweselne.com\/blog\/wp-content\/uploads\/2023\/05\/mitchell-lawler-tbaoryUol_E-unsplash-1024x684.jpg 1024w, https:\/\/www.saleweselne.com\/blog\/wp-content\/uploads\/2023\/05\/mitchell-lawler-tbaoryUol_E-unsplash-1140x761.jpg 1140w\" sizes=\"auto, (max-width: 6016px) 100vw, 6016px\" \/><\/p>\n<p style=\"text-align: justify;\">Opr\u00f3cz tradycyjnych drewnianych element\u00f3w, warto zastanowi\u0107 si\u0119 nad wykorzystaniem<strong> drewnianych skrzynek czy koszy,<\/strong> kt\u00f3re stanowi\u0105 doskona\u0142e uzupe\u0142nienie dekoracji sto\u0142u weselnego. Dzi\u0119ki nim mo\u017cna wyeksponowa\u0107 owoce, zio\u0142a czy kwiaty, a tak\u017ce stworzy\u0107 praktyczne elementy do podawania przek\u0105sek.<\/p>\n<p style=\"text-align: justify;\">Surowe materia\u0142y, takie jak <strong>p\u0142\u00f3tno czy juta,<\/strong> r\u00f3wnie\u017c doskonale nadaj\u0105 si\u0119 do dekoracji sto\u0142u weselnego. Mog\u0105 one pe\u0142ni\u0107 rol\u0119 obrusa lub podk\u0142adek pod talerze, co sprawi, \u017ce ca\u0142a aran\u017cacja nabierze nieco surowego, naturalnego charakteru.<\/p>\n<h2 style=\"text-align: justify;\">Personalizowane akcenty<\/h2>\n<p style=\"text-align: justify;\">Personalizowane akcenty to jak najbardziej trafiony pomys\u0142 na dodanie wyj\u0105tkowego charakteru do sto\u0142u weselnego dla ka\u017cdej pary. Ciekawym rozwi\u0105zaniem jest umieszczenie na sto\u0142ach <strong>ram z indywidualnymi zdj\u0119ciami pary &#8211; to doskona\u0142y spos\u00f3b na pokazanie swojej mi\u0142o\u015bci i uczczenie pi\u0119knej chwili, kt\u00f3r\u0105 stanowi ich \u015blub.<\/strong> Personalizowane podzi\u0119kowania dla go\u015bci r\u00f3wnie\u017c wspaniale wpisuj\u0105 si\u0119 w t\u0119 koncepcj\u0119, poniewa\u017c pozwalaj\u0105 wyrazi\u0107 wdzi\u0119czno\u015b\u0107 za towarzyszenie w tak wyj\u0105tkowym dniu.<\/p>\n<p><img loading=\"lazy\" decoding=\"async\" class=\"aligncenter size-full wp-image-3455\" src=\"https:\/\/www.saleweselne.com\/blog\/wp-content\/uploads\/2023\/05\/nils-stahl-BCkLxilDvJU-unsplash.jpg\" alt=\"\" width=\"4720\" height=\"3147\" srcset=\"https:\/\/www.saleweselne.com\/blog\/wp-content\/uploads\/2023\/05\/nils-stahl-BCkLxilDvJU-unsplash.jpg 4720w, https:\/\/www.saleweselne.com\/blog\/wp-content\/uploads\/2023\/05\/nils-stahl-BCkLxilDvJU-unsplash-300x200.jpg 300w, https:\/\/www.saleweselne.com\/blog\/wp-content\/uploads\/2023\/05\/nils-stahl-BCkLxilDvJU-unsplash-768x512.jpg 768w, https:\/\/www.saleweselne.com\/blog\/wp-content\/uploads\/2023\/05\/nils-stahl-BCkLxilDvJU-unsplash-1024x683.jpg 1024w, https:\/\/www.saleweselne.com\/blog\/wp-content\/uploads\/2023\/05\/nils-stahl-BCkLxilDvJU-unsplash-1140x760.jpg 1140w\" sizes=\"auto, (max-width: 4720px) 100vw, 4720px\" \/><\/p>\n<p style=\"text-align: justify;\">Mo\u017cna tak\u017ce doda\u0107 do dekoracji sto\u0142u weselnego<strong> opakowania lub podk\u0142adki pod talerze z imionami go\u015bci.<\/strong> Takie elementy przyci\u0105gaj\u0105 uwag\u0119 i sprawiaj\u0105, \u017ce ka\u017cdy czuje si\u0119 doceniony i zaproszony na wesele w spos\u00f3b szczeg\u00f3lny. Nie ma w\u0105tpliwo\u015bci, \u017ce taka personalizacja sto\u0142u weselnego zostanie zapami\u0119tana przez wszystkich go\u015bci. To wyj\u0105tkowy spos\u00f3b na uczczenie mi\u0142o\u015bci i z\u0142o\u017cenie ho\u0142du temu wyj\u0105tkowemu dniu.<\/p>\n<p style=\"text-align: justify;\">Oryginalna dekoracja sto\u0142u weselnego to \u015bwietny spos\u00f3b na wyr\u00f3\u017cnienie si\u0119 w t\u0142umie oraz dodanie <strong>niepowtarzalnego charakteru<\/strong> Waszej uroczysto\u015bci. Mo\u017cecie zainspirowa\u0107 si\u0119 r\u00f3\u017cnymi pomys\u0142ami i trendami, ale pami\u0119tajcie, \u017ce<strong> najwa\u017cniejsze jest, aby dekoracje odzwierciedla\u0142y Wasz\u0105 osobowo\u015b\u0107 i styl.<\/strong> Nie b\u00f3jcie si\u0119 eksperymentowa\u0107 i wprowadza\u0107 w\u0142asnych pomys\u0142\u00f3w &#8211; to w\u0142a\u015bnie one sprawi\u0105, \u017ce Wasze wesele b\u0119dzie wyj\u0105tkowe i niezapomniane.<\/p>\n","protected":false},"excerpt":{"rendered":"<p>Wyobra\u017a sobie, \u017ce jeste\u015b go\u015bciem na weselu, gdzie ka\u017cdy detal zapiera dech w piersiach. Pi\u0119kna suknia panny m\u0142odej, elegancki garnitur pana m\u0142odego i&#8230; oryginalna dekoracja sto\u0142u, kt\u00f3ra przyci\u0105ga uwag\u0119 wszystkich! Poznaj 6 kreatywnych pomys\u0142\u00f3w na to, jak stworzy\u0107 wyj\u0105tkow\u0105 aran\u017cacj\u0119 sto\u0142u weselnego i zainspiruj si\u0119 do w\u0142asnych dekoratorskich eksperyment\u00f3w!<\/p>\n","protected":false},"author":7,"featured_media":3454,"comment_status":"closed","ping_status":"closed","sticky":false,"template":"","format":"standard","meta":{"footnotes":""},"categories":[194,197,228,170],"tags":[181,212,230,229,174,178],"class_list":["post-3447","post","type-post","status-publish","format-standard","has-post-thumbnail","hentry","category-dekoracje-weselne","category-handmade","category-motyw-weselny","category-organizacja-wesela","tag-dekoracja-sali-weselnej","tag-dodatki-slubne","tag-motyw-przewodni","tag-motyw-weselny","tag-organizacja-wesela","tag-sala-weselna"],"yoast_head":"<!-- This site is optimized with the Yoast SEO plugin v27.5 - https:\/\/yoast.com\/product\/yoast-seo-wordpress\/ -->\n<title>Oryginalna dekoracja sto\u0142u weselnego - 6 pomys\u0142\u00f3w. - blog SaleWeselne.com<\/title>\n<meta name=\"description\" content=\"Oryginalna dekoracja sto\u0142u weselnego - 6 pomys\u0142\u00f3w. - blog SaleWeselne.com\" \/>\n<meta name=\"robots\" content=\"index, follow, max-snippet:-1, max-image-preview:large, max-video-preview:-1\" \/>\n<link rel=\"canonical\" href=\"https:\/\/www.saleweselne.com\/blog\/oryginalna-dekoracja-stolu-weselnego-6-pomyslow\/\" \/>\n<meta property=\"og:locale\" content=\"pl_PL\" \/>\n<meta property=\"og:type\" content=\"article\" \/>\n<meta property=\"og:title\" content=\"Oryginalna dekoracja sto\u0142u weselnego - 6 pomys\u0142\u00f3w. - blog SaleWeselne.com\" \/>\n<meta property=\"og:description\" content=\"Oryginalna dekoracja sto\u0142u weselnego - 6 pomys\u0142\u00f3w. - blog SaleWeselne.com\" \/>\n<meta property=\"og:url\" content=\"https:\/\/www.saleweselne.com\/blog\/oryginalna-dekoracja-stolu-weselnego-6-pomyslow\/\" \/>\n<meta property=\"og:site_name\" content=\"SaleWeselne.com\" \/>\n<meta property=\"article:published_time\" content=\"2023-05-08T12:17:20+00:00\" \/>\n<meta property=\"article:modified_time\" content=\"2024-05-07T10:10:38+00:00\" \/>\n<meta property=\"og:image\" content=\"https:\/\/www.saleweselne.com\/blog\/wp-content\/uploads\/2023\/05\/kylefromthenorth-divZsHxB0m4-unsplash.jpg\" \/>\n\t<meta property=\"og:image:width\" content=\"3615\" \/>\n\t<meta property=\"og:image:height\" content=\"2410\" \/>\n\t<meta property=\"og:image:type\" content=\"image\/jpeg\" \/>\n<meta name=\"author\" content=\"Darek\" \/>\n<meta name=\"twitter:card\" content=\"summary_large_image\" \/>\n<meta name=\"twitter:label1\" content=\"Napisane przez\" \/>\n\t<meta name=\"twitter:data1\" content=\"Darek\" \/>\n\t<meta name=\"twitter:label2\" content=\"Szacowany czas czytania\" \/>\n\t<meta name=\"twitter:data2\" content=\"6 minut\" \/>\n<script type=\"application\/ld+json\" class=\"yoast-schema-graph\">{\"@context\":\"https:\\\/\\\/schema.org\",\"@graph\":[{\"@type\":\"Article\",\"@id\":\"https:\\\/\\\/www.saleweselne.com\\\/blog\\\/oryginalna-dekoracja-stolu-weselnego-6-pomyslow\\\/#article\",\"isPartOf\":{\"@id\":\"https:\\\/\\\/www.saleweselne.com\\\/blog\\\/oryginalna-dekoracja-stolu-weselnego-6-pomyslow\\\/\"},\"author\":{\"name\":\"Darek\",\"@id\":\"https:\\\/\\\/www.saleweselne.com\\\/blog\\\/#\\\/schema\\\/person\\\/0e924cd9ceaca06a0d75928575d0f95a\"},\"headline\":\"Oryginalna dekoracja sto\u0142u weselnego &#8211; 6 pomys\u0142\u00f3w.\",\"datePublished\":\"2023-05-08T12:17:20+00:00\",\"dateModified\":\"2024-05-07T10:10:38+00:00\",\"mainEntityOfPage\":{\"@id\":\"https:\\\/\\\/www.saleweselne.com\\\/blog\\\/oryginalna-dekoracja-stolu-weselnego-6-pomyslow\\\/\"},\"wordCount\":1258,\"publisher\":{\"@id\":\"https:\\\/\\\/www.saleweselne.com\\\/blog\\\/#organization\"},\"image\":{\"@id\":\"https:\\\/\\\/www.saleweselne.com\\\/blog\\\/oryginalna-dekoracja-stolu-weselnego-6-pomyslow\\\/#primaryimage\"},\"thumbnailUrl\":\"https:\\\/\\\/www.saleweselne.com\\\/blog\\\/wp-content\\\/uploads\\\/2023\\\/05\\\/kylefromthenorth-divZsHxB0m4-unsplash.jpg\",\"keywords\":[\"dekoracja sali weselnej\",\"dodatki \u015blubne\",\"motyw przewodni\",\"motyw weselny\",\"organizacja wesela\",\"sala weselna\"],\"articleSection\":[\"Dekoracje weselne\",\"Handmade\",\"Motyw weselny\",\"Organizacja wesela\"],\"inLanguage\":\"pl-PL\"},{\"@type\":\"WebPage\",\"@id\":\"https:\\\/\\\/www.saleweselne.com\\\/blog\\\/oryginalna-dekoracja-stolu-weselnego-6-pomyslow\\\/\",\"url\":\"https:\\\/\\\/www.saleweselne.com\\\/blog\\\/oryginalna-dekoracja-stolu-weselnego-6-pomyslow\\\/\",\"name\":\"Oryginalna dekoracja sto\u0142u weselnego - 6 pomys\u0142\u00f3w. - blog SaleWeselne.com\",\"isPartOf\":{\"@id\":\"https:\\\/\\\/www.saleweselne.com\\\/blog\\\/#website\"},\"primaryImageOfPage\":{\"@id\":\"https:\\\/\\\/www.saleweselne.com\\\/blog\\\/oryginalna-dekoracja-stolu-weselnego-6-pomyslow\\\/#primaryimage\"},\"image\":{\"@id\":\"https:\\\/\\\/www.saleweselne.com\\\/blog\\\/oryginalna-dekoracja-stolu-weselnego-6-pomyslow\\\/#primaryimage\"},\"thumbnailUrl\":\"https:\\\/\\\/www.saleweselne.com\\\/blog\\\/wp-content\\\/uploads\\\/2023\\\/05\\\/kylefromthenorth-divZsHxB0m4-unsplash.jpg\",\"datePublished\":\"2023-05-08T12:17:20+00:00\",\"dateModified\":\"2024-05-07T10:10:38+00:00\",\"description\":\"Oryginalna dekoracja sto\u0142u weselnego - 6 pomys\u0142\u00f3w. - blog SaleWeselne.com\",\"breadcrumb\":{\"@id\":\"https:\\\/\\\/www.saleweselne.com\\\/blog\\\/oryginalna-dekoracja-stolu-weselnego-6-pomyslow\\\/#breadcrumb\"},\"inLanguage\":\"pl-PL\",\"potentialAction\":[{\"@type\":\"ReadAction\",\"target\":[\"https:\\\/\\\/www.saleweselne.com\\\/blog\\\/oryginalna-dekoracja-stolu-weselnego-6-pomyslow\\\/\"]}]},{\"@type\":\"ImageObject\",\"inLanguage\":\"pl-PL\",\"@id\":\"https:\\\/\\\/www.saleweselne.com\\\/blog\\\/oryginalna-dekoracja-stolu-weselnego-6-pomyslow\\\/#primaryimage\",\"url\":\"https:\\\/\\\/www.saleweselne.com\\\/blog\\\/wp-content\\\/uploads\\\/2023\\\/05\\\/kylefromthenorth-divZsHxB0m4-unsplash.jpg\",\"contentUrl\":\"https:\\\/\\\/www.saleweselne.com\\\/blog\\\/wp-content\\\/uploads\\\/2023\\\/05\\\/kylefromthenorth-divZsHxB0m4-unsplash.jpg\",\"width\":3615,\"height\":2410},{\"@type\":\"BreadcrumbList\",\"@id\":\"https:\\\/\\\/www.saleweselne.com\\\/blog\\\/oryginalna-dekoracja-stolu-weselnego-6-pomyslow\\\/#breadcrumb\",\"itemListElement\":[{\"@type\":\"ListItem\",\"position\":1,\"name\":\"Strona g\u0142\u00f3wna\",\"item\":\"https:\\\/\\\/www.saleweselne.com\\\/blog\\\/\"},{\"@type\":\"ListItem\",\"position\":2,\"name\":\"Oryginalna dekoracja sto\u0142u weselnego &#8211; 6 pomys\u0142\u00f3w.\"}]},{\"@type\":\"WebSite\",\"@id\":\"https:\\\/\\\/www.saleweselne.com\\\/blog\\\/#website\",\"url\":\"https:\\\/\\\/www.saleweselne.com\\\/blog\\\/\",\"name\":\"SaleWeselne.com\",\"description\":\"Blog Bran\u017cy Weselnej - Sprawd\u017a najpi\u0119kniejsze sale weselne oraz motywy \u015blubne. Poznaj praktyczne porady, jak zorganizowa\u0107 wymarzone wesele!\",\"publisher\":{\"@id\":\"https:\\\/\\\/www.saleweselne.com\\\/blog\\\/#organization\"},\"potentialAction\":[{\"@type\":\"SearchAction\",\"target\":{\"@type\":\"EntryPoint\",\"urlTemplate\":\"https:\\\/\\\/www.saleweselne.com\\\/blog\\\/?s={search_term_string}\"},\"query-input\":{\"@type\":\"PropertyValueSpecification\",\"valueRequired\":true,\"valueName\":\"search_term_string\"}}],\"inLanguage\":\"pl-PL\"},{\"@type\":\"Organization\",\"@id\":\"https:\\\/\\\/www.saleweselne.com\\\/blog\\\/#organization\",\"name\":\"SaleWeselne.com\",\"url\":\"https:\\\/\\\/www.saleweselne.com\\\/blog\\\/\",\"logo\":{\"@type\":\"ImageObject\",\"inLanguage\":\"pl-PL\",\"@id\":\"https:\\\/\\\/www.saleweselne.com\\\/blog\\\/#\\\/schema\\\/logo\\\/image\\\/\",\"url\":\"https:\\\/\\\/www.saleweselne.com\\\/blog\\\/wp-content\\\/uploads\\\/2021\\\/03\\\/saleweselne-logotyp-RGB-bez-tla-2.png\",\"contentUrl\":\"https:\\\/\\\/www.saleweselne.com\\\/blog\\\/wp-content\\\/uploads\\\/2021\\\/03\\\/saleweselne-logotyp-RGB-bez-tla-2.png\",\"width\":625,\"height\":150,\"caption\":\"SaleWeselne.com\"},\"image\":{\"@id\":\"https:\\\/\\\/www.saleweselne.com\\\/blog\\\/#\\\/schema\\\/logo\\\/image\\\/\"}},{\"@type\":\"Person\",\"@id\":\"https:\\\/\\\/www.saleweselne.com\\\/blog\\\/#\\\/schema\\\/person\\\/0e924cd9ceaca06a0d75928575d0f95a\",\"name\":\"Darek\",\"url\":\"https:\\\/\\\/www.saleweselne.com\\\/blog\\\/author\\\/darek\\\/\"}]}<\/script>\n<!-- \/ Yoast SEO plugin. -->","yoast_head_json":{"title":"Oryginalna dekoracja sto\u0142u weselnego - 6 pomys\u0142\u00f3w. - blog SaleWeselne.com","description":"Oryginalna dekoracja sto\u0142u weselnego - 6 pomys\u0142\u00f3w. - blog SaleWeselne.com","robots":{"index":"index","follow":"follow","max-snippet":"max-snippet:-1","max-image-preview":"max-image-preview:large","max-video-preview":"max-video-preview:-1"},"canonical":"https:\/\/www.saleweselne.com\/blog\/oryginalna-dekoracja-stolu-weselnego-6-pomyslow\/","og_locale":"pl_PL","og_type":"article","og_title":"Oryginalna dekoracja sto\u0142u weselnego - 6 pomys\u0142\u00f3w. - blog SaleWeselne.com","og_description":"Oryginalna dekoracja sto\u0142u weselnego - 6 pomys\u0142\u00f3w. - blog SaleWeselne.com","og_url":"https:\/\/www.saleweselne.com\/blog\/oryginalna-dekoracja-stolu-weselnego-6-pomyslow\/","og_site_name":"SaleWeselne.com","article_published_time":"2023-05-08T12:17:20+00:00","article_modified_time":"2024-05-07T10:10:38+00:00","og_image":[{"width":3615,"height":2410,"url":"https:\/\/www.saleweselne.com\/blog\/wp-content\/uploads\/2023\/05\/kylefromthenorth-divZsHxB0m4-unsplash.jpg","type":"image\/jpeg"}],"author":"Darek","twitter_card":"summary_large_image","twitter_misc":{"Napisane przez":"Darek","Szacowany czas czytania":"6 minut"},"schema":{"@context":"https:\/\/schema.org","@graph":[{"@type":"Article","@id":"https:\/\/www.saleweselne.com\/blog\/oryginalna-dekoracja-stolu-weselnego-6-pomyslow\/#article","isPartOf":{"@id":"https:\/\/www.saleweselne.com\/blog\/oryginalna-dekoracja-stolu-weselnego-6-pomyslow\/"},"author":{"name":"Darek","@id":"https:\/\/www.saleweselne.com\/blog\/#\/schema\/person\/0e924cd9ceaca06a0d75928575d0f95a"},"headline":"Oryginalna dekoracja sto\u0142u weselnego &#8211; 6 pomys\u0142\u00f3w.","datePublished":"2023-05-08T12:17:20+00:00","dateModified":"2024-05-07T10:10:38+00:00","mainEntityOfPage":{"@id":"https:\/\/www.saleweselne.com\/blog\/oryginalna-dekoracja-stolu-weselnego-6-pomyslow\/"},"wordCount":1258,"publisher":{"@id":"https:\/\/www.saleweselne.com\/blog\/#organization"},"image":{"@id":"https:\/\/www.saleweselne.com\/blog\/oryginalna-dekoracja-stolu-weselnego-6-pomyslow\/#primaryimage"},"thumbnailUrl":"https:\/\/www.saleweselne.com\/blog\/wp-content\/uploads\/2023\/05\/kylefromthenorth-divZsHxB0m4-unsplash.jpg","keywords":["dekoracja sali weselnej","dodatki \u015blubne","motyw przewodni","motyw weselny","organizacja wesela","sala weselna"],"articleSection":["Dekoracje weselne","Handmade","Motyw weselny","Organizacja wesela"],"inLanguage":"pl-PL"},{"@type":"WebPage","@id":"https:\/\/www.saleweselne.com\/blog\/oryginalna-dekoracja-stolu-weselnego-6-pomyslow\/","url":"https:\/\/www.saleweselne.com\/blog\/oryginalna-dekoracja-stolu-weselnego-6-pomyslow\/","name":"Oryginalna dekoracja sto\u0142u weselnego - 6 pomys\u0142\u00f3w. - blog SaleWeselne.com","isPartOf":{"@id":"https:\/\/www.saleweselne.com\/blog\/#website"},"primaryImageOfPage":{"@id":"https:\/\/www.saleweselne.com\/blog\/oryginalna-dekoracja-stolu-weselnego-6-pomyslow\/#primaryimage"},"image":{"@id":"https:\/\/www.saleweselne.com\/blog\/oryginalna-dekoracja-stolu-weselnego-6-pomyslow\/#primaryimage"},"thumbnailUrl":"https:\/\/www.saleweselne.com\/blog\/wp-content\/uploads\/2023\/05\/kylefromthenorth-divZsHxB0m4-unsplash.jpg","datePublished":"2023-05-08T12:17:20+00:00","dateModified":"2024-05-07T10:10:38+00:00","description":"Oryginalna dekoracja sto\u0142u weselnego - 6 pomys\u0142\u00f3w. - blog SaleWeselne.com","breadcrumb":{"@id":"https:\/\/www.saleweselne.com\/blog\/oryginalna-dekoracja-stolu-weselnego-6-pomyslow\/#breadcrumb"},"inLanguage":"pl-PL","potentialAction":[{"@type":"ReadAction","target":["https:\/\/www.saleweselne.com\/blog\/oryginalna-dekoracja-stolu-weselnego-6-pomyslow\/"]}]},{"@type":"ImageObject","inLanguage":"pl-PL","@id":"https:\/\/www.saleweselne.com\/blog\/oryginalna-dekoracja-stolu-weselnego-6-pomyslow\/#primaryimage","url":"https:\/\/www.saleweselne.com\/blog\/wp-content\/uploads\/2023\/05\/kylefromthenorth-divZsHxB0m4-unsplash.jpg","contentUrl":"https:\/\/www.saleweselne.com\/blog\/wp-content\/uploads\/2023\/05\/kylefromthenorth-divZsHxB0m4-unsplash.jpg","width":3615,"height":2410},{"@type":"BreadcrumbList","@id":"https:\/\/www.saleweselne.com\/blog\/oryginalna-dekoracja-stolu-weselnego-6-pomyslow\/#breadcrumb","itemListElement":[{"@type":"ListItem","position":1,"name":"Strona g\u0142\u00f3wna","item":"https:\/\/www.saleweselne.com\/blog\/"},{"@type":"ListItem","position":2,"name":"Oryginalna dekoracja sto\u0142u weselnego &#8211; 6 pomys\u0142\u00f3w."}]},{"@type":"WebSite","@id":"https:\/\/www.saleweselne.com\/blog\/#website","url":"https:\/\/www.saleweselne.com\/blog\/","name":"SaleWeselne.com","description":"Blog Bran\u017cy Weselnej - Sprawd\u017a najpi\u0119kniejsze sale weselne oraz motywy \u015blubne. Poznaj praktyczne porady, jak zorganizowa\u0107 wymarzone wesele!","publisher":{"@id":"https:\/\/www.saleweselne.com\/blog\/#organization"},"potentialAction":[{"@type":"SearchAction","target":{"@type":"EntryPoint","urlTemplate":"https:\/\/www.saleweselne.com\/blog\/?s={search_term_string}"},"query-input":{"@type":"PropertyValueSpecification","valueRequired":true,"valueName":"search_term_string"}}],"inLanguage":"pl-PL"},{"@type":"Organization","@id":"https:\/\/www.saleweselne.com\/blog\/#organization","name":"SaleWeselne.com","url":"https:\/\/www.saleweselne.com\/blog\/","logo":{"@type":"ImageObject","inLanguage":"pl-PL","@id":"https:\/\/www.saleweselne.com\/blog\/#\/schema\/logo\/image\/","url":"https:\/\/www.saleweselne.com\/blog\/wp-content\/uploads\/2021\/03\/saleweselne-logotyp-RGB-bez-tla-2.png","contentUrl":"https:\/\/www.saleweselne.com\/blog\/wp-content\/uploads\/2021\/03\/saleweselne-logotyp-RGB-bez-tla-2.png","width":625,"height":150,"caption":"SaleWeselne.com"},"image":{"@id":"https:\/\/www.saleweselne.com\/blog\/#\/schema\/logo\/image\/"}},{"@type":"Person","@id":"https:\/\/www.saleweselne.com\/blog\/#\/schema\/person\/0e924cd9ceaca06a0d75928575d0f95a","name":"Darek","url":"https:\/\/www.saleweselne.com\/blog\/author\/darek\/"}]}},"_links":{"self":[{"href":"https:\/\/www.saleweselne.com\/blog\/wp-json\/wp\/v2\/posts\/3447","targetHints":{"allow":["GET"]}}],"collection":[{"href":"https:\/\/www.saleweselne.com\/blog\/wp-json\/wp\/v2\/posts"}],"about":[{"href":"https:\/\/www.saleweselne.com\/blog\/wp-json\/wp\/v2\/types\/post"}],"author":[{"embeddable":true,"href":"https:\/\/www.saleweselne.com\/blog\/wp-json\/wp\/v2\/users\/7"}],"replies":[{"embeddable":true,"href":"https:\/\/www.saleweselne.com\/blog\/wp-json\/wp\/v2\/comments?post=3447"}],"version-history":[{"count":1,"href":"https:\/\/www.saleweselne.com\/blog\/wp-json\/wp\/v2\/posts\/3447\/revisions"}],"predecessor-version":[{"id":3456,"href":"https:\/\/www.saleweselne.com\/blog\/wp-json\/wp\/v2\/posts\/3447\/revisions\/3456"}],"wp:featuredmedia":[{"embeddable":true,"href":"https:\/\/www.saleweselne.com\/blog\/wp-json\/wp\/v2\/media\/3454"}],"wp:attachment":[{"href":"https:\/\/www.saleweselne.com\/blog\/wp-json\/wp\/v2\/media?parent=3447"}],"wp:term":[{"taxonomy":"category","embeddable":true,"href":"https:\/\/www.saleweselne.com\/blog\/wp-json\/wp\/v2\/categories?post=3447"},{"taxonomy":"post_tag","embeddable":true,"href":"https:\/\/www.saleweselne.com\/blog\/wp-json\/wp\/v2\/tags?post=3447"}],"curies":[{"name":"wp","href":"https:\/\/api.w.org\/{rel}","templated":true}]}}