{"id":3481,"date":"2024-12-17T09:58:27","date_gmt":"2024-12-17T07:58:27","guid":{"rendered":"https:\/\/www.saleweselne.com\/blog\/?p=3481"},"modified":"2024-12-29T17:12:26","modified_gmt":"2024-12-29T15:12:26","slug":"czym-do-slubu-inspiracje-na-pojazd-slubny","status":"publish","type":"post","link":"https:\/\/www.saleweselne.com\/blog\/czym-do-slubu-inspiracje-na-pojazd-slubny\/","title":{"rendered":"Czym do \u015blubu? &#8211; inspiracje na pojazd \u015blubny"},"content":{"rendered":"<p style=\"text-align: justify;\"><strong>\u015alub to nie tylko moment, w kt\u00f3rym dwoje ludzi przysi\u0119ga sobie mi\u0142o\u015b\u0107 i wierno\u015b\u0107 na ca\u0142e \u017cycie. To r\u00f3wnie\u017c wyj\u0105tkowy dzie\u0144, pe\u0142en magii, romantyzmu i niepowtarzalnych moment\u00f3w. Jednak w t\u0142umie przygotowa\u0144, organizacji ceremonii i wyboru idealnego sukni, cz\u0119sto zapominamy o jednym z kluczowych element\u00f3w tego wielkiego wydarzenia &#8211; poje\u017adzie \u015blubnym. <\/strong><\/p>\n<p style=\"text-align: justify;\">To w\u0142a\u015bnie on b\u0119dzie <strong>pierwszym wra\u017ceniem<\/strong>, jakie para m\u0142oda zrobi na swoich go\u015bciach. Dlatego dzi\u015b przyjrzymy si\u0119 niekonwencjonalnym, inspiruj\u0105cym pomys\u0142om na pojazdy \u015blubne, kt\u00f3re z pewno\u015bci\u0105 wzbudz\u0105 zachwyt i zapadn\u0105 w pami\u0119\u0107 na d\u0142ugie lata.<\/p>\n<p style=\"text-align: justify;\">Nie ma jednej poprawnej odpowiedzi na pytanie, czym do \u015blubu. Istnieje tylko Wasza wyobra\u017ania, marzenia i poczucie stylu. Wyb\u00f3r odpowiedniego pojazdu \u015blubnego powinien by\u0107 odzwierciedleniem Waszej osobowo\u015bci i przekona\u0144. To Wasza okazja do podkre\u015blenia, jak wyj\u0105tkowe i niepowtarzalne jest Wasze ma\u0142\u017ce\u0144stwo. Czas na poszukiwanie inspiracji i decyzj\u0119, kt\u00f3ra sprawi, \u017ce Wasza ceremonia b\u0119dzie jedyna w swoim rodzaju.<\/p>\n<h2 style=\"text-align: justify;\">Klasyczne samochody<\/h2>\n<p style=\"text-align: justify;\">Je\u015bli pragniesz stworzy\u0107 wyj\u0105tkow\u0105 atmosfer\u0119 podczas swojego \u015blubu, nie ma nic lepszego ni\u017c klasyczne samochody. Wprowadzaj\u0105 one niepowtarzalny urok i elegancj\u0119, kt\u00f3ra idealnie pasuje do wysmakowanego weselnego stylu. <strong>Wynaj\u0119cie historycznego modelu Rolls-Royce&#8217;a lub Cadillaca z lat 50-tych mo\u017ce by\u0107 doskona\u0142ym wyborem.<\/strong><\/p>\n<p><img loading=\"lazy\" decoding=\"async\" class=\"aligncenter size-full wp-image-3483\" src=\"https:\/\/www.saleweselne.com\/blog\/wp-content\/uploads\/2023\/07\/lucas-marconnet-txpghtHmrVQ-unsplash.jpg\" alt=\"\" width=\"4240\" height=\"2832\" srcset=\"https:\/\/www.saleweselne.com\/blog\/wp-content\/uploads\/2023\/07\/lucas-marconnet-txpghtHmrVQ-unsplash.jpg 4240w, https:\/\/www.saleweselne.com\/blog\/wp-content\/uploads\/2023\/07\/lucas-marconnet-txpghtHmrVQ-unsplash-300x200.jpg 300w, https:\/\/www.saleweselne.com\/blog\/wp-content\/uploads\/2023\/07\/lucas-marconnet-txpghtHmrVQ-unsplash-768x513.jpg 768w, https:\/\/www.saleweselne.com\/blog\/wp-content\/uploads\/2023\/07\/lucas-marconnet-txpghtHmrVQ-unsplash-1024x684.jpg 1024w, https:\/\/www.saleweselne.com\/blog\/wp-content\/uploads\/2023\/07\/lucas-marconnet-txpghtHmrVQ-unsplash-1140x761.jpg 1140w\" sizes=\"auto, (max-width: 4240px) 100vw, 4240px\" \/><\/p>\n<p style=\"text-align: justify;\">Te majestatyczne pojazdy z pewno\u015bci\u0105 przyci\u0105gn\u0105 spojrzenia i wzbudz\u0105 zachwyt w\u015br\u00f3d go\u015bci. Ich<strong> niezwyk\u0142e detale i pi\u0119kne linie<\/strong> sprawi\u0105, \u017ce poczujesz si\u0119 jak bohaterka filmu z lat minionych. Jazda takim samochodem na tle romantycznego krajobrazu jest niezapomnianym do\u015bwiadczeniem.<\/p>\n<p style=\"text-align: justify;\">Klasyczne samochody s\u0105 r\u00f3wnie\u017c doskona\u0142ym t\u0142em do zdj\u0119\u0107 \u015blubnych. Ich<strong> zabytkowy urok idealnie komponuje si\u0119 z pi\u0119knymi sukienkami i eleganckimi garniturami,<\/strong> dodaj\u0105c ca\u0142o\u015bci jeszcze wi\u0119cej klasy i stylu. Fotografie z takim samochodem jako t\u0142em b\u0119d\u0105 wyj\u0105tkowe i stan\u0105 si\u0119 pami\u0105tk\u0105 na ca\u0142e \u017cycie.<\/p>\n<h2 style=\"text-align: justify;\">Oryginalne motocykle<\/h2>\n<p style=\"text-align: justify;\">Je\u015bli jeste\u015bcie par\u0105 uwielbiaj\u0105c\u0105 adrenalin\u0119, to dlaczego nie uwie\u0144czy\u0107 Waszego wyj\u0105tkowego dnia przeja\u017cd\u017ck\u0105 motocyklow\u0105 \u015blubnym jedno\u015bladem? <strong>Wynaj\u0119cie oryginalnego choppera lub klasycznego motocykla z pewno\u015bci\u0105 dodaje charakteru i zapewnia niezapomniane wra\u017cenia zar\u00f3wno Wam, jak i Waszym go\u015bciom.<\/strong><\/p>\n<p style=\"text-align: justify;\">Wyobra\u017acie sobie to &#8211; po uroczystej ceremonii \u015blubnej, opuszczacie ko\u015bci\u00f3\u0142 lub miejsce, w kt\u00f3rym odby\u0142o si\u0119 Wasze przyrzeczenie ma\u0142\u017ce\u0144skie. <strong>Na podw\u00f3rku lub na ulicy czeka na Was niesamowicie stylowy motocykl, by zaprowadzi\u0107 Was w nowy rozdzia\u0142 Waszego \u017cycia.<\/strong> Ten wyj\u0105tkowy jedno\u015blad, odzwierciedlaj\u0105cy Wasz\u0105 pasj\u0119 i si\u0142\u0119 ducha, b\u0119dzie idealnym dodatkiem do Waszej ceremonii \u015blubnej.<\/p>\n<p><img loading=\"lazy\" decoding=\"async\" class=\"aligncenter size-full wp-image-3484\" src=\"https:\/\/www.saleweselne.com\/blog\/wp-content\/uploads\/2023\/07\/andriyko-podilnyk-8LF5DF-GwaI-unsplash.jpg\" alt=\"\" width=\"4608\" height=\"3072\" srcset=\"https:\/\/www.saleweselne.com\/blog\/wp-content\/uploads\/2023\/07\/andriyko-podilnyk-8LF5DF-GwaI-unsplash.jpg 4608w, https:\/\/www.saleweselne.com\/blog\/wp-content\/uploads\/2023\/07\/andriyko-podilnyk-8LF5DF-GwaI-unsplash-300x200.jpg 300w, https:\/\/www.saleweselne.com\/blog\/wp-content\/uploads\/2023\/07\/andriyko-podilnyk-8LF5DF-GwaI-unsplash-768x512.jpg 768w, https:\/\/www.saleweselne.com\/blog\/wp-content\/uploads\/2023\/07\/andriyko-podilnyk-8LF5DF-GwaI-unsplash-1024x683.jpg 1024w, https:\/\/www.saleweselne.com\/blog\/wp-content\/uploads\/2023\/07\/andriyko-podilnyk-8LF5DF-GwaI-unsplash-1140x760.jpg 1140w\" sizes=\"auto, (max-width: 4608px) 100vw, 4608px\" \/><\/p>\n<p style=\"text-align: justify;\">Wzoruj\u0105c si\u0119 na klasycznych chopperach lub motocyklach o nostalgicznej estetyce, mo\u017cecie wynaj\u0105\u0107 oryginalny motocykl, kt\u00f3ry stanie si\u0119 integraln\u0105 cz\u0119\u015bci\u0105 Waszego \u015blubu.<strong> Jego obecno\u015b\u0107 dodaje nie tylko charakteru, ale tak\u017ce wprowadza niepowtarzaln\u0105 atmosfer\u0119,<\/strong> kt\u00f3r\u0105 z pewno\u015bci\u0105 doceni\u0105 wszyscy Wasi go\u015bcie.<\/p>\n<h2 style=\"text-align: justify;\">Luksusowe samochody sportowe<\/h2>\n<p style=\"text-align: justify;\">Je\u015bli jeste\u015bcie prawdziwymi pasjonatami szybko\u015bci i wyrafinowanego stylu, wynajem luksusowego samochodu sportowego na dzie\u0144 Waszego \u015blubu mo\u017ce by\u0107 niezwyk\u0142ym pomys\u0142em. <strong>Zaryzykujcie i wybierzcie spo\u015br\u00f3d ikon motoryzacyjnego \u015bwiata: otwarte Lamborghini, eleganckie Ferrari lub osza\u0142amiaj\u0105ce Porsche &#8211; to wy\u0142\u0105cznie od Was zale\u017cy, kt\u00f3re auto spe\u0142ni Wasze marzenia.<\/strong> Wynaj\u0119cie takiego pojazdu nie tylko zapewni idealne t\u0142o dla sesji zdj\u0119ciowej, ale tak\u017ce stworzy niepowtarzaln\u0105 okazj\u0119, by\u015bcie poczuli si\u0119 jak prawdziwe gwiazdy Hollywood.<\/p>\n<p><img loading=\"lazy\" decoding=\"async\" class=\"aligncenter size-full wp-image-3485\" src=\"https:\/\/www.saleweselne.com\/blog\/wp-content\/uploads\/2023\/07\/damian-chojnacki-lbmuW0e2x-g-unsplash.jpg\" alt=\"\" width=\"3455\" height=\"5182\" srcset=\"https:\/\/www.saleweselne.com\/blog\/wp-content\/uploads\/2023\/07\/damian-chojnacki-lbmuW0e2x-g-unsplash.jpg 3455w, https:\/\/www.saleweselne.com\/blog\/wp-content\/uploads\/2023\/07\/damian-chojnacki-lbmuW0e2x-g-unsplash-200x300.jpg 200w, https:\/\/www.saleweselne.com\/blog\/wp-content\/uploads\/2023\/07\/damian-chojnacki-lbmuW0e2x-g-unsplash-768x1152.jpg 768w, https:\/\/www.saleweselne.com\/blog\/wp-content\/uploads\/2023\/07\/damian-chojnacki-lbmuW0e2x-g-unsplash-683x1024.jpg 683w, https:\/\/www.saleweselne.com\/blog\/wp-content\/uploads\/2023\/07\/damian-chojnacki-lbmuW0e2x-g-unsplash-1140x1710.jpg 1140w\" sizes=\"auto, (max-width: 3455px) 100vw, 3455px\" \/><\/p>\n<p style=\"text-align: justify;\">Ale wynajem luksusowego samochodu sportowego na dzie\u0144 \u015blubu to nie tylko kwestia estetyki i fotografii. To tak\u017ce doskona\u0142a okazja, aby\u015bcie sami mogli do\u015bwiadczy\u0107 tego, <strong>czego zwykle do\u015bwiadczaj\u0105 tylko gwiazdy filmowe.<\/strong> Otw\u00f3rzcie drzwi swojego presti\u017cowego pojazdu i poczujcie pulsuj\u0105c\u0105 moc pod mask\u0105. Prowad\u017acie przez chwil\u0119 tak, jakby\u015bcie byli na czerwonym dywanie, a oklaski towarzysz\u0105ce Wam b\u0119d\u0105 szumie\u0107 w Waszych uszach.<\/p>\n<h2 style=\"text-align: justify;\">Klimatyczne retro VW<\/h2>\n<p style=\"text-align: justify;\">Samochody marki Volkswagen ciesz\u0105 si\u0119 ogromn\u0105 popularno\u015bci\u0105, a <strong>modele Beetle oraz kultowy VW Camper Van<\/strong> mog\u0105 wnie\u015b\u0107 nostalgiczny urok i wyj\u0105tkowo\u015b\u0107 do Waszego \u015blubu. Te klimatyczne pojazdy s\u0105 doskona\u0142ym wyborem dla par, kt\u00f3re ceni\u0105 sobie styl retro i nietypowe rozwi\u0105zania.<\/p>\n<p style=\"text-align: justify;\">Volkswagen Beetle, nazywany r\u00f3wnie\u017c Garbuskiem, to ikona motoryzacji, kt\u00f3ra od lat zachwyca swoim urokiem i niezwyk\u0142ym designem.<strong> Jego wyraziste kszta\u0142ty i zaokr\u0105glone linie dodaj\u0105 romantycznego i vintage&#8217;owego charakteru ka\u017cdej uroczysto\u015bci.<\/strong> Bez wzgl\u0119du na to, czy jeste\u015bcie fanami motoryzacji, czy po prostu szukacie czego\u015b nietuzinkowego. Volkswagen Beetle b\u0119dzie wspania\u0142ym wyborem na Wasz \u015blub.<\/p>\n<p><img loading=\"lazy\" decoding=\"async\" class=\"aligncenter size-full wp-image-3486\" src=\"https:\/\/www.saleweselne.com\/blog\/wp-content\/uploads\/2023\/07\/the-hk-photo-company-n4Cx0wvTd58-unsplash.jpg\" alt=\"\" width=\"5005\" height=\"3337\" srcset=\"https:\/\/www.saleweselne.com\/blog\/wp-content\/uploads\/2023\/07\/the-hk-photo-company-n4Cx0wvTd58-unsplash.jpg 5005w, https:\/\/www.saleweselne.com\/blog\/wp-content\/uploads\/2023\/07\/the-hk-photo-company-n4Cx0wvTd58-unsplash-300x200.jpg 300w, https:\/\/www.saleweselne.com\/blog\/wp-content\/uploads\/2023\/07\/the-hk-photo-company-n4Cx0wvTd58-unsplash-768x512.jpg 768w, https:\/\/www.saleweselne.com\/blog\/wp-content\/uploads\/2023\/07\/the-hk-photo-company-n4Cx0wvTd58-unsplash-1024x683.jpg 1024w, https:\/\/www.saleweselne.com\/blog\/wp-content\/uploads\/2023\/07\/the-hk-photo-company-n4Cx0wvTd58-unsplash-1140x760.jpg 1140w\" sizes=\"auto, (max-width: 5005px) 100vw, 5005px\" \/><\/p>\n<p style=\"text-align: justify;\">Je\u015bli marzycie o jeszcze wi\u0119kszej dawce retro stylu, to ikoniczny VW Camper Van jest idealnym pojazdem dla Was.<strong> Ten kultowy van kojarzy si\u0119 z niezapomnianymi podr\u00f3\u017cami, wolno\u015bci\u0105 i przygod\u0105<\/strong>. Wprowadzenie go na Wasz\u0105 ceremoni\u0119 \u015blubn\u0105 mo\u017ce stworzy\u0107 niepowtarzaln\u0105 atmosfer\u0119 i przenie\u015b\u0107 Was oraz Waszych go\u015bci w magiczny \u015bwiat nostalgii.<\/p>\n<h2 style=\"text-align: justify;\">Powiew luksusu &#8211; limuzyny typu stretch<\/h2>\n<p style=\"text-align: justify;\">Je\u017celi marzycie o tym, aby poczu\u0107 si\u0119 jak prawdziwe gwiazdy i prze\u017cy\u0107 niezapomniane chwile, nie ma lepszego sposobu ni\u017c wynajem <strong>luksusowej limuzyny typu stretch.<\/strong> Ten doskona\u0142y wyb\u00f3r zapewni Wam nie tylko wyj\u0105tkowy komfort, ale tak\u017ce szereg ekskluzywnych udogodnie\u0144, kt\u00f3re sprawi\u0105, \u017ce ten dzie\u0144 stanie si\u0119 jeszcze bardziej niepowtarzalny.<\/p>\n<p style=\"text-align: justify;\">Wn\u0119trze limuzyny zachwyci Was swoj\u0105 wygod\u0105 i elegancj\u0105. <strong>Luksusowe fotele, mi\u0119kkie poduszki i przestronna przestrze\u0144 zapewni\u0105 Wam komfort podr\u00f3\u017cy, kt\u00f3ry przewy\u017cszy Wasze oczekiwania.<\/strong> Mo\u017cecie spokojnie zrelaksowa\u0107 si\u0119, delektuj\u0105c si\u0119 luksusowymi wn\u0119trzami, kt\u00f3re sprawi\u0105, \u017ce poczujecie si\u0119 jak prawdziwi VIP-owie.<\/p>\n<p><img loading=\"lazy\" decoding=\"async\" class=\"aligncenter size-full wp-image-3487\" src=\"https:\/\/www.saleweselne.com\/blog\/wp-content\/uploads\/2023\/07\/michael-benz-eiJfBem7cPw-unsplash.jpg\" alt=\"\" width=\"4000\" height=\"2667\" srcset=\"https:\/\/www.saleweselne.com\/blog\/wp-content\/uploads\/2023\/07\/michael-benz-eiJfBem7cPw-unsplash.jpg 4000w, https:\/\/www.saleweselne.com\/blog\/wp-content\/uploads\/2023\/07\/michael-benz-eiJfBem7cPw-unsplash-300x200.jpg 300w, https:\/\/www.saleweselne.com\/blog\/wp-content\/uploads\/2023\/07\/michael-benz-eiJfBem7cPw-unsplash-768x512.jpg 768w, https:\/\/www.saleweselne.com\/blog\/wp-content\/uploads\/2023\/07\/michael-benz-eiJfBem7cPw-unsplash-1024x683.jpg 1024w, https:\/\/www.saleweselne.com\/blog\/wp-content\/uploads\/2023\/07\/michael-benz-eiJfBem7cPw-unsplash-1140x760.jpg 1140w\" sizes=\"auto, (max-width: 4000px) 100vw, 4000px\" \/><\/p>\n<p style=\"text-align: justify;\">Jednak to nie wszystko! W limuzynie znajduje si\u0119 tak\u017ce<strong> w pe\u0142ni wyposa\u017cony bar, kt\u00f3ry zapewni Wam dost\u0119p do szerokiej gamy napoj\u00f3w i przek\u0105sek<\/strong>. Mo\u017cecie delektowa\u0107 si\u0119 ulubionymi drinkami w drodze do celu, tworz\u0105c niezapomnian\u0105 atmosfer\u0119 i podkre\u015blaj\u0105c wyj\u0105tkowo\u015b\u0107 tego dnia.<\/p>\n<p style=\"text-align: justify;\">Nie wa\u017cne, czy decydujesz si\u0119 na klasyczn\u0105 limuzyn\u0119, nostalgiczny motocykl, a mo\u017ce wyj\u0105tkowy pojazd odzwierciedlaj\u0105cy Wasz\u0105 pasj\u0119 lub wsp\u00f3lne zainteresowania. Wyb\u00f3r pojazdu \u015blubnego to doskona\u0142a okazja, aby doda\u0107 do Waszego \u015blubu niepowtarzalnego charakteru i stworzy\u0107 niezapomnian\u0105 atmosfer\u0119.<\/p>\n","protected":false},"excerpt":{"rendered":"<p>Wielki dzie\u0144 zbli\u017ca si\u0119 wielkimi krokami, suknie \u015blubne s\u0105 gotowe, kwiaty na miejscu, a teraz pora na co\u015b, co dope\u0142ni magiczn\u0105 atmosfer\u0119 &#8211; wyb\u00f3r idealnego pojazdu \u015blubnego. Kiedy tradycyjne limuzyny wydaj\u0105 si\u0119 by\u0107 ju\u017c nudne, czemu nie zaszale\u0107 i stawi\u0107 na czym\u015b zupe\u0142nie innym? Przedstawiamy kilka nietypowych inspiracji, kt\u00f3re na pewno zapewni\u0105 niezapomnian\u0105 podr\u00f3\u017c do \u015blubnej przystani.<\/p>\n","protected":false},"author":10,"featured_media":3482,"comment_status":"closed","ping_status":"closed","sticky":false,"template":"","format":"standard","meta":{"footnotes":""},"categories":[192,170,198],"tags":[174,175,172,171],"class_list":["post-3481","post","type-post","status-publish","format-standard","has-post-thumbnail","hentry","category-atrakcje-weselne","category-organizacja-wesela","category-uslugi-weselne","tag-organizacja-wesela","tag-planowanie-wesela","tag-slub","tag-wesele"],"yoast_head":"<!-- This site is optimized with the Yoast SEO plugin v26.8 - https:\/\/yoast.com\/product\/yoast-seo-wordpress\/ -->\n<title>Czym do \u015blubu? - inspiracje na pojazd \u015blubny - blog SaleWeselne.com<\/title>\n<meta name=\"description\" content=\"Czym do \u015blubu? - inspiracje na pojazd \u015blubny - blog SaleWeselne.com\" \/>\n<meta name=\"robots\" content=\"index, follow, max-snippet:-1, max-image-preview:large, max-video-preview:-1\" \/>\n<link rel=\"canonical\" href=\"https:\/\/www.saleweselne.com\/blog\/czym-do-slubu-inspiracje-na-pojazd-slubny\/\" \/>\n<meta property=\"og:locale\" content=\"pl_PL\" \/>\n<meta property=\"og:type\" content=\"article\" \/>\n<meta property=\"og:title\" content=\"Czym do \u015blubu? - inspiracje na pojazd \u015blubny - blog SaleWeselne.com\" \/>\n<meta property=\"og:description\" content=\"Czym do \u015blubu? - inspiracje na pojazd \u015blubny - blog SaleWeselne.com\" \/>\n<meta property=\"og:url\" content=\"https:\/\/www.saleweselne.com\/blog\/czym-do-slubu-inspiracje-na-pojazd-slubny\/\" \/>\n<meta property=\"og:site_name\" content=\"SaleWeselne.com\" \/>\n<meta property=\"article:published_time\" content=\"2024-12-17T07:58:27+00:00\" \/>\n<meta property=\"article:modified_time\" content=\"2024-12-29T15:12:26+00:00\" \/>\n<meta property=\"og:image\" content=\"https:\/\/www.saleweselne.com\/blog\/wp-content\/uploads\/2023\/07\/iacob-hiticas-y0MUwaHJm70-unsplash.jpg\" \/>\n\t<meta property=\"og:image:width\" content=\"5472\" \/>\n\t<meta property=\"og:image:height\" content=\"3648\" \/>\n\t<meta property=\"og:image:type\" content=\"image\/jpeg\" \/>\n<meta name=\"author\" content=\"Natalia Bielicka\" \/>\n<meta name=\"twitter:card\" content=\"summary_large_image\" \/>\n<meta name=\"twitter:label1\" content=\"Napisane przez\" \/>\n\t<meta name=\"twitter:data1\" content=\"Natalia Bielicka\" \/>\n\t<meta name=\"twitter:label2\" content=\"Szacowany czas czytania\" \/>\n\t<meta name=\"twitter:data2\" content=\"7 minut\" \/>\n<script type=\"application\/ld+json\" class=\"yoast-schema-graph\">{\"@context\":\"https:\/\/schema.org\",\"@graph\":[{\"@type\":\"Article\",\"@id\":\"https:\/\/www.saleweselne.com\/blog\/czym-do-slubu-inspiracje-na-pojazd-slubny\/#article\",\"isPartOf\":{\"@id\":\"https:\/\/www.saleweselne.com\/blog\/czym-do-slubu-inspiracje-na-pojazd-slubny\/\"},\"author\":{\"name\":\"Natalia Bielicka\",\"@id\":\"https:\/\/www.saleweselne.com\/blog\/#\/schema\/person\/4b2f139471122a3ea7ac0a68d919043a\"},\"headline\":\"Czym do \u015blubu? &#8211; inspiracje na pojazd \u015blubny\",\"datePublished\":\"2024-12-17T07:58:27+00:00\",\"dateModified\":\"2024-12-29T15:12:26+00:00\",\"mainEntityOfPage\":{\"@id\":\"https:\/\/www.saleweselne.com\/blog\/czym-do-slubu-inspiracje-na-pojazd-slubny\/\"},\"wordCount\":1028,\"publisher\":{\"@id\":\"https:\/\/www.saleweselne.com\/blog\/#organization\"},\"image\":{\"@id\":\"https:\/\/www.saleweselne.com\/blog\/czym-do-slubu-inspiracje-na-pojazd-slubny\/#primaryimage\"},\"thumbnailUrl\":\"https:\/\/www.saleweselne.com\/blog\/wp-content\/uploads\/2023\/07\/iacob-hiticas-y0MUwaHJm70-unsplash.jpg\",\"keywords\":[\"organizacja wesela\",\"planowanie wesela\",\"\u015blub\",\"wesele\"],\"articleSection\":[\"Atrakcje weselne\",\"Organizacja wesela\",\"Us\u0142ugi weselne\"],\"inLanguage\":\"pl-PL\"},{\"@type\":\"WebPage\",\"@id\":\"https:\/\/www.saleweselne.com\/blog\/czym-do-slubu-inspiracje-na-pojazd-slubny\/\",\"url\":\"https:\/\/www.saleweselne.com\/blog\/czym-do-slubu-inspiracje-na-pojazd-slubny\/\",\"name\":\"Czym do \u015blubu? - inspiracje na pojazd \u015blubny - blog SaleWeselne.com\",\"isPartOf\":{\"@id\":\"https:\/\/www.saleweselne.com\/blog\/#website\"},\"primaryImageOfPage\":{\"@id\":\"https:\/\/www.saleweselne.com\/blog\/czym-do-slubu-inspiracje-na-pojazd-slubny\/#primaryimage\"},\"image\":{\"@id\":\"https:\/\/www.saleweselne.com\/blog\/czym-do-slubu-inspiracje-na-pojazd-slubny\/#primaryimage\"},\"thumbnailUrl\":\"https:\/\/www.saleweselne.com\/blog\/wp-content\/uploads\/2023\/07\/iacob-hiticas-y0MUwaHJm70-unsplash.jpg\",\"datePublished\":\"2024-12-17T07:58:27+00:00\",\"dateModified\":\"2024-12-29T15:12:26+00:00\",\"description\":\"Czym do \u015blubu? - inspiracje na pojazd \u015blubny - blog SaleWeselne.com\",\"breadcrumb\":{\"@id\":\"https:\/\/www.saleweselne.com\/blog\/czym-do-slubu-inspiracje-na-pojazd-slubny\/#breadcrumb\"},\"inLanguage\":\"pl-PL\",\"potentialAction\":[{\"@type\":\"ReadAction\",\"target\":[\"https:\/\/www.saleweselne.com\/blog\/czym-do-slubu-inspiracje-na-pojazd-slubny\/\"]}]},{\"@type\":\"ImageObject\",\"inLanguage\":\"pl-PL\",\"@id\":\"https:\/\/www.saleweselne.com\/blog\/czym-do-slubu-inspiracje-na-pojazd-slubny\/#primaryimage\",\"url\":\"https:\/\/www.saleweselne.com\/blog\/wp-content\/uploads\/2023\/07\/iacob-hiticas-y0MUwaHJm70-unsplash.jpg\",\"contentUrl\":\"https:\/\/www.saleweselne.com\/blog\/wp-content\/uploads\/2023\/07\/iacob-hiticas-y0MUwaHJm70-unsplash.jpg\",\"width\":5472,\"height\":3648},{\"@type\":\"BreadcrumbList\",\"@id\":\"https:\/\/www.saleweselne.com\/blog\/czym-do-slubu-inspiracje-na-pojazd-slubny\/#breadcrumb\",\"itemListElement\":[{\"@type\":\"ListItem\",\"position\":1,\"name\":\"Strona g\u0142\u00f3wna\",\"item\":\"https:\/\/www.saleweselne.com\/blog\/\"},{\"@type\":\"ListItem\",\"position\":2,\"name\":\"Czym do \u015blubu? &#8211; inspiracje na pojazd \u015blubny\"}]},{\"@type\":\"WebSite\",\"@id\":\"https:\/\/www.saleweselne.com\/blog\/#website\",\"url\":\"https:\/\/www.saleweselne.com\/blog\/\",\"name\":\"SaleWeselne.com\",\"description\":\"Blog Bran\u017cy Weselnej - Sprawd\u017a najpi\u0119kniejsze sale weselne oraz motywy \u015blubne. Poznaj praktyczne porady, jak zorganizowa\u0107 wymarzone wesele!\",\"publisher\":{\"@id\":\"https:\/\/www.saleweselne.com\/blog\/#organization\"},\"potentialAction\":[{\"@type\":\"SearchAction\",\"target\":{\"@type\":\"EntryPoint\",\"urlTemplate\":\"https:\/\/www.saleweselne.com\/blog\/?s={search_term_string}\"},\"query-input\":{\"@type\":\"PropertyValueSpecification\",\"valueRequired\":true,\"valueName\":\"search_term_string\"}}],\"inLanguage\":\"pl-PL\"},{\"@type\":\"Organization\",\"@id\":\"https:\/\/www.saleweselne.com\/blog\/#organization\",\"name\":\"SaleWeselne.com\",\"url\":\"https:\/\/www.saleweselne.com\/blog\/\",\"logo\":{\"@type\":\"ImageObject\",\"inLanguage\":\"pl-PL\",\"@id\":\"https:\/\/www.saleweselne.com\/blog\/#\/schema\/logo\/image\/\",\"url\":\"https:\/\/www.saleweselne.com\/blog\/wp-content\/uploads\/2021\/03\/saleweselne-logotyp-RGB-bez-tla-2.png\",\"contentUrl\":\"https:\/\/www.saleweselne.com\/blog\/wp-content\/uploads\/2021\/03\/saleweselne-logotyp-RGB-bez-tla-2.png\",\"width\":625,\"height\":150,\"caption\":\"SaleWeselne.com\"},\"image\":{\"@id\":\"https:\/\/www.saleweselne.com\/blog\/#\/schema\/logo\/image\/\"}},{\"@type\":\"Person\",\"@id\":\"https:\/\/www.saleweselne.com\/blog\/#\/schema\/person\/4b2f139471122a3ea7ac0a68d919043a\",\"name\":\"Natalia Bielicka\",\"url\":\"https:\/\/www.saleweselne.com\/blog\/author\/natalia\/\"}]}<\/script>\n<!-- \/ Yoast SEO plugin. -->","yoast_head_json":{"title":"Czym do \u015blubu? - inspiracje na pojazd \u015blubny - blog SaleWeselne.com","description":"Czym do \u015blubu? - inspiracje na pojazd \u015blubny - blog SaleWeselne.com","robots":{"index":"index","follow":"follow","max-snippet":"max-snippet:-1","max-image-preview":"max-image-preview:large","max-video-preview":"max-video-preview:-1"},"canonical":"https:\/\/www.saleweselne.com\/blog\/czym-do-slubu-inspiracje-na-pojazd-slubny\/","og_locale":"pl_PL","og_type":"article","og_title":"Czym do \u015blubu? - inspiracje na pojazd \u015blubny - blog SaleWeselne.com","og_description":"Czym do \u015blubu? - inspiracje na pojazd \u015blubny - blog SaleWeselne.com","og_url":"https:\/\/www.saleweselne.com\/blog\/czym-do-slubu-inspiracje-na-pojazd-slubny\/","og_site_name":"SaleWeselne.com","article_published_time":"2024-12-17T07:58:27+00:00","article_modified_time":"2024-12-29T15:12:26+00:00","og_image":[{"width":5472,"height":3648,"url":"https:\/\/www.saleweselne.com\/blog\/wp-content\/uploads\/2023\/07\/iacob-hiticas-y0MUwaHJm70-unsplash.jpg","type":"image\/jpeg"}],"author":"Natalia Bielicka","twitter_card":"summary_large_image","twitter_misc":{"Napisane przez":"Natalia Bielicka","Szacowany czas czytania":"7 minut"},"schema":{"@context":"https:\/\/schema.org","@graph":[{"@type":"Article","@id":"https:\/\/www.saleweselne.com\/blog\/czym-do-slubu-inspiracje-na-pojazd-slubny\/#article","isPartOf":{"@id":"https:\/\/www.saleweselne.com\/blog\/czym-do-slubu-inspiracje-na-pojazd-slubny\/"},"author":{"name":"Natalia Bielicka","@id":"https:\/\/www.saleweselne.com\/blog\/#\/schema\/person\/4b2f139471122a3ea7ac0a68d919043a"},"headline":"Czym do \u015blubu? &#8211; inspiracje na pojazd \u015blubny","datePublished":"2024-12-17T07:58:27+00:00","dateModified":"2024-12-29T15:12:26+00:00","mainEntityOfPage":{"@id":"https:\/\/www.saleweselne.com\/blog\/czym-do-slubu-inspiracje-na-pojazd-slubny\/"},"wordCount":1028,"publisher":{"@id":"https:\/\/www.saleweselne.com\/blog\/#organization"},"image":{"@id":"https:\/\/www.saleweselne.com\/blog\/czym-do-slubu-inspiracje-na-pojazd-slubny\/#primaryimage"},"thumbnailUrl":"https:\/\/www.saleweselne.com\/blog\/wp-content\/uploads\/2023\/07\/iacob-hiticas-y0MUwaHJm70-unsplash.jpg","keywords":["organizacja wesela","planowanie wesela","\u015blub","wesele"],"articleSection":["Atrakcje weselne","Organizacja wesela","Us\u0142ugi weselne"],"inLanguage":"pl-PL"},{"@type":"WebPage","@id":"https:\/\/www.saleweselne.com\/blog\/czym-do-slubu-inspiracje-na-pojazd-slubny\/","url":"https:\/\/www.saleweselne.com\/blog\/czym-do-slubu-inspiracje-na-pojazd-slubny\/","name":"Czym do \u015blubu? - inspiracje na pojazd \u015blubny - blog SaleWeselne.com","isPartOf":{"@id":"https:\/\/www.saleweselne.com\/blog\/#website"},"primaryImageOfPage":{"@id":"https:\/\/www.saleweselne.com\/blog\/czym-do-slubu-inspiracje-na-pojazd-slubny\/#primaryimage"},"image":{"@id":"https:\/\/www.saleweselne.com\/blog\/czym-do-slubu-inspiracje-na-pojazd-slubny\/#primaryimage"},"thumbnailUrl":"https:\/\/www.saleweselne.com\/blog\/wp-content\/uploads\/2023\/07\/iacob-hiticas-y0MUwaHJm70-unsplash.jpg","datePublished":"2024-12-17T07:58:27+00:00","dateModified":"2024-12-29T15:12:26+00:00","description":"Czym do \u015blubu? - inspiracje na pojazd \u015blubny - blog SaleWeselne.com","breadcrumb":{"@id":"https:\/\/www.saleweselne.com\/blog\/czym-do-slubu-inspiracje-na-pojazd-slubny\/#breadcrumb"},"inLanguage":"pl-PL","potentialAction":[{"@type":"ReadAction","target":["https:\/\/www.saleweselne.com\/blog\/czym-do-slubu-inspiracje-na-pojazd-slubny\/"]}]},{"@type":"ImageObject","inLanguage":"pl-PL","@id":"https:\/\/www.saleweselne.com\/blog\/czym-do-slubu-inspiracje-na-pojazd-slubny\/#primaryimage","url":"https:\/\/www.saleweselne.com\/blog\/wp-content\/uploads\/2023\/07\/iacob-hiticas-y0MUwaHJm70-unsplash.jpg","contentUrl":"https:\/\/www.saleweselne.com\/blog\/wp-content\/uploads\/2023\/07\/iacob-hiticas-y0MUwaHJm70-unsplash.jpg","width":5472,"height":3648},{"@type":"BreadcrumbList","@id":"https:\/\/www.saleweselne.com\/blog\/czym-do-slubu-inspiracje-na-pojazd-slubny\/#breadcrumb","itemListElement":[{"@type":"ListItem","position":1,"name":"Strona g\u0142\u00f3wna","item":"https:\/\/www.saleweselne.com\/blog\/"},{"@type":"ListItem","position":2,"name":"Czym do \u015blubu? &#8211; inspiracje na pojazd \u015blubny"}]},{"@type":"WebSite","@id":"https:\/\/www.saleweselne.com\/blog\/#website","url":"https:\/\/www.saleweselne.com\/blog\/","name":"SaleWeselne.com","description":"Blog Bran\u017cy Weselnej - Sprawd\u017a najpi\u0119kniejsze sale weselne oraz motywy \u015blubne. Poznaj praktyczne porady, jak zorganizowa\u0107 wymarzone wesele!","publisher":{"@id":"https:\/\/www.saleweselne.com\/blog\/#organization"},"potentialAction":[{"@type":"SearchAction","target":{"@type":"EntryPoint","urlTemplate":"https:\/\/www.saleweselne.com\/blog\/?s={search_term_string}"},"query-input":{"@type":"PropertyValueSpecification","valueRequired":true,"valueName":"search_term_string"}}],"inLanguage":"pl-PL"},{"@type":"Organization","@id":"https:\/\/www.saleweselne.com\/blog\/#organization","name":"SaleWeselne.com","url":"https:\/\/www.saleweselne.com\/blog\/","logo":{"@type":"ImageObject","inLanguage":"pl-PL","@id":"https:\/\/www.saleweselne.com\/blog\/#\/schema\/logo\/image\/","url":"https:\/\/www.saleweselne.com\/blog\/wp-content\/uploads\/2021\/03\/saleweselne-logotyp-RGB-bez-tla-2.png","contentUrl":"https:\/\/www.saleweselne.com\/blog\/wp-content\/uploads\/2021\/03\/saleweselne-logotyp-RGB-bez-tla-2.png","width":625,"height":150,"caption":"SaleWeselne.com"},"image":{"@id":"https:\/\/www.saleweselne.com\/blog\/#\/schema\/logo\/image\/"}},{"@type":"Person","@id":"https:\/\/www.saleweselne.com\/blog\/#\/schema\/person\/4b2f139471122a3ea7ac0a68d919043a","name":"Natalia Bielicka","url":"https:\/\/www.saleweselne.com\/blog\/author\/natalia\/"}]}},"_links":{"self":[{"href":"https:\/\/www.saleweselne.com\/blog\/wp-json\/wp\/v2\/posts\/3481","targetHints":{"allow":["GET"]}}],"collection":[{"href":"https:\/\/www.saleweselne.com\/blog\/wp-json\/wp\/v2\/posts"}],"about":[{"href":"https:\/\/www.saleweselne.com\/blog\/wp-json\/wp\/v2\/types\/post"}],"author":[{"embeddable":true,"href":"https:\/\/www.saleweselne.com\/blog\/wp-json\/wp\/v2\/users\/10"}],"replies":[{"embeddable":true,"href":"https:\/\/www.saleweselne.com\/blog\/wp-json\/wp\/v2\/comments?post=3481"}],"version-history":[{"count":2,"href":"https:\/\/www.saleweselne.com\/blog\/wp-json\/wp\/v2\/posts\/3481\/revisions"}],"predecessor-version":[{"id":4006,"href":"https:\/\/www.saleweselne.com\/blog\/wp-json\/wp\/v2\/posts\/3481\/revisions\/4006"}],"wp:featuredmedia":[{"embeddable":true,"href":"https:\/\/www.saleweselne.com\/blog\/wp-json\/wp\/v2\/media\/3482"}],"wp:attachment":[{"href":"https:\/\/www.saleweselne.com\/blog\/wp-json\/wp\/v2\/media?parent=3481"}],"wp:term":[{"taxonomy":"category","embeddable":true,"href":"https:\/\/www.saleweselne.com\/blog\/wp-json\/wp\/v2\/categories?post=3481"},{"taxonomy":"post_tag","embeddable":true,"href":"https:\/\/www.saleweselne.com\/blog\/wp-json\/wp\/v2\/tags?post=3481"}],"curies":[{"name":"wp","href":"https:\/\/api.w.org\/{rel}","templated":true}]}}