{"id":3608,"date":"2023-12-11T16:06:16","date_gmt":"2023-12-11T14:06:16","guid":{"rendered":"https:\/\/www.saleweselne.com\/blog\/?p=3608"},"modified":"2024-05-07T12:10:20","modified_gmt":"2024-05-07T10:10:20","slug":"wesele-zima-stylizacje-dla-niej-i-dla-niego","status":"publish","type":"post","link":"https:\/\/www.saleweselne.com\/blog\/wesele-zima-stylizacje-dla-niej-i-dla-niego\/","title":{"rendered":"Wesele zim\u0105 &#8211; stylizacje dla niej i dla niego"},"content":{"rendered":"<p style=\"text-align: justify;\"><strong>Pora na tajemnicze, bajeczne i pe\u0142ne blasku wesela zimowe. P\u00f3\u017anojesienne i zimowe wesela maj\u0105 sw\u00f3j w\u0142asny, niepowtarzalny urok. Porzu\u0107my stereotypy o szarej zimie &#8211; to czas pe\u0142en nastrojowego o\u015bwietlenia, ciep\u0142ych tkanin, b\u0142yszcz\u0105cych dodatk\u00f3w i wyrafinowanych stylizacji. Dlaczego klimat tegorocznych wesel jest taki wyj\u0105tkowy i jaka moda weselna zyskuje na warto\u015bci?<\/strong><\/p>\n<p style=\"text-align: justify;\">Wesela zimowe to okazja do za\u0142o\u017cenia odwa\u017cniejszych i bardziej luksusowych stylizacji. Ale to tak\u017ce wyzwanie &#8211; harmonijne po\u0142\u0105czenie eleganckiego wygl\u0105du i praktyczno\u015bci to niby prosta sprawa, jednak w rzeczywisto\u015bci mo\u017ce nastr\u0119czy\u0107 wiele trudno\u015bci. <strong>Dob\u00f3r odpowiednich materia\u0142\u00f3w to klucz do sukcesu. Grubsze tkaniny, takie jak aksamit, brokat czy koronka, gwarantuj\u0105 komfort termiczny, zachowuj\u0105c jednocze\u015bnie eleganckie wyko\u0144czenie.<\/strong> Z kolei b\u0142yszcz\u0105ce dodatki, takie jak kryszta\u0142owe broszki czy srebrzyste kolczyki, idealnie wpisuj\u0105 si\u0119 w zimowy klimat, dodaj\u0105c stylizacjom blasku.<\/p>\n<p style=\"text-align: justify;\">A teraz, kiedy znamy ju\u017c najwa\u017cniejsze aspekty zimowych wesel, czas przej\u015b\u0107 konkret\u00f3w. Jak dok\u0142adnie powinna wygl\u0105da\u0107 idealna zimowa stylizacja dla niej i dla niego? Jakie trendy s\u0105 obecnie na topie i gdzie szuka\u0107 inspiracji?<\/p>\n<h2 style=\"text-align: justify;\">Idealna zimowa stylizacja dla niej<\/h2>\n<p style=\"text-align: justify;\">Zimowe wesela stanowi\u0105 fantastyczn\u0105 okazj\u0119 do zabawy mod\u0105. Opcji, jak stworzy\u0107 stylizacj\u0119, kt\u00f3ra \u0142\u0105czy elegancj\u0119 z ciep\u0142em, jest wiele. Doskona\u0142ym wyborem na ten czas roku b\u0119d\u0105 sukienki lub <a href=\"https:\/\/www.lancerto.com\/pl\/kobieta\/odziez\/spodnice.html\"><strong>sp\u00f3dnice<\/strong><\/a> z grubszego materia\u0142u, np. weluru czy te ocieplane podszewk\u0105. Odcienie granatu, bordo, g\u0142\u0119bokiej zieleni czy szaro\u015bci \u015bwietnie odnajduj\u0105 si\u0119 w zimowym klimacie, tworz\u0105c odrobin\u0119 magii i g\u0142\u0119bi.<\/p>\n<p style=\"text-align: justify;\">Stylizacja na zimowe wesele nie mo\u017ce jednak obej\u015b\u0107 si\u0119 bez odpowiednich dodatk\u00f3w. <strong>Przytulny szal czy poncho to nie tylko praktyczne rozwi\u0105zanie, gdy temperatura spada poni\u017cej zera, ale tak\u017ce elegancka opcja, kt\u00f3ra dodaje stylu.<\/strong> Zimowy look dobrze uzupe\u0142ni\u0105 tak\u017ce r\u0119kawiczki czy subtelna, kryszta\u0142owa bi\u017cuteria, kt\u00f3ra pi\u0119knie odbija \u015bwiat\u0142o, tworz\u0105c efekt \u015bniegowej kr\u00f3lowej.<\/p>\n<p style=\"text-align: justify;\">Pami\u0119tajmy, \u017ce zimowy czas to r\u00f3wnie\u017c sezon na buty na koturnie czy ocieplane botki, kt\u00f3re s\u0105 nie tylko wygodne, ale r\u00f3wnie\u017c mog\u0105 stanowi\u0107 oryginalny dodatek do kreacji. W ko\u0144cu, nie ma nic gorszego ni\u017c marzn\u0105ce stopy podczas weselnej zabawy! <strong>Ka\u017cda kobieta powinna czu\u0107 si\u0119 pi\u0119kna i wygodnie na zimowym weselu<\/strong>. Odpowiednio dobrana stylizacja, \u0142\u0105cz\u0105ca praktyczne rozwi\u0105zania z modnymi trendami, z pewno\u015bci\u0105 pomo\u017ce podkre\u015bli\u0107 ten wyj\u0105tkowy charakter tej pory roku.<\/p>\n<h2 style=\"text-align: justify;\">Idealna zimowa stylizacja dla niego<\/h2>\n<p style=\"text-align: justify;\">Pora na pan\u00f3w! Cz\u0119sto zapomina si\u0119, \u017ce m\u0119ska moda weselna ma r\u00f3wnie wiele do zaoferowania, co kobieca. <strong>Wesela zimowe serwuj\u0105 wyzwania,<\/strong> kt\u00f3re mog\u0105 sprawi\u0107, \u017ce kreacja dla niego stanie si\u0119 niezapomnianym elementem ca\u0142ego wydarzenia.<\/p>\n<p style=\"text-align: justify;\">Podstaw\u0105 m\u0119skiej elegancji jest garnitur. Na zimowe wesela najch\u0119tniej wybierane s\u0105 te o ciemnych barwach \u2013 granatowy, czarny czy grafitowy. <strong>Garnitur mo\u017ce by\u0107 zrobiony z grubszych tkanin, takich jak tweed czy welur, kt\u00f3re b\u0119d\u0105 r\u00f3wnie\u017c praktycznie zabezpiecza\u0107 m\u0119\u017cczyzn\u0119 przed zimnem.<\/strong> Pami\u0119taj jednak o dobrym kroju. Garnitur powinien idealnie przylega\u0107 i podkre\u015bla\u0107 sylwetk\u0119 \u2013 dopiero wtedy tworzy elegancki look.<\/p>\n<p style=\"text-align: justify;\">Bia\u0142a koszula to oczywiste rozwi\u0105zanie, ale mo\u017cesz pokusi\u0107 si\u0119 o ciekawe desenie, kt\u00f3re o\u017cywi\u0105 ca\u0142\u0105 stylizacj\u0119. Kompletuj dodatki z umiarem. Muszka, krawat czy poszetka powinny harmonizowa\u0107 z reszt\u0105 stroju. Buty to podstawa<strong>. Klasyczne oxfordy albo brogsy zdecydowanie b\u0119d\u0105 pasowa\u0107 na eleganckie przyj\u0119cie.<\/strong> Wybierz ciemn\u0105, zimow\u0105 kolorystyk\u0119, ale pami\u0119taj o piel\u0119gnacji! \u017badne warunki atmosferyczne nie zwalniaj\u0105 Ci\u0119 z konserwacji obuwia. Podczas zimowych wesel warto pomy\u015ble\u0107 o dodatkach jak p\u0142aszcz lub elegancki szal, kt\u00f3re nie tylko ochroni\u0105 przed ch\u0142odem, ale i doda\u0107 mog\u0105 stylizacji wyrazisto\u015bci.<\/p>\n<p style=\"text-align: justify;\">Stawiaj\u0105c na klasyk\u0119, nie mo\u017cemy zapomnie\u0107 o zegarku. To dodatek, kt\u00f3ry podkre\u015bli elegancki wygl\u0105d ka\u017cdego m\u0119\u017cczyzny. Pami\u0119taj, \u017ce m\u0119ska elegancja wcale nie musi oznacza\u0107 nudy. <strong>Kreatywnie dobrana stylizacja wyrazi Twoj\u0105 indywidualno\u015b\u0107 i poka\u017ce, \u017ce jeste\u015b cz\u0142owiekiem z klas\u0105 \u2013 niezale\u017cnie od pory roku.<\/strong><\/p>\n<h2 style=\"text-align: justify;\">Inspiracje i trendy &#8211; gdzie szuka\u0107 pomys\u0142\u00f3w na stylizacje?<\/h2>\n<p style=\"text-align: justify;\">Nie ma nic z\u0142ego w szukaniu inspiracji przy komponowaniu swojej idealnej stylizacji na zimowe wesele. W obecnych czasach mamy u\u0142atwione zadanie odszukiwania pomys\u0142\u00f3w, dzi\u0119ki mnogo\u015bci inspiracji dost\u0119pnych w sieci. <strong>Wystarczy odrobina ch\u0119ci i ciekawo\u015bci, aby znale\u017a\u0107 co\u015b interesuj\u0105cego i zgodnego z najnowszymi trendami mody.<\/strong><\/p>\n<p style=\"text-align: justify;\">Wi\u0119kszo\u015b\u0107 z nas zna zapewne takie platformy jak <strong>Pinterest czy Instagram.<\/strong> To w\u0142a\u015bnie tam moda kwitnie w pe\u0142ni, a profile modowych influencer\u00f3w czy blogi modowe s\u0105 nieko\u0144cz\u0105c\u0105 si\u0119 kopalni\u0105 pomys\u0142\u00f3w na stylizacje. Obserwujcie ich, szukaj\u0105c inspiracji do kreacji zar\u00f3wno dla niego, jak i dla niej na nadchodz\u0105ce zimowe wesele. Je\u015bli jeste\u015bcie bardziej analogowi, warto si\u0119gn\u0105\u0107 po modne magazyny, kt\u00f3re tak\u017ce publikuj\u0105 wiele inspiracji i trend\u00f3w.<\/p>\n<p style=\"text-align: justify;\">A jakie trendy przewiduj\u0105 specjali\u015bci na nadchodz\u0105ce zimowe wesela? Has\u0142o przewodnie to<strong> &#8222;elegancja po\u0142\u0105czona z ciep\u0142ym komfortem&#8221;.<\/strong> Dla pa\u0144 dominowa\u0107 b\u0119d\u0105 grube, ale eleganckie tkaniny &#8211; aksamit, tweed, grube jedwabie. Sukienki o d\u0142ugim r\u0119kawie, z efektownym dekoltem, ozdobione kryszta\u0142kami, b\u0119d\u0105 najbardziej po\u017c\u0105dane. Panowie mog\u0105 za\u015b postawi\u0107 na eleganckie garnitury z grubszych tkanin i wyraziste dodatki, takie jak szale czy kieszeni\u00f3wki w intensywnych kolorach.<\/p>\n<p style=\"text-align: justify;\">Pami\u0119tajcie, \u017ce na mod\u0119 weseln\u0105, tak jak na ka\u017cd\u0105 inn\u0105, wp\u0142yw maj\u0105 indywidualne preferencje i wygoda. Obserwujcie trendy, ale bierzcie pod uwag\u0119 tak\u017ce w\u0142asne odczucia. Inspirowa\u0107 si\u0119 modem oznacza przede wszystkim czerpa\u0107 rado\u015b\u0107 z procesu kreowania swojego w\u0142asnego stylu.<\/p>\n","protected":false},"excerpt":{"rendered":"<p>Wesela zimowe to okazja do za\u0142o\u017cenia odwa\u017cniejszych i bardziej luksusowych stylizacji. Ale to tak\u017ce wyzwanie &#8211; harmonijne po\u0142\u0105czenie eleganckiego wygl\u0105du i praktyczno\u015bci to niby prosta sprawa, jednak w rzeczywisto\u015bci mo\u017ce nastr\u0119czy\u0107 wiele trudno\u015bci.<\/p>\n","protected":false},"author":7,"featured_media":3609,"comment_status":"closed","ping_status":"closed","sticky":false,"template":"","format":"standard","meta":{"footnotes":""},"categories":[196,228,200],"tags":[213,212,370,328,243,229,221,215],"class_list":["post-3608","post","type-post","status-publish","format-standard","has-post-thumbnail","hentry","category-makijaz-fryzura","category-motyw-weselny","category-stroj-weselny","tag-bizuteria-slubna","tag-dodatki-slubne","tag-jaka-suknia-na-slub","tag-jakie-buty-do-sukni","tag-makijaz-slubny","tag-motyw-weselny","tag-stroj","tag-weselna-stylizacja"],"yoast_head":"<!-- This site is optimized with the Yoast SEO plugin v27.5 - https:\/\/yoast.com\/product\/yoast-seo-wordpress\/ -->\n<title>Wesele zim\u0105 - stylizacje dla niej i dla niego - blog SaleWeselne.com<\/title>\n<meta name=\"description\" content=\"Wesele zim\u0105 - stylizacje dla niej i dla niego - blog SaleWeselne.com\" \/>\n<meta name=\"robots\" content=\"index, follow, max-snippet:-1, max-image-preview:large, max-video-preview:-1\" \/>\n<link rel=\"canonical\" href=\"https:\/\/www.saleweselne.com\/blog\/wesele-zima-stylizacje-dla-niej-i-dla-niego\/\" \/>\n<meta property=\"og:locale\" content=\"pl_PL\" \/>\n<meta property=\"og:type\" content=\"article\" \/>\n<meta property=\"og:title\" content=\"Wesele zim\u0105 - stylizacje dla niej i dla niego - blog SaleWeselne.com\" \/>\n<meta property=\"og:description\" content=\"Wesele zim\u0105 - stylizacje dla niej i dla niego - blog SaleWeselne.com\" \/>\n<meta property=\"og:url\" content=\"https:\/\/www.saleweselne.com\/blog\/wesele-zima-stylizacje-dla-niej-i-dla-niego\/\" \/>\n<meta property=\"og:site_name\" content=\"SaleWeselne.com\" \/>\n<meta property=\"article:published_time\" content=\"2023-12-11T14:06:16+00:00\" \/>\n<meta property=\"article:modified_time\" content=\"2024-05-07T10:10:20+00:00\" \/>\n<meta property=\"og:image\" content=\"https:\/\/www.saleweselne.com\/blog\/wp-content\/uploads\/2023\/12\/1-1-scaled.jpg\" \/>\n\t<meta property=\"og:image:width\" content=\"2560\" \/>\n\t<meta property=\"og:image:height\" content=\"1707\" \/>\n\t<meta property=\"og:image:type\" content=\"image\/jpeg\" \/>\n<meta name=\"author\" content=\"Darek\" \/>\n<meta name=\"twitter:card\" content=\"summary_large_image\" \/>\n<meta name=\"twitter:label1\" content=\"Napisane przez\" \/>\n\t<meta name=\"twitter:data1\" content=\"Darek\" \/>\n\t<meta name=\"twitter:label2\" content=\"Szacowany czas czytania\" \/>\n\t<meta name=\"twitter:data2\" content=\"5 minut\" \/>\n<script type=\"application\/ld+json\" class=\"yoast-schema-graph\">{\"@context\":\"https:\\\/\\\/schema.org\",\"@graph\":[{\"@type\":\"Article\",\"@id\":\"https:\\\/\\\/www.saleweselne.com\\\/blog\\\/wesele-zima-stylizacje-dla-niej-i-dla-niego\\\/#article\",\"isPartOf\":{\"@id\":\"https:\\\/\\\/www.saleweselne.com\\\/blog\\\/wesele-zima-stylizacje-dla-niej-i-dla-niego\\\/\"},\"author\":{\"name\":\"Darek\",\"@id\":\"https:\\\/\\\/www.saleweselne.com\\\/blog\\\/#\\\/schema\\\/person\\\/0e924cd9ceaca06a0d75928575d0f95a\"},\"headline\":\"Wesele zim\u0105 &#8211; stylizacje dla niej i dla niego\",\"datePublished\":\"2023-12-11T14:06:16+00:00\",\"dateModified\":\"2024-05-07T10:10:20+00:00\",\"mainEntityOfPage\":{\"@id\":\"https:\\\/\\\/www.saleweselne.com\\\/blog\\\/wesele-zima-stylizacje-dla-niej-i-dla-niego\\\/\"},\"wordCount\":952,\"publisher\":{\"@id\":\"https:\\\/\\\/www.saleweselne.com\\\/blog\\\/#organization\"},\"image\":{\"@id\":\"https:\\\/\\\/www.saleweselne.com\\\/blog\\\/wesele-zima-stylizacje-dla-niej-i-dla-niego\\\/#primaryimage\"},\"thumbnailUrl\":\"https:\\\/\\\/www.saleweselne.com\\\/blog\\\/wp-content\\\/uploads\\\/2023\\\/12\\\/1-1-scaled.jpg\",\"keywords\":[\"bi\u017cuteria \u015blubna\",\"dodatki \u015blubne\",\"jaka suknia na \u015blub\",\"jakie buty do sukni\",\"makija\u017c \u015blubny\",\"motyw weselny\",\"str\u00f3j\",\"weselna stylizacja\"],\"articleSection\":[\"Makija\u017c\\\/fryzura\",\"Motyw weselny\",\"Str\u00f3j weselny\"],\"inLanguage\":\"pl-PL\"},{\"@type\":\"WebPage\",\"@id\":\"https:\\\/\\\/www.saleweselne.com\\\/blog\\\/wesele-zima-stylizacje-dla-niej-i-dla-niego\\\/\",\"url\":\"https:\\\/\\\/www.saleweselne.com\\\/blog\\\/wesele-zima-stylizacje-dla-niej-i-dla-niego\\\/\",\"name\":\"Wesele zim\u0105 - stylizacje dla niej i dla niego - blog SaleWeselne.com\",\"isPartOf\":{\"@id\":\"https:\\\/\\\/www.saleweselne.com\\\/blog\\\/#website\"},\"primaryImageOfPage\":{\"@id\":\"https:\\\/\\\/www.saleweselne.com\\\/blog\\\/wesele-zima-stylizacje-dla-niej-i-dla-niego\\\/#primaryimage\"},\"image\":{\"@id\":\"https:\\\/\\\/www.saleweselne.com\\\/blog\\\/wesele-zima-stylizacje-dla-niej-i-dla-niego\\\/#primaryimage\"},\"thumbnailUrl\":\"https:\\\/\\\/www.saleweselne.com\\\/blog\\\/wp-content\\\/uploads\\\/2023\\\/12\\\/1-1-scaled.jpg\",\"datePublished\":\"2023-12-11T14:06:16+00:00\",\"dateModified\":\"2024-05-07T10:10:20+00:00\",\"description\":\"Wesele zim\u0105 - stylizacje dla niej i dla niego - blog SaleWeselne.com\",\"breadcrumb\":{\"@id\":\"https:\\\/\\\/www.saleweselne.com\\\/blog\\\/wesele-zima-stylizacje-dla-niej-i-dla-niego\\\/#breadcrumb\"},\"inLanguage\":\"pl-PL\",\"potentialAction\":[{\"@type\":\"ReadAction\",\"target\":[\"https:\\\/\\\/www.saleweselne.com\\\/blog\\\/wesele-zima-stylizacje-dla-niej-i-dla-niego\\\/\"]}]},{\"@type\":\"ImageObject\",\"inLanguage\":\"pl-PL\",\"@id\":\"https:\\\/\\\/www.saleweselne.com\\\/blog\\\/wesele-zima-stylizacje-dla-niej-i-dla-niego\\\/#primaryimage\",\"url\":\"https:\\\/\\\/www.saleweselne.com\\\/blog\\\/wp-content\\\/uploads\\\/2023\\\/12\\\/1-1-scaled.jpg\",\"contentUrl\":\"https:\\\/\\\/www.saleweselne.com\\\/blog\\\/wp-content\\\/uploads\\\/2023\\\/12\\\/1-1-scaled.jpg\",\"width\":2560,\"height\":1707,\"caption\":\"Sp\u00f3dnica na wesele\"},{\"@type\":\"BreadcrumbList\",\"@id\":\"https:\\\/\\\/www.saleweselne.com\\\/blog\\\/wesele-zima-stylizacje-dla-niej-i-dla-niego\\\/#breadcrumb\",\"itemListElement\":[{\"@type\":\"ListItem\",\"position\":1,\"name\":\"Strona g\u0142\u00f3wna\",\"item\":\"https:\\\/\\\/www.saleweselne.com\\\/blog\\\/\"},{\"@type\":\"ListItem\",\"position\":2,\"name\":\"Wesele zim\u0105 &#8211; stylizacje dla niej i dla niego\"}]},{\"@type\":\"WebSite\",\"@id\":\"https:\\\/\\\/www.saleweselne.com\\\/blog\\\/#website\",\"url\":\"https:\\\/\\\/www.saleweselne.com\\\/blog\\\/\",\"name\":\"SaleWeselne.com\",\"description\":\"Blog Bran\u017cy Weselnej - Sprawd\u017a najpi\u0119kniejsze sale weselne oraz motywy \u015blubne. Poznaj praktyczne porady, jak zorganizowa\u0107 wymarzone wesele!\",\"publisher\":{\"@id\":\"https:\\\/\\\/www.saleweselne.com\\\/blog\\\/#organization\"},\"potentialAction\":[{\"@type\":\"SearchAction\",\"target\":{\"@type\":\"EntryPoint\",\"urlTemplate\":\"https:\\\/\\\/www.saleweselne.com\\\/blog\\\/?s={search_term_string}\"},\"query-input\":{\"@type\":\"PropertyValueSpecification\",\"valueRequired\":true,\"valueName\":\"search_term_string\"}}],\"inLanguage\":\"pl-PL\"},{\"@type\":\"Organization\",\"@id\":\"https:\\\/\\\/www.saleweselne.com\\\/blog\\\/#organization\",\"name\":\"SaleWeselne.com\",\"url\":\"https:\\\/\\\/www.saleweselne.com\\\/blog\\\/\",\"logo\":{\"@type\":\"ImageObject\",\"inLanguage\":\"pl-PL\",\"@id\":\"https:\\\/\\\/www.saleweselne.com\\\/blog\\\/#\\\/schema\\\/logo\\\/image\\\/\",\"url\":\"https:\\\/\\\/www.saleweselne.com\\\/blog\\\/wp-content\\\/uploads\\\/2021\\\/03\\\/saleweselne-logotyp-RGB-bez-tla-2.png\",\"contentUrl\":\"https:\\\/\\\/www.saleweselne.com\\\/blog\\\/wp-content\\\/uploads\\\/2021\\\/03\\\/saleweselne-logotyp-RGB-bez-tla-2.png\",\"width\":625,\"height\":150,\"caption\":\"SaleWeselne.com\"},\"image\":{\"@id\":\"https:\\\/\\\/www.saleweselne.com\\\/blog\\\/#\\\/schema\\\/logo\\\/image\\\/\"}},{\"@type\":\"Person\",\"@id\":\"https:\\\/\\\/www.saleweselne.com\\\/blog\\\/#\\\/schema\\\/person\\\/0e924cd9ceaca06a0d75928575d0f95a\",\"name\":\"Darek\",\"url\":\"https:\\\/\\\/www.saleweselne.com\\\/blog\\\/author\\\/darek\\\/\"}]}<\/script>\n<!-- \/ Yoast SEO plugin. -->","yoast_head_json":{"title":"Wesele zim\u0105 - stylizacje dla niej i dla niego - blog SaleWeselne.com","description":"Wesele zim\u0105 - stylizacje dla niej i dla niego - blog SaleWeselne.com","robots":{"index":"index","follow":"follow","max-snippet":"max-snippet:-1","max-image-preview":"max-image-preview:large","max-video-preview":"max-video-preview:-1"},"canonical":"https:\/\/www.saleweselne.com\/blog\/wesele-zima-stylizacje-dla-niej-i-dla-niego\/","og_locale":"pl_PL","og_type":"article","og_title":"Wesele zim\u0105 - stylizacje dla niej i dla niego - blog SaleWeselne.com","og_description":"Wesele zim\u0105 - stylizacje dla niej i dla niego - blog SaleWeselne.com","og_url":"https:\/\/www.saleweselne.com\/blog\/wesele-zima-stylizacje-dla-niej-i-dla-niego\/","og_site_name":"SaleWeselne.com","article_published_time":"2023-12-11T14:06:16+00:00","article_modified_time":"2024-05-07T10:10:20+00:00","og_image":[{"width":2560,"height":1707,"url":"https:\/\/www.saleweselne.com\/blog\/wp-content\/uploads\/2023\/12\/1-1-scaled.jpg","type":"image\/jpeg"}],"author":"Darek","twitter_card":"summary_large_image","twitter_misc":{"Napisane przez":"Darek","Szacowany czas czytania":"5 minut"},"schema":{"@context":"https:\/\/schema.org","@graph":[{"@type":"Article","@id":"https:\/\/www.saleweselne.com\/blog\/wesele-zima-stylizacje-dla-niej-i-dla-niego\/#article","isPartOf":{"@id":"https:\/\/www.saleweselne.com\/blog\/wesele-zima-stylizacje-dla-niej-i-dla-niego\/"},"author":{"name":"Darek","@id":"https:\/\/www.saleweselne.com\/blog\/#\/schema\/person\/0e924cd9ceaca06a0d75928575d0f95a"},"headline":"Wesele zim\u0105 &#8211; stylizacje dla niej i dla niego","datePublished":"2023-12-11T14:06:16+00:00","dateModified":"2024-05-07T10:10:20+00:00","mainEntityOfPage":{"@id":"https:\/\/www.saleweselne.com\/blog\/wesele-zima-stylizacje-dla-niej-i-dla-niego\/"},"wordCount":952,"publisher":{"@id":"https:\/\/www.saleweselne.com\/blog\/#organization"},"image":{"@id":"https:\/\/www.saleweselne.com\/blog\/wesele-zima-stylizacje-dla-niej-i-dla-niego\/#primaryimage"},"thumbnailUrl":"https:\/\/www.saleweselne.com\/blog\/wp-content\/uploads\/2023\/12\/1-1-scaled.jpg","keywords":["bi\u017cuteria \u015blubna","dodatki \u015blubne","jaka suknia na \u015blub","jakie buty do sukni","makija\u017c \u015blubny","motyw weselny","str\u00f3j","weselna stylizacja"],"articleSection":["Makija\u017c\/fryzura","Motyw weselny","Str\u00f3j weselny"],"inLanguage":"pl-PL"},{"@type":"WebPage","@id":"https:\/\/www.saleweselne.com\/blog\/wesele-zima-stylizacje-dla-niej-i-dla-niego\/","url":"https:\/\/www.saleweselne.com\/blog\/wesele-zima-stylizacje-dla-niej-i-dla-niego\/","name":"Wesele zim\u0105 - stylizacje dla niej i dla niego - blog SaleWeselne.com","isPartOf":{"@id":"https:\/\/www.saleweselne.com\/blog\/#website"},"primaryImageOfPage":{"@id":"https:\/\/www.saleweselne.com\/blog\/wesele-zima-stylizacje-dla-niej-i-dla-niego\/#primaryimage"},"image":{"@id":"https:\/\/www.saleweselne.com\/blog\/wesele-zima-stylizacje-dla-niej-i-dla-niego\/#primaryimage"},"thumbnailUrl":"https:\/\/www.saleweselne.com\/blog\/wp-content\/uploads\/2023\/12\/1-1-scaled.jpg","datePublished":"2023-12-11T14:06:16+00:00","dateModified":"2024-05-07T10:10:20+00:00","description":"Wesele zim\u0105 - stylizacje dla niej i dla niego - blog SaleWeselne.com","breadcrumb":{"@id":"https:\/\/www.saleweselne.com\/blog\/wesele-zima-stylizacje-dla-niej-i-dla-niego\/#breadcrumb"},"inLanguage":"pl-PL","potentialAction":[{"@type":"ReadAction","target":["https:\/\/www.saleweselne.com\/blog\/wesele-zima-stylizacje-dla-niej-i-dla-niego\/"]}]},{"@type":"ImageObject","inLanguage":"pl-PL","@id":"https:\/\/www.saleweselne.com\/blog\/wesele-zima-stylizacje-dla-niej-i-dla-niego\/#primaryimage","url":"https:\/\/www.saleweselne.com\/blog\/wp-content\/uploads\/2023\/12\/1-1-scaled.jpg","contentUrl":"https:\/\/www.saleweselne.com\/blog\/wp-content\/uploads\/2023\/12\/1-1-scaled.jpg","width":2560,"height":1707,"caption":"Sp\u00f3dnica na wesele"},{"@type":"BreadcrumbList","@id":"https:\/\/www.saleweselne.com\/blog\/wesele-zima-stylizacje-dla-niej-i-dla-niego\/#breadcrumb","itemListElement":[{"@type":"ListItem","position":1,"name":"Strona g\u0142\u00f3wna","item":"https:\/\/www.saleweselne.com\/blog\/"},{"@type":"ListItem","position":2,"name":"Wesele zim\u0105 &#8211; stylizacje dla niej i dla niego"}]},{"@type":"WebSite","@id":"https:\/\/www.saleweselne.com\/blog\/#website","url":"https:\/\/www.saleweselne.com\/blog\/","name":"SaleWeselne.com","description":"Blog Bran\u017cy Weselnej - Sprawd\u017a najpi\u0119kniejsze sale weselne oraz motywy \u015blubne. Poznaj praktyczne porady, jak zorganizowa\u0107 wymarzone wesele!","publisher":{"@id":"https:\/\/www.saleweselne.com\/blog\/#organization"},"potentialAction":[{"@type":"SearchAction","target":{"@type":"EntryPoint","urlTemplate":"https:\/\/www.saleweselne.com\/blog\/?s={search_term_string}"},"query-input":{"@type":"PropertyValueSpecification","valueRequired":true,"valueName":"search_term_string"}}],"inLanguage":"pl-PL"},{"@type":"Organization","@id":"https:\/\/www.saleweselne.com\/blog\/#organization","name":"SaleWeselne.com","url":"https:\/\/www.saleweselne.com\/blog\/","logo":{"@type":"ImageObject","inLanguage":"pl-PL","@id":"https:\/\/www.saleweselne.com\/blog\/#\/schema\/logo\/image\/","url":"https:\/\/www.saleweselne.com\/blog\/wp-content\/uploads\/2021\/03\/saleweselne-logotyp-RGB-bez-tla-2.png","contentUrl":"https:\/\/www.saleweselne.com\/blog\/wp-content\/uploads\/2021\/03\/saleweselne-logotyp-RGB-bez-tla-2.png","width":625,"height":150,"caption":"SaleWeselne.com"},"image":{"@id":"https:\/\/www.saleweselne.com\/blog\/#\/schema\/logo\/image\/"}},{"@type":"Person","@id":"https:\/\/www.saleweselne.com\/blog\/#\/schema\/person\/0e924cd9ceaca06a0d75928575d0f95a","name":"Darek","url":"https:\/\/www.saleweselne.com\/blog\/author\/darek\/"}]}},"_links":{"self":[{"href":"https:\/\/www.saleweselne.com\/blog\/wp-json\/wp\/v2\/posts\/3608","targetHints":{"allow":["GET"]}}],"collection":[{"href":"https:\/\/www.saleweselne.com\/blog\/wp-json\/wp\/v2\/posts"}],"about":[{"href":"https:\/\/www.saleweselne.com\/blog\/wp-json\/wp\/v2\/types\/post"}],"author":[{"embeddable":true,"href":"https:\/\/www.saleweselne.com\/blog\/wp-json\/wp\/v2\/users\/7"}],"replies":[{"embeddable":true,"href":"https:\/\/www.saleweselne.com\/blog\/wp-json\/wp\/v2\/comments?post=3608"}],"version-history":[{"count":3,"href":"https:\/\/www.saleweselne.com\/blog\/wp-json\/wp\/v2\/posts\/3608\/revisions"}],"predecessor-version":[{"id":3612,"href":"https:\/\/www.saleweselne.com\/blog\/wp-json\/wp\/v2\/posts\/3608\/revisions\/3612"}],"wp:featuredmedia":[{"embeddable":true,"href":"https:\/\/www.saleweselne.com\/blog\/wp-json\/wp\/v2\/media\/3609"}],"wp:attachment":[{"href":"https:\/\/www.saleweselne.com\/blog\/wp-json\/wp\/v2\/media?parent=3608"}],"wp:term":[{"taxonomy":"category","embeddable":true,"href":"https:\/\/www.saleweselne.com\/blog\/wp-json\/wp\/v2\/categories?post=3608"},{"taxonomy":"post_tag","embeddable":true,"href":"https:\/\/www.saleweselne.com\/blog\/wp-json\/wp\/v2\/tags?post=3608"}],"curies":[{"name":"wp","href":"https:\/\/api.w.org\/{rel}","templated":true}]}}