{"id":3648,"date":"2024-02-29T15:59:41","date_gmt":"2024-02-29T13:59:41","guid":{"rendered":"https:\/\/www.saleweselne.com\/blog\/?p=3648"},"modified":"2024-05-07T12:10:20","modified_gmt":"2024-05-07T10:10:20","slug":"sandaly-na-obcasie-elegancki-dodatek-do-sukni-slubnej","status":"publish","type":"post","link":"https:\/\/www.saleweselne.com\/blog\/sandaly-na-obcasie-elegancki-dodatek-do-sukni-slubnej\/","title":{"rendered":"Sanda\u0142y na obcasie &#8211; elegancki dodatek do sukni \u015blubnej"},"content":{"rendered":"<p style=\"text-align: justify;\"><strong>Sanda\u0142y na obcasie staj\u0105 si\u0119 coraz bardziej popularnym wyborem przysz\u0142ych panien m\u0142odych, poszukuj\u0105cych eleganckiego i wygodnego obuwia na dzie\u0144 \u015blubu. Dlaczego warto rozwa\u017cy\u0107 ten oryginalny dodatek do sukni \u015blubnej? Jak dobra\u0107 idealne sanda\u0142y, aby stworzy\u0107 sp\u00f3jny i stylowy look? Przyjrzyjmy si\u0119 blisko temu tematowi.<\/strong><\/p>\n<h2 style=\"text-align: justify;\">Dlaczego sanda\u0142y na obcasie to idealny wyb\u00f3r dla przysz\u0142ych panien m\u0142odych?<\/h2>\n<p style=\"text-align: justify;\">Czy sanda\u0142y na obcasie mog\u0105 by\u0107 r\u00f3wnie urokliwe, jak tradycyjne szpilki? W ostatnich latach obserwujemy rosn\u0105c\u0105 popularno\u015b\u0107 tego rodzaju obuwia w\u015br\u00f3d panien m\u0142odych. Decyzja ta cz\u0119sto wynika z pragnienia po\u0142\u0105czenia elegancji z wygod\u0105, co z pewno\u015bci\u0105 stanowi kluczowy element tego trendu. <a href=\"https:\/\/eobuwie.com.pl\/c\/damskie\/klapki-i-sandaly\/sandaly\/sandaly-eleganckie\"><strong>Eleganckie sanda\u0142y na obcasie<\/strong><\/a> oferuj\u0105 nie tylko <strong>estetyczny wygl\u0105d<\/strong>, ale r\u00f3wnie\u017c zapewniaj\u0105 <strong>wygod\u0119 noszenia przez d\u0142u\u017cszy czas<\/strong>, co jest szczeg\u00f3lnie istotne podczas uroczysto\u015bci \u015blubnych. Ponadto, taki wyb\u00f3r umo\u017cliwia swobod\u0119 ruch\u00f3w i pozwala unikn\u0105\u0107 uczucia dyskomfortu, kt\u00f3re czasem towarzyszy noszeniu tradycyjnych szpilek przez ca\u0142y dzie\u0144. <strong>Kombinacja elegancji, wygody i swobody ruch\u00f3w<\/strong> czyni sanda\u0142y na obcasie atrakcyjn\u0105 opcj\u0105 dla przysz\u0142ych panien m\u0142odych, kt\u00f3re chc\u0105 podkre\u015bli\u0107 swoj\u0105 indywidualno\u015b\u0107, nie rezygnuj\u0105c jednocze\u015bnie z gracji i szyku w dniu swojego \u015blubu.<\/p>\n<h2 style=\"text-align: justify;\">Jak dobra\u0107 idealne sanda\u0142y na obcasie do sukni \u015blubnej?<\/h2>\n<p style=\"text-align: justify;\">Wyb\u00f3r sanda\u0142\u00f3w na obcasie wymaga r\u00f3wnie du\u017co uwagi co wyb\u00f3r samej sukni \u015blubnej. Jakie cechy powinny posiada\u0107 idealne sanda\u0142y, aby stworzy\u0107 sp\u00f3jny i elegancki look? Pierwszym krokiem jest zwr\u00f3cenie uwagi na <strong>kszta\u0142t obcasa<\/strong>, kt\u00f3ry powinien komponowa\u0107 si\u0119 ze stylem sukni. Smuk\u0142e, delikatne obcasy mog\u0105 doskonale pasowa\u0107 do zwiewnych, lekkich sukien, podczas gdy bardziej masywne obcasy mog\u0105 by\u0107 idealnym uzupe\u0142nieniem sukni o bardziej klasycznym kroju. Nie bez znaczenia jest tak\u017ce <strong>kolor sanda\u0142\u00f3w<\/strong>. Warto postawi\u0107 na klasyczne odcienie, takie jak biel, ecru czy z\u0142oto, kt\u00f3re idealnie wsp\u00f3\u0142graj\u0105 z tradycyjnym bia\u0142ym lub kremowym kolorem sukni \u015blubnej. Kolejnym aspektem do rozwa\u017cenia jest <strong>materia\u0142<\/strong>, z jakiego wykonane s\u0105 sanda\u0142y. Je\u015bli ceremonia \u015blubna odbywa si\u0119 na pla\u017cy, lekkie i przewiewne sanda\u0142y z delikatnych tkanin b\u0119d\u0105 idealnym wyborem. Natomiast w przypadku tradycyjnego ko\u015bcio\u0142a warto rozwa\u017cy\u0107 eleganckie modele wykonane z wysokiej jako\u015bci sk\u00f3ry czy satyny.<\/p>\n<p><a href=\"https:\/\/www.saleweselne.com\/blog\/wp-content\/uploads\/2024\/02\/2-1-scaled.jpg\"><img loading=\"lazy\" decoding=\"async\" class=\"alignnone wp-image-3650 size-full\" src=\"https:\/\/www.saleweselne.com\/blog\/wp-content\/uploads\/2024\/02\/2-1-scaled.jpg\" alt=\"\" width=\"2560\" height=\"1709\" srcset=\"https:\/\/www.saleweselne.com\/blog\/wp-content\/uploads\/2024\/02\/2-1-scaled.jpg 2560w, https:\/\/www.saleweselne.com\/blog\/wp-content\/uploads\/2024\/02\/2-1-300x200.jpg 300w, https:\/\/www.saleweselne.com\/blog\/wp-content\/uploads\/2024\/02\/2-1-1024x683.jpg 1024w, https:\/\/www.saleweselne.com\/blog\/wp-content\/uploads\/2024\/02\/2-1-768x513.jpg 768w, https:\/\/www.saleweselne.com\/blog\/wp-content\/uploads\/2024\/02\/2-1-1536x1025.jpg 1536w, https:\/\/www.saleweselne.com\/blog\/wp-content\/uploads\/2024\/02\/2-1-2048x1367.jpg 2048w, https:\/\/www.saleweselne.com\/blog\/wp-content\/uploads\/2024\/02\/2-1-1140x761.jpg 1140w\" sizes=\"auto, (max-width: 2560px) 100vw, 2560px\" \/><\/a><\/p>\n<h2 style=\"text-align: justify;\">Jakie s\u0105 najnowsze trendy w \u015bwiecie sanda\u0142\u00f3w na obcasie?<\/h2>\n<p style=\"text-align: justify;\">Czym kieruj\u0105 si\u0119 projektanci mody \u015blubnej, tworz\u0105c nowe kolekcje sanda\u0142\u00f3w na obcasie? Aktualnie najnowsze trendy w \u015bwiecie sanda\u0142\u00f3w skupiaj\u0105 si\u0119 na <strong>po\u0142\u0105czeniu elegancji z nowoczesno\u015bci\u0105<\/strong>. Projektanci staraj\u0105 si\u0119 tworzy\u0107 unikalne wzory, kt\u00f3re podkre\u015blaj\u0105 indywidualno\u015b\u0107 panny m\u0142odej. Wiod\u0105ce wzory to cz\u0119sto <strong>delikatne hafty, romantyczne koronki i finezyjne aplikacje<\/strong>, dodaj\u0105ce sanda\u0142om wyj\u0105tkowego charakteru. Je\u015bli chodzi o zdobienia, subtelno\u015b\u0107 nadal jest na topie. <strong>Minimalistyczne koraliki, delikatne cekiny czy dyskretne per\u0142y<\/strong> stanowi\u0105 eleganckie dodatki, kt\u00f3re harmonijnie wsp\u00f3\u0142graj\u0105 z delikatno\u015bci\u0105 sukni \u015blubnej. Projektanci r\u00f3wnie\u017c eksperymentuj\u0105 z nietypowymi materia\u0142ami, wprowadzaj\u0105c do kolekcji sanda\u0142\u00f3w na obcasie elementy takie jak <strong>przezroczyste wstawki<\/strong> czy <strong>metaliczne akcenty<\/strong>. W kwestii kolor\u00f3w dominuj\u0105 tradycyjne odcienie, jednak coraz cz\u0119\u015bciej mo\u017cna zauwa\u017cy\u0107 odwa\u017cne kombinacje, takie jak<strong> delikatne pastele<\/strong> czy <strong>g\u0142\u0119bokie burgundy<\/strong>. Nowoczesne panny m\u0142ode coraz ch\u0119tniej wybieraj\u0105 sanda\u0142y w kolorach innych ni\u017c biel, dodaj\u0105c swojej stylizacji odrobin\u0119 \u015bwie\u017co\u015bci i oryginalno\u015bci.<\/p>\n","protected":false},"excerpt":{"rendered":"<p>Sanda\u0142y na obcasie staj\u0105 si\u0119 coraz bardziej popularnym wyborem przysz\u0142ych panien m\u0142odych, poszukuj\u0105cych eleganckiego i wygodnego obuwia na dzie\u0144 \u015blubu. Dlaczego warto rozwa\u017cy\u0107 ten oryginalny dodatek do sukni \u015blubnej?<\/p>\n","protected":false},"author":10,"featured_media":3649,"comment_status":"closed","ping_status":"closed","sticky":false,"template":"","format":"standard","meta":{"footnotes":""},"categories":[200,198],"tags":[212,370,328,174,257,221,177],"class_list":["post-3648","post","type-post","status-publish","format-standard","has-post-thumbnail","hentry","category-stroj-weselny","category-uslugi-weselne","tag-dodatki-slubne","tag-jaka-suknia-na-slub","tag-jakie-buty-do-sukni","tag-organizacja-wesela","tag-panna-mloda","tag-stroj","tag-suknia-slubna"],"yoast_head":"<!-- This site is optimized with the Yoast SEO plugin v27.5 - https:\/\/yoast.com\/product\/yoast-seo-wordpress\/ -->\n<title>Sanda\u0142y na obcasie - elegancki dodatek do sukni \u015blubnej - blog SaleWeselne.com<\/title>\n<meta name=\"description\" content=\"Sanda\u0142y na obcasie - elegancki dodatek do sukni \u015blubnej - blog SaleWeselne.com\" \/>\n<meta name=\"robots\" content=\"index, follow, max-snippet:-1, max-image-preview:large, max-video-preview:-1\" \/>\n<link rel=\"canonical\" href=\"https:\/\/www.saleweselne.com\/blog\/sandaly-na-obcasie-elegancki-dodatek-do-sukni-slubnej\/\" \/>\n<meta property=\"og:locale\" content=\"pl_PL\" \/>\n<meta property=\"og:type\" content=\"article\" \/>\n<meta property=\"og:title\" content=\"Sanda\u0142y na obcasie - elegancki dodatek do sukni \u015blubnej - blog SaleWeselne.com\" \/>\n<meta property=\"og:description\" content=\"Sanda\u0142y na obcasie - elegancki dodatek do sukni \u015blubnej - blog SaleWeselne.com\" \/>\n<meta property=\"og:url\" content=\"https:\/\/www.saleweselne.com\/blog\/sandaly-na-obcasie-elegancki-dodatek-do-sukni-slubnej\/\" \/>\n<meta property=\"og:site_name\" content=\"SaleWeselne.com\" \/>\n<meta property=\"article:published_time\" content=\"2024-02-29T13:59:41+00:00\" \/>\n<meta property=\"article:modified_time\" content=\"2024-05-07T10:10:20+00:00\" \/>\n<meta property=\"og:image\" content=\"https:\/\/www.saleweselne.com\/blog\/wp-content\/uploads\/2024\/02\/1.jpg\" \/>\n\t<meta property=\"og:image:width\" content=\"1800\" \/>\n\t<meta property=\"og:image:height\" content=\"1200\" \/>\n\t<meta property=\"og:image:type\" content=\"image\/jpeg\" \/>\n<meta name=\"author\" content=\"Natalia Bielicka\" \/>\n<meta name=\"twitter:card\" content=\"summary_large_image\" \/>\n<meta name=\"twitter:label1\" content=\"Napisane przez\" \/>\n\t<meta name=\"twitter:data1\" content=\"Natalia Bielicka\" \/>\n\t<meta name=\"twitter:label2\" content=\"Szacowany czas czytania\" \/>\n\t<meta name=\"twitter:data2\" content=\"4 minuty\" \/>\n<script type=\"application\/ld+json\" class=\"yoast-schema-graph\">{\"@context\":\"https:\\\/\\\/schema.org\",\"@graph\":[{\"@type\":\"Article\",\"@id\":\"https:\\\/\\\/www.saleweselne.com\\\/blog\\\/sandaly-na-obcasie-elegancki-dodatek-do-sukni-slubnej\\\/#article\",\"isPartOf\":{\"@id\":\"https:\\\/\\\/www.saleweselne.com\\\/blog\\\/sandaly-na-obcasie-elegancki-dodatek-do-sukni-slubnej\\\/\"},\"author\":{\"name\":\"Natalia Bielicka\",\"@id\":\"https:\\\/\\\/www.saleweselne.com\\\/blog\\\/#\\\/schema\\\/person\\\/4b2f139471122a3ea7ac0a68d919043a\"},\"headline\":\"Sanda\u0142y na obcasie &#8211; elegancki dodatek do sukni \u015blubnej\",\"datePublished\":\"2024-02-29T13:59:41+00:00\",\"dateModified\":\"2024-05-07T10:10:20+00:00\",\"mainEntityOfPage\":{\"@id\":\"https:\\\/\\\/www.saleweselne.com\\\/blog\\\/sandaly-na-obcasie-elegancki-dodatek-do-sukni-slubnej\\\/\"},\"wordCount\":579,\"publisher\":{\"@id\":\"https:\\\/\\\/www.saleweselne.com\\\/blog\\\/#organization\"},\"image\":{\"@id\":\"https:\\\/\\\/www.saleweselne.com\\\/blog\\\/sandaly-na-obcasie-elegancki-dodatek-do-sukni-slubnej\\\/#primaryimage\"},\"thumbnailUrl\":\"https:\\\/\\\/www.saleweselne.com\\\/blog\\\/wp-content\\\/uploads\\\/2024\\\/02\\\/1.jpg\",\"keywords\":[\"dodatki \u015blubne\",\"jaka suknia na \u015blub\",\"jakie buty do sukni\",\"organizacja wesela\",\"Panna M\u0142oda\",\"str\u00f3j\",\"suknia \u015blubna\"],\"articleSection\":[\"Str\u00f3j weselny\",\"Us\u0142ugi weselne\"],\"inLanguage\":\"pl-PL\"},{\"@type\":\"WebPage\",\"@id\":\"https:\\\/\\\/www.saleweselne.com\\\/blog\\\/sandaly-na-obcasie-elegancki-dodatek-do-sukni-slubnej\\\/\",\"url\":\"https:\\\/\\\/www.saleweselne.com\\\/blog\\\/sandaly-na-obcasie-elegancki-dodatek-do-sukni-slubnej\\\/\",\"name\":\"Sanda\u0142y na obcasie - elegancki dodatek do sukni \u015blubnej - blog SaleWeselne.com\",\"isPartOf\":{\"@id\":\"https:\\\/\\\/www.saleweselne.com\\\/blog\\\/#website\"},\"primaryImageOfPage\":{\"@id\":\"https:\\\/\\\/www.saleweselne.com\\\/blog\\\/sandaly-na-obcasie-elegancki-dodatek-do-sukni-slubnej\\\/#primaryimage\"},\"image\":{\"@id\":\"https:\\\/\\\/www.saleweselne.com\\\/blog\\\/sandaly-na-obcasie-elegancki-dodatek-do-sukni-slubnej\\\/#primaryimage\"},\"thumbnailUrl\":\"https:\\\/\\\/www.saleweselne.com\\\/blog\\\/wp-content\\\/uploads\\\/2024\\\/02\\\/1.jpg\",\"datePublished\":\"2024-02-29T13:59:41+00:00\",\"dateModified\":\"2024-05-07T10:10:20+00:00\",\"description\":\"Sanda\u0142y na obcasie - elegancki dodatek do sukni \u015blubnej - blog SaleWeselne.com\",\"breadcrumb\":{\"@id\":\"https:\\\/\\\/www.saleweselne.com\\\/blog\\\/sandaly-na-obcasie-elegancki-dodatek-do-sukni-slubnej\\\/#breadcrumb\"},\"inLanguage\":\"pl-PL\",\"potentialAction\":[{\"@type\":\"ReadAction\",\"target\":[\"https:\\\/\\\/www.saleweselne.com\\\/blog\\\/sandaly-na-obcasie-elegancki-dodatek-do-sukni-slubnej\\\/\"]}]},{\"@type\":\"ImageObject\",\"inLanguage\":\"pl-PL\",\"@id\":\"https:\\\/\\\/www.saleweselne.com\\\/blog\\\/sandaly-na-obcasie-elegancki-dodatek-do-sukni-slubnej\\\/#primaryimage\",\"url\":\"https:\\\/\\\/www.saleweselne.com\\\/blog\\\/wp-content\\\/uploads\\\/2024\\\/02\\\/1.jpg\",\"contentUrl\":\"https:\\\/\\\/www.saleweselne.com\\\/blog\\\/wp-content\\\/uploads\\\/2024\\\/02\\\/1.jpg\",\"width\":1800,\"height\":1200},{\"@type\":\"BreadcrumbList\",\"@id\":\"https:\\\/\\\/www.saleweselne.com\\\/blog\\\/sandaly-na-obcasie-elegancki-dodatek-do-sukni-slubnej\\\/#breadcrumb\",\"itemListElement\":[{\"@type\":\"ListItem\",\"position\":1,\"name\":\"Strona g\u0142\u00f3wna\",\"item\":\"https:\\\/\\\/www.saleweselne.com\\\/blog\\\/\"},{\"@type\":\"ListItem\",\"position\":2,\"name\":\"Sanda\u0142y na obcasie &#8211; elegancki dodatek do sukni \u015blubnej\"}]},{\"@type\":\"WebSite\",\"@id\":\"https:\\\/\\\/www.saleweselne.com\\\/blog\\\/#website\",\"url\":\"https:\\\/\\\/www.saleweselne.com\\\/blog\\\/\",\"name\":\"SaleWeselne.com\",\"description\":\"Blog Bran\u017cy Weselnej - Sprawd\u017a najpi\u0119kniejsze sale weselne oraz motywy \u015blubne. Poznaj praktyczne porady, jak zorganizowa\u0107 wymarzone wesele!\",\"publisher\":{\"@id\":\"https:\\\/\\\/www.saleweselne.com\\\/blog\\\/#organization\"},\"potentialAction\":[{\"@type\":\"SearchAction\",\"target\":{\"@type\":\"EntryPoint\",\"urlTemplate\":\"https:\\\/\\\/www.saleweselne.com\\\/blog\\\/?s={search_term_string}\"},\"query-input\":{\"@type\":\"PropertyValueSpecification\",\"valueRequired\":true,\"valueName\":\"search_term_string\"}}],\"inLanguage\":\"pl-PL\"},{\"@type\":\"Organization\",\"@id\":\"https:\\\/\\\/www.saleweselne.com\\\/blog\\\/#organization\",\"name\":\"SaleWeselne.com\",\"url\":\"https:\\\/\\\/www.saleweselne.com\\\/blog\\\/\",\"logo\":{\"@type\":\"ImageObject\",\"inLanguage\":\"pl-PL\",\"@id\":\"https:\\\/\\\/www.saleweselne.com\\\/blog\\\/#\\\/schema\\\/logo\\\/image\\\/\",\"url\":\"https:\\\/\\\/www.saleweselne.com\\\/blog\\\/wp-content\\\/uploads\\\/2021\\\/03\\\/saleweselne-logotyp-RGB-bez-tla-2.png\",\"contentUrl\":\"https:\\\/\\\/www.saleweselne.com\\\/blog\\\/wp-content\\\/uploads\\\/2021\\\/03\\\/saleweselne-logotyp-RGB-bez-tla-2.png\",\"width\":625,\"height\":150,\"caption\":\"SaleWeselne.com\"},\"image\":{\"@id\":\"https:\\\/\\\/www.saleweselne.com\\\/blog\\\/#\\\/schema\\\/logo\\\/image\\\/\"}},{\"@type\":\"Person\",\"@id\":\"https:\\\/\\\/www.saleweselne.com\\\/blog\\\/#\\\/schema\\\/person\\\/4b2f139471122a3ea7ac0a68d919043a\",\"name\":\"Natalia Bielicka\",\"url\":\"https:\\\/\\\/www.saleweselne.com\\\/blog\\\/author\\\/natalia\\\/\"}]}<\/script>\n<!-- \/ Yoast SEO plugin. -->","yoast_head_json":{"title":"Sanda\u0142y na obcasie - elegancki dodatek do sukni \u015blubnej - blog SaleWeselne.com","description":"Sanda\u0142y na obcasie - elegancki dodatek do sukni \u015blubnej - blog SaleWeselne.com","robots":{"index":"index","follow":"follow","max-snippet":"max-snippet:-1","max-image-preview":"max-image-preview:large","max-video-preview":"max-video-preview:-1"},"canonical":"https:\/\/www.saleweselne.com\/blog\/sandaly-na-obcasie-elegancki-dodatek-do-sukni-slubnej\/","og_locale":"pl_PL","og_type":"article","og_title":"Sanda\u0142y na obcasie - elegancki dodatek do sukni \u015blubnej - blog SaleWeselne.com","og_description":"Sanda\u0142y na obcasie - elegancki dodatek do sukni \u015blubnej - blog SaleWeselne.com","og_url":"https:\/\/www.saleweselne.com\/blog\/sandaly-na-obcasie-elegancki-dodatek-do-sukni-slubnej\/","og_site_name":"SaleWeselne.com","article_published_time":"2024-02-29T13:59:41+00:00","article_modified_time":"2024-05-07T10:10:20+00:00","og_image":[{"width":1800,"height":1200,"url":"https:\/\/www.saleweselne.com\/blog\/wp-content\/uploads\/2024\/02\/1.jpg","type":"image\/jpeg"}],"author":"Natalia Bielicka","twitter_card":"summary_large_image","twitter_misc":{"Napisane przez":"Natalia Bielicka","Szacowany czas czytania":"4 minuty"},"schema":{"@context":"https:\/\/schema.org","@graph":[{"@type":"Article","@id":"https:\/\/www.saleweselne.com\/blog\/sandaly-na-obcasie-elegancki-dodatek-do-sukni-slubnej\/#article","isPartOf":{"@id":"https:\/\/www.saleweselne.com\/blog\/sandaly-na-obcasie-elegancki-dodatek-do-sukni-slubnej\/"},"author":{"name":"Natalia Bielicka","@id":"https:\/\/www.saleweselne.com\/blog\/#\/schema\/person\/4b2f139471122a3ea7ac0a68d919043a"},"headline":"Sanda\u0142y na obcasie &#8211; elegancki dodatek do sukni \u015blubnej","datePublished":"2024-02-29T13:59:41+00:00","dateModified":"2024-05-07T10:10:20+00:00","mainEntityOfPage":{"@id":"https:\/\/www.saleweselne.com\/blog\/sandaly-na-obcasie-elegancki-dodatek-do-sukni-slubnej\/"},"wordCount":579,"publisher":{"@id":"https:\/\/www.saleweselne.com\/blog\/#organization"},"image":{"@id":"https:\/\/www.saleweselne.com\/blog\/sandaly-na-obcasie-elegancki-dodatek-do-sukni-slubnej\/#primaryimage"},"thumbnailUrl":"https:\/\/www.saleweselne.com\/blog\/wp-content\/uploads\/2024\/02\/1.jpg","keywords":["dodatki \u015blubne","jaka suknia na \u015blub","jakie buty do sukni","organizacja wesela","Panna M\u0142oda","str\u00f3j","suknia \u015blubna"],"articleSection":["Str\u00f3j weselny","Us\u0142ugi weselne"],"inLanguage":"pl-PL"},{"@type":"WebPage","@id":"https:\/\/www.saleweselne.com\/blog\/sandaly-na-obcasie-elegancki-dodatek-do-sukni-slubnej\/","url":"https:\/\/www.saleweselne.com\/blog\/sandaly-na-obcasie-elegancki-dodatek-do-sukni-slubnej\/","name":"Sanda\u0142y na obcasie - elegancki dodatek do sukni \u015blubnej - blog SaleWeselne.com","isPartOf":{"@id":"https:\/\/www.saleweselne.com\/blog\/#website"},"primaryImageOfPage":{"@id":"https:\/\/www.saleweselne.com\/blog\/sandaly-na-obcasie-elegancki-dodatek-do-sukni-slubnej\/#primaryimage"},"image":{"@id":"https:\/\/www.saleweselne.com\/blog\/sandaly-na-obcasie-elegancki-dodatek-do-sukni-slubnej\/#primaryimage"},"thumbnailUrl":"https:\/\/www.saleweselne.com\/blog\/wp-content\/uploads\/2024\/02\/1.jpg","datePublished":"2024-02-29T13:59:41+00:00","dateModified":"2024-05-07T10:10:20+00:00","description":"Sanda\u0142y na obcasie - elegancki dodatek do sukni \u015blubnej - blog SaleWeselne.com","breadcrumb":{"@id":"https:\/\/www.saleweselne.com\/blog\/sandaly-na-obcasie-elegancki-dodatek-do-sukni-slubnej\/#breadcrumb"},"inLanguage":"pl-PL","potentialAction":[{"@type":"ReadAction","target":["https:\/\/www.saleweselne.com\/blog\/sandaly-na-obcasie-elegancki-dodatek-do-sukni-slubnej\/"]}]},{"@type":"ImageObject","inLanguage":"pl-PL","@id":"https:\/\/www.saleweselne.com\/blog\/sandaly-na-obcasie-elegancki-dodatek-do-sukni-slubnej\/#primaryimage","url":"https:\/\/www.saleweselne.com\/blog\/wp-content\/uploads\/2024\/02\/1.jpg","contentUrl":"https:\/\/www.saleweselne.com\/blog\/wp-content\/uploads\/2024\/02\/1.jpg","width":1800,"height":1200},{"@type":"BreadcrumbList","@id":"https:\/\/www.saleweselne.com\/blog\/sandaly-na-obcasie-elegancki-dodatek-do-sukni-slubnej\/#breadcrumb","itemListElement":[{"@type":"ListItem","position":1,"name":"Strona g\u0142\u00f3wna","item":"https:\/\/www.saleweselne.com\/blog\/"},{"@type":"ListItem","position":2,"name":"Sanda\u0142y na obcasie &#8211; elegancki dodatek do sukni \u015blubnej"}]},{"@type":"WebSite","@id":"https:\/\/www.saleweselne.com\/blog\/#website","url":"https:\/\/www.saleweselne.com\/blog\/","name":"SaleWeselne.com","description":"Blog Bran\u017cy Weselnej - Sprawd\u017a najpi\u0119kniejsze sale weselne oraz motywy \u015blubne. Poznaj praktyczne porady, jak zorganizowa\u0107 wymarzone wesele!","publisher":{"@id":"https:\/\/www.saleweselne.com\/blog\/#organization"},"potentialAction":[{"@type":"SearchAction","target":{"@type":"EntryPoint","urlTemplate":"https:\/\/www.saleweselne.com\/blog\/?s={search_term_string}"},"query-input":{"@type":"PropertyValueSpecification","valueRequired":true,"valueName":"search_term_string"}}],"inLanguage":"pl-PL"},{"@type":"Organization","@id":"https:\/\/www.saleweselne.com\/blog\/#organization","name":"SaleWeselne.com","url":"https:\/\/www.saleweselne.com\/blog\/","logo":{"@type":"ImageObject","inLanguage":"pl-PL","@id":"https:\/\/www.saleweselne.com\/blog\/#\/schema\/logo\/image\/","url":"https:\/\/www.saleweselne.com\/blog\/wp-content\/uploads\/2021\/03\/saleweselne-logotyp-RGB-bez-tla-2.png","contentUrl":"https:\/\/www.saleweselne.com\/blog\/wp-content\/uploads\/2021\/03\/saleweselne-logotyp-RGB-bez-tla-2.png","width":625,"height":150,"caption":"SaleWeselne.com"},"image":{"@id":"https:\/\/www.saleweselne.com\/blog\/#\/schema\/logo\/image\/"}},{"@type":"Person","@id":"https:\/\/www.saleweselne.com\/blog\/#\/schema\/person\/4b2f139471122a3ea7ac0a68d919043a","name":"Natalia Bielicka","url":"https:\/\/www.saleweselne.com\/blog\/author\/natalia\/"}]}},"_links":{"self":[{"href":"https:\/\/www.saleweselne.com\/blog\/wp-json\/wp\/v2\/posts\/3648","targetHints":{"allow":["GET"]}}],"collection":[{"href":"https:\/\/www.saleweselne.com\/blog\/wp-json\/wp\/v2\/posts"}],"about":[{"href":"https:\/\/www.saleweselne.com\/blog\/wp-json\/wp\/v2\/types\/post"}],"author":[{"embeddable":true,"href":"https:\/\/www.saleweselne.com\/blog\/wp-json\/wp\/v2\/users\/10"}],"replies":[{"embeddable":true,"href":"https:\/\/www.saleweselne.com\/blog\/wp-json\/wp\/v2\/comments?post=3648"}],"version-history":[{"count":2,"href":"https:\/\/www.saleweselne.com\/blog\/wp-json\/wp\/v2\/posts\/3648\/revisions"}],"predecessor-version":[{"id":3652,"href":"https:\/\/www.saleweselne.com\/blog\/wp-json\/wp\/v2\/posts\/3648\/revisions\/3652"}],"wp:featuredmedia":[{"embeddable":true,"href":"https:\/\/www.saleweselne.com\/blog\/wp-json\/wp\/v2\/media\/3649"}],"wp:attachment":[{"href":"https:\/\/www.saleweselne.com\/blog\/wp-json\/wp\/v2\/media?parent=3648"}],"wp:term":[{"taxonomy":"category","embeddable":true,"href":"https:\/\/www.saleweselne.com\/blog\/wp-json\/wp\/v2\/categories?post=3648"},{"taxonomy":"post_tag","embeddable":true,"href":"https:\/\/www.saleweselne.com\/blog\/wp-json\/wp\/v2\/tags?post=3648"}],"curies":[{"name":"wp","href":"https:\/\/api.w.org\/{rel}","templated":true}]}}