{"id":3653,"date":"2024-02-29T18:44:44","date_gmt":"2024-02-29T16:44:44","guid":{"rendered":"https:\/\/www.saleweselne.com\/blog\/?p=3653"},"modified":"2024-05-07T12:10:20","modified_gmt":"2024-05-07T10:10:20","slug":"slow-wedding-co-to-i-jak-zorganizowac","status":"publish","type":"post","link":"https:\/\/www.saleweselne.com\/blog\/slow-wedding-co-to-i-jak-zorganizowac\/","title":{"rendered":"Slow wedding &#8211; co to i jak zorganizowa\u0107?"},"content":{"rendered":"<p style=\"text-align: justify;\"><strong>Ci\u0105g\u0142y bieg, gonienie za idea\u0142ami i pr\u00f3by wpasowania si\u0119 w sztywne ramy tradycji i oczekiwa\u0144 \u2014 tak w\u0142a\u015bnie wygl\u0105da du\u017ca ilo\u015b\u0107 wesel. Jest jednak rozwi\u0105zanie tego problemu! Chcesz zorganizowa\u0107 wesele na w\u0142asnych zasadach? Zorganizuj wesele w stylu slow wedding! Co to jest? Zosta\u0144 z nami, by dowiedzie\u0107 si\u0119, jak pozosta\u0107 sob\u0105 podczas w\u0142asnej ceremonii.<\/strong><\/p>\n<p style=\"text-align: justify;\">Slow wedding to coraz bardziej popularny trend w bran\u017cy weselnej. By jednak w pe\u0142ni przedstawi\u0107 ten wyj\u0105tkowy ruch, nale\u017cy zag\u0142\u0119bi\u0107 si\u0119 w jego podstawy.<\/p>\n<h2 style=\"text-align: justify;\">Slow wedding = slow life?<\/h2>\n<p style=\"text-align: justify;\">Ten spos\u00f3b organizacji przyj\u0119cia wywodzi si\u0119 ze stylu \u017cycia slow life. Slow life oznacza dos\u0142ownie <strong>\u201e\u017cycie w zwolnionym tempie\u201d<\/strong>. W praktyce to przede wszystkim <strong>uwolnienie si\u0119 od codziennej bieganiny, docenianie ma\u0142ych rzeczy, cieszenie si\u0119 z ka\u017cdej chwili i \u017cycie \u015bwiadomie pod ka\u017cdym wzgl\u0119dem<\/strong>. Chc\u0105c jak najbardziej przybli\u017cy\u0107 ten temat, przygotowali\u015bmy najwa\u017cniejsze aspekty slow life:<\/p>\n<ul>\n<li style=\"text-align: justify;\"><strong>Po\u0142\u0105cz si\u0119 z natur\u0105<\/strong> \u2014 Doceniaj ka\u017cd\u0105 chwil\u0119 sp\u0119dzon\u0105 na \u015bwie\u017cym powietrzu, wybieraj aktywno\u015bci na zewn\u0105trz i dopuszczaj do siebie jak najwi\u0119cej s\u0142o\u0144ca. Zamiast podr\u00f3\u017cy samochodem, czy komunikacj\u0105 miejsk\u0105 wybierz spacer przez parki i ogrody. Izolacja od przyrody niekorzystnie wp\u0142ywa na samopoczucie, wi\u0119c wa\u017cne jest, by pami\u0119ta\u0107 o dawce fauny i flory.<\/li>\n<li style=\"text-align: justify;\"><strong>Sp\u0119dzaj czas z bliskimi<\/strong> \u2014 w dobie internetu i medi\u00f3w spo\u0142eczno\u015bciowych cz\u0119sto zapominamy o realnych kontaktach z rodzin\u0105 i przyjaci\u00f3\u0142mi. Doceniaj ka\u017cdy moment w towarzystwie swoich ukochanych i nigdy nie przek\u0142adaj pracy nad kontakt z nimi. Staraj si\u0119 zdobywa\u0107 g\u0142\u0119bokie relacje, kt\u00f3re pozytywnie wp\u0142yn\u0105 na Tw\u00f3j rozw\u00f3j.<\/li>\n<li style=\"text-align: justify;\"><strong>Dbaj o siebie i odkrywaj siebie<\/strong> \u2014 Self care to zdecydowana podstawa slow life. Nie \u017ca\u0142uj czasu sp\u0119dzonego na pracy nad sob\u0105. Dbaj o sw\u00f3j komfort psychiczny i fizyczny, notuj swoje przemy\u015blenia, pozw\u00f3l sobie pozna\u0107 sw\u00f3j charakter i traktuj siebie, tak jak traktujesz innych \u2014 z czu\u0142o\u015bci\u0105.<\/li>\n<li style=\"text-align: justify;\"><strong>Sko\u0144cz z konsumpcjonizmem<\/strong> \u2014 Konsumpcjonizm to zdecydowanie jedno z najwi\u0119kszych wyzwa\u0144 wsp\u00f3\u0142czesnego \u015bwiata. Jedn\u0105 z g\u0142\u00f3wnych zasad slow life jest zr\u00f3wnowa\u017cone podej\u015bcie do \u015brodowiska, ekologiczne wybory i rezygnacja z nadmiernego nabywania. Zadbaj o natur\u0119 i zamiast pi\u0119ciu ta\u0144szych koszulek, wybierz jedn\u0105 dobrej jako\u015bci!<\/li>\n<li style=\"text-align: justify;\"><strong>Porz\u0105dek w domu i porz\u0105dek w g\u0142owie<\/strong> \u2014 utrzymuj czysto\u015b\u0107, ale nie tylko t\u0105 dos\u0142own\u0105! Kontroluj r\u00f3wnie\u017c informacje, kt\u00f3re do ciebie docieraj\u0105. Skup si\u0119 na pozytywach i ogranicz \u015bledzenie medi\u00f3w.<\/li>\n<\/ul>\n<p style=\"text-align: justify;\">Jak przenie\u015b\u0107 zasady \u017cycia slow life na organizacj\u0119 wesela? To do\u015b\u0107 proste, jednak wymaga asertywno\u015bci i samozaparcia. <strong>W dalszej cz\u0119\u015bci artyku\u0142u przedstawimy podstawy organizacji slow wedding.<\/strong><\/p>\n<p><a href=\"https:\/\/www.saleweselne.com\/blog\/wp-content\/uploads\/2024\/02\/clarisse-meyer-fycGoHbA_s0-unsplash-scaled.jpg\"><img loading=\"lazy\" decoding=\"async\" class=\"alignnone wp-image-3657 size-full\" src=\"https:\/\/www.saleweselne.com\/blog\/wp-content\/uploads\/2024\/02\/clarisse-meyer-fycGoHbA_s0-unsplash-scaled.jpg\" alt=\"\" width=\"2560\" height=\"1707\" srcset=\"https:\/\/www.saleweselne.com\/blog\/wp-content\/uploads\/2024\/02\/clarisse-meyer-fycGoHbA_s0-unsplash-scaled.jpg 2560w, https:\/\/www.saleweselne.com\/blog\/wp-content\/uploads\/2024\/02\/clarisse-meyer-fycGoHbA_s0-unsplash-300x200.jpg 300w, https:\/\/www.saleweselne.com\/blog\/wp-content\/uploads\/2024\/02\/clarisse-meyer-fycGoHbA_s0-unsplash-1024x683.jpg 1024w, https:\/\/www.saleweselne.com\/blog\/wp-content\/uploads\/2024\/02\/clarisse-meyer-fycGoHbA_s0-unsplash-768x512.jpg 768w, https:\/\/www.saleweselne.com\/blog\/wp-content\/uploads\/2024\/02\/clarisse-meyer-fycGoHbA_s0-unsplash-1536x1024.jpg 1536w, https:\/\/www.saleweselne.com\/blog\/wp-content\/uploads\/2024\/02\/clarisse-meyer-fycGoHbA_s0-unsplash-2048x1366.jpg 2048w, https:\/\/www.saleweselne.com\/blog\/wp-content\/uploads\/2024\/02\/clarisse-meyer-fycGoHbA_s0-unsplash-1140x760.jpg 1140w\" sizes=\"auto, (max-width: 2560px) 100vw, 2560px\" \/><\/a><\/p>\n<h2 style=\"text-align: justify;\">S\u0142uchaj swojego serca!<\/h2>\n<p style=\"text-align: justify;\">Czy kiedykolwiek s\u0142yszeli\u015bcie histori\u0119 o weselu, kt\u00f3re zosta\u0142o zorganizowane nie dla pary m\u0142odej, ale dla samej licznej grupy go\u015bci? To do\u015b\u0107 powszechny scenariusz, w kt\u00f3rym priorytetem staje si\u0119 zadowolenie innych, kosztem w\u0142asnych pragnie\u0144. Slow wedding jest zupe\u0142nym przeciwie\u0144stwem tego podej\u015bcia.<strong> W slow wedding to wy\u0142\u0105cznie Wasz dzie\u0144, gdzie ka\u017cdy element ceremonii i przyj\u0119cia ma by\u0107 dostosowany do Waszych osobistych upodoba\u0144.<\/strong> Czy marzycie o ceremonii bez oczepin? Czy mo\u017ce wolicie zrezygnowa\u0107 z alkoholu? A mo\u017ce zamiast wystawnej sali, wolicie urokliw\u0105, kameraln\u0105 stodo\u0142\u0119? <strong>Decyzje s\u0105 ca\u0142kowicie w Waszych r\u0119kach.<\/strong> Slow wedding to nie tylko alternatywa dla tradycyjnych ceremonii \u015blubnych, ale r\u00f3wnie\u017c doskona\u0142a okazja do wyra\u017cenia siebie i stworzenia wydarzenia, kt\u00f3re b\u0119dzie odzwierciedleniem Waszych unikalnych styl\u00f3w i gust\u00f3w.<\/p>\n<h2 style=\"text-align: justify;\">Nie wszystko musi by\u0107 perfekcyjne<\/h2>\n<p style=\"text-align: justify;\">Nie wszystko musi by\u0107 perfekcyjne \u2014 to jak mantra, kt\u00f3ra mo\u017ce uwolni\u0107 nas od zb\u0119dnego stresu i napi\u0119cia. Wystarczy spojrze\u0107 na to w ten spos\u00f3b: <strong>czy naprawd\u0119 chcemy po\u015bwi\u0119ca\u0107 nasz\u0105 energi\u0119 na nieustanne d\u0105\u017cenie do perfekcji, czy mo\u017ce lepiej skupi\u0107 si\u0119 na tym, co naprawd\u0119 ma znaczenie?<\/strong><\/p>\n<p><a href=\"https:\/\/www.saleweselne.com\/blog\/wp-content\/uploads\/2024\/02\/marc-a-sporys-NO8Sj4dKE8k-unsplash-scaled.jpg\"><img loading=\"lazy\" decoding=\"async\" class=\"alignnone wp-image-3659 size-full\" src=\"https:\/\/www.saleweselne.com\/blog\/wp-content\/uploads\/2024\/02\/marc-a-sporys-NO8Sj4dKE8k-unsplash-scaled.jpg\" alt=\"\" width=\"2560\" height=\"1707\" srcset=\"https:\/\/www.saleweselne.com\/blog\/wp-content\/uploads\/2024\/02\/marc-a-sporys-NO8Sj4dKE8k-unsplash-scaled.jpg 2560w, https:\/\/www.saleweselne.com\/blog\/wp-content\/uploads\/2024\/02\/marc-a-sporys-NO8Sj4dKE8k-unsplash-300x200.jpg 300w, https:\/\/www.saleweselne.com\/blog\/wp-content\/uploads\/2024\/02\/marc-a-sporys-NO8Sj4dKE8k-unsplash-1024x683.jpg 1024w, https:\/\/www.saleweselne.com\/blog\/wp-content\/uploads\/2024\/02\/marc-a-sporys-NO8Sj4dKE8k-unsplash-768x512.jpg 768w, https:\/\/www.saleweselne.com\/blog\/wp-content\/uploads\/2024\/02\/marc-a-sporys-NO8Sj4dKE8k-unsplash-1536x1024.jpg 1536w, https:\/\/www.saleweselne.com\/blog\/wp-content\/uploads\/2024\/02\/marc-a-sporys-NO8Sj4dKE8k-unsplash-2048x1366.jpg 2048w, https:\/\/www.saleweselne.com\/blog\/wp-content\/uploads\/2024\/02\/marc-a-sporys-NO8Sj4dKE8k-unsplash-1140x760.jpg 1140w\" sizes=\"auto, (max-width: 2560px) 100vw, 2560px\" \/><\/a><\/p>\n<p style=\"text-align: justify;\">Podczas ceremonii \u015blubnej, zamiast martwi\u0107 si\u0119 o idealn\u0105 realizacj\u0119 ka\u017cdego elementu, pozw\u00f3lmy sobie na spontaniczno\u015b\u0107 i naturalno\u015b\u0107. Z pewno\u015bci\u0105 nikt nie zauwa\u017cy, \u017ce Pannie M\u0142odej z\u0142ama\u0142 si\u0119 paznokie\u0107, a Pan M\u0142ody pomyli\u0142 kroki w pierwszym ta\u0144cu. Niech b\u0119d\u0105 to chwile prawdziwej rado\u015bci, <strong>nieskr\u0119powanej oczekiwaniami czy presj\u0105 doskona\u0142o\u015bci<\/strong>. Bo czy naprawd\u0119 kto\u015b b\u0119dzie pami\u0119ta\u0142 o ma\u0142ych wpadkach, gdy ca\u0142a uwaga skoncentrowana b\u0119dzie na mi\u0142o\u015bci i rado\u015bci, kt\u00f3r\u0105 dzielimy w tym szczeg\u00f3lnym dniu?<\/p>\n<h2 style=\"text-align: justify;\">Postaw na minimalizm<\/h2>\n<p style=\"text-align: justify;\">Jedn\u0105 z g\u0142\u00f3wnych zasad slow wedding jest <strong>brak przepychu<\/strong>. Zrezygnuj ze zb\u0119dnych element\u00f3w. Zamiast gromadzi\u0107 zb\u0119dne elementy, kierujcie si\u0119 minimalistycznym podej\u015bciem, kt\u00f3re podkre\u015bla istot\u0119 chwili.<\/p>\n<p><a href=\"https:\/\/www.saleweselne.com\/blog\/wp-content\/uploads\/2024\/02\/foto-pettine-IfjHaIoAoqE-unsplash-scaled.jpg\"><img loading=\"lazy\" decoding=\"async\" class=\"alignnone size-full wp-image-3658\" src=\"https:\/\/www.saleweselne.com\/blog\/wp-content\/uploads\/2024\/02\/foto-pettine-IfjHaIoAoqE-unsplash-scaled.jpg\" alt=\"\" width=\"2560\" height=\"1707\" srcset=\"https:\/\/www.saleweselne.com\/blog\/wp-content\/uploads\/2024\/02\/foto-pettine-IfjHaIoAoqE-unsplash-scaled.jpg 2560w, https:\/\/www.saleweselne.com\/blog\/wp-content\/uploads\/2024\/02\/foto-pettine-IfjHaIoAoqE-unsplash-300x200.jpg 300w, https:\/\/www.saleweselne.com\/blog\/wp-content\/uploads\/2024\/02\/foto-pettine-IfjHaIoAoqE-unsplash-1024x683.jpg 1024w, https:\/\/www.saleweselne.com\/blog\/wp-content\/uploads\/2024\/02\/foto-pettine-IfjHaIoAoqE-unsplash-768x512.jpg 768w, https:\/\/www.saleweselne.com\/blog\/wp-content\/uploads\/2024\/02\/foto-pettine-IfjHaIoAoqE-unsplash-1536x1024.jpg 1536w, https:\/\/www.saleweselne.com\/blog\/wp-content\/uploads\/2024\/02\/foto-pettine-IfjHaIoAoqE-unsplash-2048x1365.jpg 2048w, https:\/\/www.saleweselne.com\/blog\/wp-content\/uploads\/2024\/02\/foto-pettine-IfjHaIoAoqE-unsplash-1140x760.jpg 1140w\" sizes=\"auto, (max-width: 2560px) 100vw, 2560px\" \/><\/a><\/p>\n<p style=\"text-align: justify;\">Skupcie si\u0119 jedynie na tych detalach, kt\u00f3re naprawd\u0119 maj\u0105 znaczenie, wybieraj\u0105c starannie te, kt\u00f3re b\u0119d\u0105 dope\u0142nieniem atmosfery, nie za\u015b jej przyt\u0142aczaj\u0105cym elementem.<strong> Przyj\u0119cie, zamiast by\u0107 przesycone bibelotami, mo\u017ce emanowa\u0107 spokojem i elegancj\u0105.<\/strong> Pami\u0119taj \u2014 minimalizm jest w modzie!<\/p>\n<h2 style=\"text-align: justify;\">B\u0105d\u017a eko!<\/h2>\n<p style=\"text-align: justify;\">Przy organizacji slow wedding nie mo\u017cna zapomnie\u0107 o <strong>\u015bwiadomo\u015bci ekologicznej.<\/strong> Wyb\u00f3r lokalnych, sezonowych produkt\u00f3w stanowi fundament, kt\u00f3ry podkre\u015bla trosk\u0119 o \u015brodowisko i wsparcie dla miejscowych producent\u00f3w. W tym kontek\u015bcie warto skomponowa\u0107 menu weselne z produkt\u00f3w, kt\u00f3re s\u0105 dost\u0119pne w danym regionie i odpowiadaj\u0105 aktualnemu sezonowi.<\/p>\n<p style=\"text-align: justify;\"><strong>Minimalizacja zu\u017cycia plastiku<\/strong> to kolejny istotny aspekt, kt\u00f3ry kieruje si\u0119 ide\u0105 redukcji \u015bladu ekologicznego. W organizacji slow wedding unika si\u0119 jednorazowych plastikowych akcesori\u00f3w na rzecz trwa\u0142ych, wielokrotnego u\u017cytku, takich jak sztu\u0107ce, talerze czy kubki. Alternatywnie, para m\u0142oda mo\u017ce zdecydowa\u0107 si\u0119 na ekologiczne materia\u0142y, takie jak <strong>bambus czy skrobia kukurydziana<\/strong>, co dodatkowo podkre\u015bla dba\u0142o\u015b\u0107 o przyrod\u0119.<\/p>\n<h2 style=\"text-align: justify;\">Jako\u015b\u0107, a nie ilo\u015b\u0107<\/h2>\n<p style=\"text-align: justify;\">Pami\u0119taj &#8211; <strong>wesele jest dla Was i Waszych najbli\u017cszych, a nie dla dalekiej rodziny, kt\u00f3rej nie rozpoznajecie.<\/strong> To nie liczba go\u015bci czy imponuj\u0105ca lista krewnych definiuje prawdziw\u0105 warto\u015b\u0107 tego wyj\u0105tkowego dnia. To chwila, kt\u00f3r\u0105 chcecie prze\u017cy\u0107 z najbli\u017cszymi sobie lud\u017ami, tymi, kt\u00f3rzy s\u0105 dla Was najwa\u017cniejsi.<\/p>\n<p><a href=\"https:\/\/www.saleweselne.com\/blog\/wp-content\/uploads\/2024\/02\/andreas-ronningen-S2YssLw97l4-unsplash.jpg\"><img loading=\"lazy\" decoding=\"async\" class=\"alignnone size-full wp-image-3656\" src=\"https:\/\/www.saleweselne.com\/blog\/wp-content\/uploads\/2024\/02\/andreas-ronningen-S2YssLw97l4-unsplash.jpg\" alt=\"\" width=\"2448\" height=\"1632\" srcset=\"https:\/\/www.saleweselne.com\/blog\/wp-content\/uploads\/2024\/02\/andreas-ronningen-S2YssLw97l4-unsplash.jpg 2448w, https:\/\/www.saleweselne.com\/blog\/wp-content\/uploads\/2024\/02\/andreas-ronningen-S2YssLw97l4-unsplash-300x200.jpg 300w, https:\/\/www.saleweselne.com\/blog\/wp-content\/uploads\/2024\/02\/andreas-ronningen-S2YssLw97l4-unsplash-1024x683.jpg 1024w, https:\/\/www.saleweselne.com\/blog\/wp-content\/uploads\/2024\/02\/andreas-ronningen-S2YssLw97l4-unsplash-768x512.jpg 768w, https:\/\/www.saleweselne.com\/blog\/wp-content\/uploads\/2024\/02\/andreas-ronningen-S2YssLw97l4-unsplash-1536x1024.jpg 1536w, https:\/\/www.saleweselne.com\/blog\/wp-content\/uploads\/2024\/02\/andreas-ronningen-S2YssLw97l4-unsplash-2048x1365.jpg 2048w, https:\/\/www.saleweselne.com\/blog\/wp-content\/uploads\/2024\/02\/andreas-ronningen-S2YssLw97l4-unsplash-1140x760.jpg 1140w\" sizes=\"auto, (max-width: 2448px) 100vw, 2448px\" \/><\/a><\/p>\n<p style=\"text-align: justify;\">Wesela, kt\u00f3re s\u0105 szczeg\u00f3lnie pami\u0119tne, to te, kt\u00f3re emanuj\u0105 intymno\u015bci\u0105 i kameralno\u015bci\u0105. Te, gdzie ka\u017cdy u\u015bmiech, spojrzenie i gest ma znaczenie, poniewa\u017c s\u0105 one wymieniane<strong> mi\u0119dzy lud\u017ami, kt\u00f3rzy s\u0105 Wam naprawd\u0119 bliscy.<\/strong> To w\u0142a\u015bnie w takim gronie mo\u017cna naprawd\u0119 poczu\u0107 magi\u0119 tego dnia, doceniaj\u0105c ka\u017cdy element przyj\u0119cia z prawdziwym wzruszeniem.<\/p>\n<p style=\"text-align: justify;\">Nie jeste\u015bcie fanami klasycznych wesel, zabaw i stylu? Zastosujcie nasze porady i <strong>zorganizujcie niepowtarzalne wesele w stylu slow wedding. Gdzie zorganizowa\u0107 wesele slow wedding?\u00a0<\/strong><\/p>\n<p>Je\u017celi nie mo\u017cesz znale\u017a\u0107 idealnego miejsca, kt\u00f3re wpisze si\u0119 w charakter slow wedding, przychodzimy z pomoc\u0105!<\/p>\n<figure id=\"attachment_3654\" aria-describedby=\"caption-attachment-3654\" style=\"width: 942px\" class=\"wp-caption alignnone\"><a href=\"https:\/\/www.saleweselne.com\/blog\/wp-content\/uploads\/2024\/02\/zrzut-ekranu-2022-08-25-143450.png\"><img loading=\"lazy\" decoding=\"async\" class=\"wp-image-3654 size-full\" src=\"https:\/\/www.saleweselne.com\/blog\/wp-content\/uploads\/2024\/02\/zrzut-ekranu-2022-08-25-143450.png\" alt=\"slow wedding w szczerym polu\" width=\"942\" height=\"621\" srcset=\"https:\/\/www.saleweselne.com\/blog\/wp-content\/uploads\/2024\/02\/zrzut-ekranu-2022-08-25-143450.png 942w, https:\/\/www.saleweselne.com\/blog\/wp-content\/uploads\/2024\/02\/zrzut-ekranu-2022-08-25-143450-300x198.png 300w, https:\/\/www.saleweselne.com\/blog\/wp-content\/uploads\/2024\/02\/zrzut-ekranu-2022-08-25-143450-768x506.png 768w, https:\/\/www.saleweselne.com\/blog\/wp-content\/uploads\/2024\/02\/zrzut-ekranu-2022-08-25-143450-500x330.png 500w\" sizes=\"auto, (max-width: 942px) 100vw, 942px\" \/><\/a><figcaption id=\"caption-attachment-3654\" class=\"wp-caption-text\">fot. W Szczerym Polu<\/figcaption><\/figure>\n<p>Na stronie<a href=\"https:\/\/www.saleweselne.com\/\"> saleweselne.com<\/a> znajdziesz wiele klimatycznych, kameralnych obiekt\u00f3w w ca\u0142ej Polsce. Na organizacj\u0119 slow wedding polecamy <strong><a href=\"https:\/\/www.saleweselne.com\/wroclaw\/spichlerz-galowice-wesele\">Spichlerz Galowice<\/a>,<a href=\"https:\/\/www.saleweselne.com\/badow-gorny\/folwark-badowo-wesele\"> Folwark Badowo<\/a>, <a href=\"https:\/\/www.saleweselne.com\/kielce\/osrodek-wypoczynkowy-jodelka-wesele\">O\u015brodek Wypoczynkowy \u201eJode\u0142ka\u201d<\/a>, <a href=\"https:\/\/www.saleweselne.com\/wasowo\/spichlerz-wasowo-wesele\">Spichlerz W\u0105sowo<\/a>, <a href=\"https:\/\/www.saleweselne.com\/lodz\/w-szczerym-polu-wesele\">W Szczerym Polu<\/a> i <a href=\"https:\/\/www.saleweselne.com\/naleczow\/lubinowe-wzgorze-wesele\">\u0141ubinowe Wzg\u00f3rze<\/a>.\u00a0<\/strong><\/p>\n","protected":false},"excerpt":{"rendered":"<p>Nie chcesz klasycznego wesela pe\u0142nego przepychu, dalekich krewnych i spro\u015bnych zabaw? Mamy dla Ciebie rozwi\u0105zanie! Sprawd\u017a Slow Wedding i gdzie je zorganizowa\u0107! <\/p>\n","protected":false},"author":10,"featured_media":3660,"comment_status":"closed","ping_status":"closed","sticky":false,"template":"","format":"standard","meta":{"footnotes":""},"categories":[182,228,170],"tags":[229,174,175,172],"class_list":["post-3653","post","type-post","status-publish","format-standard","has-post-thumbnail","hentry","category-miejsce-na-wesele","category-motyw-weselny","category-organizacja-wesela","tag-motyw-weselny","tag-organizacja-wesela","tag-planowanie-wesela","tag-slub"],"yoast_head":"<!-- This site is optimized with the Yoast SEO plugin v27.5 - https:\/\/yoast.com\/product\/yoast-seo-wordpress\/ -->\n<title>Slow wedding - co to i jak zorganizowa\u0107? - blog SaleWeselne.com<\/title>\n<meta name=\"description\" content=\"Slow wedding - co to i jak zorganizowa\u0107? - blog SaleWeselne.com\" \/>\n<meta name=\"robots\" content=\"index, follow, max-snippet:-1, max-image-preview:large, max-video-preview:-1\" \/>\n<link rel=\"canonical\" href=\"https:\/\/www.saleweselne.com\/blog\/slow-wedding-co-to-i-jak-zorganizowac\/\" \/>\n<meta property=\"og:locale\" content=\"pl_PL\" \/>\n<meta property=\"og:type\" content=\"article\" \/>\n<meta property=\"og:title\" content=\"Slow wedding - co to i jak zorganizowa\u0107? - blog SaleWeselne.com\" \/>\n<meta property=\"og:description\" content=\"Slow wedding - co to i jak zorganizowa\u0107? - blog SaleWeselne.com\" \/>\n<meta property=\"og:url\" content=\"https:\/\/www.saleweselne.com\/blog\/slow-wedding-co-to-i-jak-zorganizowac\/\" \/>\n<meta property=\"og:site_name\" content=\"SaleWeselne.com\" \/>\n<meta property=\"article:published_time\" content=\"2024-02-29T16:44:44+00:00\" \/>\n<meta property=\"article:modified_time\" content=\"2024-05-07T10:10:20+00:00\" \/>\n<meta property=\"og:image\" content=\"https:\/\/www.saleweselne.com\/blog\/wp-content\/uploads\/2024\/02\/nathan-dumlao-5BB_atDT4oA-unsplash-scaled.jpg\" \/>\n\t<meta property=\"og:image:width\" content=\"2560\" \/>\n\t<meta property=\"og:image:height\" content=\"1707\" \/>\n\t<meta property=\"og:image:type\" content=\"image\/jpeg\" \/>\n<meta name=\"author\" content=\"Natalia Bielicka\" \/>\n<meta name=\"twitter:card\" content=\"summary_large_image\" \/>\n<meta name=\"twitter:label1\" content=\"Napisane przez\" \/>\n\t<meta name=\"twitter:data1\" content=\"Natalia Bielicka\" \/>\n\t<meta name=\"twitter:label2\" content=\"Szacowany czas czytania\" \/>\n\t<meta name=\"twitter:data2\" content=\"7 minut\" \/>\n<script type=\"application\/ld+json\" class=\"yoast-schema-graph\">{\"@context\":\"https:\\\/\\\/schema.org\",\"@graph\":[{\"@type\":\"Article\",\"@id\":\"https:\\\/\\\/www.saleweselne.com\\\/blog\\\/slow-wedding-co-to-i-jak-zorganizowac\\\/#article\",\"isPartOf\":{\"@id\":\"https:\\\/\\\/www.saleweselne.com\\\/blog\\\/slow-wedding-co-to-i-jak-zorganizowac\\\/\"},\"author\":{\"name\":\"Natalia Bielicka\",\"@id\":\"https:\\\/\\\/www.saleweselne.com\\\/blog\\\/#\\\/schema\\\/person\\\/4b2f139471122a3ea7ac0a68d919043a\"},\"headline\":\"Slow wedding &#8211; co to i jak zorganizowa\u0107?\",\"datePublished\":\"2024-02-29T16:44:44+00:00\",\"dateModified\":\"2024-05-07T10:10:20+00:00\",\"mainEntityOfPage\":{\"@id\":\"https:\\\/\\\/www.saleweselne.com\\\/blog\\\/slow-wedding-co-to-i-jak-zorganizowac\\\/\"},\"wordCount\":1191,\"publisher\":{\"@id\":\"https:\\\/\\\/www.saleweselne.com\\\/blog\\\/#organization\"},\"image\":{\"@id\":\"https:\\\/\\\/www.saleweselne.com\\\/blog\\\/slow-wedding-co-to-i-jak-zorganizowac\\\/#primaryimage\"},\"thumbnailUrl\":\"https:\\\/\\\/www.saleweselne.com\\\/blog\\\/wp-content\\\/uploads\\\/2024\\\/02\\\/nathan-dumlao-5BB_atDT4oA-unsplash-scaled.jpg\",\"keywords\":[\"motyw weselny\",\"organizacja wesela\",\"planowanie wesela\",\"\u015blub\"],\"articleSection\":[\"Miejsce na wesele\",\"Motyw weselny\",\"Organizacja wesela\"],\"inLanguage\":\"pl-PL\"},{\"@type\":\"WebPage\",\"@id\":\"https:\\\/\\\/www.saleweselne.com\\\/blog\\\/slow-wedding-co-to-i-jak-zorganizowac\\\/\",\"url\":\"https:\\\/\\\/www.saleweselne.com\\\/blog\\\/slow-wedding-co-to-i-jak-zorganizowac\\\/\",\"name\":\"Slow wedding - co to i jak zorganizowa\u0107? - blog SaleWeselne.com\",\"isPartOf\":{\"@id\":\"https:\\\/\\\/www.saleweselne.com\\\/blog\\\/#website\"},\"primaryImageOfPage\":{\"@id\":\"https:\\\/\\\/www.saleweselne.com\\\/blog\\\/slow-wedding-co-to-i-jak-zorganizowac\\\/#primaryimage\"},\"image\":{\"@id\":\"https:\\\/\\\/www.saleweselne.com\\\/blog\\\/slow-wedding-co-to-i-jak-zorganizowac\\\/#primaryimage\"},\"thumbnailUrl\":\"https:\\\/\\\/www.saleweselne.com\\\/blog\\\/wp-content\\\/uploads\\\/2024\\\/02\\\/nathan-dumlao-5BB_atDT4oA-unsplash-scaled.jpg\",\"datePublished\":\"2024-02-29T16:44:44+00:00\",\"dateModified\":\"2024-05-07T10:10:20+00:00\",\"description\":\"Slow wedding - co to i jak zorganizowa\u0107? - blog SaleWeselne.com\",\"breadcrumb\":{\"@id\":\"https:\\\/\\\/www.saleweselne.com\\\/blog\\\/slow-wedding-co-to-i-jak-zorganizowac\\\/#breadcrumb\"},\"inLanguage\":\"pl-PL\",\"potentialAction\":[{\"@type\":\"ReadAction\",\"target\":[\"https:\\\/\\\/www.saleweselne.com\\\/blog\\\/slow-wedding-co-to-i-jak-zorganizowac\\\/\"]}]},{\"@type\":\"ImageObject\",\"inLanguage\":\"pl-PL\",\"@id\":\"https:\\\/\\\/www.saleweselne.com\\\/blog\\\/slow-wedding-co-to-i-jak-zorganizowac\\\/#primaryimage\",\"url\":\"https:\\\/\\\/www.saleweselne.com\\\/blog\\\/wp-content\\\/uploads\\\/2024\\\/02\\\/nathan-dumlao-5BB_atDT4oA-unsplash-scaled.jpg\",\"contentUrl\":\"https:\\\/\\\/www.saleweselne.com\\\/blog\\\/wp-content\\\/uploads\\\/2024\\\/02\\\/nathan-dumlao-5BB_atDT4oA-unsplash-scaled.jpg\",\"width\":2560,\"height\":1707},{\"@type\":\"BreadcrumbList\",\"@id\":\"https:\\\/\\\/www.saleweselne.com\\\/blog\\\/slow-wedding-co-to-i-jak-zorganizowac\\\/#breadcrumb\",\"itemListElement\":[{\"@type\":\"ListItem\",\"position\":1,\"name\":\"Strona g\u0142\u00f3wna\",\"item\":\"https:\\\/\\\/www.saleweselne.com\\\/blog\\\/\"},{\"@type\":\"ListItem\",\"position\":2,\"name\":\"Slow wedding &#8211; co to i jak zorganizowa\u0107?\"}]},{\"@type\":\"WebSite\",\"@id\":\"https:\\\/\\\/www.saleweselne.com\\\/blog\\\/#website\",\"url\":\"https:\\\/\\\/www.saleweselne.com\\\/blog\\\/\",\"name\":\"SaleWeselne.com\",\"description\":\"Blog Bran\u017cy Weselnej - Sprawd\u017a najpi\u0119kniejsze sale weselne oraz motywy \u015blubne. Poznaj praktyczne porady, jak zorganizowa\u0107 wymarzone wesele!\",\"publisher\":{\"@id\":\"https:\\\/\\\/www.saleweselne.com\\\/blog\\\/#organization\"},\"potentialAction\":[{\"@type\":\"SearchAction\",\"target\":{\"@type\":\"EntryPoint\",\"urlTemplate\":\"https:\\\/\\\/www.saleweselne.com\\\/blog\\\/?s={search_term_string}\"},\"query-input\":{\"@type\":\"PropertyValueSpecification\",\"valueRequired\":true,\"valueName\":\"search_term_string\"}}],\"inLanguage\":\"pl-PL\"},{\"@type\":\"Organization\",\"@id\":\"https:\\\/\\\/www.saleweselne.com\\\/blog\\\/#organization\",\"name\":\"SaleWeselne.com\",\"url\":\"https:\\\/\\\/www.saleweselne.com\\\/blog\\\/\",\"logo\":{\"@type\":\"ImageObject\",\"inLanguage\":\"pl-PL\",\"@id\":\"https:\\\/\\\/www.saleweselne.com\\\/blog\\\/#\\\/schema\\\/logo\\\/image\\\/\",\"url\":\"https:\\\/\\\/www.saleweselne.com\\\/blog\\\/wp-content\\\/uploads\\\/2021\\\/03\\\/saleweselne-logotyp-RGB-bez-tla-2.png\",\"contentUrl\":\"https:\\\/\\\/www.saleweselne.com\\\/blog\\\/wp-content\\\/uploads\\\/2021\\\/03\\\/saleweselne-logotyp-RGB-bez-tla-2.png\",\"width\":625,\"height\":150,\"caption\":\"SaleWeselne.com\"},\"image\":{\"@id\":\"https:\\\/\\\/www.saleweselne.com\\\/blog\\\/#\\\/schema\\\/logo\\\/image\\\/\"}},{\"@type\":\"Person\",\"@id\":\"https:\\\/\\\/www.saleweselne.com\\\/blog\\\/#\\\/schema\\\/person\\\/4b2f139471122a3ea7ac0a68d919043a\",\"name\":\"Natalia Bielicka\",\"url\":\"https:\\\/\\\/www.saleweselne.com\\\/blog\\\/author\\\/natalia\\\/\"}]}<\/script>\n<!-- \/ Yoast SEO plugin. -->","yoast_head_json":{"title":"Slow wedding - co to i jak zorganizowa\u0107? - blog SaleWeselne.com","description":"Slow wedding - co to i jak zorganizowa\u0107? - blog SaleWeselne.com","robots":{"index":"index","follow":"follow","max-snippet":"max-snippet:-1","max-image-preview":"max-image-preview:large","max-video-preview":"max-video-preview:-1"},"canonical":"https:\/\/www.saleweselne.com\/blog\/slow-wedding-co-to-i-jak-zorganizowac\/","og_locale":"pl_PL","og_type":"article","og_title":"Slow wedding - co to i jak zorganizowa\u0107? - blog SaleWeselne.com","og_description":"Slow wedding - co to i jak zorganizowa\u0107? - blog SaleWeselne.com","og_url":"https:\/\/www.saleweselne.com\/blog\/slow-wedding-co-to-i-jak-zorganizowac\/","og_site_name":"SaleWeselne.com","article_published_time":"2024-02-29T16:44:44+00:00","article_modified_time":"2024-05-07T10:10:20+00:00","og_image":[{"width":2560,"height":1707,"url":"https:\/\/www.saleweselne.com\/blog\/wp-content\/uploads\/2024\/02\/nathan-dumlao-5BB_atDT4oA-unsplash-scaled.jpg","type":"image\/jpeg"}],"author":"Natalia Bielicka","twitter_card":"summary_large_image","twitter_misc":{"Napisane przez":"Natalia Bielicka","Szacowany czas czytania":"7 minut"},"schema":{"@context":"https:\/\/schema.org","@graph":[{"@type":"Article","@id":"https:\/\/www.saleweselne.com\/blog\/slow-wedding-co-to-i-jak-zorganizowac\/#article","isPartOf":{"@id":"https:\/\/www.saleweselne.com\/blog\/slow-wedding-co-to-i-jak-zorganizowac\/"},"author":{"name":"Natalia Bielicka","@id":"https:\/\/www.saleweselne.com\/blog\/#\/schema\/person\/4b2f139471122a3ea7ac0a68d919043a"},"headline":"Slow wedding &#8211; co to i jak zorganizowa\u0107?","datePublished":"2024-02-29T16:44:44+00:00","dateModified":"2024-05-07T10:10:20+00:00","mainEntityOfPage":{"@id":"https:\/\/www.saleweselne.com\/blog\/slow-wedding-co-to-i-jak-zorganizowac\/"},"wordCount":1191,"publisher":{"@id":"https:\/\/www.saleweselne.com\/blog\/#organization"},"image":{"@id":"https:\/\/www.saleweselne.com\/blog\/slow-wedding-co-to-i-jak-zorganizowac\/#primaryimage"},"thumbnailUrl":"https:\/\/www.saleweselne.com\/blog\/wp-content\/uploads\/2024\/02\/nathan-dumlao-5BB_atDT4oA-unsplash-scaled.jpg","keywords":["motyw weselny","organizacja wesela","planowanie wesela","\u015blub"],"articleSection":["Miejsce na wesele","Motyw weselny","Organizacja wesela"],"inLanguage":"pl-PL"},{"@type":"WebPage","@id":"https:\/\/www.saleweselne.com\/blog\/slow-wedding-co-to-i-jak-zorganizowac\/","url":"https:\/\/www.saleweselne.com\/blog\/slow-wedding-co-to-i-jak-zorganizowac\/","name":"Slow wedding - co to i jak zorganizowa\u0107? - blog SaleWeselne.com","isPartOf":{"@id":"https:\/\/www.saleweselne.com\/blog\/#website"},"primaryImageOfPage":{"@id":"https:\/\/www.saleweselne.com\/blog\/slow-wedding-co-to-i-jak-zorganizowac\/#primaryimage"},"image":{"@id":"https:\/\/www.saleweselne.com\/blog\/slow-wedding-co-to-i-jak-zorganizowac\/#primaryimage"},"thumbnailUrl":"https:\/\/www.saleweselne.com\/blog\/wp-content\/uploads\/2024\/02\/nathan-dumlao-5BB_atDT4oA-unsplash-scaled.jpg","datePublished":"2024-02-29T16:44:44+00:00","dateModified":"2024-05-07T10:10:20+00:00","description":"Slow wedding - co to i jak zorganizowa\u0107? - blog SaleWeselne.com","breadcrumb":{"@id":"https:\/\/www.saleweselne.com\/blog\/slow-wedding-co-to-i-jak-zorganizowac\/#breadcrumb"},"inLanguage":"pl-PL","potentialAction":[{"@type":"ReadAction","target":["https:\/\/www.saleweselne.com\/blog\/slow-wedding-co-to-i-jak-zorganizowac\/"]}]},{"@type":"ImageObject","inLanguage":"pl-PL","@id":"https:\/\/www.saleweselne.com\/blog\/slow-wedding-co-to-i-jak-zorganizowac\/#primaryimage","url":"https:\/\/www.saleweselne.com\/blog\/wp-content\/uploads\/2024\/02\/nathan-dumlao-5BB_atDT4oA-unsplash-scaled.jpg","contentUrl":"https:\/\/www.saleweselne.com\/blog\/wp-content\/uploads\/2024\/02\/nathan-dumlao-5BB_atDT4oA-unsplash-scaled.jpg","width":2560,"height":1707},{"@type":"BreadcrumbList","@id":"https:\/\/www.saleweselne.com\/blog\/slow-wedding-co-to-i-jak-zorganizowac\/#breadcrumb","itemListElement":[{"@type":"ListItem","position":1,"name":"Strona g\u0142\u00f3wna","item":"https:\/\/www.saleweselne.com\/blog\/"},{"@type":"ListItem","position":2,"name":"Slow wedding &#8211; co to i jak zorganizowa\u0107?"}]},{"@type":"WebSite","@id":"https:\/\/www.saleweselne.com\/blog\/#website","url":"https:\/\/www.saleweselne.com\/blog\/","name":"SaleWeselne.com","description":"Blog Bran\u017cy Weselnej - Sprawd\u017a najpi\u0119kniejsze sale weselne oraz motywy \u015blubne. Poznaj praktyczne porady, jak zorganizowa\u0107 wymarzone wesele!","publisher":{"@id":"https:\/\/www.saleweselne.com\/blog\/#organization"},"potentialAction":[{"@type":"SearchAction","target":{"@type":"EntryPoint","urlTemplate":"https:\/\/www.saleweselne.com\/blog\/?s={search_term_string}"},"query-input":{"@type":"PropertyValueSpecification","valueRequired":true,"valueName":"search_term_string"}}],"inLanguage":"pl-PL"},{"@type":"Organization","@id":"https:\/\/www.saleweselne.com\/blog\/#organization","name":"SaleWeselne.com","url":"https:\/\/www.saleweselne.com\/blog\/","logo":{"@type":"ImageObject","inLanguage":"pl-PL","@id":"https:\/\/www.saleweselne.com\/blog\/#\/schema\/logo\/image\/","url":"https:\/\/www.saleweselne.com\/blog\/wp-content\/uploads\/2021\/03\/saleweselne-logotyp-RGB-bez-tla-2.png","contentUrl":"https:\/\/www.saleweselne.com\/blog\/wp-content\/uploads\/2021\/03\/saleweselne-logotyp-RGB-bez-tla-2.png","width":625,"height":150,"caption":"SaleWeselne.com"},"image":{"@id":"https:\/\/www.saleweselne.com\/blog\/#\/schema\/logo\/image\/"}},{"@type":"Person","@id":"https:\/\/www.saleweselne.com\/blog\/#\/schema\/person\/4b2f139471122a3ea7ac0a68d919043a","name":"Natalia Bielicka","url":"https:\/\/www.saleweselne.com\/blog\/author\/natalia\/"}]}},"_links":{"self":[{"href":"https:\/\/www.saleweselne.com\/blog\/wp-json\/wp\/v2\/posts\/3653","targetHints":{"allow":["GET"]}}],"collection":[{"href":"https:\/\/www.saleweselne.com\/blog\/wp-json\/wp\/v2\/posts"}],"about":[{"href":"https:\/\/www.saleweselne.com\/blog\/wp-json\/wp\/v2\/types\/post"}],"author":[{"embeddable":true,"href":"https:\/\/www.saleweselne.com\/blog\/wp-json\/wp\/v2\/users\/10"}],"replies":[{"embeddable":true,"href":"https:\/\/www.saleweselne.com\/blog\/wp-json\/wp\/v2\/comments?post=3653"}],"version-history":[{"count":1,"href":"https:\/\/www.saleweselne.com\/blog\/wp-json\/wp\/v2\/posts\/3653\/revisions"}],"predecessor-version":[{"id":3661,"href":"https:\/\/www.saleweselne.com\/blog\/wp-json\/wp\/v2\/posts\/3653\/revisions\/3661"}],"wp:featuredmedia":[{"embeddable":true,"href":"https:\/\/www.saleweselne.com\/blog\/wp-json\/wp\/v2\/media\/3660"}],"wp:attachment":[{"href":"https:\/\/www.saleweselne.com\/blog\/wp-json\/wp\/v2\/media?parent=3653"}],"wp:term":[{"taxonomy":"category","embeddable":true,"href":"https:\/\/www.saleweselne.com\/blog\/wp-json\/wp\/v2\/categories?post=3653"},{"taxonomy":"post_tag","embeddable":true,"href":"https:\/\/www.saleweselne.com\/blog\/wp-json\/wp\/v2\/tags?post=3653"}],"curies":[{"name":"wp","href":"https:\/\/api.w.org\/{rel}","templated":true}]}}