{"id":3678,"date":"2024-03-25T11:07:33","date_gmt":"2024-03-25T09:07:33","guid":{"rendered":"https:\/\/www.saleweselne.com\/blog\/?p=3678"},"modified":"2024-05-07T12:10:20","modified_gmt":"2024-05-07T10:10:20","slug":"wesele-w-gorach","status":"publish","type":"post","link":"https:\/\/www.saleweselne.com\/blog\/wesele-w-gorach\/","title":{"rendered":"Wesele w g\u00f3rach &#8211; najlepsze sale weselne"},"content":{"rendered":"<p style=\"text-align: justify;\"><strong>Chc\u0105c zorganizowa\u0107 wesele w pi\u0119knych okoliczno\u015bciach przyrody, nie trzeba szuka\u0107 obiekt\u00f3w za granic\u0105. W Polsce znale\u017a\u0107 mo\u017cna r\u00f3wnie wyj\u0105tkowe pere\u0142ki. Zw\u0142aszcza w niepowtarzalnych polskich g\u00f3rach! Chcesz zorganizowa\u0107 <a href=\"https:\/\/www.saleweselne.com\/sale-weselne-w-gorach?page=1\">wesele w g\u00f3rach<\/a>, ale nie wiesz jak\u0105 sal\u0119 wybra\u0107? Nie martw si\u0119! Przygotowali\u015bmy zestawienie najbardziej interesuj\u0105cych obiekt\u00f3w zlokalizowanych na po\u0142udniu Polski. Zosta\u0144 z nami!<\/strong><\/p>\n<p style=\"text-align: justify;\">Wesele w g\u00f3rach kojarzy si\u0119 nam z pi\u0119kn\u0105, uspokajaj\u0105c\u0105 natur\u0105, kt\u00f3ra \u015bwietnie kontrastuje z \u017cywym i weso\u0142ym charakterem przyj\u0119cia. Tradycyjna kuchnia i muzyka oraz folklor otaczaj\u0105cy zakochanych z ka\u017cdej strony. Nie da si\u0119 tego podrobi\u0107. Niezale\u017cnie od tego, czy chcesz zorganizowa\u0107 wesele w<strong><a href=\"https:\/\/www.saleweselne.com\/zakopane\"> Zakopanem<\/a>,<a href=\"https:\/\/www.saleweselne.com\/karpacz\"> Karpaczu<\/a>, czy w mniejszej miejscowo\u015bci<\/strong>. Organizuj\u0105c wesele w g\u00f3rach, stworzysz niepowtarzalne wspomnienia. Przedstawiamy sale weselne w g\u00f3rach!<\/p>\n<h2 style=\"text-align: justify;\">Szczawnica Park Resort &amp; Spa<\/h2>\n<p style=\"text-align: justify;\"><a href=\"https:\/\/www.saleweselne.com\/szczawnica\/szczawnica-park-resort-spa-wesele\"><strong>Zaczynamy od elegancji i luksusu po\u015br\u00f3d natury! Szczawnica Park Resort &amp; Spa<\/strong><\/a>, zlokalizowany w sercu Szczawnicy, bezpo\u015brednio przy urokliwej promenadzie spacerowej oraz nad Mostem Zakochanych, stanowi wyj\u0105tkowe miejsce na organizacj\u0119 wesela w g\u00f3rach. W budynku <strong>Hotelu Szczawnica Park Resort &amp; Spa****<\/strong> znajduje si\u0119 <strong>Sala Trzy Korony,<\/strong> o imponuj\u0105cej powierzchni ponad 350 metr\u00f3w kwadratowych. Mo\u017ce pomie\u015bci\u0107 do 250 os\u00f3b w uk\u0142adzie bankietowym, z zachowaniem przestrzeni do ta\u0144ca. Natomiast <strong>Sala Bankietowa Residence<\/strong> o powierzchni ponad 400 metr\u00f3w kwadratowych, mo\u017ce przyj\u0105\u0107 do 300 os\u00f3b, r\u00f3wnie\u017c zapewniaj\u0105c miejsce do ta\u0144ca.<\/p>\n<p style=\"text-align: justify;\"><a href=\"https:\/\/www.saleweselne.com\/blog\/wp-content\/uploads\/2024\/03\/szczawnica-park-hotel-031.jpg\"><img loading=\"lazy\" decoding=\"async\" class=\"alignnone size-full wp-image-3684\" src=\"https:\/\/www.saleweselne.com\/blog\/wp-content\/uploads\/2024\/03\/szczawnica-park-hotel-031.jpg\" alt=\"wesele w g\u00f3rach\" width=\"1600\" height=\"1067\" srcset=\"https:\/\/www.saleweselne.com\/blog\/wp-content\/uploads\/2024\/03\/szczawnica-park-hotel-031.jpg 1600w, https:\/\/www.saleweselne.com\/blog\/wp-content\/uploads\/2024\/03\/szczawnica-park-hotel-031-300x200.jpg 300w, https:\/\/www.saleweselne.com\/blog\/wp-content\/uploads\/2024\/03\/szczawnica-park-hotel-031-1024x683.jpg 1024w, https:\/\/www.saleweselne.com\/blog\/wp-content\/uploads\/2024\/03\/szczawnica-park-hotel-031-768x512.jpg 768w, https:\/\/www.saleweselne.com\/blog\/wp-content\/uploads\/2024\/03\/szczawnica-park-hotel-031-1536x1024.jpg 1536w, https:\/\/www.saleweselne.com\/blog\/wp-content\/uploads\/2024\/03\/szczawnica-park-hotel-031-1140x760.jpg 1140w\" sizes=\"auto, (max-width: 1600px) 100vw, 1600px\" \/><\/a><\/p>\n<p style=\"text-align: justify;\">Szczeg\u00f3ln\u0105 cech\u0105 Szczawnica Park Residence jest jego<strong> przestronny taras widokowy. Rozci\u0105ga si\u0119 z niego malowniczy widok na pasmo g\u00f3rskie Ma\u0142ych Pienin, u podn\u00f3\u017ca kt\u00f3rych snuje si\u0119 potok Grajcarek.<\/strong> To w\u0142a\u015bnie ten uroczy krajobraz Ma\u0142ych Pienin stanowi doskona\u0142e t\u0142o dla organizacji \u015blub\u00f3w plenerowych przez ca\u0142y rok. Szczawnica Park Resort &amp; Spa to nie tylko miejsce na wyj\u0105tkowe wydarzenia. To tak\u017ce oaza spokoju i pi\u0119kna, kt\u00f3ra umo\u017cliwia stworzenie niezapomnianych wspomnie\u0144 dla wszystkich go\u015bci.<\/p>\n<h2 style=\"text-align: justify;\">Le\u015bna Sala<\/h2>\n<p style=\"text-align: justify;\"><a href=\"https:\/\/www.saleweselne.com\/zywiec\/lesna-sala-wesele#gallery0-5\"><strong>Szukasz bardziej kameralnej przestrzeni? Le\u015bna Sala<\/strong> <\/a>to miejsce, kt\u00f3re urzeka swoj\u0105 niepowtarzaln\u0105 urod\u0105 i atmosfer\u0105. Zlokalizowana w sercu \u017bywca, ta przepi\u0119kna sala weselna zosta\u0142a stworzona, aby zaspokoi\u0107 r\u00f3\u017cnorodne potrzeby i oczekiwania ka\u017cdej pary m\u0142odej. P<strong>rzyjmie ona do 120 os\u00f3b, gdy ustawione s\u0105 eleganckie sto\u0142y prostok\u0105tne, oraz 76 os\u00f3b, gdy preferowane s\u0105 okr\u0105g\u0142e sto\u0142y.<\/strong><\/p>\n<p style=\"text-align: justify;\"><a href=\"https:\/\/www.saleweselne.com\/blog\/wp-content\/uploads\/2024\/03\/47.jpg\"><img loading=\"lazy\" decoding=\"async\" class=\"alignnone size-full wp-image-3685\" src=\"https:\/\/www.saleweselne.com\/blog\/wp-content\/uploads\/2024\/03\/47.jpg\" alt=\"wesele w g\u00f3rach\" width=\"2048\" height=\"1285\" srcset=\"https:\/\/www.saleweselne.com\/blog\/wp-content\/uploads\/2024\/03\/47.jpg 2048w, https:\/\/www.saleweselne.com\/blog\/wp-content\/uploads\/2024\/03\/47-300x188.jpg 300w, https:\/\/www.saleweselne.com\/blog\/wp-content\/uploads\/2024\/03\/47-1024x643.jpg 1024w, https:\/\/www.saleweselne.com\/blog\/wp-content\/uploads\/2024\/03\/47-768x482.jpg 768w, https:\/\/www.saleweselne.com\/blog\/wp-content\/uploads\/2024\/03\/47-1536x964.jpg 1536w, https:\/\/www.saleweselne.com\/blog\/wp-content\/uploads\/2024\/03\/47-1140x715.jpg 1140w\" sizes=\"auto, (max-width: 2048px) 100vw, 2048px\" \/><\/a><\/p>\n<p style=\"text-align: justify;\"><strong>Subtelno\u015b\u0107 i elegancja<\/strong> to s\u0142owa, kt\u00f3re najlepiej opisuj\u0105 ten wyj\u0105tkowy obiekt. Dominuj\u0105ce w wystroju stonowane kolory nadaj\u0105 Le\u015bnej Sali wyj\u0105tkowy charakter. Pozwala to jednocze\u015bnie na dowoln\u0105 aran\u017cacj\u0119 przestrzeni, dostosowuj\u0105c j\u0105 do indywidualnych upodoba\u0144 i tematu wesela.<strong> Du\u017ce okna nie tylko dodaj\u0105 uroku ca\u0142ej sali, ale r\u00f3wnie\u017c zapewniaj\u0105 naturalne \u015bwiat\u0142o, kt\u00f3re podkre\u015bla pi\u0119kno wn\u0119trza.<\/strong><\/p>\n<p style=\"text-align: justify;\">Le\u015bna Sala to miejsce, kt\u00f3re doskonale \u0142\u0105czy tradycj\u0119 z nowoczesno\u015bci\u0105. Dzi\u0119ki swojemu <strong>wyj\u0105tkowemu charakterowi<\/strong>, mo\u017cna tutaj zorganizowa\u0107 zar\u00f3wno klasyczne, jak i nowoczesne ceremonie weselne.<\/p>\n<h2 style=\"text-align: justify;\">Karcma Bania &#8211; Hotel Bania **** Thermal &amp; Ski<\/h2>\n<p style=\"text-align: justify;\"><a href=\"https:\/\/www.saleweselne.com\/bialka-tatrzanska\/pensjonat-bania-wesele\"><strong>Z pewno\u015bci\u0105 s\u0142yszli\u015bcie ju\u017c o Hotelu Bania! Karcma Bania<\/strong><\/a>, zlokalizowana w renomowanym Resort Bania w malowniczej Bia\u0142ce Tatrza\u0144skiej, to idealne miejsce na organizacj\u0119 wesela, gdzie tradycja g\u00f3ralska \u0142\u0105czy si\u0119 z nowoczesnym stylem. <strong>Wn\u0119trza Karcmy zachwycaj\u0105 jasno\u015bci\u0105 i przestronno\u015bci\u0105, dzi\u0119ki du\u017cym przeszkleniom, kt\u00f3re doskonale oddaj\u0105 pi\u0119kno g\u00f3rskiego otoczenia<\/strong>. Szczeg\u00f3lnym elementem jest otwierany dach, kt\u00f3ry umo\u017cliwia podziwianie majestatycznych stok\u00f3w Kotelnicy, nadaj\u0105c ka\u017cdemu weselu wyj\u0105tkowy charakter. Go\u015bcie maj\u0105 tu okazj\u0119 cieszy\u0107 si\u0119 zapieraj\u0105cymi dech w piersiach widokami g\u00f3r, co na pewno uczyni t\u0119 uroczysto\u015b\u0107 niezapomnian\u0105.<\/p>\n<p style=\"text-align: justify;\"><a href=\"https:\/\/www.saleweselne.com\/blog\/wp-content\/uploads\/2024\/03\/911a3694.jpg\"><img loading=\"lazy\" decoding=\"async\" class=\"alignnone size-full wp-image-3686\" src=\"https:\/\/www.saleweselne.com\/blog\/wp-content\/uploads\/2024\/03\/911a3694.jpg\" alt=\"wesele w g\u00f3rach\" width=\"1600\" height=\"1067\" srcset=\"https:\/\/www.saleweselne.com\/blog\/wp-content\/uploads\/2024\/03\/911a3694.jpg 1600w, https:\/\/www.saleweselne.com\/blog\/wp-content\/uploads\/2024\/03\/911a3694-300x200.jpg 300w, https:\/\/www.saleweselne.com\/blog\/wp-content\/uploads\/2024\/03\/911a3694-1024x683.jpg 1024w, https:\/\/www.saleweselne.com\/blog\/wp-content\/uploads\/2024\/03\/911a3694-768x512.jpg 768w, https:\/\/www.saleweselne.com\/blog\/wp-content\/uploads\/2024\/03\/911a3694-1536x1024.jpg 1536w, https:\/\/www.saleweselne.com\/blog\/wp-content\/uploads\/2024\/03\/911a3694-1140x760.jpg 1140w\" sizes=\"auto, (max-width: 1600px) 100vw, 1600px\" \/><\/a><\/p>\n<p style=\"text-align: justify;\">Oferta weselna obejmuje kompleksow\u0105 obs\u0142ug\u0119 oraz mo\u017cliwo\u015b\u0107 dostosowania menu do indywidualnych preferencji kulinarnych. Do\u015bwiadczony zesp\u00f3\u0142 kucharzy przygotowuje dania z najwy\u017cszej jako\u015bci sk\u0142adnik\u00f3w, dbaj\u0105c o ich <strong>estetyczne podanie i wyj\u0105tkowy smak.<\/strong> Organizacja wesela w Karcma Bania to gwarancja niezapomnianego wydarzenia, kt\u00f3re pozostanie w pami\u0119ci na zawsze.<\/p>\n<h2 style=\"text-align: justify;\">Hotel Meta****<\/h2>\n<p style=\"text-align: justify;\">Czterogwiazdkowy <a href=\"https:\/\/www.saleweselne.com\/szczyrk\/hotel-meta-wesele\"><strong>Hotel Meta<\/strong><\/a> to miejsce niezwyk\u0142e w swojej urodzie i atmosferze, kt\u00f3re zachwyca swoich go\u015bci nie tylko doskona\u0142\u0105 obs\u0142ug\u0105, ale tak\u017ce wykwintn\u0105 kuchni\u0105. Znajduj\u0105cy si<strong>\u0119 w samym sercu Beskidu \u015al\u0105skiego, spe\u0142nia marzenia o wymarzonym miejscu na wesele.<\/strong><\/p>\n<p style=\"text-align: justify;\">Obiekt dysponuje <strong>czterema salami weselnymi, z kt\u00f3rych najwi\u0119ksza, Nowa Sala Weselna, mo\u017ce pomie\u015bci\u0107 nawet 250 go\u015bci<\/strong> w uk\u0142adzie bankietowym przy okr\u0105g\u0142ych sto\u0142ach. To tutaj, przez szklane okna, zapewniaj\u0105ce malowniczy widok na g\u00f3rskie krajobrazy, go\u015bcie mog\u0105 podziwia\u0107 urok kolei g\u00f3rskiej.<\/p>\n<p style=\"text-align: justify;\"><a href=\"https:\/\/www.saleweselne.com\/blog\/wp-content\/uploads\/2024\/03\/zaxhd.jpg\"><img loading=\"lazy\" decoding=\"async\" class=\"alignnone size-full wp-image-3688\" src=\"https:\/\/www.saleweselne.com\/blog\/wp-content\/uploads\/2024\/03\/zaxhd.jpg\" alt=\"wesele w g\u00f3rach\" width=\"1351\" height=\"900\" srcset=\"https:\/\/www.saleweselne.com\/blog\/wp-content\/uploads\/2024\/03\/zaxhd.jpg 1351w, https:\/\/www.saleweselne.com\/blog\/wp-content\/uploads\/2024\/03\/zaxhd-300x200.jpg 300w, https:\/\/www.saleweselne.com\/blog\/wp-content\/uploads\/2024\/03\/zaxhd-1024x682.jpg 1024w, https:\/\/www.saleweselne.com\/blog\/wp-content\/uploads\/2024\/03\/zaxhd-768x512.jpg 768w, https:\/\/www.saleweselne.com\/blog\/wp-content\/uploads\/2024\/03\/zaxhd-1140x759.jpg 1140w\" sizes=\"auto, (max-width: 1351px) 100vw, 1351px\" \/><\/a><\/p>\n<p style=\"text-align: justify;\">Dodatkowo, mo\u017cliwe jest zorganizowanie <strong>uroczysto\u015bci na \u015bwie\u017cym powietrzu, na terenie hotelowego ogrodu lub na tarasie widokowym<\/strong>, znajduj\u0105cym si\u0119 na pi\u0105tym pi\u0119trze hotelu, z zapieraj\u0105cym dech w piersiach widokiem na szczyt Skrzyczne. To miejsce przenosi magi\u0119 wesela na wy\u017cszy poziom, nadaj\u0105c ceremonii niepowtarzalny urok i atmosfer\u0119.<\/p>\n<h2 style=\"text-align: justify;\">Hotel Tatry<\/h2>\n<p style=\"text-align: justify;\"><a href=\"https:\/\/www.saleweselne.com\/murzasichle-2\/hotel-tatry-wesele\"><strong>Wesele na wysoko\u015bciach? Hotel Tatry<\/strong><\/a> to niezwyk\u0142e miejsce o bogatej historii, usytuowane w malowniczych okolicach, w otoczeniu Tatrza\u0144skiego Parku Narodowego. Po\u0142o\u017cony <strong>na wysoko\u015bci 1105 m n.p.m. na Polanie Zgorzelisko<\/strong>, hotel ten oferuje niezapomniane doznania zar\u00f3wno podczas urlopu z rodzin\u0105, wycieczki integracyjnej, jak i wyj\u0105tkowego wesela czy \u015blubu w plenerze.<\/p>\n<p style=\"text-align: justify;\"><a href=\"https:\/\/www.saleweselne.com\/blog\/wp-content\/uploads\/2024\/03\/5d35ac7093f07hoteltary2-143copy.jpg\"><img loading=\"lazy\" decoding=\"async\" class=\"alignnone size-full wp-image-3690\" src=\"https:\/\/www.saleweselne.com\/blog\/wp-content\/uploads\/2024\/03\/5d35ac7093f07hoteltary2-143copy.jpg\" alt=\"wesele w g\u00f3rach\" width=\"1024\" height=\"683\" srcset=\"https:\/\/www.saleweselne.com\/blog\/wp-content\/uploads\/2024\/03\/5d35ac7093f07hoteltary2-143copy.jpg 1024w, https:\/\/www.saleweselne.com\/blog\/wp-content\/uploads\/2024\/03\/5d35ac7093f07hoteltary2-143copy-300x200.jpg 300w, https:\/\/www.saleweselne.com\/blog\/wp-content\/uploads\/2024\/03\/5d35ac7093f07hoteltary2-143copy-768x512.jpg 768w\" sizes=\"auto, (max-width: 1024px) 100vw, 1024px\" \/><\/a><\/p>\n<p style=\"text-align: justify;\">Zajmuj\u0105cy rozleg\u0142y teren o powierzchni<strong> 7 hektar\u00f3w, Hotel Tatry zapewnia liczne mo\u017cliwo\u015bci dla M\u0142odych Par, kt\u00f3re marz\u0105 o wyj\u0105tkowym \u015blubie.<\/strong> Serce hotelu stanowi przepi\u0119kna<strong> Sala Bankietowa<\/strong>, mog\u0105ca pomie\u015bci\u0107 do 150 os\u00f3b. Oferuje ona wiele opcji aran\u017cacji, pozwalaj\u0105c Narzeczonym urzeczywistni\u0107 swoje marzenia o idealnym weselu. Dodatkowo, Hotel Tatry dysponuje r\u00f3wnie\u017c <strong>Sal\u0105 Kominkow\u0105<\/strong> z drink barem, idealn\u0105 na bardziej kameralne przyj\u0119cia lub obiady weselne w gronie najbli\u017cszych.<\/p>\n<p style=\"text-align: justify;\">Jednak to nie koniec atrakcji, jakie oferuje ten wyj\u0105tkowy obiekt. W jego ogrodzie znajduje si\u0119 tak\u017ce<strong> Altana Grillowa z pe\u0142n\u0105 infrastruktur\u0105 oraz regionalny sza\u0142as &#8222;Pod Wilkiem&#8221; z tarasem widokowym<\/strong>, tworz\u0105cymi doskona\u0142e miejsca do wsp\u00f3lnej zabawy i relaksu podczas wesela czy przyj\u0119cia.<\/p>\n<h2 style=\"text-align: justify;\">Hotel Crocus<\/h2>\n<p style=\"text-align: justify;\"><a href=\"https:\/\/www.saleweselne.com\/zakopane\/hotel-crocus-wesele\"><strong>Znajdzie si\u0119 co\u015b r\u00f3wnie\u017c w samym centrum Zakopanego. Hotel Crocus<\/strong> <\/a>to czterogwiazdkowy obiekt w Zakopanem, b\u0119d\u0105cy kwintesencj\u0105 nowoczesnego luksusu. <strong>Usytuowany w sercu miasta<\/strong>, ale jednocze\u015bnie w bezpo\u015brednim s\u0105siedztwie Tatrza\u0144skiego Parku Narodowego, Wielkiej Krokwi, kompleksu narciarskiego Nosal oraz kolejki linowej na Kasprowy Wierch, stanowi doskona\u0142\u0105 baz\u0119 dla wszelkich atrakcji zar\u00f3wno rekreacyjnych, jak i kulturalnych.<\/p>\n<p style=\"text-align: justify;\"><strong>Wesele organizowane w Hotelu Crocus****<\/strong> to gwarancja niezapomnianych chwil, kt\u00f3re pozostan\u0105 w pami\u0119ci na d\u0142ugie lata. Obiekt ten oferuje wyj\u0105tkow\u0105 przestrze\u0144, idealnie dostosowan\u0105 do organizacji niepowtarzalnych przyj\u0119\u0107 weselnych.<\/p>\n<p style=\"text-align: justify;\"><a href=\"https:\/\/www.saleweselne.com\/blog\/wp-content\/uploads\/2024\/03\/20120519-dsc06994.jpg\"><img loading=\"lazy\" decoding=\"async\" class=\"alignnone size-full wp-image-3692\" src=\"https:\/\/www.saleweselne.com\/blog\/wp-content\/uploads\/2024\/03\/20120519-dsc06994.jpg\" alt=\"wesele w g\u00f3rach\" width=\"1600\" height=\"1063\" srcset=\"https:\/\/www.saleweselne.com\/blog\/wp-content\/uploads\/2024\/03\/20120519-dsc06994.jpg 1600w, https:\/\/www.saleweselne.com\/blog\/wp-content\/uploads\/2024\/03\/20120519-dsc06994-300x199.jpg 300w, https:\/\/www.saleweselne.com\/blog\/wp-content\/uploads\/2024\/03\/20120519-dsc06994-1024x680.jpg 1024w, https:\/\/www.saleweselne.com\/blog\/wp-content\/uploads\/2024\/03\/20120519-dsc06994-768x510.jpg 768w, https:\/\/www.saleweselne.com\/blog\/wp-content\/uploads\/2024\/03\/20120519-dsc06994-1536x1020.jpg 1536w, https:\/\/www.saleweselne.com\/blog\/wp-content\/uploads\/2024\/03\/20120519-dsc06994-1140x757.jpg 1140w\" sizes=\"auto, (max-width: 1600px) 100vw, 1600px\" \/><\/a><\/p>\n<p style=\"text-align: justify;\">Go\u015bcie maj\u0105 do dyspozycji<strong> kilka sal restauracyjno-konferencyjnych, z kt\u00f3rych ka\u017cda mo\u017ce by\u0107 dostosowana do liczby uczestnik\u00f3w uroczysto\u015bci. Najwi\u0119ksza sala mo\u017ce pomie\u015bci\u0107 oko\u0142o 150 os\u00f3b<\/strong> przy okr\u0105g\u0142ych sto\u0142ach, zapewniaj\u0105c wystarczaj\u0105c\u0105 przestrze\u0144 dla wi\u0119kszych przyj\u0119\u0107. Dla par planuj\u0105cych bardziej kameralne wydarzenie, Hotel Crocus r\u00f3wnie\u017c oferuje odpowiednie pomieszczenia. Elastyczno\u015b\u0107 w aran\u017cacji sal pozwala na \u0142\u0105czenie i dzielenie ich, co otwiera wiele mo\u017cliwo\u015bci kreowania wyj\u0105tkowej atmosfery.<\/p>\n<p style=\"text-align: justify;\">Ten obiekt to nie tylko elegancja i komfort, lecz tak\u017ce profesjonalna obs\u0142uga oraz doskona\u0142a lokalizacja, sprawiaj\u0105ca, \u017ce<strong> ka\u017cde wesele staje si\u0119 wyj\u0105tkowym wydarzeniem, godnym wspomnie\u0144 na ca\u0142e \u017cycie.<\/strong><\/p>\n<h2 style=\"text-align: justify;\">Hotel \u017bywiecki**** Medical Spa &amp; Sport<\/h2>\n<p style=\"text-align: justify;\"><a href=\"https:\/\/www.saleweselne.com\/zywiec\/hotel-zywiecki-medical-spa-sport-wesele\"><strong>Hotel \u017bywiecki**** Medical Spa &amp; Sport<\/strong><\/a>, po\u0142o\u017cony u podn\u00f3\u017ca G\u00f3ry Jastrz\u0119bica na wysoko\u015bci 758 m n.p.m., to luksusowy kompleks. Zachwyca on swoim nowoczesnym designem oraz malowniczym otoczeniem w sercu Beskidu \u017bywieckiego. Znajduj\u0105c si\u0119 niedaleko urokliwych miejscowo\u015bci takich jak Wis\u0142a, Szczyrk czy Korbiew, hotel stanowi idealne miejsce na niezapomniane wesele w g\u00f3rach.<\/p>\n<p style=\"text-align: justify;\"><a href=\"https:\/\/www.saleweselne.com\/blog\/wp-content\/uploads\/2024\/03\/5ddd303df378a20190928-162154.jpg\"><img loading=\"lazy\" decoding=\"async\" class=\"alignnone wp-image-3694 size-full\" src=\"https:\/\/www.saleweselne.com\/blog\/wp-content\/uploads\/2024\/03\/5ddd303df378a20190928-162154.jpg\" alt=\"wesele w g\u00f3rach\" width=\"800\" height=\"600\" srcset=\"https:\/\/www.saleweselne.com\/blog\/wp-content\/uploads\/2024\/03\/5ddd303df378a20190928-162154.jpg 800w, https:\/\/www.saleweselne.com\/blog\/wp-content\/uploads\/2024\/03\/5ddd303df378a20190928-162154-300x225.jpg 300w, https:\/\/www.saleweselne.com\/blog\/wp-content\/uploads\/2024\/03\/5ddd303df378a20190928-162154-768x576.jpg 768w\" sizes=\"auto, (max-width: 800px) 100vw, 800px\" \/><\/a><\/p>\n<p style=\"text-align: justify;\">Hotel oferuje swoim go\u015bciom <strong>eleganck\u0105 sal\u0119 weseln\u0105, mog\u0105c\u0105 pomie\u015bci\u0107 do 160 os\u00f3b.<\/strong> Sala wyposa\u017cona jest w dost\u0119p do internetu oraz klimatyzacj\u0119, zapewniaj\u0105c komfortowe warunki przez ca\u0142\u0105 ceremoni\u0119. Dodatkowo, hotel dysponuje <strong>niezale\u017cnym systemem nag\u0142o\u015bnieniowym oraz mobilnym parkietem, co pozwala na zorganizowanie dynamicznej zabawy tanecznej.<\/strong> W cieplejsze miesi\u0105ce mo\u017cna skorzysta\u0107 z urokliwej<strong> altany \u015blubnej oraz ogrodu<\/strong>, kt\u00f3ry stanowi doskona\u0142e t\u0142o dla romantycznych sesji fotograficznych, tworz\u0105c niepowtarzalny klimat wesela w otoczeniu przyrody.<\/p>\n<h2 style=\"text-align: justify;\">Pa\u0142ac Wojan\u00f3w<\/h2>\n<p style=\"text-align: justify;\"><a href=\"https:\/\/www.saleweselne.com\/wojanow\/palac-wojanow-wesele\"><strong>Zestawienie ko\u0144czymy elegancj\u0105 i klasyk\u0105. Pa\u0142ac Wojan\u00f3w<\/strong><\/a>, majestatyczna rezydencja otoczona bujnymi ogrodami i malowniczymi krajobrazami <strong>Doliny Pa\u0142ac\u00f3w i Ogrod\u00f3w<\/strong>, stanowi wyj\u0105tkowe miejsce dla romantycznych wesel. Jego niepowtarzalna atmosfera sprawia, \u017ce ka\u017cda uroczysto\u015b\u0107 \u015blubna staje si\u0119 niezapomnianym wydarzeniem zar\u00f3wno dla M\u0142odej Pary, jak i dla zaproszonych go\u015bci.<\/p>\n<p style=\"text-align: justify;\">Zlokalizowany na obszarze <strong>16 hektar\u00f3w zieleni, kompleks hotelowy Pa\u0142acu Wojan\u00f3w oferuje nie tylko wspania\u0142e sale weselne, ale tak\u017ce komfortowe zakwaterowanie dla licznych go\u015bci<\/strong>. Z 91 pokojami, kt\u00f3re mog\u0105 pomie\u015bci\u0107 a\u017c 196 os\u00f3b, ka\u017cdy uczestnik wesela znajdzie tu idealne miejsce do odpoczynku i relaksu.<\/p>\n<p style=\"text-align: justify;\"><a href=\"https:\/\/www.saleweselne.com\/blog\/wp-content\/uploads\/2024\/03\/ceremonia-w-parku-2.jpg\"><img loading=\"lazy\" decoding=\"async\" class=\"alignnone size-full wp-image-3696\" src=\"https:\/\/www.saleweselne.com\/blog\/wp-content\/uploads\/2024\/03\/ceremonia-w-parku-2.jpg\" alt=\"wesele w g\u00f3rach\" width=\"1399\" height=\"891\" srcset=\"https:\/\/www.saleweselne.com\/blog\/wp-content\/uploads\/2024\/03\/ceremonia-w-parku-2.jpg 1399w, https:\/\/www.saleweselne.com\/blog\/wp-content\/uploads\/2024\/03\/ceremonia-w-parku-2-300x191.jpg 300w, https:\/\/www.saleweselne.com\/blog\/wp-content\/uploads\/2024\/03\/ceremonia-w-parku-2-1024x652.jpg 1024w, https:\/\/www.saleweselne.com\/blog\/wp-content\/uploads\/2024\/03\/ceremonia-w-parku-2-768x489.jpg 768w, https:\/\/www.saleweselne.com\/blog\/wp-content\/uploads\/2024\/03\/ceremonia-w-parku-2-1140x726.jpg 1140w\" sizes=\"auto, (max-width: 1399px) 100vw, 1399px\" \/><\/a><\/p>\n<p style=\"text-align: justify;\">Dwa eleganckie restauracje serwuj\u0105 wykwintne dania, kt\u00f3re podkre\u015blaj\u0105 wyj\u0105tkowy charakter tego miejsca. Dodatkowo, <strong>strefa SPA&amp;Wellness<\/strong> zapewnia mo\u017cliwo\u015b\u0107 relaksu i regeneracji po intensywnych emocjach zwi\u0105zanych z uroczysto\u015bci\u0105 \u015blubn\u0105.<\/p>\n<p style=\"text-align: justify;\">Pa\u0142ac Wojan\u00f3w nie tylko zachwyca swoim architektonicznym pi\u0119knem, ale tak\u017ce oferuje <strong>kompleksowe udogodnienia<\/strong>. Sprawiaj\u0105 one, \u017ce ka\u017cde wesele staje si\u0119 niezapomnianym prze\u017cyciem, pozostaj\u0105cym w pami\u0119ci na d\u0142ugie lata.<\/p>\n","protected":false},"excerpt":{"rendered":"<p>Pi\u0119kne widoki, otoczenie przyrody, niezapomniany klimat i ciep\u0142a, rodzinna atmosfera \u2014 tak w\u0142a\u015bnie opisa\u0107 mo\u017cna wesele w g\u00f3rach. Marzy ci si\u0119 podhala\u0144skie przyj\u0119cie? Przestawiamy najlepsze sale weselne w g\u00f3rach! <\/p>\n","protected":false},"author":10,"featured_media":3679,"comment_status":"closed","ping_status":"closed","sticky":false,"template":"","format":"standard","meta":{"footnotes":""},"categories":[182,228,170],"tags":[174,178,171,186],"class_list":["post-3678","post","type-post","status-publish","format-standard","has-post-thumbnail","hentry","category-miejsce-na-wesele","category-motyw-weselny","category-organizacja-wesela","tag-organizacja-wesela","tag-sala-weselna","tag-wesele","tag-wesele-w-plenerze"],"yoast_head":"<!-- This site is optimized with the Yoast SEO plugin v27.5 - https:\/\/yoast.com\/product\/yoast-seo-wordpress\/ -->\n<title>Wesele w g\u00f3rach - najlepsze sale weselne - blog SaleWeselne.com<\/title>\n<meta name=\"description\" content=\"Pi\u0119kne widoki, otoczenie przyrody, niezapomniany klimat i ciep\u0142a, rodzinna atmosfera \u2014 tak w\u0142a\u015bnie opisa\u0107 mo\u017cna wesele w g\u00f3rach.\" \/>\n<meta name=\"robots\" content=\"index, follow, max-snippet:-1, max-image-preview:large, max-video-preview:-1\" \/>\n<link rel=\"canonical\" href=\"https:\/\/www.saleweselne.com\/blog\/wesele-w-gorach\/\" \/>\n<meta property=\"og:locale\" content=\"pl_PL\" \/>\n<meta property=\"og:type\" content=\"article\" \/>\n<meta property=\"og:title\" content=\"Wesele w g\u00f3rach - najlepsze sale weselne - blog SaleWeselne.com\" \/>\n<meta property=\"og:description\" content=\"Pi\u0119kne widoki, otoczenie przyrody, niezapomniany klimat i ciep\u0142a, rodzinna atmosfera \u2014 tak w\u0142a\u015bnie opisa\u0107 mo\u017cna wesele w g\u00f3rach.\" \/>\n<meta property=\"og:url\" content=\"https:\/\/www.saleweselne.com\/blog\/wesele-w-gorach\/\" \/>\n<meta property=\"og:site_name\" content=\"SaleWeselne.com\" \/>\n<meta property=\"article:published_time\" content=\"2024-03-25T09:07:33+00:00\" \/>\n<meta property=\"article:modified_time\" content=\"2024-05-07T10:10:20+00:00\" \/>\n<meta property=\"og:image\" content=\"https:\/\/www.saleweselne.com\/blog\/wp-content\/uploads\/2024\/03\/zoe-pappas-6cmZLC4Tq9s-unsplash.jpg\" \/>\n\t<meta property=\"og:image:width\" content=\"2400\" \/>\n\t<meta property=\"og:image:height\" content=\"1600\" \/>\n\t<meta property=\"og:image:type\" content=\"image\/jpeg\" \/>\n<meta name=\"author\" content=\"Natalia Bielicka\" \/>\n<meta name=\"twitter:card\" content=\"summary_large_image\" \/>\n<meta name=\"twitter:label1\" content=\"Napisane przez\" \/>\n\t<meta name=\"twitter:data1\" content=\"Natalia Bielicka\" \/>\n\t<meta name=\"twitter:label2\" content=\"Szacowany czas czytania\" \/>\n\t<meta name=\"twitter:data2\" content=\"10 minut\" \/>\n<script type=\"application\/ld+json\" class=\"yoast-schema-graph\">{\"@context\":\"https:\\\/\\\/schema.org\",\"@graph\":[{\"@type\":\"Article\",\"@id\":\"https:\\\/\\\/www.saleweselne.com\\\/blog\\\/wesele-w-gorach\\\/#article\",\"isPartOf\":{\"@id\":\"https:\\\/\\\/www.saleweselne.com\\\/blog\\\/wesele-w-gorach\\\/\"},\"author\":{\"name\":\"Natalia Bielicka\",\"@id\":\"https:\\\/\\\/www.saleweselne.com\\\/blog\\\/#\\\/schema\\\/person\\\/4b2f139471122a3ea7ac0a68d919043a\"},\"headline\":\"Wesele w g\u00f3rach &#8211; najlepsze sale weselne\",\"datePublished\":\"2024-03-25T09:07:33+00:00\",\"dateModified\":\"2024-05-07T10:10:20+00:00\",\"mainEntityOfPage\":{\"@id\":\"https:\\\/\\\/www.saleweselne.com\\\/blog\\\/wesele-w-gorach\\\/\"},\"wordCount\":1572,\"publisher\":{\"@id\":\"https:\\\/\\\/www.saleweselne.com\\\/blog\\\/#organization\"},\"image\":{\"@id\":\"https:\\\/\\\/www.saleweselne.com\\\/blog\\\/wesele-w-gorach\\\/#primaryimage\"},\"thumbnailUrl\":\"https:\\\/\\\/www.saleweselne.com\\\/blog\\\/wp-content\\\/uploads\\\/2024\\\/03\\\/zoe-pappas-6cmZLC4Tq9s-unsplash.jpg\",\"keywords\":[\"organizacja wesela\",\"sala weselna\",\"wesele\",\"wesele w plenerze\"],\"articleSection\":[\"Miejsce na wesele\",\"Motyw weselny\",\"Organizacja wesela\"],\"inLanguage\":\"pl-PL\"},{\"@type\":\"WebPage\",\"@id\":\"https:\\\/\\\/www.saleweselne.com\\\/blog\\\/wesele-w-gorach\\\/\",\"url\":\"https:\\\/\\\/www.saleweselne.com\\\/blog\\\/wesele-w-gorach\\\/\",\"name\":\"Wesele w g\u00f3rach - najlepsze sale weselne - blog SaleWeselne.com\",\"isPartOf\":{\"@id\":\"https:\\\/\\\/www.saleweselne.com\\\/blog\\\/#website\"},\"primaryImageOfPage\":{\"@id\":\"https:\\\/\\\/www.saleweselne.com\\\/blog\\\/wesele-w-gorach\\\/#primaryimage\"},\"image\":{\"@id\":\"https:\\\/\\\/www.saleweselne.com\\\/blog\\\/wesele-w-gorach\\\/#primaryimage\"},\"thumbnailUrl\":\"https:\\\/\\\/www.saleweselne.com\\\/blog\\\/wp-content\\\/uploads\\\/2024\\\/03\\\/zoe-pappas-6cmZLC4Tq9s-unsplash.jpg\",\"datePublished\":\"2024-03-25T09:07:33+00:00\",\"dateModified\":\"2024-05-07T10:10:20+00:00\",\"description\":\"Pi\u0119kne widoki, otoczenie przyrody, niezapomniany klimat i ciep\u0142a, rodzinna atmosfera \u2014 tak w\u0142a\u015bnie opisa\u0107 mo\u017cna wesele w g\u00f3rach.\",\"breadcrumb\":{\"@id\":\"https:\\\/\\\/www.saleweselne.com\\\/blog\\\/wesele-w-gorach\\\/#breadcrumb\"},\"inLanguage\":\"pl-PL\",\"potentialAction\":[{\"@type\":\"ReadAction\",\"target\":[\"https:\\\/\\\/www.saleweselne.com\\\/blog\\\/wesele-w-gorach\\\/\"]}]},{\"@type\":\"ImageObject\",\"inLanguage\":\"pl-PL\",\"@id\":\"https:\\\/\\\/www.saleweselne.com\\\/blog\\\/wesele-w-gorach\\\/#primaryimage\",\"url\":\"https:\\\/\\\/www.saleweselne.com\\\/blog\\\/wp-content\\\/uploads\\\/2024\\\/03\\\/zoe-pappas-6cmZLC4Tq9s-unsplash.jpg\",\"contentUrl\":\"https:\\\/\\\/www.saleweselne.com\\\/blog\\\/wp-content\\\/uploads\\\/2024\\\/03\\\/zoe-pappas-6cmZLC4Tq9s-unsplash.jpg\",\"width\":2400,\"height\":1600},{\"@type\":\"BreadcrumbList\",\"@id\":\"https:\\\/\\\/www.saleweselne.com\\\/blog\\\/wesele-w-gorach\\\/#breadcrumb\",\"itemListElement\":[{\"@type\":\"ListItem\",\"position\":1,\"name\":\"Strona g\u0142\u00f3wna\",\"item\":\"https:\\\/\\\/www.saleweselne.com\\\/blog\\\/\"},{\"@type\":\"ListItem\",\"position\":2,\"name\":\"Wesele w g\u00f3rach &#8211; najlepsze sale weselne\"}]},{\"@type\":\"WebSite\",\"@id\":\"https:\\\/\\\/www.saleweselne.com\\\/blog\\\/#website\",\"url\":\"https:\\\/\\\/www.saleweselne.com\\\/blog\\\/\",\"name\":\"SaleWeselne.com\",\"description\":\"Blog Bran\u017cy Weselnej - Sprawd\u017a najpi\u0119kniejsze sale weselne oraz motywy \u015blubne. Poznaj praktyczne porady, jak zorganizowa\u0107 wymarzone wesele!\",\"publisher\":{\"@id\":\"https:\\\/\\\/www.saleweselne.com\\\/blog\\\/#organization\"},\"potentialAction\":[{\"@type\":\"SearchAction\",\"target\":{\"@type\":\"EntryPoint\",\"urlTemplate\":\"https:\\\/\\\/www.saleweselne.com\\\/blog\\\/?s={search_term_string}\"},\"query-input\":{\"@type\":\"PropertyValueSpecification\",\"valueRequired\":true,\"valueName\":\"search_term_string\"}}],\"inLanguage\":\"pl-PL\"},{\"@type\":\"Organization\",\"@id\":\"https:\\\/\\\/www.saleweselne.com\\\/blog\\\/#organization\",\"name\":\"SaleWeselne.com\",\"url\":\"https:\\\/\\\/www.saleweselne.com\\\/blog\\\/\",\"logo\":{\"@type\":\"ImageObject\",\"inLanguage\":\"pl-PL\",\"@id\":\"https:\\\/\\\/www.saleweselne.com\\\/blog\\\/#\\\/schema\\\/logo\\\/image\\\/\",\"url\":\"https:\\\/\\\/www.saleweselne.com\\\/blog\\\/wp-content\\\/uploads\\\/2021\\\/03\\\/saleweselne-logotyp-RGB-bez-tla-2.png\",\"contentUrl\":\"https:\\\/\\\/www.saleweselne.com\\\/blog\\\/wp-content\\\/uploads\\\/2021\\\/03\\\/saleweselne-logotyp-RGB-bez-tla-2.png\",\"width\":625,\"height\":150,\"caption\":\"SaleWeselne.com\"},\"image\":{\"@id\":\"https:\\\/\\\/www.saleweselne.com\\\/blog\\\/#\\\/schema\\\/logo\\\/image\\\/\"}},{\"@type\":\"Person\",\"@id\":\"https:\\\/\\\/www.saleweselne.com\\\/blog\\\/#\\\/schema\\\/person\\\/4b2f139471122a3ea7ac0a68d919043a\",\"name\":\"Natalia Bielicka\",\"url\":\"https:\\\/\\\/www.saleweselne.com\\\/blog\\\/author\\\/natalia\\\/\"}]}<\/script>\n<!-- \/ Yoast SEO plugin. -->","yoast_head_json":{"title":"Wesele w g\u00f3rach - najlepsze sale weselne - blog SaleWeselne.com","description":"Pi\u0119kne widoki, otoczenie przyrody, niezapomniany klimat i ciep\u0142a, rodzinna atmosfera \u2014 tak w\u0142a\u015bnie opisa\u0107 mo\u017cna wesele w g\u00f3rach.","robots":{"index":"index","follow":"follow","max-snippet":"max-snippet:-1","max-image-preview":"max-image-preview:large","max-video-preview":"max-video-preview:-1"},"canonical":"https:\/\/www.saleweselne.com\/blog\/wesele-w-gorach\/","og_locale":"pl_PL","og_type":"article","og_title":"Wesele w g\u00f3rach - najlepsze sale weselne - blog SaleWeselne.com","og_description":"Pi\u0119kne widoki, otoczenie przyrody, niezapomniany klimat i ciep\u0142a, rodzinna atmosfera \u2014 tak w\u0142a\u015bnie opisa\u0107 mo\u017cna wesele w g\u00f3rach.","og_url":"https:\/\/www.saleweselne.com\/blog\/wesele-w-gorach\/","og_site_name":"SaleWeselne.com","article_published_time":"2024-03-25T09:07:33+00:00","article_modified_time":"2024-05-07T10:10:20+00:00","og_image":[{"width":2400,"height":1600,"url":"https:\/\/www.saleweselne.com\/blog\/wp-content\/uploads\/2024\/03\/zoe-pappas-6cmZLC4Tq9s-unsplash.jpg","type":"image\/jpeg"}],"author":"Natalia Bielicka","twitter_card":"summary_large_image","twitter_misc":{"Napisane przez":"Natalia Bielicka","Szacowany czas czytania":"10 minut"},"schema":{"@context":"https:\/\/schema.org","@graph":[{"@type":"Article","@id":"https:\/\/www.saleweselne.com\/blog\/wesele-w-gorach\/#article","isPartOf":{"@id":"https:\/\/www.saleweselne.com\/blog\/wesele-w-gorach\/"},"author":{"name":"Natalia Bielicka","@id":"https:\/\/www.saleweselne.com\/blog\/#\/schema\/person\/4b2f139471122a3ea7ac0a68d919043a"},"headline":"Wesele w g\u00f3rach &#8211; najlepsze sale weselne","datePublished":"2024-03-25T09:07:33+00:00","dateModified":"2024-05-07T10:10:20+00:00","mainEntityOfPage":{"@id":"https:\/\/www.saleweselne.com\/blog\/wesele-w-gorach\/"},"wordCount":1572,"publisher":{"@id":"https:\/\/www.saleweselne.com\/blog\/#organization"},"image":{"@id":"https:\/\/www.saleweselne.com\/blog\/wesele-w-gorach\/#primaryimage"},"thumbnailUrl":"https:\/\/www.saleweselne.com\/blog\/wp-content\/uploads\/2024\/03\/zoe-pappas-6cmZLC4Tq9s-unsplash.jpg","keywords":["organizacja wesela","sala weselna","wesele","wesele w plenerze"],"articleSection":["Miejsce na wesele","Motyw weselny","Organizacja wesela"],"inLanguage":"pl-PL"},{"@type":"WebPage","@id":"https:\/\/www.saleweselne.com\/blog\/wesele-w-gorach\/","url":"https:\/\/www.saleweselne.com\/blog\/wesele-w-gorach\/","name":"Wesele w g\u00f3rach - najlepsze sale weselne - blog SaleWeselne.com","isPartOf":{"@id":"https:\/\/www.saleweselne.com\/blog\/#website"},"primaryImageOfPage":{"@id":"https:\/\/www.saleweselne.com\/blog\/wesele-w-gorach\/#primaryimage"},"image":{"@id":"https:\/\/www.saleweselne.com\/blog\/wesele-w-gorach\/#primaryimage"},"thumbnailUrl":"https:\/\/www.saleweselne.com\/blog\/wp-content\/uploads\/2024\/03\/zoe-pappas-6cmZLC4Tq9s-unsplash.jpg","datePublished":"2024-03-25T09:07:33+00:00","dateModified":"2024-05-07T10:10:20+00:00","description":"Pi\u0119kne widoki, otoczenie przyrody, niezapomniany klimat i ciep\u0142a, rodzinna atmosfera \u2014 tak w\u0142a\u015bnie opisa\u0107 mo\u017cna wesele w g\u00f3rach.","breadcrumb":{"@id":"https:\/\/www.saleweselne.com\/blog\/wesele-w-gorach\/#breadcrumb"},"inLanguage":"pl-PL","potentialAction":[{"@type":"ReadAction","target":["https:\/\/www.saleweselne.com\/blog\/wesele-w-gorach\/"]}]},{"@type":"ImageObject","inLanguage":"pl-PL","@id":"https:\/\/www.saleweselne.com\/blog\/wesele-w-gorach\/#primaryimage","url":"https:\/\/www.saleweselne.com\/blog\/wp-content\/uploads\/2024\/03\/zoe-pappas-6cmZLC4Tq9s-unsplash.jpg","contentUrl":"https:\/\/www.saleweselne.com\/blog\/wp-content\/uploads\/2024\/03\/zoe-pappas-6cmZLC4Tq9s-unsplash.jpg","width":2400,"height":1600},{"@type":"BreadcrumbList","@id":"https:\/\/www.saleweselne.com\/blog\/wesele-w-gorach\/#breadcrumb","itemListElement":[{"@type":"ListItem","position":1,"name":"Strona g\u0142\u00f3wna","item":"https:\/\/www.saleweselne.com\/blog\/"},{"@type":"ListItem","position":2,"name":"Wesele w g\u00f3rach &#8211; najlepsze sale weselne"}]},{"@type":"WebSite","@id":"https:\/\/www.saleweselne.com\/blog\/#website","url":"https:\/\/www.saleweselne.com\/blog\/","name":"SaleWeselne.com","description":"Blog Bran\u017cy Weselnej - Sprawd\u017a najpi\u0119kniejsze sale weselne oraz motywy \u015blubne. Poznaj praktyczne porady, jak zorganizowa\u0107 wymarzone wesele!","publisher":{"@id":"https:\/\/www.saleweselne.com\/blog\/#organization"},"potentialAction":[{"@type":"SearchAction","target":{"@type":"EntryPoint","urlTemplate":"https:\/\/www.saleweselne.com\/blog\/?s={search_term_string}"},"query-input":{"@type":"PropertyValueSpecification","valueRequired":true,"valueName":"search_term_string"}}],"inLanguage":"pl-PL"},{"@type":"Organization","@id":"https:\/\/www.saleweselne.com\/blog\/#organization","name":"SaleWeselne.com","url":"https:\/\/www.saleweselne.com\/blog\/","logo":{"@type":"ImageObject","inLanguage":"pl-PL","@id":"https:\/\/www.saleweselne.com\/blog\/#\/schema\/logo\/image\/","url":"https:\/\/www.saleweselne.com\/blog\/wp-content\/uploads\/2021\/03\/saleweselne-logotyp-RGB-bez-tla-2.png","contentUrl":"https:\/\/www.saleweselne.com\/blog\/wp-content\/uploads\/2021\/03\/saleweselne-logotyp-RGB-bez-tla-2.png","width":625,"height":150,"caption":"SaleWeselne.com"},"image":{"@id":"https:\/\/www.saleweselne.com\/blog\/#\/schema\/logo\/image\/"}},{"@type":"Person","@id":"https:\/\/www.saleweselne.com\/blog\/#\/schema\/person\/4b2f139471122a3ea7ac0a68d919043a","name":"Natalia Bielicka","url":"https:\/\/www.saleweselne.com\/blog\/author\/natalia\/"}]}},"_links":{"self":[{"href":"https:\/\/www.saleweselne.com\/blog\/wp-json\/wp\/v2\/posts\/3678","targetHints":{"allow":["GET"]}}],"collection":[{"href":"https:\/\/www.saleweselne.com\/blog\/wp-json\/wp\/v2\/posts"}],"about":[{"href":"https:\/\/www.saleweselne.com\/blog\/wp-json\/wp\/v2\/types\/post"}],"author":[{"embeddable":true,"href":"https:\/\/www.saleweselne.com\/blog\/wp-json\/wp\/v2\/users\/10"}],"replies":[{"embeddable":true,"href":"https:\/\/www.saleweselne.com\/blog\/wp-json\/wp\/v2\/comments?post=3678"}],"version-history":[{"count":11,"href":"https:\/\/www.saleweselne.com\/blog\/wp-json\/wp\/v2\/posts\/3678\/revisions"}],"predecessor-version":[{"id":3698,"href":"https:\/\/www.saleweselne.com\/blog\/wp-json\/wp\/v2\/posts\/3678\/revisions\/3698"}],"wp:featuredmedia":[{"embeddable":true,"href":"https:\/\/www.saleweselne.com\/blog\/wp-json\/wp\/v2\/media\/3679"}],"wp:attachment":[{"href":"https:\/\/www.saleweselne.com\/blog\/wp-json\/wp\/v2\/media?parent=3678"}],"wp:term":[{"taxonomy":"category","embeddable":true,"href":"https:\/\/www.saleweselne.com\/blog\/wp-json\/wp\/v2\/categories?post=3678"},{"taxonomy":"post_tag","embeddable":true,"href":"https:\/\/www.saleweselne.com\/blog\/wp-json\/wp\/v2\/tags?post=3678"}],"curies":[{"name":"wp","href":"https:\/\/api.w.org\/{rel}","templated":true}]}}