{"id":3773,"date":"2024-06-13T09:16:14","date_gmt":"2024-06-13T07:16:14","guid":{"rendered":"https:\/\/www.saleweselne.com\/blog\/?p=3773"},"modified":"2024-06-13T09:16:14","modified_gmt":"2024-06-13T07:16:14","slug":"jak-skutecznie-radzic-sobie-z-przebarwieniami-po-tradziku","status":"publish","type":"post","link":"https:\/\/www.saleweselne.com\/blog\/jak-skutecznie-radzic-sobie-z-przebarwieniami-po-tradziku\/","title":{"rendered":"Jak skutecznie radzi\u0107 sobie z przebarwieniami po tr\u0105dziku?"},"content":{"rendered":"<p style=\"text-align: justify;\"><strong>Przebarwienia po tr\u0105dziku to problem, z kt\u00f3rym zmaga si\u0119 wiele os\u00f3b. Cz\u0119sto s\u0105 one bardziej uci\u0105\u017cliwe ni\u017c sam tr\u0105dzik, poniewa\u017c mog\u0105 utrzymywa\u0107 si\u0119 na sk\u00f3rze przez d\u0142ugi czas, nawet po wyleczeniu wyprysk\u00f3w. Jakie s\u0105 przyczyny powstawania przebarwie\u0144 i skuteczne metody ich redukcji? Jak dba\u0107 o sk\u00f3r\u0119, by unikn\u0105\u0107 nawrotu przebarwie\u0144? Zapraszamy do lektury!<\/strong><\/p>\n<h2 style=\"text-align: justify;\">Przyczyny powstawania przebarwie\u0144 po tr\u0105dziku<\/h2>\n<p style=\"text-align: justify;\"><a href=\"https:\/\/www.laroche-posay.pl\/article\/blizny-i-przebarwienia-po-tradziku\"><strong>Przebarwienia po tr\u0105dziku<\/strong> <\/a>to efekt stanu zapalnego, kt\u00f3ry towarzyszy wypryskom. Kiedy sk\u00f3ra si\u0119 goi, mo\u017ce doj\u015b\u0107 do nadmiernej produkcji melaniny, co prowadzi do powstawania ciemnych plam, czyli przebarwie\u0144. S\u0105 to zazwyczaj nieestetyczne plamki sk\u00f3rne o r\u00f3\u017cnej intensywno\u015bci i kolorze \u2013 od bladego r\u00f3\u017cu po ciemne odcienie br\u0105zu i czerwieni. Powstaj\u0105 one, gdy tr\u0105dzik zniszczy naczynia krwiono\u015bne, kt\u00f3re dostarczaj\u0105 krew do tkanki. Wtedy dochodzi do przedostania si\u0119 do warstwy sk\u00f3ry barwnika z czerwonych krwinek, kt\u00f3rego nadmiar wywo\u0142uje powstawanie przebarwie\u0144. Osoby o ciemniejszej karnacji s\u0105 bardziej podatne na powstawanie przebarwie\u0144.<\/p>\n<p style=\"text-align: justify;\">Co wi\u0119cej, takie plamki mog\u0105 pojawi\u0107 si\u0119 w momencie, gdy nasza sk\u00f3ra jest nara\u017cona na dzia\u0142anie promieni UV w trakcie leczenia tr\u0105dziku. Szczeg\u00f3lnie niebezpieczne s\u0105 k\u0105piele s\u0142oneczne podczas stosowania pochodnych witaminy A oraz antybiotyk\u00f3w z grupy tetracyklin, kt\u00f3re stosuje si\u0119 do leczenia tr\u0105dziku.<\/p>\n<p style=\"text-align: justify;\">Zwykle przebarwienia znikaj\u0105 same po kilku miesi\u0105cach. Czasami jednak proces ten mo\u017ce by\u0107 d\u0142ugotrwa\u0142y, a nieestetyczne plamki szczeg\u00f3lnie trudne do zwalczenia. Potr\u0105dzikowe przebarwienia sk\u00f3ry, zw\u0142aszcza te o ciemniejszym odcieniu, mog\u0105 by\u0107 te\u017c trudne do zakrycia nawet najlepszymi kosmetykami do makija\u017cu.<\/p>\n<h2 style=\"text-align: justify;\">Skuteczne metody redukcji przebarwie\u0144<\/h2>\n<p style=\"text-align: justify;\">Istnieje wiele metod, kt\u00f3re pomagaj\u0105 w redukcji przebarwie\u0144 po tr\u0105dziku. Warto jednak pami\u0119ta\u0107, \u017ce ka\u017cda sk\u00f3ra jest inna i nie wszystkie metody b\u0119d\u0105 skuteczne dla ka\u017cdego. Chc\u0105c zredukowa\u0107 przebarwienia potr\u0105dzikowe, warto si\u0119gn\u0105\u0107 po kosmetyki zawieraj\u0105ce kwasy, takie jak kwas salicylowy, glikolowy czy mlekowy. Skutecznie z\u0142uszczaj\u0105 nask\u00f3rek i przyspieszaj\u0105 regeneracj\u0119 sk\u00f3ry. Regularne stosowanie produkt\u00f3w z kwasami pomaga wyr\u00f3wna\u0107 koloryt sk\u00f3ry i zmniejszy\u0107 widoczno\u015b\u0107 przebarwie\u0144.<\/p>\n<p style=\"text-align: justify;\">Retinoidy to pochodne witaminy A, kt\u00f3re stosuje si\u0119 w leczeniu tr\u0105dziku oraz redukcji przebarwie\u0144. Maj\u0105 zdolno\u015b\u0107 przyspieszania odnowy kom\u00f3rkowej i poprawy tekstury sk\u00f3ry. Warto jednak stosowa\u0107 je pod nadzorem dermatologa, poniewa\u017c mog\u0105 powodowa\u0107 podra\u017cnienia.<\/p>\n<p style=\"text-align: justify;\">Zabiegi takie jak peelingi chemiczne, mikrodermabrazja czy laseroterapia to kolejne skuteczne metody w walce z przebarwieniami. Peelingi chemiczne z\u0142uszczaj\u0105 wierzchni\u0105 warstw\u0119 sk\u00f3ry, co pomaga w usuni\u0119ciu przebarwie\u0144. Mikrodermabrazja mechanicznie usuwa martwy nask\u00f3rek, a laseroterapia precyzyjnie usuwa plamy pigmentacyjne.<\/p>\n<h2 style=\"text-align: justify;\">Profilaktyka i piel\u0119gnacja sk\u00f3ry<\/h2>\n<p style=\"text-align: justify;\">Lepiej zapobiega\u0107 ni\u017c leczy\u0107 \u2013 to stara prawda, kt\u00f3ra sprawdza si\u0119 r\u00f3wnie\u017c w przypadku przebarwie\u0144 po tr\u0105dziku. Aby utrzyma\u0107 sk\u00f3r\u0119 w dobrej kondycji, wa\u017cne jest regularne oczyszczanie sk\u00f3ry. Stosowanie delikatnych \u015brodk\u00f3w myj\u0105cych pomo\u017ce utrzyma\u0107 sk\u00f3r\u0119 czyst\u0105 i woln\u0105 od bakterii. Zamiast peeling\u00f3w mechanicznych, kt\u00f3re mog\u0105 podra\u017cnia\u0107 sk\u00f3r\u0119, wybieraj delikatne peelingi enzymatyczne lub chemiczne. Nie mo\u017cna zapomnie\u0107 o ochronie przeciws\u0142onecznej. Codzienne stosowanie krem\u00f3w z filtrem UV pomaga zapobiega\u0107 powstawaniu przebarwie\u0144.<\/p>\n<p style=\"text-align: justify;\">Wyciskanie wyprysk\u00f3w prowadzi do powstawania blizn i przebarwie\u0144, dlatego warto zrezygnowa\u0107 z tego nawyku. Zdrow\u0105 sk\u00f3r\u0119 wspiera tak\u017ce zbilansowana dieta. Spo\u017cywanie pokarm\u00f3w bogatych w antyoksydanty, witaminy i minera\u0142y wspiera zdrowie sk\u00f3ry od wewn\u0105trz.<\/p>\n<p style=\"text-align: justify;\">Odpowiednia piel\u0119gnacja, zabiegi kosmetyczne czy dbanie o w\u0142a\u015bciw\u0105 diet\u0119 to g\u0142\u00f3wne czynniki pozwalaj\u0105ce walczy\u0107 z przebarwieniami po tr\u0105dziku. Nale\u017cy jednak pami\u0119ta\u0107, \u017ce jest to proces d\u0142ugotrwa\u0142y, kt\u00f3ry wymaga regularno\u015bci i cierpliwo\u015bci. Dzi\u0119ki temu utrzymamy sk\u00f3r\u0119 w dobrej kondycji, zapobiegaj\u0105c nawrotom przebarwie\u0144.<\/p>\n","protected":false},"excerpt":{"rendered":"<p>Jakie s\u0105 przyczyny powstawania przebarwie\u0144 i skuteczne metody ich redukcji? Jak dba\u0107 o sk\u00f3r\u0119, by unikn\u0105\u0107 nawrotu przebarwie\u0144? Zapraszamy do lektury!<\/p>\n","protected":false},"author":7,"featured_media":3774,"comment_status":"closed","ping_status":"closed","sticky":false,"template":"","format":"standard","meta":{"footnotes":""},"categories":[196,200],"tags":[174,257,221],"class_list":["post-3773","post","type-post","status-publish","format-standard","has-post-thumbnail","hentry","category-makijaz-fryzura","category-stroj-weselny","tag-organizacja-wesela","tag-panna-mloda","tag-stroj"],"yoast_head":"<!-- This site is optimized with the Yoast SEO plugin v26.8 - https:\/\/yoast.com\/product\/yoast-seo-wordpress\/ -->\n<title>Jak skutecznie radzi\u0107 sobie z przebarwieniami po tr\u0105dziku? - blog SaleWeselne.com<\/title>\n<meta name=\"description\" content=\"Jak skutecznie radzi\u0107 sobie z przebarwieniami po tr\u0105dziku? - blog SaleWeselne.com\" \/>\n<meta name=\"robots\" content=\"index, follow, max-snippet:-1, max-image-preview:large, max-video-preview:-1\" \/>\n<link rel=\"canonical\" href=\"https:\/\/www.saleweselne.com\/blog\/jak-skutecznie-radzic-sobie-z-przebarwieniami-po-tradziku\/\" \/>\n<meta property=\"og:locale\" content=\"pl_PL\" \/>\n<meta property=\"og:type\" content=\"article\" \/>\n<meta property=\"og:title\" content=\"Jak skutecznie radzi\u0107 sobie z przebarwieniami po tr\u0105dziku? - blog SaleWeselne.com\" \/>\n<meta property=\"og:description\" content=\"Jak skutecznie radzi\u0107 sobie z przebarwieniami po tr\u0105dziku? - blog SaleWeselne.com\" \/>\n<meta property=\"og:url\" content=\"https:\/\/www.saleweselne.com\/blog\/jak-skutecznie-radzic-sobie-z-przebarwieniami-po-tradziku\/\" \/>\n<meta property=\"og:site_name\" content=\"SaleWeselne.com\" \/>\n<meta property=\"article:published_time\" content=\"2024-06-13T07:16:14+00:00\" \/>\n<meta property=\"og:image\" content=\"https:\/\/www.saleweselne.com\/blog\/wp-content\/uploads\/2024\/06\/adobestock_688576134.jpg\" \/>\n\t<meta property=\"og:image:width\" content=\"1500\" \/>\n\t<meta property=\"og:image:height\" content=\"1500\" \/>\n\t<meta property=\"og:image:type\" content=\"image\/jpeg\" \/>\n<meta name=\"author\" content=\"Darek\" \/>\n<meta name=\"twitter:card\" content=\"summary_large_image\" \/>\n<meta name=\"twitter:label1\" content=\"Napisane przez\" \/>\n\t<meta name=\"twitter:data1\" content=\"Darek\" \/>\n\t<meta name=\"twitter:label2\" content=\"Szacowany czas czytania\" \/>\n\t<meta name=\"twitter:data2\" content=\"4 minuty\" \/>\n<script type=\"application\/ld+json\" class=\"yoast-schema-graph\">{\"@context\":\"https:\/\/schema.org\",\"@graph\":[{\"@type\":\"Article\",\"@id\":\"https:\/\/www.saleweselne.com\/blog\/jak-skutecznie-radzic-sobie-z-przebarwieniami-po-tradziku\/#article\",\"isPartOf\":{\"@id\":\"https:\/\/www.saleweselne.com\/blog\/jak-skutecznie-radzic-sobie-z-przebarwieniami-po-tradziku\/\"},\"author\":{\"name\":\"Darek\",\"@id\":\"https:\/\/www.saleweselne.com\/blog\/#\/schema\/person\/0e924cd9ceaca06a0d75928575d0f95a\"},\"headline\":\"Jak skutecznie radzi\u0107 sobie z przebarwieniami po tr\u0105dziku?\",\"datePublished\":\"2024-06-13T07:16:14+00:00\",\"mainEntityOfPage\":{\"@id\":\"https:\/\/www.saleweselne.com\/blog\/jak-skutecznie-radzic-sobie-z-przebarwieniami-po-tradziku\/\"},\"wordCount\":637,\"publisher\":{\"@id\":\"https:\/\/www.saleweselne.com\/blog\/#organization\"},\"image\":{\"@id\":\"https:\/\/www.saleweselne.com\/blog\/jak-skutecznie-radzic-sobie-z-przebarwieniami-po-tradziku\/#primaryimage\"},\"thumbnailUrl\":\"https:\/\/www.saleweselne.com\/blog\/wp-content\/uploads\/2024\/06\/adobestock_688576134.jpg\",\"keywords\":[\"organizacja wesela\",\"Panna M\u0142oda\",\"str\u00f3j\"],\"articleSection\":[\"Makija\u017c\/fryzura\",\"Str\u00f3j weselny\"],\"inLanguage\":\"pl-PL\"},{\"@type\":\"WebPage\",\"@id\":\"https:\/\/www.saleweselne.com\/blog\/jak-skutecznie-radzic-sobie-z-przebarwieniami-po-tradziku\/\",\"url\":\"https:\/\/www.saleweselne.com\/blog\/jak-skutecznie-radzic-sobie-z-przebarwieniami-po-tradziku\/\",\"name\":\"Jak skutecznie radzi\u0107 sobie z przebarwieniami po tr\u0105dziku? - blog SaleWeselne.com\",\"isPartOf\":{\"@id\":\"https:\/\/www.saleweselne.com\/blog\/#website\"},\"primaryImageOfPage\":{\"@id\":\"https:\/\/www.saleweselne.com\/blog\/jak-skutecznie-radzic-sobie-z-przebarwieniami-po-tradziku\/#primaryimage\"},\"image\":{\"@id\":\"https:\/\/www.saleweselne.com\/blog\/jak-skutecznie-radzic-sobie-z-przebarwieniami-po-tradziku\/#primaryimage\"},\"thumbnailUrl\":\"https:\/\/www.saleweselne.com\/blog\/wp-content\/uploads\/2024\/06\/adobestock_688576134.jpg\",\"datePublished\":\"2024-06-13T07:16:14+00:00\",\"description\":\"Jak skutecznie radzi\u0107 sobie z przebarwieniami po tr\u0105dziku? - blog SaleWeselne.com\",\"breadcrumb\":{\"@id\":\"https:\/\/www.saleweselne.com\/blog\/jak-skutecznie-radzic-sobie-z-przebarwieniami-po-tradziku\/#breadcrumb\"},\"inLanguage\":\"pl-PL\",\"potentialAction\":[{\"@type\":\"ReadAction\",\"target\":[\"https:\/\/www.saleweselne.com\/blog\/jak-skutecznie-radzic-sobie-z-przebarwieniami-po-tradziku\/\"]}]},{\"@type\":\"ImageObject\",\"inLanguage\":\"pl-PL\",\"@id\":\"https:\/\/www.saleweselne.com\/blog\/jak-skutecznie-radzic-sobie-z-przebarwieniami-po-tradziku\/#primaryimage\",\"url\":\"https:\/\/www.saleweselne.com\/blog\/wp-content\/uploads\/2024\/06\/adobestock_688576134.jpg\",\"contentUrl\":\"https:\/\/www.saleweselne.com\/blog\/wp-content\/uploads\/2024\/06\/adobestock_688576134.jpg\",\"width\":1500,\"height\":1500},{\"@type\":\"BreadcrumbList\",\"@id\":\"https:\/\/www.saleweselne.com\/blog\/jak-skutecznie-radzic-sobie-z-przebarwieniami-po-tradziku\/#breadcrumb\",\"itemListElement\":[{\"@type\":\"ListItem\",\"position\":1,\"name\":\"Strona g\u0142\u00f3wna\",\"item\":\"https:\/\/www.saleweselne.com\/blog\/\"},{\"@type\":\"ListItem\",\"position\":2,\"name\":\"Jak skutecznie radzi\u0107 sobie z przebarwieniami po tr\u0105dziku?\"}]},{\"@type\":\"WebSite\",\"@id\":\"https:\/\/www.saleweselne.com\/blog\/#website\",\"url\":\"https:\/\/www.saleweselne.com\/blog\/\",\"name\":\"SaleWeselne.com\",\"description\":\"Blog Bran\u017cy Weselnej - Sprawd\u017a najpi\u0119kniejsze sale weselne oraz motywy \u015blubne. Poznaj praktyczne porady, jak zorganizowa\u0107 wymarzone wesele!\",\"publisher\":{\"@id\":\"https:\/\/www.saleweselne.com\/blog\/#organization\"},\"potentialAction\":[{\"@type\":\"SearchAction\",\"target\":{\"@type\":\"EntryPoint\",\"urlTemplate\":\"https:\/\/www.saleweselne.com\/blog\/?s={search_term_string}\"},\"query-input\":{\"@type\":\"PropertyValueSpecification\",\"valueRequired\":true,\"valueName\":\"search_term_string\"}}],\"inLanguage\":\"pl-PL\"},{\"@type\":\"Organization\",\"@id\":\"https:\/\/www.saleweselne.com\/blog\/#organization\",\"name\":\"SaleWeselne.com\",\"url\":\"https:\/\/www.saleweselne.com\/blog\/\",\"logo\":{\"@type\":\"ImageObject\",\"inLanguage\":\"pl-PL\",\"@id\":\"https:\/\/www.saleweselne.com\/blog\/#\/schema\/logo\/image\/\",\"url\":\"https:\/\/www.saleweselne.com\/blog\/wp-content\/uploads\/2021\/03\/saleweselne-logotyp-RGB-bez-tla-2.png\",\"contentUrl\":\"https:\/\/www.saleweselne.com\/blog\/wp-content\/uploads\/2021\/03\/saleweselne-logotyp-RGB-bez-tla-2.png\",\"width\":625,\"height\":150,\"caption\":\"SaleWeselne.com\"},\"image\":{\"@id\":\"https:\/\/www.saleweselne.com\/blog\/#\/schema\/logo\/image\/\"}},{\"@type\":\"Person\",\"@id\":\"https:\/\/www.saleweselne.com\/blog\/#\/schema\/person\/0e924cd9ceaca06a0d75928575d0f95a\",\"name\":\"Darek\",\"url\":\"https:\/\/www.saleweselne.com\/blog\/author\/darek\/\"}]}<\/script>\n<!-- \/ Yoast SEO plugin. -->","yoast_head_json":{"title":"Jak skutecznie radzi\u0107 sobie z przebarwieniami po tr\u0105dziku? - blog SaleWeselne.com","description":"Jak skutecznie radzi\u0107 sobie z przebarwieniami po tr\u0105dziku? - blog SaleWeselne.com","robots":{"index":"index","follow":"follow","max-snippet":"max-snippet:-1","max-image-preview":"max-image-preview:large","max-video-preview":"max-video-preview:-1"},"canonical":"https:\/\/www.saleweselne.com\/blog\/jak-skutecznie-radzic-sobie-z-przebarwieniami-po-tradziku\/","og_locale":"pl_PL","og_type":"article","og_title":"Jak skutecznie radzi\u0107 sobie z przebarwieniami po tr\u0105dziku? - blog SaleWeselne.com","og_description":"Jak skutecznie radzi\u0107 sobie z przebarwieniami po tr\u0105dziku? - blog SaleWeselne.com","og_url":"https:\/\/www.saleweselne.com\/blog\/jak-skutecznie-radzic-sobie-z-przebarwieniami-po-tradziku\/","og_site_name":"SaleWeselne.com","article_published_time":"2024-06-13T07:16:14+00:00","og_image":[{"width":1500,"height":1500,"url":"https:\/\/www.saleweselne.com\/blog\/wp-content\/uploads\/2024\/06\/adobestock_688576134.jpg","type":"image\/jpeg"}],"author":"Darek","twitter_card":"summary_large_image","twitter_misc":{"Napisane przez":"Darek","Szacowany czas czytania":"4 minuty"},"schema":{"@context":"https:\/\/schema.org","@graph":[{"@type":"Article","@id":"https:\/\/www.saleweselne.com\/blog\/jak-skutecznie-radzic-sobie-z-przebarwieniami-po-tradziku\/#article","isPartOf":{"@id":"https:\/\/www.saleweselne.com\/blog\/jak-skutecznie-radzic-sobie-z-przebarwieniami-po-tradziku\/"},"author":{"name":"Darek","@id":"https:\/\/www.saleweselne.com\/blog\/#\/schema\/person\/0e924cd9ceaca06a0d75928575d0f95a"},"headline":"Jak skutecznie radzi\u0107 sobie z przebarwieniami po tr\u0105dziku?","datePublished":"2024-06-13T07:16:14+00:00","mainEntityOfPage":{"@id":"https:\/\/www.saleweselne.com\/blog\/jak-skutecznie-radzic-sobie-z-przebarwieniami-po-tradziku\/"},"wordCount":637,"publisher":{"@id":"https:\/\/www.saleweselne.com\/blog\/#organization"},"image":{"@id":"https:\/\/www.saleweselne.com\/blog\/jak-skutecznie-radzic-sobie-z-przebarwieniami-po-tradziku\/#primaryimage"},"thumbnailUrl":"https:\/\/www.saleweselne.com\/blog\/wp-content\/uploads\/2024\/06\/adobestock_688576134.jpg","keywords":["organizacja wesela","Panna M\u0142oda","str\u00f3j"],"articleSection":["Makija\u017c\/fryzura","Str\u00f3j weselny"],"inLanguage":"pl-PL"},{"@type":"WebPage","@id":"https:\/\/www.saleweselne.com\/blog\/jak-skutecznie-radzic-sobie-z-przebarwieniami-po-tradziku\/","url":"https:\/\/www.saleweselne.com\/blog\/jak-skutecznie-radzic-sobie-z-przebarwieniami-po-tradziku\/","name":"Jak skutecznie radzi\u0107 sobie z przebarwieniami po tr\u0105dziku? - blog SaleWeselne.com","isPartOf":{"@id":"https:\/\/www.saleweselne.com\/blog\/#website"},"primaryImageOfPage":{"@id":"https:\/\/www.saleweselne.com\/blog\/jak-skutecznie-radzic-sobie-z-przebarwieniami-po-tradziku\/#primaryimage"},"image":{"@id":"https:\/\/www.saleweselne.com\/blog\/jak-skutecznie-radzic-sobie-z-przebarwieniami-po-tradziku\/#primaryimage"},"thumbnailUrl":"https:\/\/www.saleweselne.com\/blog\/wp-content\/uploads\/2024\/06\/adobestock_688576134.jpg","datePublished":"2024-06-13T07:16:14+00:00","description":"Jak skutecznie radzi\u0107 sobie z przebarwieniami po tr\u0105dziku? - blog SaleWeselne.com","breadcrumb":{"@id":"https:\/\/www.saleweselne.com\/blog\/jak-skutecznie-radzic-sobie-z-przebarwieniami-po-tradziku\/#breadcrumb"},"inLanguage":"pl-PL","potentialAction":[{"@type":"ReadAction","target":["https:\/\/www.saleweselne.com\/blog\/jak-skutecznie-radzic-sobie-z-przebarwieniami-po-tradziku\/"]}]},{"@type":"ImageObject","inLanguage":"pl-PL","@id":"https:\/\/www.saleweselne.com\/blog\/jak-skutecznie-radzic-sobie-z-przebarwieniami-po-tradziku\/#primaryimage","url":"https:\/\/www.saleweselne.com\/blog\/wp-content\/uploads\/2024\/06\/adobestock_688576134.jpg","contentUrl":"https:\/\/www.saleweselne.com\/blog\/wp-content\/uploads\/2024\/06\/adobestock_688576134.jpg","width":1500,"height":1500},{"@type":"BreadcrumbList","@id":"https:\/\/www.saleweselne.com\/blog\/jak-skutecznie-radzic-sobie-z-przebarwieniami-po-tradziku\/#breadcrumb","itemListElement":[{"@type":"ListItem","position":1,"name":"Strona g\u0142\u00f3wna","item":"https:\/\/www.saleweselne.com\/blog\/"},{"@type":"ListItem","position":2,"name":"Jak skutecznie radzi\u0107 sobie z przebarwieniami po tr\u0105dziku?"}]},{"@type":"WebSite","@id":"https:\/\/www.saleweselne.com\/blog\/#website","url":"https:\/\/www.saleweselne.com\/blog\/","name":"SaleWeselne.com","description":"Blog Bran\u017cy Weselnej - Sprawd\u017a najpi\u0119kniejsze sale weselne oraz motywy \u015blubne. Poznaj praktyczne porady, jak zorganizowa\u0107 wymarzone wesele!","publisher":{"@id":"https:\/\/www.saleweselne.com\/blog\/#organization"},"potentialAction":[{"@type":"SearchAction","target":{"@type":"EntryPoint","urlTemplate":"https:\/\/www.saleweselne.com\/blog\/?s={search_term_string}"},"query-input":{"@type":"PropertyValueSpecification","valueRequired":true,"valueName":"search_term_string"}}],"inLanguage":"pl-PL"},{"@type":"Organization","@id":"https:\/\/www.saleweselne.com\/blog\/#organization","name":"SaleWeselne.com","url":"https:\/\/www.saleweselne.com\/blog\/","logo":{"@type":"ImageObject","inLanguage":"pl-PL","@id":"https:\/\/www.saleweselne.com\/blog\/#\/schema\/logo\/image\/","url":"https:\/\/www.saleweselne.com\/blog\/wp-content\/uploads\/2021\/03\/saleweselne-logotyp-RGB-bez-tla-2.png","contentUrl":"https:\/\/www.saleweselne.com\/blog\/wp-content\/uploads\/2021\/03\/saleweselne-logotyp-RGB-bez-tla-2.png","width":625,"height":150,"caption":"SaleWeselne.com"},"image":{"@id":"https:\/\/www.saleweselne.com\/blog\/#\/schema\/logo\/image\/"}},{"@type":"Person","@id":"https:\/\/www.saleweselne.com\/blog\/#\/schema\/person\/0e924cd9ceaca06a0d75928575d0f95a","name":"Darek","url":"https:\/\/www.saleweselne.com\/blog\/author\/darek\/"}]}},"_links":{"self":[{"href":"https:\/\/www.saleweselne.com\/blog\/wp-json\/wp\/v2\/posts\/3773","targetHints":{"allow":["GET"]}}],"collection":[{"href":"https:\/\/www.saleweselne.com\/blog\/wp-json\/wp\/v2\/posts"}],"about":[{"href":"https:\/\/www.saleweselne.com\/blog\/wp-json\/wp\/v2\/types\/post"}],"author":[{"embeddable":true,"href":"https:\/\/www.saleweselne.com\/blog\/wp-json\/wp\/v2\/users\/7"}],"replies":[{"embeddable":true,"href":"https:\/\/www.saleweselne.com\/blog\/wp-json\/wp\/v2\/comments?post=3773"}],"version-history":[{"count":1,"href":"https:\/\/www.saleweselne.com\/blog\/wp-json\/wp\/v2\/posts\/3773\/revisions"}],"predecessor-version":[{"id":3775,"href":"https:\/\/www.saleweselne.com\/blog\/wp-json\/wp\/v2\/posts\/3773\/revisions\/3775"}],"wp:featuredmedia":[{"embeddable":true,"href":"https:\/\/www.saleweselne.com\/blog\/wp-json\/wp\/v2\/media\/3774"}],"wp:attachment":[{"href":"https:\/\/www.saleweselne.com\/blog\/wp-json\/wp\/v2\/media?parent=3773"}],"wp:term":[{"taxonomy":"category","embeddable":true,"href":"https:\/\/www.saleweselne.com\/blog\/wp-json\/wp\/v2\/categories?post=3773"},{"taxonomy":"post_tag","embeddable":true,"href":"https:\/\/www.saleweselne.com\/blog\/wp-json\/wp\/v2\/tags?post=3773"}],"curies":[{"name":"wp","href":"https:\/\/api.w.org\/{rel}","templated":true}]}}