{"id":3981,"date":"2024-12-13T11:52:38","date_gmt":"2024-12-13T09:52:38","guid":{"rendered":"https:\/\/www.saleweselne.com\/blog\/?p=3981"},"modified":"2024-12-13T11:54:02","modified_gmt":"2024-12-13T09:54:02","slug":"wybierajac-sie-na-wesele-jak-znalezc-idealna-stylizacje","status":"publish","type":"post","link":"https:\/\/www.saleweselne.com\/blog\/wybierajac-sie-na-wesele-jak-znalezc-idealna-stylizacje\/","title":{"rendered":"Wybieraj\u0105c si\u0119 na wesele: jak znale\u017a\u0107 idealn\u0105 stylizacj\u0119?"},"content":{"rendered":"<p><strong>\u015alub i przyj\u0119cie weselne to wyj\u0105tkowe okazje, kt\u00f3re wymagaj\u0105 szczeg\u00f3lnej oprawy. Wybierasz si\u0119 na wesele w charakterze go\u015bcia? W naszym artykule podpowiadamy, jak skomponowa\u0107 idealn\u0105 stylizacj\u0119 oraz stworzy\u0107 efektowny i elegancki makija\u017c, kt\u00f3rego wa\u017cnym elementem jest tusz do rz\u0119s.\u00a0<\/strong><\/p>\n<p><b>Jak\u0105 kreacj\u0119 ubra\u0107 na wesele?<\/b><\/p>\n<p><span style=\"font-weight: 400;\">W modzie \u015blubnej nale\u017cy kierowa\u0107 si\u0119 przede wszystkim zasad\u0105, i\u017c Panna M\u0142oda jest najwa\u017cniejsza i kreacje go\u015bci nie powinny jej przy\u0107mi\u0107. Zdecydowanie odradzamy biel &#8211; to kolor zarezerwowany dla bohaterki tego wyj\u0105tkowego dnia. Na kt\u00f3re odcienie zwraca\u0107 zatem uwag\u0119 i jakimi kryteriami kierowa\u0107 si\u0119 przy wyborze stylizacji?\u00a0<\/span><\/p>\n<ul>\n<li style=\"font-weight: 400;\" aria-level=\"1\"><span style=\"font-weight: 400;\">Kolor powinien by\u0107 dopasowany do typu urody.\u00a0<\/span><\/li>\n<li style=\"font-weight: 400;\" aria-level=\"1\"><span style=\"font-weight: 400;\">Pastelowe odcienie od wielu sezon\u00f3w kr\u00f3luj\u0105 w modzie \u015blubnej.\u00a0<\/span><\/li>\n<li style=\"font-weight: 400;\" aria-level=\"1\"><span style=\"font-weight: 400;\">Czer\u0144 to wyb\u00f3r, kt\u00f3ry wzbudza kontrowersje. Jedni uwa\u017caj\u0105, \u017ce jest synonimem elegancji, za\u015b drudzy uto\u017csamiaj\u0105 j\u0105 z uroczysto\u015bciami o charakterze \u017ca\u0142obnym. Jedno jest pewne &#8211; czarny tusz do rz\u0119s to bezdyskusyjny must have w ka\u017cdej stylizacji.\u00a0<\/span><\/li>\n<li style=\"font-weight: 400;\" aria-level=\"1\"><span style=\"font-weight: 400;\">Koncepcj\u0119 stroju warto skonsultowa\u0107 z organizatorami. To dzie\u0144 nale\u017c\u0105cy do Pa\u0144stwa M\u0142odych. Z pewno\u015bci\u0105 doceni\u0105, \u017ce ich opinia jest wa\u017cna dla go\u015bci.\u00a0<\/span><\/li>\n<li style=\"font-weight: 400;\" aria-level=\"1\"><span style=\"font-weight: 400;\">Je\u015bli decydujesz si\u0119 na sukienk\u0119, pami\u0119taj o odpowiedniej d\u0142ugo\u015bci. Stylizacja powinna by\u0107 elegancka, a nie wyzywaj\u0105ca.\u00a0<\/span><\/li>\n<li style=\"font-weight: 400;\" aria-level=\"1\"><span style=\"font-weight: 400;\">Coraz wi\u0119ksz\u0105 popularno\u015bci\u0105 ciesz\u0105 si\u0119 damskie ganitury &#8211; to oryginalny i jednocze\u015bnie elegancki pomys\u0142. Decyduj\u0105c si\u0119 na takie rozwi\u0105zanie, mo\u017cna bardziej zaszale\u0107 z dodatkami w postaci bi\u017cuteryjnej torebki czy but\u00f3w z ozdobnymi aplikacjami.\u00a0<\/span><\/li>\n<\/ul>\n<p><b>Perfekcyjny makija\u017c na wesele krok po kroku<\/b><\/p>\n<p><span style=\"font-weight: 400;\">Weselny makeup powinien podkre\u015bla\u0107 naturalne pi\u0119kno. Dobrej jako\u015bci <\/span><strong><a href=\"https:\/\/makeup.pl\/categorys\/23466\/\">tusz do rz\u0119s<\/a><\/strong><span style=\"font-weight: 400;\">, baza pod makija\u017c i podk\u0142ad to podstawa udanego looku.\u00a0<\/span><\/p>\n<ol>\n<li style=\"font-weight: 400;\" aria-level=\"1\"><span style=\"font-weight: 400;\">Pierwszym krokiem jest przygotowanie sk\u00f3ry. Oczy\u015b\u0107 dok\u0142adnie cer\u0119, zastosuj tonik i wklep ulubiony krem nawil\u017caj\u0105cy.\u00a0<\/span><\/li>\n<li style=\"font-weight: 400;\" aria-level=\"1\"><span style=\"font-weight: 400;\">Nast\u0119pnie na\u0142\u00f3\u017c baz\u0119 pod makija\u017c &#8211; wyr\u00f3wna ona cer\u0119 i przede wszystkim zwi\u0119kszy trwa\u0142o\u015b\u0107 makija\u017cu, by wygl\u0105da\u0142 idealnie przez ca\u0142e wesele.\u00a0<\/span><\/li>\n<li style=\"font-weight: 400;\" aria-level=\"1\"><span style=\"font-weight: 400;\">Kolejnym kosmetykiem jest sprawdzony podk\u0142ad dopasowany do Twojej karnacji.\u00a0<\/span><\/li>\n<li style=\"font-weight: 400;\" aria-level=\"1\"><span style=\"font-weight: 400;\">Mo\u017cesz zastosowa\u0107 r\u00f3wnie\u017c puder do matowego wyko\u0144czenia.\u00a0<\/span><\/li>\n<li style=\"font-weight: 400;\" aria-level=\"1\"><span style=\"font-weight: 400;\">By nada\u0107 twarzy idealnego kszta\u0142tu, wykorzystaj bronzer lub r\u00f3\u017c do konturowania.\u00a0<\/span><\/li>\n<li style=\"font-weight: 400;\" aria-level=\"1\"><span style=\"font-weight: 400;\">Makija\u017c oczu to oczywi\u015bcie tusz do rz\u0119s i cienie. Si\u0119gnij po maskar\u0119 pogrubiaj\u0105c\u0105 i wyd\u0142u\u017caj\u0105c\u0105 &#8211; takie rz\u0119sy b\u0119d\u0105 si\u0119 pi\u0119knie prezentowa\u0107 zar\u00f3wno na \u017cywo, jak i na zdj\u0119ciach.\u00a0<\/span><\/li>\n<\/ol>\n<p><b>TOP 3 produkt\u00f3w\u00a0<\/b><\/p>\n<p><span style=\"font-weight: 400;\">W drogerii internetowej Makeup.pl znajdziesz szeroki wyb\u00f3r tusz\u00f3w do rz\u0119s, kt\u00f3re idealnie dope\u0142ni\u0105 weseln\u0105 stylizacj\u0119. Oto 3 bestsellerowe produkty:<\/span><\/p>\n<ul>\n<li style=\"font-weight: 400;\" aria-level=\"1\"><b>L&#8217;Oreal Paris Volume Million Lashes So Couture<\/b><span style=\"font-weight: 400;\"> &#8211; maskara wyd\u0142u\u017ca i pogrubia rz\u0119sy. Zapewnia idealne rozdzielenie w\u0142osk\u00f3w. Nie tworzy grudek i nie osypuje si\u0119, wi\u0119c to idealny wyb\u00f3r na wesele.\u00a0<\/span><\/li>\n<li style=\"font-weight: 400;\" aria-level=\"1\"><b>Lancome Lash Idole Mascara<\/b><span style=\"font-weight: 400;\"> &#8211; tusz do rz\u0119s zwi\u0119kszaj\u0105cy obj\u0119to\u015b\u0107. Szczoteczka zawiera a\u017c 360 mikrow\u0142\u00f3kien i perfekcyjnie rozdziela w\u0142oski. Formu\u0142a zosta\u0142a wzbogacona ekstraktem z bia\u0142ej herbaty, kt\u00f3ry dzia\u0142a wzmacniaj\u0105co.<\/span><\/li>\n<li style=\"font-weight: 400;\" aria-level=\"1\"><b>Yves Saint Laurent Lash Clash<\/b><span style=\"font-weight: 400;\"> &#8211; tusz do rz\u0119s nadaj\u0105cy ekstremaln\u0105 obj\u0119to\u015b\u0107. Szczoteczka rozdziela ka\u017cdy w\u0142osek, a wyrazisty pigment podkre\u015bla spojrzenie. Maskara jest bardzo trwa\u0142a, wi\u0119c bez obaw mo\u017cesz jej u\u017cy\u0107 w makija\u017cu weselnym.<\/span><\/li>\n<\/ul>\n","protected":false},"excerpt":{"rendered":"<p>Podpowiadamy, jak skomponowa\u0107 idealn\u0105 stylizacj\u0119 oraz stworzy\u0107 efektowny i elegancki makija\u017c na wesele. <\/p>\n","protected":false},"author":7,"featured_media":3982,"comment_status":"closed","ping_status":"closed","sticky":false,"template":"","format":"standard","meta":{"footnotes":""},"categories":[200],"tags":[221,215],"class_list":["post-3981","post","type-post","status-publish","format-standard","has-post-thumbnail","hentry","category-stroj-weselny","tag-stroj","tag-weselna-stylizacja"],"yoast_head":"<!-- This site is optimized with the Yoast SEO plugin v26.8 - https:\/\/yoast.com\/product\/yoast-seo-wordpress\/ -->\n<title>Wybieraj\u0105c si\u0119 na wesele: jak znale\u017a\u0107 idealn\u0105 stylizacj\u0119? - blog SaleWeselne.com<\/title>\n<meta name=\"description\" content=\"Wybieraj\u0105c si\u0119 na wesele: jak znale\u017a\u0107 idealn\u0105 stylizacj\u0119? - blog SaleWeselne.com\" \/>\n<meta name=\"robots\" content=\"index, follow, max-snippet:-1, max-image-preview:large, max-video-preview:-1\" \/>\n<link rel=\"canonical\" href=\"https:\/\/www.saleweselne.com\/blog\/wybierajac-sie-na-wesele-jak-znalezc-idealna-stylizacje\/\" \/>\n<meta property=\"og:locale\" content=\"pl_PL\" \/>\n<meta property=\"og:type\" content=\"article\" \/>\n<meta property=\"og:title\" content=\"Wybieraj\u0105c si\u0119 na wesele: jak znale\u017a\u0107 idealn\u0105 stylizacj\u0119? - blog SaleWeselne.com\" \/>\n<meta property=\"og:description\" content=\"Wybieraj\u0105c si\u0119 na wesele: jak znale\u017a\u0107 idealn\u0105 stylizacj\u0119? - blog SaleWeselne.com\" \/>\n<meta property=\"og:url\" content=\"https:\/\/www.saleweselne.com\/blog\/wybierajac-sie-na-wesele-jak-znalezc-idealna-stylizacje\/\" \/>\n<meta property=\"og:site_name\" content=\"SaleWeselne.com\" \/>\n<meta property=\"article:published_time\" content=\"2024-12-13T09:52:38+00:00\" \/>\n<meta property=\"article:modified_time\" content=\"2024-12-13T09:54:02+00:00\" \/>\n<meta property=\"og:image\" content=\"https:\/\/www.saleweselne.com\/blog\/wp-content\/uploads\/2024\/12\/unnamed22.jpg\" \/>\n\t<meta property=\"og:image:width\" content=\"1600\" \/>\n\t<meta property=\"og:image:height\" content=\"1066\" \/>\n\t<meta property=\"og:image:type\" content=\"image\/jpeg\" \/>\n<meta name=\"author\" content=\"Darek\" \/>\n<meta name=\"twitter:card\" content=\"summary_large_image\" \/>\n<meta name=\"twitter:label1\" content=\"Napisane przez\" \/>\n\t<meta name=\"twitter:data1\" content=\"Darek\" \/>\n\t<meta name=\"twitter:label2\" content=\"Szacowany czas czytania\" \/>\n\t<meta name=\"twitter:data2\" content=\"3 minuty\" \/>\n<script type=\"application\/ld+json\" class=\"yoast-schema-graph\">{\"@context\":\"https:\/\/schema.org\",\"@graph\":[{\"@type\":\"Article\",\"@id\":\"https:\/\/www.saleweselne.com\/blog\/wybierajac-sie-na-wesele-jak-znalezc-idealna-stylizacje\/#article\",\"isPartOf\":{\"@id\":\"https:\/\/www.saleweselne.com\/blog\/wybierajac-sie-na-wesele-jak-znalezc-idealna-stylizacje\/\"},\"author\":{\"name\":\"Darek\",\"@id\":\"https:\/\/www.saleweselne.com\/blog\/#\/schema\/person\/0e924cd9ceaca06a0d75928575d0f95a\"},\"headline\":\"Wybieraj\u0105c si\u0119 na wesele: jak znale\u017a\u0107 idealn\u0105 stylizacj\u0119?\",\"datePublished\":\"2024-12-13T09:52:38+00:00\",\"dateModified\":\"2024-12-13T09:54:02+00:00\",\"mainEntityOfPage\":{\"@id\":\"https:\/\/www.saleweselne.com\/blog\/wybierajac-sie-na-wesele-jak-znalezc-idealna-stylizacje\/\"},\"wordCount\":568,\"publisher\":{\"@id\":\"https:\/\/www.saleweselne.com\/blog\/#organization\"},\"image\":{\"@id\":\"https:\/\/www.saleweselne.com\/blog\/wybierajac-sie-na-wesele-jak-znalezc-idealna-stylizacje\/#primaryimage\"},\"thumbnailUrl\":\"https:\/\/www.saleweselne.com\/blog\/wp-content\/uploads\/2024\/12\/unnamed22.jpg\",\"keywords\":[\"str\u00f3j\",\"weselna stylizacja\"],\"articleSection\":[\"Str\u00f3j weselny\"],\"inLanguage\":\"pl-PL\"},{\"@type\":\"WebPage\",\"@id\":\"https:\/\/www.saleweselne.com\/blog\/wybierajac-sie-na-wesele-jak-znalezc-idealna-stylizacje\/\",\"url\":\"https:\/\/www.saleweselne.com\/blog\/wybierajac-sie-na-wesele-jak-znalezc-idealna-stylizacje\/\",\"name\":\"Wybieraj\u0105c si\u0119 na wesele: jak znale\u017a\u0107 idealn\u0105 stylizacj\u0119? - blog SaleWeselne.com\",\"isPartOf\":{\"@id\":\"https:\/\/www.saleweselne.com\/blog\/#website\"},\"primaryImageOfPage\":{\"@id\":\"https:\/\/www.saleweselne.com\/blog\/wybierajac-sie-na-wesele-jak-znalezc-idealna-stylizacje\/#primaryimage\"},\"image\":{\"@id\":\"https:\/\/www.saleweselne.com\/blog\/wybierajac-sie-na-wesele-jak-znalezc-idealna-stylizacje\/#primaryimage\"},\"thumbnailUrl\":\"https:\/\/www.saleweselne.com\/blog\/wp-content\/uploads\/2024\/12\/unnamed22.jpg\",\"datePublished\":\"2024-12-13T09:52:38+00:00\",\"dateModified\":\"2024-12-13T09:54:02+00:00\",\"description\":\"Wybieraj\u0105c si\u0119 na wesele: jak znale\u017a\u0107 idealn\u0105 stylizacj\u0119? - blog SaleWeselne.com\",\"breadcrumb\":{\"@id\":\"https:\/\/www.saleweselne.com\/blog\/wybierajac-sie-na-wesele-jak-znalezc-idealna-stylizacje\/#breadcrumb\"},\"inLanguage\":\"pl-PL\",\"potentialAction\":[{\"@type\":\"ReadAction\",\"target\":[\"https:\/\/www.saleweselne.com\/blog\/wybierajac-sie-na-wesele-jak-znalezc-idealna-stylizacje\/\"]}]},{\"@type\":\"ImageObject\",\"inLanguage\":\"pl-PL\",\"@id\":\"https:\/\/www.saleweselne.com\/blog\/wybierajac-sie-na-wesele-jak-znalezc-idealna-stylizacje\/#primaryimage\",\"url\":\"https:\/\/www.saleweselne.com\/blog\/wp-content\/uploads\/2024\/12\/unnamed22.jpg\",\"contentUrl\":\"https:\/\/www.saleweselne.com\/blog\/wp-content\/uploads\/2024\/12\/unnamed22.jpg\",\"width\":1600,\"height\":1066},{\"@type\":\"BreadcrumbList\",\"@id\":\"https:\/\/www.saleweselne.com\/blog\/wybierajac-sie-na-wesele-jak-znalezc-idealna-stylizacje\/#breadcrumb\",\"itemListElement\":[{\"@type\":\"ListItem\",\"position\":1,\"name\":\"Strona g\u0142\u00f3wna\",\"item\":\"https:\/\/www.saleweselne.com\/blog\/\"},{\"@type\":\"ListItem\",\"position\":2,\"name\":\"Wybieraj\u0105c si\u0119 na wesele: jak znale\u017a\u0107 idealn\u0105 stylizacj\u0119?\"}]},{\"@type\":\"WebSite\",\"@id\":\"https:\/\/www.saleweselne.com\/blog\/#website\",\"url\":\"https:\/\/www.saleweselne.com\/blog\/\",\"name\":\"SaleWeselne.com\",\"description\":\"Blog Bran\u017cy Weselnej - Sprawd\u017a najpi\u0119kniejsze sale weselne oraz motywy \u015blubne. Poznaj praktyczne porady, jak zorganizowa\u0107 wymarzone wesele!\",\"publisher\":{\"@id\":\"https:\/\/www.saleweselne.com\/blog\/#organization\"},\"potentialAction\":[{\"@type\":\"SearchAction\",\"target\":{\"@type\":\"EntryPoint\",\"urlTemplate\":\"https:\/\/www.saleweselne.com\/blog\/?s={search_term_string}\"},\"query-input\":{\"@type\":\"PropertyValueSpecification\",\"valueRequired\":true,\"valueName\":\"search_term_string\"}}],\"inLanguage\":\"pl-PL\"},{\"@type\":\"Organization\",\"@id\":\"https:\/\/www.saleweselne.com\/blog\/#organization\",\"name\":\"SaleWeselne.com\",\"url\":\"https:\/\/www.saleweselne.com\/blog\/\",\"logo\":{\"@type\":\"ImageObject\",\"inLanguage\":\"pl-PL\",\"@id\":\"https:\/\/www.saleweselne.com\/blog\/#\/schema\/logo\/image\/\",\"url\":\"https:\/\/www.saleweselne.com\/blog\/wp-content\/uploads\/2021\/03\/saleweselne-logotyp-RGB-bez-tla-2.png\",\"contentUrl\":\"https:\/\/www.saleweselne.com\/blog\/wp-content\/uploads\/2021\/03\/saleweselne-logotyp-RGB-bez-tla-2.png\",\"width\":625,\"height\":150,\"caption\":\"SaleWeselne.com\"},\"image\":{\"@id\":\"https:\/\/www.saleweselne.com\/blog\/#\/schema\/logo\/image\/\"}},{\"@type\":\"Person\",\"@id\":\"https:\/\/www.saleweselne.com\/blog\/#\/schema\/person\/0e924cd9ceaca06a0d75928575d0f95a\",\"name\":\"Darek\",\"url\":\"https:\/\/www.saleweselne.com\/blog\/author\/darek\/\"}]}<\/script>\n<!-- \/ Yoast SEO plugin. -->","yoast_head_json":{"title":"Wybieraj\u0105c si\u0119 na wesele: jak znale\u017a\u0107 idealn\u0105 stylizacj\u0119? - blog SaleWeselne.com","description":"Wybieraj\u0105c si\u0119 na wesele: jak znale\u017a\u0107 idealn\u0105 stylizacj\u0119? - blog SaleWeselne.com","robots":{"index":"index","follow":"follow","max-snippet":"max-snippet:-1","max-image-preview":"max-image-preview:large","max-video-preview":"max-video-preview:-1"},"canonical":"https:\/\/www.saleweselne.com\/blog\/wybierajac-sie-na-wesele-jak-znalezc-idealna-stylizacje\/","og_locale":"pl_PL","og_type":"article","og_title":"Wybieraj\u0105c si\u0119 na wesele: jak znale\u017a\u0107 idealn\u0105 stylizacj\u0119? - blog SaleWeselne.com","og_description":"Wybieraj\u0105c si\u0119 na wesele: jak znale\u017a\u0107 idealn\u0105 stylizacj\u0119? - blog SaleWeselne.com","og_url":"https:\/\/www.saleweselne.com\/blog\/wybierajac-sie-na-wesele-jak-znalezc-idealna-stylizacje\/","og_site_name":"SaleWeselne.com","article_published_time":"2024-12-13T09:52:38+00:00","article_modified_time":"2024-12-13T09:54:02+00:00","og_image":[{"width":1600,"height":1066,"url":"https:\/\/www.saleweselne.com\/blog\/wp-content\/uploads\/2024\/12\/unnamed22.jpg","type":"image\/jpeg"}],"author":"Darek","twitter_card":"summary_large_image","twitter_misc":{"Napisane przez":"Darek","Szacowany czas czytania":"3 minuty"},"schema":{"@context":"https:\/\/schema.org","@graph":[{"@type":"Article","@id":"https:\/\/www.saleweselne.com\/blog\/wybierajac-sie-na-wesele-jak-znalezc-idealna-stylizacje\/#article","isPartOf":{"@id":"https:\/\/www.saleweselne.com\/blog\/wybierajac-sie-na-wesele-jak-znalezc-idealna-stylizacje\/"},"author":{"name":"Darek","@id":"https:\/\/www.saleweselne.com\/blog\/#\/schema\/person\/0e924cd9ceaca06a0d75928575d0f95a"},"headline":"Wybieraj\u0105c si\u0119 na wesele: jak znale\u017a\u0107 idealn\u0105 stylizacj\u0119?","datePublished":"2024-12-13T09:52:38+00:00","dateModified":"2024-12-13T09:54:02+00:00","mainEntityOfPage":{"@id":"https:\/\/www.saleweselne.com\/blog\/wybierajac-sie-na-wesele-jak-znalezc-idealna-stylizacje\/"},"wordCount":568,"publisher":{"@id":"https:\/\/www.saleweselne.com\/blog\/#organization"},"image":{"@id":"https:\/\/www.saleweselne.com\/blog\/wybierajac-sie-na-wesele-jak-znalezc-idealna-stylizacje\/#primaryimage"},"thumbnailUrl":"https:\/\/www.saleweselne.com\/blog\/wp-content\/uploads\/2024\/12\/unnamed22.jpg","keywords":["str\u00f3j","weselna stylizacja"],"articleSection":["Str\u00f3j weselny"],"inLanguage":"pl-PL"},{"@type":"WebPage","@id":"https:\/\/www.saleweselne.com\/blog\/wybierajac-sie-na-wesele-jak-znalezc-idealna-stylizacje\/","url":"https:\/\/www.saleweselne.com\/blog\/wybierajac-sie-na-wesele-jak-znalezc-idealna-stylizacje\/","name":"Wybieraj\u0105c si\u0119 na wesele: jak znale\u017a\u0107 idealn\u0105 stylizacj\u0119? - blog SaleWeselne.com","isPartOf":{"@id":"https:\/\/www.saleweselne.com\/blog\/#website"},"primaryImageOfPage":{"@id":"https:\/\/www.saleweselne.com\/blog\/wybierajac-sie-na-wesele-jak-znalezc-idealna-stylizacje\/#primaryimage"},"image":{"@id":"https:\/\/www.saleweselne.com\/blog\/wybierajac-sie-na-wesele-jak-znalezc-idealna-stylizacje\/#primaryimage"},"thumbnailUrl":"https:\/\/www.saleweselne.com\/blog\/wp-content\/uploads\/2024\/12\/unnamed22.jpg","datePublished":"2024-12-13T09:52:38+00:00","dateModified":"2024-12-13T09:54:02+00:00","description":"Wybieraj\u0105c si\u0119 na wesele: jak znale\u017a\u0107 idealn\u0105 stylizacj\u0119? - blog SaleWeselne.com","breadcrumb":{"@id":"https:\/\/www.saleweselne.com\/blog\/wybierajac-sie-na-wesele-jak-znalezc-idealna-stylizacje\/#breadcrumb"},"inLanguage":"pl-PL","potentialAction":[{"@type":"ReadAction","target":["https:\/\/www.saleweselne.com\/blog\/wybierajac-sie-na-wesele-jak-znalezc-idealna-stylizacje\/"]}]},{"@type":"ImageObject","inLanguage":"pl-PL","@id":"https:\/\/www.saleweselne.com\/blog\/wybierajac-sie-na-wesele-jak-znalezc-idealna-stylizacje\/#primaryimage","url":"https:\/\/www.saleweselne.com\/blog\/wp-content\/uploads\/2024\/12\/unnamed22.jpg","contentUrl":"https:\/\/www.saleweselne.com\/blog\/wp-content\/uploads\/2024\/12\/unnamed22.jpg","width":1600,"height":1066},{"@type":"BreadcrumbList","@id":"https:\/\/www.saleweselne.com\/blog\/wybierajac-sie-na-wesele-jak-znalezc-idealna-stylizacje\/#breadcrumb","itemListElement":[{"@type":"ListItem","position":1,"name":"Strona g\u0142\u00f3wna","item":"https:\/\/www.saleweselne.com\/blog\/"},{"@type":"ListItem","position":2,"name":"Wybieraj\u0105c si\u0119 na wesele: jak znale\u017a\u0107 idealn\u0105 stylizacj\u0119?"}]},{"@type":"WebSite","@id":"https:\/\/www.saleweselne.com\/blog\/#website","url":"https:\/\/www.saleweselne.com\/blog\/","name":"SaleWeselne.com","description":"Blog Bran\u017cy Weselnej - Sprawd\u017a najpi\u0119kniejsze sale weselne oraz motywy \u015blubne. Poznaj praktyczne porady, jak zorganizowa\u0107 wymarzone wesele!","publisher":{"@id":"https:\/\/www.saleweselne.com\/blog\/#organization"},"potentialAction":[{"@type":"SearchAction","target":{"@type":"EntryPoint","urlTemplate":"https:\/\/www.saleweselne.com\/blog\/?s={search_term_string}"},"query-input":{"@type":"PropertyValueSpecification","valueRequired":true,"valueName":"search_term_string"}}],"inLanguage":"pl-PL"},{"@type":"Organization","@id":"https:\/\/www.saleweselne.com\/blog\/#organization","name":"SaleWeselne.com","url":"https:\/\/www.saleweselne.com\/blog\/","logo":{"@type":"ImageObject","inLanguage":"pl-PL","@id":"https:\/\/www.saleweselne.com\/blog\/#\/schema\/logo\/image\/","url":"https:\/\/www.saleweselne.com\/blog\/wp-content\/uploads\/2021\/03\/saleweselne-logotyp-RGB-bez-tla-2.png","contentUrl":"https:\/\/www.saleweselne.com\/blog\/wp-content\/uploads\/2021\/03\/saleweselne-logotyp-RGB-bez-tla-2.png","width":625,"height":150,"caption":"SaleWeselne.com"},"image":{"@id":"https:\/\/www.saleweselne.com\/blog\/#\/schema\/logo\/image\/"}},{"@type":"Person","@id":"https:\/\/www.saleweselne.com\/blog\/#\/schema\/person\/0e924cd9ceaca06a0d75928575d0f95a","name":"Darek","url":"https:\/\/www.saleweselne.com\/blog\/author\/darek\/"}]}},"_links":{"self":[{"href":"https:\/\/www.saleweselne.com\/blog\/wp-json\/wp\/v2\/posts\/3981","targetHints":{"allow":["GET"]}}],"collection":[{"href":"https:\/\/www.saleweselne.com\/blog\/wp-json\/wp\/v2\/posts"}],"about":[{"href":"https:\/\/www.saleweselne.com\/blog\/wp-json\/wp\/v2\/types\/post"}],"author":[{"embeddable":true,"href":"https:\/\/www.saleweselne.com\/blog\/wp-json\/wp\/v2\/users\/7"}],"replies":[{"embeddable":true,"href":"https:\/\/www.saleweselne.com\/blog\/wp-json\/wp\/v2\/comments?post=3981"}],"version-history":[{"count":2,"href":"https:\/\/www.saleweselne.com\/blog\/wp-json\/wp\/v2\/posts\/3981\/revisions"}],"predecessor-version":[{"id":3984,"href":"https:\/\/www.saleweselne.com\/blog\/wp-json\/wp\/v2\/posts\/3981\/revisions\/3984"}],"wp:featuredmedia":[{"embeddable":true,"href":"https:\/\/www.saleweselne.com\/blog\/wp-json\/wp\/v2\/media\/3982"}],"wp:attachment":[{"href":"https:\/\/www.saleweselne.com\/blog\/wp-json\/wp\/v2\/media?parent=3981"}],"wp:term":[{"taxonomy":"category","embeddable":true,"href":"https:\/\/www.saleweselne.com\/blog\/wp-json\/wp\/v2\/categories?post=3981"},{"taxonomy":"post_tag","embeddable":true,"href":"https:\/\/www.saleweselne.com\/blog\/wp-json\/wp\/v2\/tags?post=3981"}],"curies":[{"name":"wp","href":"https:\/\/api.w.org\/{rel}","templated":true}]}}