{"id":3998,"date":"2024-12-17T14:47:11","date_gmt":"2024-12-17T12:47:11","guid":{"rendered":"https:\/\/www.saleweselne.com\/blog\/?p=3998"},"modified":"2024-12-17T14:49:08","modified_gmt":"2024-12-17T12:49:08","slug":"trendy-weselne-na-2025","status":"publish","type":"post","link":"https:\/\/www.saleweselne.com\/blog\/trendy-weselne-na-2025\/","title":{"rendered":"Trendy weselne na 2025"},"content":{"rendered":"<p><strong>Bran\u017ca \u015blubna bardzo szybko si\u0119 zmienia. Co roku pojawiaj\u0105 si\u0119 nowe inspiracje, pomys\u0142y i zaskakuj\u0105ce koncepcje. W 2025 roku przyszli nowo\u017ce\u0144cy b\u0119d\u0105 mogli liczy\u0107 na mieszank\u0119 naturalno\u015bci, nowoczesno\u015bci i ekologii, a wszystko to okraszone solidn\u0105 dawk\u0105 personalizacji. <\/strong><\/p>\n<p>Dlaczego warto \u015bledzi\u0107 trendy weselne? Bo \u015blub to wydarzenie jedyne w swoim rodzaju, a dobrze dobrane detale mog\u0105 sprawi\u0107, \u017ce stanie si\u0119 ono naprawd\u0119 niezapomniane. W tym artykule przeprowadzimy Was przez <strong>najwa\u017cniejsze trendy na 2025 rok,<\/strong> dzi\u0119ki czemu b\u0119dziecie na bie\u017c\u0105co z tym, co na \u015blubach piszczy!<\/p>\n<h2>Styl i estetyka weselna na 2025<\/h2>\n<h3>Motywy przewodnie<\/h3>\n<p>W 2025 roku b\u0119dziemy \u015bwiadkami triumfu <strong>naturalno\u015bci i minimalizmu<\/strong>, ale z nutk\u0105 luksusu. Popularne b\u0119d\u0105 motywy takie jak <strong>rustykalny glamour<\/strong>, \u0142\u0105cz\u0105cy sielski charakter z eleganckimi detalami, czy <strong>nowoczesny vintage,<\/strong> kt\u00f3ry bawi si\u0119 przesz\u0142o\u015bci\u0105 w nowoczesnym wydaniu. Zapomnijcie o przesadzie \u2013 teraz liczy si\u0119 <strong>subtelno\u015b\u0107, natura i stylowe po\u0142\u0105czenia.<\/strong> Drewno, zielenie i delikatne akcenty z\u0142ota \u2013 to przepis na modn\u0105 aran\u017cacj\u0119 weseln\u0105.<\/p>\n<h3>Paleta kolor\u00f3w<\/h3>\n<p>Kolory b\u0119d\u0105 <strong>delikatne<\/strong>, ale nie nudne. W palecie na 2025 rok dominuj\u0105 <strong>pastelowe odcienie, takie jak pudrowy r\u00f3\u017c, be\u017ce czy b\u0142\u0119kity<\/strong>. Jednak, aby unikn\u0105\u0107 monotematyczno\u015bci, projektanci wesel proponuj\u0105 dodanie akcent\u00f3w intensywnych barw, jak ziele\u0144, terakota czy z\u0142oto. Takie po\u0142\u0105czenia sprawi\u0105, \u017ce dekoracje nabior\u0105 g\u0142\u0119bi i charakteru. Warto r\u00f3wnie\u017c wzi\u0105\u0107 pod uwag\u0119 kolor roku wybrany przez Instytut Pantone. Mo\u017cecie dowiedzie\u0107 si\u0119 o nim <strong><a href=\"https:\/\/www.saleweselne.com\/blog\/kolor-roku-2025-pantone-mocha-mousse-na-weselu\/\">TUTAJ.\u00a0<\/a><\/strong><\/p>\n<p><a href=\"https:\/\/www.saleweselne.com\/blog\/wp-content\/uploads\/2024\/12\/Projekt-bez-nazwy.jpg\"><img loading=\"lazy\" decoding=\"async\" class=\"alignnone size-full wp-image-3987\" src=\"https:\/\/www.saleweselne.com\/blog\/wp-content\/uploads\/2024\/12\/Projekt-bez-nazwy.jpg\" alt=\"\" width=\"1920\" height=\"1080\" srcset=\"https:\/\/www.saleweselne.com\/blog\/wp-content\/uploads\/2024\/12\/Projekt-bez-nazwy.jpg 1920w, https:\/\/www.saleweselne.com\/blog\/wp-content\/uploads\/2024\/12\/Projekt-bez-nazwy-300x169.jpg 300w, https:\/\/www.saleweselne.com\/blog\/wp-content\/uploads\/2024\/12\/Projekt-bez-nazwy-1024x576.jpg 1024w, https:\/\/www.saleweselne.com\/blog\/wp-content\/uploads\/2024\/12\/Projekt-bez-nazwy-768x432.jpg 768w, https:\/\/www.saleweselne.com\/blog\/wp-content\/uploads\/2024\/12\/Projekt-bez-nazwy-1536x864.jpg 1536w, https:\/\/www.saleweselne.com\/blog\/wp-content\/uploads\/2024\/12\/Projekt-bez-nazwy-1140x641.jpg 1140w\" sizes=\"auto, (max-width: 1920px) 100vw, 1920px\" \/><\/a><\/p>\n<h3>Dekoracje i detale<\/h3>\n<p>2025 rok to uk\u0142on w stron\u0119 personalizacji, ekologii i rzemios\u0142a. <strong>R\u0119cznie robione zaproszenia, biodegradowalne ozdoby, a nawet dekoracje z recyklingu<\/strong> b\u0119d\u0105 kr\u00f3lowa\u0107 na weselach. Nowo\u017ce\u0144cy b\u0119d\u0105 stawia\u0107 na detale, kt\u00f3re opowiadaj\u0105 histori\u0119 ich mi\u0142o\u015bci \u2013 od personalizowanych numer\u00f3w sto\u0142\u00f3w po dedykowane upominki dla go\u015bci.<\/p>\n<h2>Modowe inspiracje na 2025<\/h2>\n<h3>Suknie \u015blubne<\/h3>\n<p>Moda \u015blubna 2025 roku zaskoczy niestandardowymi krojami. Klasyczne ksi\u0119\u017cniczki ust\u0105pi\u0105 miejsca <strong>asymetrycznym sukniom, d\u0142ugim, efektownym r\u0119kawom i kolorowym akcentom,<\/strong> takim jak hafty czy pastelowe wstawki. Na wybiegach pojawi\u0105 si\u0119 tak\u017ce minimalistyczne projekty inspirowane latami 90.<\/p>\n<h3>Garnitury<\/h3>\n<p>Panowie m\u0142odzi b\u0119d\u0105 mieli pole do popisu. W 2025 roku kr\u00f3luj\u0105 <strong>jasne garnitury \u2013 od kremowych po delikatne odcienie b\u0142\u0119kitu.<\/strong> Popularne b\u0119d\u0105 r\u00f3wnie\u017c wzorzyste marynarki i bardziej casualowe zestawy z kamizelkami czy lnianymi spodniami. Garnitur na \u015blub nie musi by\u0107 nudny!<\/p>\n<p><a href=\"https:\/\/www.saleweselne.com\/blog\/wp-content\/uploads\/2024\/12\/edward-cisneros-3_h6-1NPDGw-unsplash-1-scaled.jpg\"><img loading=\"lazy\" decoding=\"async\" class=\"alignnone size-full wp-image-4002\" src=\"https:\/\/www.saleweselne.com\/blog\/wp-content\/uploads\/2024\/12\/edward-cisneros-3_h6-1NPDGw-unsplash-1-scaled.jpg\" alt=\"\" width=\"2560\" height=\"1707\" srcset=\"https:\/\/www.saleweselne.com\/blog\/wp-content\/uploads\/2024\/12\/edward-cisneros-3_h6-1NPDGw-unsplash-1-scaled.jpg 2560w, https:\/\/www.saleweselne.com\/blog\/wp-content\/uploads\/2024\/12\/edward-cisneros-3_h6-1NPDGw-unsplash-1-300x200.jpg 300w, https:\/\/www.saleweselne.com\/blog\/wp-content\/uploads\/2024\/12\/edward-cisneros-3_h6-1NPDGw-unsplash-1-1024x683.jpg 1024w, https:\/\/www.saleweselne.com\/blog\/wp-content\/uploads\/2024\/12\/edward-cisneros-3_h6-1NPDGw-unsplash-1-768x512.jpg 768w, https:\/\/www.saleweselne.com\/blog\/wp-content\/uploads\/2024\/12\/edward-cisneros-3_h6-1NPDGw-unsplash-1-1536x1024.jpg 1536w, https:\/\/www.saleweselne.com\/blog\/wp-content\/uploads\/2024\/12\/edward-cisneros-3_h6-1NPDGw-unsplash-1-2048x1366.jpg 2048w, https:\/\/www.saleweselne.com\/blog\/wp-content\/uploads\/2024\/12\/edward-cisneros-3_h6-1NPDGw-unsplash-1-1140x760.jpg 1140w\" sizes=\"auto, (max-width: 2560px) 100vw, 2560px\" \/><\/a><\/p>\n<h3>Akcesoria<\/h3>\n<p><strong>Bi\u017cuteria inspirowana natur\u0105<\/strong> \u2013 li\u015bciaste motywy, delikatne kwiaty czy minimalistyczne formy \u2013 b\u0119dzie hitem. Welony pozostan\u0105 w modzie, ale dostan\u0105 konkurencj\u0119 w postaci eleganckich kapeluszy i personalizowanych but\u00f3w ozdobionych haftami czy inicja\u0142ami.<\/p>\n<h2>Menu weselne i torty w 2025<\/h2>\n<p>W 2025 roku menu weselne b\u0119dzie skrojone na miar\u0119 wsp\u00f3\u0142czesnych oczekiwa\u0144. <strong>Kuchnia fusion, dania wega\u0144skie i bezglutenowe<\/strong> stan\u0105 si\u0119 standardem. Go\u015bcie z r\u00f3\u017cnymi preferencjami kulinarnymi nie b\u0119d\u0105 ju\u017c martwi\u0107 si\u0119 o puste talerze! A co z tortami? B\u0119d\u0105 \u015bmia\u0142e i nietypowe. Modne b\u0119d\u0105 tzw. <strong>naked cakes, czyli torty bez masy cukrowej,<\/strong> udekorowane naturalnymi kwiatami czy owocami. Kszta\u0142ty? Im bardziej nietypowe, tym lepiej!<\/p>\n<p>Na modnych weselach w 2025 roku mo\u017cecie te\u017c zapomnie\u0107 o standardowym bufecie. W modzie b\u0119d\u0105 s<strong>tacje tematyczne \u2013 bary koktajlowe z drinkami na zam\u00f3wienie, stacje z deserami i food trucki<\/strong> serwuj\u0105ce ulubione street foodowe przek\u0105ski.<\/p>\n<h2>Ekologia na weselu 2025<\/h2>\n<p>Minimalizacja odpad\u00f3w to trend, kt\u00f3ry zyskuje na sile. Wynajem sukien i garnitur\u00f3w, recykling dekoracji czy biodegradowalne elementy to spos\u00f3b na wesele w duchu zero waste. Spotka\u0107 b\u0119dzie mo\u017cna tak\u017ce coraz cz\u0119\u015bciej <strong>kwiaty i jedzenie od lokalnych dostawc\u00f3w<\/strong>. Te elementy nie tylko wpisuj\u0105 si\u0119 w ekologi\u0119, ale i wspieraj\u0105 lokaln\u0105 gospodark\u0119.<\/p>\n<h2>Rozrywka i atrakcje dla go\u015bci<\/h2>\n<p>Tradycyjna muzyka i ta\u0144ce schodz\u0105 na chwil\u0119 na drugi plan, gdy pojawiaj\u0105 si\u0119 nowoczesne i oryginalne formy rozrywki. <strong>Silent disco<\/strong> to prawdziwy hit, dzi\u0119ki kt\u00f3remu ka\u017cdy go\u015b\u0107 mo\u017ce wybra\u0107 sw\u00f3j ulubiony rodzaj muzyki, ta\u0144cz\u0105c przy tym w rytmie s\u0142uchanym przez s\u0142uchawki.<\/p>\n<p><a href=\"https:\/\/www.saleweselne.com\/blog\/wp-content\/uploads\/2024\/12\/tucker-joenz-HJNe4kbrREk-unsplash-1-scaled.jpg\"><img loading=\"lazy\" decoding=\"async\" class=\"alignnone size-full wp-image-4003\" src=\"https:\/\/www.saleweselne.com\/blog\/wp-content\/uploads\/2024\/12\/tucker-joenz-HJNe4kbrREk-unsplash-1-scaled.jpg\" alt=\"\" width=\"2560\" height=\"1703\" srcset=\"https:\/\/www.saleweselne.com\/blog\/wp-content\/uploads\/2024\/12\/tucker-joenz-HJNe4kbrREk-unsplash-1-scaled.jpg 2560w, https:\/\/www.saleweselne.com\/blog\/wp-content\/uploads\/2024\/12\/tucker-joenz-HJNe4kbrREk-unsplash-1-300x200.jpg 300w, https:\/\/www.saleweselne.com\/blog\/wp-content\/uploads\/2024\/12\/tucker-joenz-HJNe4kbrREk-unsplash-1-1024x681.jpg 1024w, https:\/\/www.saleweselne.com\/blog\/wp-content\/uploads\/2024\/12\/tucker-joenz-HJNe4kbrREk-unsplash-1-768x511.jpg 768w, https:\/\/www.saleweselne.com\/blog\/wp-content\/uploads\/2024\/12\/tucker-joenz-HJNe4kbrREk-unsplash-1-1536x1022.jpg 1536w, https:\/\/www.saleweselne.com\/blog\/wp-content\/uploads\/2024\/12\/tucker-joenz-HJNe4kbrREk-unsplash-1-2048x1363.jpg 2048w, https:\/\/www.saleweselne.com\/blog\/wp-content\/uploads\/2024\/12\/tucker-joenz-HJNe4kbrREk-unsplash-1-1140x758.jpg 1140w\" sizes=\"auto, (max-width: 2560px) 100vw, 2560px\" \/><\/a><\/p>\n<p><strong>Pokazy artystyczne \u2013 od wyst\u0119p\u00f3w akrobatycznych, przez pokazy ognia, a\u017c po sztuk\u0119 iluzji<\/strong> \u2013 dostarcz\u0105 niezapomnianych emocji. Ciekaw\u0105 opcj\u0105 s\u0105 r\u00f3wnie\u017c warsztaty, takie jak malowanie ceramiki, tworzenie kwiatowych wiank\u00f3w czy kursy miksowania koktajli, dzi\u0119ki kt\u00f3rym go\u015bcie wynios\u0105 z wesela nie tylko wspomnienia, ale i nowe umiej\u0119tno\u015bci.<\/p>\n<p>Wesele to czas \u015bwi\u0119towania, ale te\u017c moment na wytchnienie.<strong> Chillout zone<\/strong> stanie si\u0119 w 2025 roku niezast\u0105pionym elementem ka\u017cdego wesela w 2025 roku. Wyposa\u017cone w wygodne meble, poduszki, koce i nastrojowe o\u015bwietlenie, te specjalne strefy pozwol\u0105 go\u015bciom odpocz\u0105\u0107 i nabra\u0107 si\u0142 przed kolejnymi atrakcjami.<\/p>\n","protected":false},"excerpt":{"rendered":"<p>W tym artykule przeprowadzimy Was przez najwa\u017cniejsze trendy na 2025 rok, dzi\u0119ki czemu b\u0119dziecie na bie\u017c\u0105co z tym, co na \u015blubach piszczy!<\/p>\n","protected":false},"author":10,"featured_media":3999,"comment_status":"closed","ping_status":"closed","sticky":false,"template":"","format":"standard","meta":{"footnotes":""},"categories":[194,228,170],"tags":[181,230,229,176,174],"class_list":["post-3998","post","type-post","status-publish","format-standard","has-post-thumbnail","hentry","category-dekoracje-weselne","category-motyw-weselny","category-organizacja-wesela","tag-dekoracja-sali-weselnej","tag-motyw-przewodni","tag-motyw-weselny","tag-organizacja-slubu","tag-organizacja-wesela"],"yoast_head":"<!-- This site is optimized with the Yoast SEO plugin v26.8 - https:\/\/yoast.com\/product\/yoast-seo-wordpress\/ -->\n<title>Trendy weselne na 2025 - blog SaleWeselne.com<\/title>\n<meta name=\"description\" content=\"Trendy weselne na 2025 - blog SaleWeselne.com\" \/>\n<meta name=\"robots\" content=\"index, follow, max-snippet:-1, max-image-preview:large, max-video-preview:-1\" \/>\n<link rel=\"canonical\" href=\"https:\/\/www.saleweselne.com\/blog\/trendy-weselne-na-2025\/\" \/>\n<meta property=\"og:locale\" content=\"pl_PL\" \/>\n<meta property=\"og:type\" content=\"article\" \/>\n<meta property=\"og:title\" content=\"Trendy weselne na 2025 - blog SaleWeselne.com\" \/>\n<meta property=\"og:description\" content=\"Trendy weselne na 2025 - blog SaleWeselne.com\" \/>\n<meta property=\"og:url\" content=\"https:\/\/www.saleweselne.com\/blog\/trendy-weselne-na-2025\/\" \/>\n<meta property=\"og:site_name\" content=\"SaleWeselne.com\" \/>\n<meta property=\"article:published_time\" content=\"2024-12-17T12:47:11+00:00\" \/>\n<meta property=\"article:modified_time\" content=\"2024-12-17T12:49:08+00:00\" \/>\n<meta property=\"og:image\" content=\"https:\/\/www.saleweselne.com\/blog\/wp-content\/uploads\/2024\/12\/kelly-sikkema-qN_4d-A2xm8-unsplash-1-scaled.jpg\" \/>\n\t<meta property=\"og:image:width\" content=\"2560\" \/>\n\t<meta property=\"og:image:height\" content=\"1707\" \/>\n\t<meta property=\"og:image:type\" content=\"image\/jpeg\" \/>\n<meta name=\"author\" content=\"Natalia Bielicka\" \/>\n<meta name=\"twitter:card\" content=\"summary_large_image\" \/>\n<meta name=\"twitter:label1\" content=\"Napisane przez\" \/>\n\t<meta name=\"twitter:data1\" content=\"Natalia Bielicka\" \/>\n\t<meta name=\"twitter:label2\" content=\"Szacowany czas czytania\" \/>\n\t<meta name=\"twitter:data2\" content=\"5 minut\" \/>\n<script type=\"application\/ld+json\" class=\"yoast-schema-graph\">{\"@context\":\"https:\/\/schema.org\",\"@graph\":[{\"@type\":\"Article\",\"@id\":\"https:\/\/www.saleweselne.com\/blog\/trendy-weselne-na-2025\/#article\",\"isPartOf\":{\"@id\":\"https:\/\/www.saleweselne.com\/blog\/trendy-weselne-na-2025\/\"},\"author\":{\"name\":\"Natalia Bielicka\",\"@id\":\"https:\/\/www.saleweselne.com\/blog\/#\/schema\/person\/4b2f139471122a3ea7ac0a68d919043a\"},\"headline\":\"Trendy weselne na 2025\",\"datePublished\":\"2024-12-17T12:47:11+00:00\",\"dateModified\":\"2024-12-17T12:49:08+00:00\",\"mainEntityOfPage\":{\"@id\":\"https:\/\/www.saleweselne.com\/blog\/trendy-weselne-na-2025\/\"},\"wordCount\":765,\"publisher\":{\"@id\":\"https:\/\/www.saleweselne.com\/blog\/#organization\"},\"image\":{\"@id\":\"https:\/\/www.saleweselne.com\/blog\/trendy-weselne-na-2025\/#primaryimage\"},\"thumbnailUrl\":\"https:\/\/www.saleweselne.com\/blog\/wp-content\/uploads\/2024\/12\/kelly-sikkema-qN_4d-A2xm8-unsplash-1-scaled.jpg\",\"keywords\":[\"dekoracja sali weselnej\",\"motyw przewodni\",\"motyw weselny\",\"organizacja \u015blubu\",\"organizacja wesela\"],\"articleSection\":[\"Dekoracje weselne\",\"Motyw weselny\",\"Organizacja wesela\"],\"inLanguage\":\"pl-PL\"},{\"@type\":\"WebPage\",\"@id\":\"https:\/\/www.saleweselne.com\/blog\/trendy-weselne-na-2025\/\",\"url\":\"https:\/\/www.saleweselne.com\/blog\/trendy-weselne-na-2025\/\",\"name\":\"Trendy weselne na 2025 - blog SaleWeselne.com\",\"isPartOf\":{\"@id\":\"https:\/\/www.saleweselne.com\/blog\/#website\"},\"primaryImageOfPage\":{\"@id\":\"https:\/\/www.saleweselne.com\/blog\/trendy-weselne-na-2025\/#primaryimage\"},\"image\":{\"@id\":\"https:\/\/www.saleweselne.com\/blog\/trendy-weselne-na-2025\/#primaryimage\"},\"thumbnailUrl\":\"https:\/\/www.saleweselne.com\/blog\/wp-content\/uploads\/2024\/12\/kelly-sikkema-qN_4d-A2xm8-unsplash-1-scaled.jpg\",\"datePublished\":\"2024-12-17T12:47:11+00:00\",\"dateModified\":\"2024-12-17T12:49:08+00:00\",\"description\":\"Trendy weselne na 2025 - blog SaleWeselne.com\",\"breadcrumb\":{\"@id\":\"https:\/\/www.saleweselne.com\/blog\/trendy-weselne-na-2025\/#breadcrumb\"},\"inLanguage\":\"pl-PL\",\"potentialAction\":[{\"@type\":\"ReadAction\",\"target\":[\"https:\/\/www.saleweselne.com\/blog\/trendy-weselne-na-2025\/\"]}]},{\"@type\":\"ImageObject\",\"inLanguage\":\"pl-PL\",\"@id\":\"https:\/\/www.saleweselne.com\/blog\/trendy-weselne-na-2025\/#primaryimage\",\"url\":\"https:\/\/www.saleweselne.com\/blog\/wp-content\/uploads\/2024\/12\/kelly-sikkema-qN_4d-A2xm8-unsplash-1-scaled.jpg\",\"contentUrl\":\"https:\/\/www.saleweselne.com\/blog\/wp-content\/uploads\/2024\/12\/kelly-sikkema-qN_4d-A2xm8-unsplash-1-scaled.jpg\",\"width\":2560,\"height\":1707},{\"@type\":\"BreadcrumbList\",\"@id\":\"https:\/\/www.saleweselne.com\/blog\/trendy-weselne-na-2025\/#breadcrumb\",\"itemListElement\":[{\"@type\":\"ListItem\",\"position\":1,\"name\":\"Strona g\u0142\u00f3wna\",\"item\":\"https:\/\/www.saleweselne.com\/blog\/\"},{\"@type\":\"ListItem\",\"position\":2,\"name\":\"Trendy weselne na 2025\"}]},{\"@type\":\"WebSite\",\"@id\":\"https:\/\/www.saleweselne.com\/blog\/#website\",\"url\":\"https:\/\/www.saleweselne.com\/blog\/\",\"name\":\"SaleWeselne.com\",\"description\":\"Blog Bran\u017cy Weselnej - Sprawd\u017a najpi\u0119kniejsze sale weselne oraz motywy \u015blubne. Poznaj praktyczne porady, jak zorganizowa\u0107 wymarzone wesele!\",\"publisher\":{\"@id\":\"https:\/\/www.saleweselne.com\/blog\/#organization\"},\"potentialAction\":[{\"@type\":\"SearchAction\",\"target\":{\"@type\":\"EntryPoint\",\"urlTemplate\":\"https:\/\/www.saleweselne.com\/blog\/?s={search_term_string}\"},\"query-input\":{\"@type\":\"PropertyValueSpecification\",\"valueRequired\":true,\"valueName\":\"search_term_string\"}}],\"inLanguage\":\"pl-PL\"},{\"@type\":\"Organization\",\"@id\":\"https:\/\/www.saleweselne.com\/blog\/#organization\",\"name\":\"SaleWeselne.com\",\"url\":\"https:\/\/www.saleweselne.com\/blog\/\",\"logo\":{\"@type\":\"ImageObject\",\"inLanguage\":\"pl-PL\",\"@id\":\"https:\/\/www.saleweselne.com\/blog\/#\/schema\/logo\/image\/\",\"url\":\"https:\/\/www.saleweselne.com\/blog\/wp-content\/uploads\/2021\/03\/saleweselne-logotyp-RGB-bez-tla-2.png\",\"contentUrl\":\"https:\/\/www.saleweselne.com\/blog\/wp-content\/uploads\/2021\/03\/saleweselne-logotyp-RGB-bez-tla-2.png\",\"width\":625,\"height\":150,\"caption\":\"SaleWeselne.com\"},\"image\":{\"@id\":\"https:\/\/www.saleweselne.com\/blog\/#\/schema\/logo\/image\/\"}},{\"@type\":\"Person\",\"@id\":\"https:\/\/www.saleweselne.com\/blog\/#\/schema\/person\/4b2f139471122a3ea7ac0a68d919043a\",\"name\":\"Natalia Bielicka\",\"url\":\"https:\/\/www.saleweselne.com\/blog\/author\/natalia\/\"}]}<\/script>\n<!-- \/ Yoast SEO plugin. -->","yoast_head_json":{"title":"Trendy weselne na 2025 - blog SaleWeselne.com","description":"Trendy weselne na 2025 - blog SaleWeselne.com","robots":{"index":"index","follow":"follow","max-snippet":"max-snippet:-1","max-image-preview":"max-image-preview:large","max-video-preview":"max-video-preview:-1"},"canonical":"https:\/\/www.saleweselne.com\/blog\/trendy-weselne-na-2025\/","og_locale":"pl_PL","og_type":"article","og_title":"Trendy weselne na 2025 - blog SaleWeselne.com","og_description":"Trendy weselne na 2025 - blog SaleWeselne.com","og_url":"https:\/\/www.saleweselne.com\/blog\/trendy-weselne-na-2025\/","og_site_name":"SaleWeselne.com","article_published_time":"2024-12-17T12:47:11+00:00","article_modified_time":"2024-12-17T12:49:08+00:00","og_image":[{"width":2560,"height":1707,"url":"https:\/\/www.saleweselne.com\/blog\/wp-content\/uploads\/2024\/12\/kelly-sikkema-qN_4d-A2xm8-unsplash-1-scaled.jpg","type":"image\/jpeg"}],"author":"Natalia Bielicka","twitter_card":"summary_large_image","twitter_misc":{"Napisane przez":"Natalia Bielicka","Szacowany czas czytania":"5 minut"},"schema":{"@context":"https:\/\/schema.org","@graph":[{"@type":"Article","@id":"https:\/\/www.saleweselne.com\/blog\/trendy-weselne-na-2025\/#article","isPartOf":{"@id":"https:\/\/www.saleweselne.com\/blog\/trendy-weselne-na-2025\/"},"author":{"name":"Natalia Bielicka","@id":"https:\/\/www.saleweselne.com\/blog\/#\/schema\/person\/4b2f139471122a3ea7ac0a68d919043a"},"headline":"Trendy weselne na 2025","datePublished":"2024-12-17T12:47:11+00:00","dateModified":"2024-12-17T12:49:08+00:00","mainEntityOfPage":{"@id":"https:\/\/www.saleweselne.com\/blog\/trendy-weselne-na-2025\/"},"wordCount":765,"publisher":{"@id":"https:\/\/www.saleweselne.com\/blog\/#organization"},"image":{"@id":"https:\/\/www.saleweselne.com\/blog\/trendy-weselne-na-2025\/#primaryimage"},"thumbnailUrl":"https:\/\/www.saleweselne.com\/blog\/wp-content\/uploads\/2024\/12\/kelly-sikkema-qN_4d-A2xm8-unsplash-1-scaled.jpg","keywords":["dekoracja sali weselnej","motyw przewodni","motyw weselny","organizacja \u015blubu","organizacja wesela"],"articleSection":["Dekoracje weselne","Motyw weselny","Organizacja wesela"],"inLanguage":"pl-PL"},{"@type":"WebPage","@id":"https:\/\/www.saleweselne.com\/blog\/trendy-weselne-na-2025\/","url":"https:\/\/www.saleweselne.com\/blog\/trendy-weselne-na-2025\/","name":"Trendy weselne na 2025 - blog SaleWeselne.com","isPartOf":{"@id":"https:\/\/www.saleweselne.com\/blog\/#website"},"primaryImageOfPage":{"@id":"https:\/\/www.saleweselne.com\/blog\/trendy-weselne-na-2025\/#primaryimage"},"image":{"@id":"https:\/\/www.saleweselne.com\/blog\/trendy-weselne-na-2025\/#primaryimage"},"thumbnailUrl":"https:\/\/www.saleweselne.com\/blog\/wp-content\/uploads\/2024\/12\/kelly-sikkema-qN_4d-A2xm8-unsplash-1-scaled.jpg","datePublished":"2024-12-17T12:47:11+00:00","dateModified":"2024-12-17T12:49:08+00:00","description":"Trendy weselne na 2025 - blog SaleWeselne.com","breadcrumb":{"@id":"https:\/\/www.saleweselne.com\/blog\/trendy-weselne-na-2025\/#breadcrumb"},"inLanguage":"pl-PL","potentialAction":[{"@type":"ReadAction","target":["https:\/\/www.saleweselne.com\/blog\/trendy-weselne-na-2025\/"]}]},{"@type":"ImageObject","inLanguage":"pl-PL","@id":"https:\/\/www.saleweselne.com\/blog\/trendy-weselne-na-2025\/#primaryimage","url":"https:\/\/www.saleweselne.com\/blog\/wp-content\/uploads\/2024\/12\/kelly-sikkema-qN_4d-A2xm8-unsplash-1-scaled.jpg","contentUrl":"https:\/\/www.saleweselne.com\/blog\/wp-content\/uploads\/2024\/12\/kelly-sikkema-qN_4d-A2xm8-unsplash-1-scaled.jpg","width":2560,"height":1707},{"@type":"BreadcrumbList","@id":"https:\/\/www.saleweselne.com\/blog\/trendy-weselne-na-2025\/#breadcrumb","itemListElement":[{"@type":"ListItem","position":1,"name":"Strona g\u0142\u00f3wna","item":"https:\/\/www.saleweselne.com\/blog\/"},{"@type":"ListItem","position":2,"name":"Trendy weselne na 2025"}]},{"@type":"WebSite","@id":"https:\/\/www.saleweselne.com\/blog\/#website","url":"https:\/\/www.saleweselne.com\/blog\/","name":"SaleWeselne.com","description":"Blog Bran\u017cy Weselnej - Sprawd\u017a najpi\u0119kniejsze sale weselne oraz motywy \u015blubne. Poznaj praktyczne porady, jak zorganizowa\u0107 wymarzone wesele!","publisher":{"@id":"https:\/\/www.saleweselne.com\/blog\/#organization"},"potentialAction":[{"@type":"SearchAction","target":{"@type":"EntryPoint","urlTemplate":"https:\/\/www.saleweselne.com\/blog\/?s={search_term_string}"},"query-input":{"@type":"PropertyValueSpecification","valueRequired":true,"valueName":"search_term_string"}}],"inLanguage":"pl-PL"},{"@type":"Organization","@id":"https:\/\/www.saleweselne.com\/blog\/#organization","name":"SaleWeselne.com","url":"https:\/\/www.saleweselne.com\/blog\/","logo":{"@type":"ImageObject","inLanguage":"pl-PL","@id":"https:\/\/www.saleweselne.com\/blog\/#\/schema\/logo\/image\/","url":"https:\/\/www.saleweselne.com\/blog\/wp-content\/uploads\/2021\/03\/saleweselne-logotyp-RGB-bez-tla-2.png","contentUrl":"https:\/\/www.saleweselne.com\/blog\/wp-content\/uploads\/2021\/03\/saleweselne-logotyp-RGB-bez-tla-2.png","width":625,"height":150,"caption":"SaleWeselne.com"},"image":{"@id":"https:\/\/www.saleweselne.com\/blog\/#\/schema\/logo\/image\/"}},{"@type":"Person","@id":"https:\/\/www.saleweselne.com\/blog\/#\/schema\/person\/4b2f139471122a3ea7ac0a68d919043a","name":"Natalia Bielicka","url":"https:\/\/www.saleweselne.com\/blog\/author\/natalia\/"}]}},"_links":{"self":[{"href":"https:\/\/www.saleweselne.com\/blog\/wp-json\/wp\/v2\/posts\/3998","targetHints":{"allow":["GET"]}}],"collection":[{"href":"https:\/\/www.saleweselne.com\/blog\/wp-json\/wp\/v2\/posts"}],"about":[{"href":"https:\/\/www.saleweselne.com\/blog\/wp-json\/wp\/v2\/types\/post"}],"author":[{"embeddable":true,"href":"https:\/\/www.saleweselne.com\/blog\/wp-json\/wp\/v2\/users\/10"}],"replies":[{"embeddable":true,"href":"https:\/\/www.saleweselne.com\/blog\/wp-json\/wp\/v2\/comments?post=3998"}],"version-history":[{"count":3,"href":"https:\/\/www.saleweselne.com\/blog\/wp-json\/wp\/v2\/posts\/3998\/revisions"}],"predecessor-version":[{"id":4004,"href":"https:\/\/www.saleweselne.com\/blog\/wp-json\/wp\/v2\/posts\/3998\/revisions\/4004"}],"wp:featuredmedia":[{"embeddable":true,"href":"https:\/\/www.saleweselne.com\/blog\/wp-json\/wp\/v2\/media\/3999"}],"wp:attachment":[{"href":"https:\/\/www.saleweselne.com\/blog\/wp-json\/wp\/v2\/media?parent=3998"}],"wp:term":[{"taxonomy":"category","embeddable":true,"href":"https:\/\/www.saleweselne.com\/blog\/wp-json\/wp\/v2\/categories?post=3998"},{"taxonomy":"post_tag","embeddable":true,"href":"https:\/\/www.saleweselne.com\/blog\/wp-json\/wp\/v2\/tags?post=3998"}],"curies":[{"name":"wp","href":"https:\/\/api.w.org\/{rel}","templated":true}]}}