{"id":4029,"date":"2025-01-31T16:43:45","date_gmt":"2025-01-31T14:43:45","guid":{"rendered":"https:\/\/www.saleweselne.com\/blog\/?p=4029"},"modified":"2025-01-31T16:43:45","modified_gmt":"2025-01-31T14:43:45","slug":"gdzie-zorganizowac-wesele-w-gorach","status":"publish","type":"post","link":"https:\/\/www.saleweselne.com\/blog\/gdzie-zorganizowac-wesele-w-gorach\/","title":{"rendered":"Gdzie zorganizowa\u0107 wesele w g\u00f3rach?"},"content":{"rendered":"<p><strong>\u015alub w g\u00f3rskim otoczeniu to prawdziwa bajka \u2013 majestatyczne szczyty, \u015bwie\u017ce powietrze i niepowtarzalna atmosfera, kt\u00f3rej nie znajdziecie nigdzie indziej. G\u00f3ry s\u0105 idealnym miejscem dla par, kt\u00f3re pragn\u0105 po\u0142\u0105czy\u0107 romantyczny nastr\u00f3j z natur\u0105 i odrobin\u0105 luksusu. Niezale\u017cnie od pory roku, ka\u017cda para znajdzie tu co\u015b dla siebie: zimowe krajobrazy pe\u0142ne \u015bnie\u017cnych szczyt\u00f3w, jesienne z\u0142ote li\u015bcie czy letnie \u0142\u0105ki pachn\u0105ce g\u00f3rskimi kwiatami.<\/strong><\/p>\n<p>Polska oferuje wiele wyj\u0105tkowych miejsc na <strong><a href=\"https:\/\/www.saleweselne.com\/sale-weselne-w-gorach?page=1\">wesele w g\u00f3rach<\/a> \u2013<\/strong> od nowoczesnych hoteli z zapieraj\u0105cymi dech w piersiach widokami, po przytulne o\u015brodki otoczone dzik\u0105 przyrod\u0105. Poni\u017cej znajdziecie siedem obiekt\u00f3w, kt\u00f3re doskonale sprawdz\u0105 si\u0119 jako miejsce na ten jedyny w swoim rodzaju dzie\u0144.<\/p>\n<h2>Hotel \u017bywiecki**** Medical Spa &amp; Sport<\/h2>\n<p>Je\u015bli marzycie o eleganckim weselu z g\u00f3rskim widokiem, <a href=\"https:\/\/www.saleweselne.com\/zywiec\/hotel-zywiecki-medical-spa-sport-wesele\"><strong>Hotel \u017bywiecki **** Medical Spa &amp; Sport<\/strong><\/a> to doskona\u0142y wyb\u00f3r. Po\u0142o\u017cony u podn\u00f3\u017ca G\u00f3ry Jastrz\u0119bica, w malowniczym Beskidzie \u017bywieckim, oferuje idealne po\u0142\u0105czenie luksusu i natury. W przestronnej sali weselnej pomie\u015bci si\u0119 <strong>do 160 go\u015bci,<\/strong> a panoramiczne okna pozwol\u0105 wszystkim cieszy\u0107 si\u0119 pi\u0119knem g\u00f3rskiego krajobrazu. Nowoczesne nag\u0142o\u015bnienie koncertowe i mobilny parkiet zapewni\u0105 zabaw\u0119 na najwy\u017cszym poziomie.<\/p>\n<p><a href=\"https:\/\/www.saleweselne.com\/blog\/wp-content\/uploads\/2025\/01\/zywiecki.jpg\"><img loading=\"lazy\" decoding=\"async\" class=\"alignnone size-full wp-image-4037\" src=\"https:\/\/www.saleweselne.com\/blog\/wp-content\/uploads\/2025\/01\/zywiecki.jpg\" alt=\"\" width=\"1280\" height=\"854\" srcset=\"https:\/\/www.saleweselne.com\/blog\/wp-content\/uploads\/2025\/01\/zywiecki.jpg 1280w, https:\/\/www.saleweselne.com\/blog\/wp-content\/uploads\/2025\/01\/zywiecki-300x200.jpg 300w, https:\/\/www.saleweselne.com\/blog\/wp-content\/uploads\/2025\/01\/zywiecki-1024x683.jpg 1024w, https:\/\/www.saleweselne.com\/blog\/wp-content\/uploads\/2025\/01\/zywiecki-768x512.jpg 768w, https:\/\/www.saleweselne.com\/blog\/wp-content\/uploads\/2025\/01\/zywiecki-1140x761.jpg 1140w\" sizes=\"auto, (max-width: 1280px) 100vw, 1280px\" \/><\/a><\/p>\n<p>Restauracja Delicja zadba o wy\u015bmienite menu, kt\u00f3re zadowoli nawet najbardziej wymagaj\u0105cych go\u015bci. <strong>Na wiosn\u0119 i latem dost\u0119pna jest altana \u015blubna oraz ogr\u00f3d<\/strong> \u2013 idealne miejsce na ceremoni\u0119 plenerow\u0105 i sesj\u0119 zdj\u0119ciow\u0105. Do\u015bwiadczeni organizatorzy pomog\u0105 dopracowa\u0107 ka\u017cdy szczeg\u00f3\u0142, aby wesele by\u0142o spe\u0142nieniem marze\u0144.<\/p>\n<h2>Hotel Meta ****<\/h2>\n<p>Je\u015bli szukacie miejsca z g\u00f3ralskim klimatem i nowoczesnym komfortem, <a href=\"https:\/\/www.saleweselne.com\/szczyrk\/hotel-meta-wesele\"><strong>Hotel Meta<\/strong> <\/a>w sercu Beskidu \u015al\u0105skiego spe\u0142ni Wasze oczekiwania. Do wyboru macie a\u017c cztery sale weselne, a najwi\u0119ksza z nich pomie\u015bci <strong>do 250 go\u015bci.<\/strong> Du\u017ce przeszklenia gwarantuj\u0105 wspania\u0142e widoki na kolejk\u0119 g\u00f3rsk\u0105 i g\u00f3rskie szczyty. Profesjonalne o\u015bwietlenie, scena oraz obszerny parkiet sprawi\u0105, \u017ce ka\u017cda chwila b\u0119dzie wyj\u0105tkowa.<\/p>\n<p><a href=\"https:\/\/www.saleweselne.com\/blog\/wp-content\/uploads\/2025\/01\/meta.jpg\"><img loading=\"lazy\" decoding=\"async\" class=\"alignnone size-full wp-image-4033\" src=\"https:\/\/www.saleweselne.com\/blog\/wp-content\/uploads\/2025\/01\/meta.jpg\" alt=\"\" width=\"1280\" height=\"855\" srcset=\"https:\/\/www.saleweselne.com\/blog\/wp-content\/uploads\/2025\/01\/meta.jpg 1280w, https:\/\/www.saleweselne.com\/blog\/wp-content\/uploads\/2025\/01\/meta-300x200.jpg 300w, https:\/\/www.saleweselne.com\/blog\/wp-content\/uploads\/2025\/01\/meta-1024x684.jpg 1024w, https:\/\/www.saleweselne.com\/blog\/wp-content\/uploads\/2025\/01\/meta-768x513.jpg 768w, https:\/\/www.saleweselne.com\/blog\/wp-content\/uploads\/2025\/01\/meta-1140x761.jpg 1140w\" sizes=\"auto, (max-width: 1280px) 100vw, 1280px\" \/><\/a><\/p>\n<p>Dodatkow\u0105 atrakcj\u0105 jest mo\u017cliwo\u015b\u0107 zorganizowania ceremonii na<strong> tarasie widokowym na Skrzyczne<\/strong> lub w hotelowym ogrodzie. To idealne rozwi\u0105zanie dla par, kt\u00f3re marz\u0105 o \u015blubie na \u015bwie\u017cym powietrzu, z widokiem na majestatyczne g\u00f3ry.<\/p>\n<h2>Hotel Bania **** Thermal &amp; Ski<\/h2>\n<p><a href=\"https:\/\/www.saleweselne.com\/bialka-tatrzanska\/pensjonat-bania-wesele\"><strong>Hotel Bania<\/strong><\/a> w Bia\u0142ce Tatrza\u0144skiej to po\u0142\u0105czenie luksusu, regionalnego stylu i niezapomnianych atrakcji. Po\u0142o\u017cony tu\u017c obok o\u015brodka narciarskiego i basen\u00f3w termalnych, oferuje nie tylko komfortowe wn\u0119trza, ale tak\u017ce zapieraj\u0105ce dech w piersiach widoki. <strong>Karcma Bania,<\/strong> urz\u0105dzona w alpejskim stylu, z otwieranym dachem, pozwala na podziwianie g\u00f3r nawet podczas ta\u0144c\u00f3w weselnych.<\/p>\n<p><a href=\"https:\/\/www.saleweselne.com\/blog\/wp-content\/uploads\/2025\/01\/bania.jpg\"><img loading=\"lazy\" decoding=\"async\" class=\"alignnone size-full wp-image-4031\" src=\"https:\/\/www.saleweselne.com\/blog\/wp-content\/uploads\/2025\/01\/bania.jpg\" alt=\"\" width=\"1600\" height=\"1067\" srcset=\"https:\/\/www.saleweselne.com\/blog\/wp-content\/uploads\/2025\/01\/bania.jpg 1600w, https:\/\/www.saleweselne.com\/blog\/wp-content\/uploads\/2025\/01\/bania-300x200.jpg 300w, https:\/\/www.saleweselne.com\/blog\/wp-content\/uploads\/2025\/01\/bania-1024x683.jpg 1024w, https:\/\/www.saleweselne.com\/blog\/wp-content\/uploads\/2025\/01\/bania-768x512.jpg 768w, https:\/\/www.saleweselne.com\/blog\/wp-content\/uploads\/2025\/01\/bania-1536x1024.jpg 1536w, https:\/\/www.saleweselne.com\/blog\/wp-content\/uploads\/2025\/01\/bania-1140x760.jpg 1140w\" sizes=\"auto, (max-width: 1600px) 100vw, 1600px\" \/><\/a><\/p>\n<p>Nowoczesne sale, takie jak <strong>Wierchy czy Trzy Korony,<\/strong> zapewniaj\u0105 przestrze\u0144 zar\u00f3wno na kameralne przyj\u0119cia, jak i wi\u0119ksze wesela. Hotel oferuje tak\u017ce wyj\u0105tkowe opcje relaksu dla go\u015bci \u2013 po weselu mo\u017cna odpocz\u0105\u0107 w termach i cieszy\u0107 si\u0119 urokami g\u00f3rskiej przyrody.<\/p>\n<h2>Hotel Tatry<\/h2>\n<p>Je\u015bli zale\u017cy Wam na wyj\u0105tkowej lokalizacji, <a href=\"https:\/\/www.saleweselne.com\/murzasichle-2\/hotel-tatry-wesele\"><strong>Hotel Tatry<\/strong><\/a> na wysoko\u015bci 1105 m n.p.m. spe\u0142ni Wasze marzenia. Po\u0142o\u017cony w otulinie Tatrza\u0144skiego Parku Narodowego, oferuje malownicze widoki i niepowtarzalny klimat. Sala Bankietowa pomie\u015bci do 150 go\u015bci, a dodatkowe przestrzenie, takie jak <strong>Sala Kominkowa czy Altana Grillowa<\/strong>, pozwalaj\u0105 na dopasowanie wesela do Waszych oczekiwa\u0144.<\/p>\n<p><a href=\"https:\/\/www.saleweselne.com\/blog\/wp-content\/uploads\/2025\/01\/tatry.jpg\"><img loading=\"lazy\" decoding=\"async\" class=\"alignnone size-full wp-image-4036\" src=\"https:\/\/www.saleweselne.com\/blog\/wp-content\/uploads\/2025\/01\/tatry.jpg\" alt=\"\" width=\"1024\" height=\"683\" srcset=\"https:\/\/www.saleweselne.com\/blog\/wp-content\/uploads\/2025\/01\/tatry.jpg 1024w, https:\/\/www.saleweselne.com\/blog\/wp-content\/uploads\/2025\/01\/tatry-300x200.jpg 300w, https:\/\/www.saleweselne.com\/blog\/wp-content\/uploads\/2025\/01\/tatry-768x512.jpg 768w\" sizes=\"auto, (max-width: 1024px) 100vw, 1024px\" \/><\/a><\/p>\n<p>Dodatkow\u0105 atrakcj\u0105 jest<strong> regionalny sza\u0142as \u201ePod Wilkiem\u201d<\/strong> z tarasem widokowym, gdzie go\u015bcie mog\u0105 cieszy\u0107 si\u0119 g\u00f3ralsk\u0105 atmosfer\u0105. To idealne miejsce na wesele pe\u0142ne tradycji, blisko\u015bci natury i niepowtarzalnych krajobraz\u00f3w.<\/p>\n<h2>O\u015brodek Wypoczynkowy Pod D\u0119bem<\/h2>\n<p>Je\u015bli marzycie o weselu w otoczeniu dzikiej przyrody, <a href=\"https:\/\/www.saleweselne.com\/wojtowice\/osrodek-wypoczynkowy-pod-debem-wesele\"><strong>O\u015brodek Wypoczynkowy Pod D\u0119bem<\/strong><\/a> w Kotlinie K\u0142odzkiej to doskona\u0142y wyb\u00f3r. Du\u017ca sala weselna pomie\u015bci<strong> do 120 go\u015bci,<\/strong> a kameralna sala dla 45 os\u00f3b pozwala na organizacj\u0119 bardziej intymnego przyj\u0119cia. Spokojna kolorystyka wn\u0119trz i bezpo\u015brednie wyj\u015bcie na taras tworz\u0105 wyj\u0105tkow\u0105 atmosfer\u0119.<\/p>\n<p><a href=\"https:\/\/www.saleweselne.com\/blog\/wp-content\/uploads\/2025\/01\/pod-debem.jpg\"><img loading=\"lazy\" decoding=\"async\" class=\"alignnone size-full wp-image-4034\" src=\"https:\/\/www.saleweselne.com\/blog\/wp-content\/uploads\/2025\/01\/pod-debem.jpg\" alt=\"\" width=\"1536\" height=\"1025\" srcset=\"https:\/\/www.saleweselne.com\/blog\/wp-content\/uploads\/2025\/01\/pod-debem.jpg 1536w, https:\/\/www.saleweselne.com\/blog\/wp-content\/uploads\/2025\/01\/pod-debem-300x200.jpg 300w, https:\/\/www.saleweselne.com\/blog\/wp-content\/uploads\/2025\/01\/pod-debem-1024x683.jpg 1024w, https:\/\/www.saleweselne.com\/blog\/wp-content\/uploads\/2025\/01\/pod-debem-768x513.jpg 768w, https:\/\/www.saleweselne.com\/blog\/wp-content\/uploads\/2025\/01\/pod-debem-1140x761.jpg 1140w\" sizes=\"auto, (max-width: 1536px) 100vw, 1536px\" \/><\/a><\/p>\n<p>O\u015brodek oferuje tak\u017ce mo\u017cliwo\u015b\u0107 \u015blubu plenerowego, co pozwala na wymian\u0119 przysi\u0119gi w otoczeniu g\u00f3rskich krajobraz\u00f3w. To idealne miejsce dla par, kt\u00f3re ceni\u0105 sobie blisko\u015b\u0107 natury i swobodn\u0105 atmosfer\u0119.<\/p>\n<h2>Szczawnica Park Resort &amp; Spa<\/h2>\n<p>Luksus i nowoczesno\u015b\u0107 w g\u00f3rskiej scenerii? <a href=\"https:\/\/www.saleweselne.com\/szczawnica\/szczawnica-park-resort-spa-wesele\"><strong>Szczawnica Park Resort &amp; Spa<\/strong><\/a> oferuje dwie przestronne sale weselne \u2013 Trzy Korony oraz Bankietow\u0105 Residence, kt\u00f3re mog\u0105 pomie\u015bci\u0107 <strong>do 300 go\u015bci.<\/strong> Eleganckie wn\u0119trza, drewniane akcenty i nowoczesne o\u015bwietlenie sprawiaj\u0105, \u017ce wesele nabiera wyj\u0105tkowego charakteru.<\/p>\n<p><a href=\"https:\/\/www.saleweselne.com\/blog\/wp-content\/uploads\/2025\/01\/szczawnica.jpg\"><img loading=\"lazy\" decoding=\"async\" class=\"alignnone size-full wp-image-4035\" src=\"https:\/\/www.saleweselne.com\/blog\/wp-content\/uploads\/2025\/01\/szczawnica.jpg\" alt=\"\" width=\"2153\" height=\"1436\" srcset=\"https:\/\/www.saleweselne.com\/blog\/wp-content\/uploads\/2025\/01\/szczawnica.jpg 2153w, https:\/\/www.saleweselne.com\/blog\/wp-content\/uploads\/2025\/01\/szczawnica-300x200.jpg 300w, https:\/\/www.saleweselne.com\/blog\/wp-content\/uploads\/2025\/01\/szczawnica-1024x683.jpg 1024w, https:\/\/www.saleweselne.com\/blog\/wp-content\/uploads\/2025\/01\/szczawnica-768x512.jpg 768w, https:\/\/www.saleweselne.com\/blog\/wp-content\/uploads\/2025\/01\/szczawnica-1536x1024.jpg 1536w, https:\/\/www.saleweselne.com\/blog\/wp-content\/uploads\/2025\/01\/szczawnica-2048x1366.jpg 2048w, https:\/\/www.saleweselne.com\/blog\/wp-content\/uploads\/2025\/01\/szczawnica-1140x760.jpg 1140w\" sizes=\"auto, (max-width: 2153px) 100vw, 2153px\" \/><\/a><\/p>\n<p>Dodatkowym atutem jest przestronny<strong> taras widokowy z panoram\u0105 Ma\u0142ych Pienin<\/strong> oraz ogrody Residence z altan\u0105 Prosecco &amp; Wine Bar. To idealne miejsce na eleganckie wesele w otoczeniu g\u00f3rskiej przyrody.<\/p>\n<h2>Hotel Crocus<\/h2>\n<p><a href=\"https:\/\/www.saleweselne.com\/zakopane\/hotel-crocus-wesele\"><strong>Hotel Crocus<\/strong> <\/a>w Zakopanem to doskona\u0142e miejsce na wesele w Tatrach. <strong>Po\u0142o\u017cony blisko Kasprowego Wierchu i Wielkiej Krokwi,<\/strong> oferuje eleganckie sale weselne, kt\u00f3re mo\u017cna \u0142\u0105czy\u0107 i dzieli\u0107 w zale\u017cno\u015bci od liczby go\u015bci. Najwi\u0119ksza sala pomie\u015bci oko\u0142o 150 os\u00f3b, a okr\u0105g\u0142e sto\u0142y dodaj\u0105 uroku ca\u0142ej aran\u017cacji.<\/p>\n<p><a href=\"https:\/\/www.saleweselne.com\/blog\/wp-content\/uploads\/2025\/01\/corcus.jpg\"><img loading=\"lazy\" decoding=\"async\" class=\"alignnone size-full wp-image-4032\" src=\"https:\/\/www.saleweselne.com\/blog\/wp-content\/uploads\/2025\/01\/corcus.jpg\" alt=\"\" width=\"1600\" height=\"1063\" srcset=\"https:\/\/www.saleweselne.com\/blog\/wp-content\/uploads\/2025\/01\/corcus.jpg 1600w, https:\/\/www.saleweselne.com\/blog\/wp-content\/uploads\/2025\/01\/corcus-300x199.jpg 300w, https:\/\/www.saleweselne.com\/blog\/wp-content\/uploads\/2025\/01\/corcus-1024x680.jpg 1024w, https:\/\/www.saleweselne.com\/blog\/wp-content\/uploads\/2025\/01\/corcus-768x510.jpg 768w, https:\/\/www.saleweselne.com\/blog\/wp-content\/uploads\/2025\/01\/corcus-1536x1020.jpg 1536w, https:\/\/www.saleweselne.com\/blog\/wp-content\/uploads\/2025\/01\/corcus-1140x757.jpg 1140w\" sizes=\"auto, (max-width: 1600px) 100vw, 1600px\" \/><\/a><\/p>\n<p>Blisko\u015b\u0107 Tatrza\u0144skiego Parku Narodowego sprawia, \u017ce <strong>Hotel Crocus<\/strong> jest \u015bwietnym wyborem dla par pragn\u0105cych po\u0142\u0105czy\u0107 elegancj\u0119 z g\u00f3rskim klimatem. Wesele tutaj to gwarancja niezapomnianych widok\u00f3w i wyj\u0105tkowej atmosfery.<\/p>\n","protected":false},"excerpt":{"rendered":"<p>Mamy tutaj mi\u0142o\u015bnik\u00f3w g\u00f3rskich w\u0119dr\u00f3wek? Je\u017celi tak, to przedstawiamy najlepsze miejsca na wesele w g\u00f3rach! <\/p>\n","protected":false},"author":10,"featured_media":4030,"comment_status":"closed","ping_status":"closed","sticky":false,"template":"","format":"standard","meta":{"footnotes":""},"categories":[182,170,201],"tags":[174,175,179,178],"class_list":["post-4029","post","type-post","status-publish","format-standard","has-post-thumbnail","hentry","category-miejsce-na-wesele","category-organizacja-wesela","category-sala-weselna","tag-organizacja-wesela","tag-planowanie-wesela","tag-sala-bankietowa","tag-sala-weselna"],"yoast_head":"<!-- This site is optimized with the Yoast SEO plugin v27.5 - https:\/\/yoast.com\/product\/yoast-seo-wordpress\/ -->\n<title>Gdzie zorganizowa\u0107 wesele w g\u00f3rach? - blog SaleWeselne.com<\/title>\n<meta name=\"description\" content=\"Gdzie zorganizowa\u0107 wesele w g\u00f3rach? - blog SaleWeselne.com\" \/>\n<meta name=\"robots\" content=\"index, follow, max-snippet:-1, max-image-preview:large, max-video-preview:-1\" \/>\n<link rel=\"canonical\" href=\"https:\/\/www.saleweselne.com\/blog\/gdzie-zorganizowac-wesele-w-gorach\/\" \/>\n<meta property=\"og:locale\" content=\"pl_PL\" \/>\n<meta property=\"og:type\" content=\"article\" \/>\n<meta property=\"og:title\" content=\"Gdzie zorganizowa\u0107 wesele w g\u00f3rach? - blog SaleWeselne.com\" \/>\n<meta property=\"og:description\" content=\"Gdzie zorganizowa\u0107 wesele w g\u00f3rach? - blog SaleWeselne.com\" \/>\n<meta property=\"og:url\" content=\"https:\/\/www.saleweselne.com\/blog\/gdzie-zorganizowac-wesele-w-gorach\/\" \/>\n<meta property=\"og:site_name\" content=\"SaleWeselne.com\" \/>\n<meta property=\"article:published_time\" content=\"2025-01-31T14:43:45+00:00\" \/>\n<meta property=\"og:image\" content=\"https:\/\/www.saleweselne.com\/blog\/wp-content\/uploads\/2025\/01\/wedding-dreamz-e7EJG019-rQ-unsplash-1.jpg\" \/>\n\t<meta property=\"og:image:width\" content=\"2398\" \/>\n\t<meta property=\"og:image:height\" content=\"1600\" \/>\n\t<meta property=\"og:image:type\" content=\"image\/jpeg\" \/>\n<meta name=\"author\" content=\"Natalia Bielicka\" \/>\n<meta name=\"twitter:card\" content=\"summary_large_image\" \/>\n<meta name=\"twitter:label1\" content=\"Napisane przez\" \/>\n\t<meta name=\"twitter:data1\" content=\"Natalia Bielicka\" \/>\n\t<meta name=\"twitter:label2\" content=\"Szacowany czas czytania\" \/>\n\t<meta name=\"twitter:data2\" content=\"6 minut\" \/>\n<script type=\"application\/ld+json\" class=\"yoast-schema-graph\">{\"@context\":\"https:\\\/\\\/schema.org\",\"@graph\":[{\"@type\":\"Article\",\"@id\":\"https:\\\/\\\/www.saleweselne.com\\\/blog\\\/gdzie-zorganizowac-wesele-w-gorach\\\/#article\",\"isPartOf\":{\"@id\":\"https:\\\/\\\/www.saleweselne.com\\\/blog\\\/gdzie-zorganizowac-wesele-w-gorach\\\/\"},\"author\":{\"name\":\"Natalia Bielicka\",\"@id\":\"https:\\\/\\\/www.saleweselne.com\\\/blog\\\/#\\\/schema\\\/person\\\/4b2f139471122a3ea7ac0a68d919043a\"},\"headline\":\"Gdzie zorganizowa\u0107 wesele w g\u00f3rach?\",\"datePublished\":\"2025-01-31T14:43:45+00:00\",\"mainEntityOfPage\":{\"@id\":\"https:\\\/\\\/www.saleweselne.com\\\/blog\\\/gdzie-zorganizowac-wesele-w-gorach\\\/\"},\"wordCount\":869,\"publisher\":{\"@id\":\"https:\\\/\\\/www.saleweselne.com\\\/blog\\\/#organization\"},\"image\":{\"@id\":\"https:\\\/\\\/www.saleweselne.com\\\/blog\\\/gdzie-zorganizowac-wesele-w-gorach\\\/#primaryimage\"},\"thumbnailUrl\":\"https:\\\/\\\/www.saleweselne.com\\\/blog\\\/wp-content\\\/uploads\\\/2025\\\/01\\\/wedding-dreamz-e7EJG019-rQ-unsplash-1.jpg\",\"keywords\":[\"organizacja wesela\",\"planowanie wesela\",\"sala bankietowa\",\"sala weselna\"],\"articleSection\":[\"Miejsce na wesele\",\"Organizacja wesela\",\"Sala weselna\"],\"inLanguage\":\"pl-PL\"},{\"@type\":\"WebPage\",\"@id\":\"https:\\\/\\\/www.saleweselne.com\\\/blog\\\/gdzie-zorganizowac-wesele-w-gorach\\\/\",\"url\":\"https:\\\/\\\/www.saleweselne.com\\\/blog\\\/gdzie-zorganizowac-wesele-w-gorach\\\/\",\"name\":\"Gdzie zorganizowa\u0107 wesele w g\u00f3rach? - blog SaleWeselne.com\",\"isPartOf\":{\"@id\":\"https:\\\/\\\/www.saleweselne.com\\\/blog\\\/#website\"},\"primaryImageOfPage\":{\"@id\":\"https:\\\/\\\/www.saleweselne.com\\\/blog\\\/gdzie-zorganizowac-wesele-w-gorach\\\/#primaryimage\"},\"image\":{\"@id\":\"https:\\\/\\\/www.saleweselne.com\\\/blog\\\/gdzie-zorganizowac-wesele-w-gorach\\\/#primaryimage\"},\"thumbnailUrl\":\"https:\\\/\\\/www.saleweselne.com\\\/blog\\\/wp-content\\\/uploads\\\/2025\\\/01\\\/wedding-dreamz-e7EJG019-rQ-unsplash-1.jpg\",\"datePublished\":\"2025-01-31T14:43:45+00:00\",\"description\":\"Gdzie zorganizowa\u0107 wesele w g\u00f3rach? - blog SaleWeselne.com\",\"breadcrumb\":{\"@id\":\"https:\\\/\\\/www.saleweselne.com\\\/blog\\\/gdzie-zorganizowac-wesele-w-gorach\\\/#breadcrumb\"},\"inLanguage\":\"pl-PL\",\"potentialAction\":[{\"@type\":\"ReadAction\",\"target\":[\"https:\\\/\\\/www.saleweselne.com\\\/blog\\\/gdzie-zorganizowac-wesele-w-gorach\\\/\"]}]},{\"@type\":\"ImageObject\",\"inLanguage\":\"pl-PL\",\"@id\":\"https:\\\/\\\/www.saleweselne.com\\\/blog\\\/gdzie-zorganizowac-wesele-w-gorach\\\/#primaryimage\",\"url\":\"https:\\\/\\\/www.saleweselne.com\\\/blog\\\/wp-content\\\/uploads\\\/2025\\\/01\\\/wedding-dreamz-e7EJG019-rQ-unsplash-1.jpg\",\"contentUrl\":\"https:\\\/\\\/www.saleweselne.com\\\/blog\\\/wp-content\\\/uploads\\\/2025\\\/01\\\/wedding-dreamz-e7EJG019-rQ-unsplash-1.jpg\",\"width\":2398,\"height\":1600},{\"@type\":\"BreadcrumbList\",\"@id\":\"https:\\\/\\\/www.saleweselne.com\\\/blog\\\/gdzie-zorganizowac-wesele-w-gorach\\\/#breadcrumb\",\"itemListElement\":[{\"@type\":\"ListItem\",\"position\":1,\"name\":\"Strona g\u0142\u00f3wna\",\"item\":\"https:\\\/\\\/www.saleweselne.com\\\/blog\\\/\"},{\"@type\":\"ListItem\",\"position\":2,\"name\":\"Gdzie zorganizowa\u0107 wesele w g\u00f3rach?\"}]},{\"@type\":\"WebSite\",\"@id\":\"https:\\\/\\\/www.saleweselne.com\\\/blog\\\/#website\",\"url\":\"https:\\\/\\\/www.saleweselne.com\\\/blog\\\/\",\"name\":\"SaleWeselne.com\",\"description\":\"Blog Bran\u017cy Weselnej - Sprawd\u017a najpi\u0119kniejsze sale weselne oraz motywy \u015blubne. Poznaj praktyczne porady, jak zorganizowa\u0107 wymarzone wesele!\",\"publisher\":{\"@id\":\"https:\\\/\\\/www.saleweselne.com\\\/blog\\\/#organization\"},\"potentialAction\":[{\"@type\":\"SearchAction\",\"target\":{\"@type\":\"EntryPoint\",\"urlTemplate\":\"https:\\\/\\\/www.saleweselne.com\\\/blog\\\/?s={search_term_string}\"},\"query-input\":{\"@type\":\"PropertyValueSpecification\",\"valueRequired\":true,\"valueName\":\"search_term_string\"}}],\"inLanguage\":\"pl-PL\"},{\"@type\":\"Organization\",\"@id\":\"https:\\\/\\\/www.saleweselne.com\\\/blog\\\/#organization\",\"name\":\"SaleWeselne.com\",\"url\":\"https:\\\/\\\/www.saleweselne.com\\\/blog\\\/\",\"logo\":{\"@type\":\"ImageObject\",\"inLanguage\":\"pl-PL\",\"@id\":\"https:\\\/\\\/www.saleweselne.com\\\/blog\\\/#\\\/schema\\\/logo\\\/image\\\/\",\"url\":\"https:\\\/\\\/www.saleweselne.com\\\/blog\\\/wp-content\\\/uploads\\\/2021\\\/03\\\/saleweselne-logotyp-RGB-bez-tla-2.png\",\"contentUrl\":\"https:\\\/\\\/www.saleweselne.com\\\/blog\\\/wp-content\\\/uploads\\\/2021\\\/03\\\/saleweselne-logotyp-RGB-bez-tla-2.png\",\"width\":625,\"height\":150,\"caption\":\"SaleWeselne.com\"},\"image\":{\"@id\":\"https:\\\/\\\/www.saleweselne.com\\\/blog\\\/#\\\/schema\\\/logo\\\/image\\\/\"}},{\"@type\":\"Person\",\"@id\":\"https:\\\/\\\/www.saleweselne.com\\\/blog\\\/#\\\/schema\\\/person\\\/4b2f139471122a3ea7ac0a68d919043a\",\"name\":\"Natalia Bielicka\",\"url\":\"https:\\\/\\\/www.saleweselne.com\\\/blog\\\/author\\\/natalia\\\/\"}]}<\/script>\n<!-- \/ Yoast SEO plugin. -->","yoast_head_json":{"title":"Gdzie zorganizowa\u0107 wesele w g\u00f3rach? - blog SaleWeselne.com","description":"Gdzie zorganizowa\u0107 wesele w g\u00f3rach? - blog SaleWeselne.com","robots":{"index":"index","follow":"follow","max-snippet":"max-snippet:-1","max-image-preview":"max-image-preview:large","max-video-preview":"max-video-preview:-1"},"canonical":"https:\/\/www.saleweselne.com\/blog\/gdzie-zorganizowac-wesele-w-gorach\/","og_locale":"pl_PL","og_type":"article","og_title":"Gdzie zorganizowa\u0107 wesele w g\u00f3rach? - blog SaleWeselne.com","og_description":"Gdzie zorganizowa\u0107 wesele w g\u00f3rach? - blog SaleWeselne.com","og_url":"https:\/\/www.saleweselne.com\/blog\/gdzie-zorganizowac-wesele-w-gorach\/","og_site_name":"SaleWeselne.com","article_published_time":"2025-01-31T14:43:45+00:00","og_image":[{"width":2398,"height":1600,"url":"https:\/\/www.saleweselne.com\/blog\/wp-content\/uploads\/2025\/01\/wedding-dreamz-e7EJG019-rQ-unsplash-1.jpg","type":"image\/jpeg"}],"author":"Natalia Bielicka","twitter_card":"summary_large_image","twitter_misc":{"Napisane przez":"Natalia Bielicka","Szacowany czas czytania":"6 minut"},"schema":{"@context":"https:\/\/schema.org","@graph":[{"@type":"Article","@id":"https:\/\/www.saleweselne.com\/blog\/gdzie-zorganizowac-wesele-w-gorach\/#article","isPartOf":{"@id":"https:\/\/www.saleweselne.com\/blog\/gdzie-zorganizowac-wesele-w-gorach\/"},"author":{"name":"Natalia Bielicka","@id":"https:\/\/www.saleweselne.com\/blog\/#\/schema\/person\/4b2f139471122a3ea7ac0a68d919043a"},"headline":"Gdzie zorganizowa\u0107 wesele w g\u00f3rach?","datePublished":"2025-01-31T14:43:45+00:00","mainEntityOfPage":{"@id":"https:\/\/www.saleweselne.com\/blog\/gdzie-zorganizowac-wesele-w-gorach\/"},"wordCount":869,"publisher":{"@id":"https:\/\/www.saleweselne.com\/blog\/#organization"},"image":{"@id":"https:\/\/www.saleweselne.com\/blog\/gdzie-zorganizowac-wesele-w-gorach\/#primaryimage"},"thumbnailUrl":"https:\/\/www.saleweselne.com\/blog\/wp-content\/uploads\/2025\/01\/wedding-dreamz-e7EJG019-rQ-unsplash-1.jpg","keywords":["organizacja wesela","planowanie wesela","sala bankietowa","sala weselna"],"articleSection":["Miejsce na wesele","Organizacja wesela","Sala weselna"],"inLanguage":"pl-PL"},{"@type":"WebPage","@id":"https:\/\/www.saleweselne.com\/blog\/gdzie-zorganizowac-wesele-w-gorach\/","url":"https:\/\/www.saleweselne.com\/blog\/gdzie-zorganizowac-wesele-w-gorach\/","name":"Gdzie zorganizowa\u0107 wesele w g\u00f3rach? - blog SaleWeselne.com","isPartOf":{"@id":"https:\/\/www.saleweselne.com\/blog\/#website"},"primaryImageOfPage":{"@id":"https:\/\/www.saleweselne.com\/blog\/gdzie-zorganizowac-wesele-w-gorach\/#primaryimage"},"image":{"@id":"https:\/\/www.saleweselne.com\/blog\/gdzie-zorganizowac-wesele-w-gorach\/#primaryimage"},"thumbnailUrl":"https:\/\/www.saleweselne.com\/blog\/wp-content\/uploads\/2025\/01\/wedding-dreamz-e7EJG019-rQ-unsplash-1.jpg","datePublished":"2025-01-31T14:43:45+00:00","description":"Gdzie zorganizowa\u0107 wesele w g\u00f3rach? - blog SaleWeselne.com","breadcrumb":{"@id":"https:\/\/www.saleweselne.com\/blog\/gdzie-zorganizowac-wesele-w-gorach\/#breadcrumb"},"inLanguage":"pl-PL","potentialAction":[{"@type":"ReadAction","target":["https:\/\/www.saleweselne.com\/blog\/gdzie-zorganizowac-wesele-w-gorach\/"]}]},{"@type":"ImageObject","inLanguage":"pl-PL","@id":"https:\/\/www.saleweselne.com\/blog\/gdzie-zorganizowac-wesele-w-gorach\/#primaryimage","url":"https:\/\/www.saleweselne.com\/blog\/wp-content\/uploads\/2025\/01\/wedding-dreamz-e7EJG019-rQ-unsplash-1.jpg","contentUrl":"https:\/\/www.saleweselne.com\/blog\/wp-content\/uploads\/2025\/01\/wedding-dreamz-e7EJG019-rQ-unsplash-1.jpg","width":2398,"height":1600},{"@type":"BreadcrumbList","@id":"https:\/\/www.saleweselne.com\/blog\/gdzie-zorganizowac-wesele-w-gorach\/#breadcrumb","itemListElement":[{"@type":"ListItem","position":1,"name":"Strona g\u0142\u00f3wna","item":"https:\/\/www.saleweselne.com\/blog\/"},{"@type":"ListItem","position":2,"name":"Gdzie zorganizowa\u0107 wesele w g\u00f3rach?"}]},{"@type":"WebSite","@id":"https:\/\/www.saleweselne.com\/blog\/#website","url":"https:\/\/www.saleweselne.com\/blog\/","name":"SaleWeselne.com","description":"Blog Bran\u017cy Weselnej - Sprawd\u017a najpi\u0119kniejsze sale weselne oraz motywy \u015blubne. Poznaj praktyczne porady, jak zorganizowa\u0107 wymarzone wesele!","publisher":{"@id":"https:\/\/www.saleweselne.com\/blog\/#organization"},"potentialAction":[{"@type":"SearchAction","target":{"@type":"EntryPoint","urlTemplate":"https:\/\/www.saleweselne.com\/blog\/?s={search_term_string}"},"query-input":{"@type":"PropertyValueSpecification","valueRequired":true,"valueName":"search_term_string"}}],"inLanguage":"pl-PL"},{"@type":"Organization","@id":"https:\/\/www.saleweselne.com\/blog\/#organization","name":"SaleWeselne.com","url":"https:\/\/www.saleweselne.com\/blog\/","logo":{"@type":"ImageObject","inLanguage":"pl-PL","@id":"https:\/\/www.saleweselne.com\/blog\/#\/schema\/logo\/image\/","url":"https:\/\/www.saleweselne.com\/blog\/wp-content\/uploads\/2021\/03\/saleweselne-logotyp-RGB-bez-tla-2.png","contentUrl":"https:\/\/www.saleweselne.com\/blog\/wp-content\/uploads\/2021\/03\/saleweselne-logotyp-RGB-bez-tla-2.png","width":625,"height":150,"caption":"SaleWeselne.com"},"image":{"@id":"https:\/\/www.saleweselne.com\/blog\/#\/schema\/logo\/image\/"}},{"@type":"Person","@id":"https:\/\/www.saleweselne.com\/blog\/#\/schema\/person\/4b2f139471122a3ea7ac0a68d919043a","name":"Natalia Bielicka","url":"https:\/\/www.saleweselne.com\/blog\/author\/natalia\/"}]}},"_links":{"self":[{"href":"https:\/\/www.saleweselne.com\/blog\/wp-json\/wp\/v2\/posts\/4029","targetHints":{"allow":["GET"]}}],"collection":[{"href":"https:\/\/www.saleweselne.com\/blog\/wp-json\/wp\/v2\/posts"}],"about":[{"href":"https:\/\/www.saleweselne.com\/blog\/wp-json\/wp\/v2\/types\/post"}],"author":[{"embeddable":true,"href":"https:\/\/www.saleweselne.com\/blog\/wp-json\/wp\/v2\/users\/10"}],"replies":[{"embeddable":true,"href":"https:\/\/www.saleweselne.com\/blog\/wp-json\/wp\/v2\/comments?post=4029"}],"version-history":[{"count":1,"href":"https:\/\/www.saleweselne.com\/blog\/wp-json\/wp\/v2\/posts\/4029\/revisions"}],"predecessor-version":[{"id":4038,"href":"https:\/\/www.saleweselne.com\/blog\/wp-json\/wp\/v2\/posts\/4029\/revisions\/4038"}],"wp:featuredmedia":[{"embeddable":true,"href":"https:\/\/www.saleweselne.com\/blog\/wp-json\/wp\/v2\/media\/4030"}],"wp:attachment":[{"href":"https:\/\/www.saleweselne.com\/blog\/wp-json\/wp\/v2\/media?parent=4029"}],"wp:term":[{"taxonomy":"category","embeddable":true,"href":"https:\/\/www.saleweselne.com\/blog\/wp-json\/wp\/v2\/categories?post=4029"},{"taxonomy":"post_tag","embeddable":true,"href":"https:\/\/www.saleweselne.com\/blog\/wp-json\/wp\/v2\/tags?post=4029"}],"curies":[{"name":"wp","href":"https:\/\/api.w.org\/{rel}","templated":true}]}}