{"id":4111,"date":"2025-04-09T12:29:14","date_gmt":"2025-04-09T10:29:14","guid":{"rendered":"https:\/\/www.saleweselne.com\/blog\/?p=4111"},"modified":"2025-04-09T12:29:14","modified_gmt":"2025-04-09T10:29:14","slug":"idealne-wlosy-na-slub-jakie-maski-do-wlosow-zapewnia-ci-blask-na-wielki-dzien","status":"publish","type":"post","link":"https:\/\/www.saleweselne.com\/blog\/idealne-wlosy-na-slub-jakie-maski-do-wlosow-zapewnia-ci-blask-na-wielki-dzien\/","title":{"rendered":"Idealne w\u0142osy na \u015blub: jakie maski do w\u0142os\u00f3w zapewni\u0105 Ci blask na wielki dzie\u0144?"},"content":{"rendered":"<p><strong>Planujesz sw\u00f3j wielki dzie\u0144 i chcesz, aby Twoje w\u0142osy ol\u015bniewa\u0142y zdrowiem i blaskiem? Kluczem do sukcesu jest odpowiednia piel\u0119gnacja na kilka tygodni przed \u015blubem! Od nawil\u017caj\u0105cych masek pe\u0142nych keratyny i naturalnych olej\u00f3w po ograniczenie stylizacji na gor\u0105co \u2013 sprawdzone metody pomog\u0105 wzmocni\u0107 struktur\u0119 pasm i nada\u0107 im jedwabist\u0105 mi\u0119kko\u015b\u0107. Przygotuj swoje w\u0142osy na \u015blub z trosk\u0105 o detale, by cieszy\u0107 si\u0119 perfekcyjnym wygl\u0105dem w tym wyj\u0105tkowym dniu!<\/strong><\/p>\n<h2><b>Jak przygotowa\u0107 w\u0142osy na \u015blub, aby wygl\u0105da\u0142y zdrowo i l\u015bni\u0105co?<\/b><\/h2>\n<p><span style=\"font-weight: 400;\">Aby w\u0142osy w dniu \u015blubu prezentowa\u0142y si\u0119 zdrowo i zachwyca\u0142y blaskiem, warto zadba\u0107 o nie odpowiednio wcze\u015bnie. Ju\u017c kilka tygodni przed uroczysto\u015bci\u0105 dobrze jest regularnie stosowa\u0107 od\u017cywcze maski oraz nawil\u017caj\u0105ce od\u017cywki. Dzi\u0119ki temu kosmyki stan\u0105 si\u0119 bardziej elastyczne, a ich struktura zostanie wzmocniona. Warto wybiera\u0107 produkty bogate w sk\u0142adniki takie jak <\/span><b>keratyna<\/b><span style=\"font-weight: 400;\">, <\/span><b>oleje ro\u015blinne<\/b><span style=\"font-weight: 400;\"> czy <\/span><b>witaminy<\/b><span style=\"font-weight: 400;\">, kt\u00f3re dostarcz\u0105 im niezb\u0119dnych substancji.<\/span><\/p>\n<p><span style=\"font-weight: 400;\">R\u00f3wnie istotne jest ograniczenie intensywnej stylizacji przy u\u017cyciu prostownic, lok\u00f3wek czy suszarek z wysok\u0105 temperatur\u0105, kt\u00f3re mog\u0105 przesusza\u0107 i os\u0142abia\u0107 w\u0142osy. Aby fryzura wygl\u0105da\u0142a zdrowo i \u015bwie\u017co, dobrze jest regularnie podcina\u0107 ko\u0144c\u00f3wki \u2013 najlepiej co <\/span><b>6-8 tygodni<\/b><span style=\"font-weight: 400;\">. To skuteczny spos\u00f3b na pozbycie si\u0119 rozdwojonych ko\u0144c\u00f3wek i zachowanie estetycznego wygl\u0105du. Zastan\u00f3w si\u0119 tak\u017ce nad zakupem profesjonalnych kosmetyk\u00f3w dopasowanych do Twojego rodzaju w\u0142os\u00f3w. <\/span><b>Szampony bez siarczan\u00f3w<\/b><span style=\"font-weight: 400;\">, <\/span><b>od\u017cywki bogate w emolienty<\/b><span style=\"font-weight: 400;\"> czy <\/span><b>serum ochronne<\/b><span style=\"font-weight: 400;\"> to \u015bwietni sprzymierze\u0144cy w poprawie kondycji pasm. Je\u015bli chcesz jeszcze bardziej je zregenerowa\u0107, warto rozwa\u017cy\u0107 wizyt\u0119 u fryzjera i skorzystanie z zabieg\u00f3w takich jak <\/span><b>botoks na w\u0142osy<\/b><span style=\"font-weight: 400;\"> czy <\/span><b>keratynowe prostowanie<\/b><span style=\"font-weight: 400;\">. Nie zapominaj te\u017c o wp\u0142ywie diety na kondycj\u0119 w\u0142os\u00f3w \u2013 spo\u017cywanie produkt\u00f3w zawieraj\u0105cych <\/span><b>biotyn\u0119<\/b><span style=\"font-weight: 400;\">, <\/span><b>cynk<\/b><span style=\"font-weight: 400;\"> oraz <\/span><b>kwasy omega-3<\/b><span style=\"font-weight: 400;\"> znacz\u0105co wspiera ich wzrost i nadaje im naturalny po\u0142ysk. Pami\u0119taj r\u00f3wnie\u017c o odpowiednim nawodnieniu organizmu \u2013 picie wystarczaj\u0105cej ilo\u015bci wody sprzyja nawil\u017ceniu zar\u00f3wno sk\u00f3ry, jak i w\u0142os\u00f3w. Systematyczna piel\u0119gnacja przez kilka tygodni przed \u015blubem to niezawodny spos\u00f3b na osi\u0105gni\u0119cie wymarzonego efektu. Dzi\u0119ki temu Twoje w\u0142osy b\u0119d\u0105 wygl\u0105da\u0107 ol\u015bniewaj\u0105co i perfekcyjnie dope\u0142ni\u0105 ka\u017cd\u0105 \u015blubn\u0105 stylizacj\u0119.<\/span><\/p>\n<h2><b>Dlaczego nawil\u017cenie i regeneracja w\u0142os\u00f3w s\u0105 kluczowe przed \u015blubem?<\/b><\/h2>\n<p><span style=\"font-weight: 400;\">Zdrowe, dobrze nawil\u017cone w\u0142osy to fundament pi\u0119kna panny m\u0142odej w dniu \u015blubu. Odpowiednia piel\u0119gnacja zapewnia im elastyczno\u015b\u0107 i wi\u0119ksz\u0105 odporno\u015b\u0107 na \u0142amanie, co sprawia, \u017ce fryzura zachowuje sw\u00f3j kszta\u0142t przez ca\u0142y dzie\u0144 \u2013 szczeg\u00f3lnie wa\u017cne podczas tak pe\u0142nego emocji wydarzenia. Proces regeneracji pozwala odbudowa\u0107 struktur\u0119 w\u0142os\u00f3w, os\u0142abion\u0105 przez cz\u0119st\u0105 stylizacj\u0119, farbowanie czy szkodliwe czynniki zewn\u0119trzne, takie jak s\u0142o\u0144ce. Przywraca pasmom <\/span><b>naturalny blask<\/b><span style=\"font-weight: 400;\"> i <\/span><b>mi\u0119kko\u015b\u0107<\/b><span style=\"font-weight: 400;\">, nadaj\u0105c im zdrowy oraz zadbany wygl\u0105d. Gdy w\u0142osy s\u0105 w dobrej kondycji, \u0142atwiej je uk\u0142ada\u0107, a efekty stylizacji prezentuj\u0105 si\u0119 znakomicie. Przed wielkim dniem warto regularnie si\u0119ga\u0107 po maski regeneruj\u0105ce zawieraj\u0105ce:<\/span><\/p>\n<ul>\n<li style=\"font-weight: 400;\" aria-level=\"1\"><span style=\"font-weight: 400;\">keratyn\u0119,<\/span><\/li>\n<li style=\"font-weight: 400;\" aria-level=\"1\"><span style=\"font-weight: 400;\">proteiny jedwabiu,<\/span><\/li>\n<li style=\"font-weight: 400;\" aria-level=\"1\"><span style=\"font-weight: 400;\">naturalne oleje.<\/span><\/li>\n<\/ul>\n<p><span style=\"font-weight: 400;\">Te sk\u0142adniki wzmacniaj\u0105 struktur\u0119 w\u0142osa, przywracaj\u0105c mu <\/span><b>g\u0142adko\u015b\u0107<\/b><span style=\"font-weight: 400;\"> i <\/span><b>l\u015bnienie<\/b><span style=\"font-weight: 400;\">. Z kolei od\u017cywki nawil\u017caj\u0105ce wzbogacone humektantami, takimi jak gliceryna b\u0105d\u017a aloes, pomagaj\u0105 zatrzyma\u0107 wilgo\u0107 wewn\u0105trz pasm. Rozpocz\u0119cie intensywnej piel\u0119gnacji z odpowiednim wyprzedzeniem nie tylko gwarantuje zniewalaj\u0105cy efekt w dniu \u015blubu, ale r\u00f3wnie\u017c chroni w\u0142osy przed uszkodzeniami wynikaj\u0105cymi z wymagaj\u0105cej stylizacji czy skomplikowanych upi\u0119\u0107. Dzi\u0119ki temu panna m\u0142oda mo\u017ce promieniowa\u0107 <\/span><b>pewno\u015bci\u0105 siebie<\/b><span style=\"font-weight: 400;\"> i cieszy\u0107 si\u0119 swoim wygl\u0105dem podczas tej wyj\u0105tkowej chwili.<\/span><\/p>\n<h2><b>Jak olejowanie w\u0142os\u00f3w mo\u017ce poprawi\u0107 ich wygl\u0105d przed \u015blubem?<\/b><\/h2>\n<p><span style=\"font-weight: 400;\">Olejowanie w\u0142os\u00f3w to niezawodny spos\u00f3b na popraw\u0119 ich kondycji przed \u015blubem. Regularne stosowanie olej\u00f3w sprawia, \u017ce staj\u0105 si\u0119 one bardziej l\u015bni\u0105ce, elastyczne i mniej podatne na uszkodzenia. Produkty te dostarczaj\u0105 w\u0142osom cennych substancji od\u017cywczych, takich jak <\/span><b>witaminy<\/b><span style=\"font-weight: 400;\">, <\/span><b>kwasy t\u0142uszczowe<\/b><span style=\"font-weight: 400;\"> czy <\/span><b>antyoksydanty<\/b><span style=\"font-weight: 400;\">, kt\u00f3re wzmacniaj\u0105 ich struktur\u0119 i chroni\u0105 przed przesuszeniem. Ten prosty zabieg nie tylko regeneruje, ale tak\u017ce g\u0142\u0119boko nawil\u017ca w\u0142osy, nadaj\u0105c im mi\u0119kko\u015b\u0107 oraz spr\u0119\u017cysto\u015b\u0107. To szczeg\u00f3lnie istotne podczas przygotowa\u0144 do \u015blubu \u2013 dobrze nawil\u017cone pasma \u0142atwiej si\u0119 uk\u0142adaj\u0105 i lepiej trzymaj\u0105 form\u0119, zachowuj\u0105c przy tym elegancki wygl\u0105d bez efektu puszenia. Olejowanie dodatkowo wyg\u0142adza powierzchni\u0119 w\u0142os\u00f3w, dzi\u0119ki czemu fryzura prezentuje si\u0119 schludnie i stylowo. Do piel\u0119gnacji przed\u015blubnej cz\u0119sto wybierane s\u0105 oleje takie jak:<\/span><\/p>\n<ul>\n<li style=\"font-weight: 400;\" aria-level=\"1\"><span style=\"font-weight: 400;\">arganowy regeneruje ko\u0144c\u00f3wki oraz dodaje blasku,<\/span><\/li>\n<li style=\"font-weight: 400;\" aria-level=\"1\"><span style=\"font-weight: 400;\">kokosowy intensywnie nawil\u017ca i wzmacnia struktur\u0119 pasm,<\/span><\/li>\n<li style=\"font-weight: 400;\" aria-level=\"1\"><span style=\"font-weight: 400;\">rycynowy wspiera porost nowych w\u0142os\u00f3w,<\/span><\/li>\n<li style=\"font-weight: 400;\" aria-level=\"1\"><span style=\"font-weight: 400;\">migda\u0142owy jest idealnym rozwi\u0105zaniem dla os\u00f3b z przesuszon\u0105 sk\u00f3r\u0105 g\u0142owy.<\/span><\/li>\n<\/ul>\n<p><span style=\"font-weight: 400;\">Aby uzyska\u0107 najlepsze rezultaty, warto rozpocz\u0105\u0107 regularne olejowanie oko\u0142o <\/span><b>6-8 tygodni<\/b><span style=\"font-weight: 400;\"> przed \u015blubem. Olej mo\u017cna aplikowa\u0107 na ca\u0142e w\u0142osy lub jedynie na d\u0142ugo\u015bci b\u0105d\u017a ko\u0144c\u00f3wkach \u2013 w zale\u017cno\u015bci od indywidualnych potrzeb. Po up\u0142ywie <\/span><b>1-2 godzin<\/b><span style=\"font-weight: 400;\"> nale\u017cy go dok\u0142adnie sp\u0142uka\u0107 lub zostawi\u0107 na noc dla intensywniejszego dzia\u0142ania. Kluczowe jest jednak unikanie nadmiernego obci\u0105\u017cania pasm.<\/span><\/p>\n<h2><b>Jakie maski do w\u0142os\u00f3w najlepiej sprawdz\u0105 si\u0119 na wielki dzie\u0144?<\/b><\/h2>\n<p><a href=\"https:\/\/www.drmax.pl\/kosmetyki\/do-wlosow\/maski-do-wlosow\"><span style=\"font-weight: 400;\">Maski do w\u0142os\u00f3w<\/span><\/a><span style=\"font-weight: 400;\"> na specjalne okazje powinny przede wszystkim dog\u0142\u0119bnie nawil\u017ca\u0107 i regenerowa\u0107 kosmyki. Najlepszym wyborem s\u0105 produkty oparte na naturalnych sk\u0142adnikach, takich jak oleje ro\u015blinne (np. arganowy, kokosowy), mas\u0142a (chocia\u017cby shea) czy proteiny wspieraj\u0105ce odbudow\u0119 struktury w\u0142osa. Szczeg\u00f3lnie polecane s\u0105 maski z keratyn\u0105, kt\u00f3re doskonale regeneruj\u0105 uszkodzone pasma, nadaj\u0105c im g\u0142adko\u015b\u0107 i elastyczno\u015b\u0107.<\/span><\/p>\n<p><span style=\"font-weight: 400;\">W przypadku suchych lub zniszczonych w\u0142os\u00f3w idealnym rozwi\u0105zaniem b\u0119d\u0105 maski wzbogacone <\/span><b>aloesem<\/b><span style=\"font-weight: 400;\"> lub <\/span><b>miodem<\/b><span style=\"font-weight: 400;\">. Te naturalne sk\u0142adniki intensywnie nawil\u017caj\u0105 i od\u017cywiaj\u0105. Aloes pomaga zatrzyma\u0107 wilgo\u0107 w g\u0142\u0119bi w\u0142osa, natomiast mi\u00f3d zapewnia mi\u0119kko\u015b\u0107 i subtelny po\u0142ysk. Regularne stosowanie takich produkt\u00f3w przez kilka tygodni przed wa\u017cnym wydarzeniem znacz\u0105co poprawia kondycj\u0119 fryzury \u2013 sprawia, \u017ce w\u0142osy staj\u0105 si\u0119 bardziej podatne na uk\u0142adanie i wygl\u0105daj\u0105 zdrowiej. Profesjonalne maski dost\u0119pne w salonach fryzjerskich to \u015bwietna opcja dla os\u00f3b szukaj\u0105cych czego\u015b bardziej skoncentrowanego. Ich formu\u0142y obfituj\u0105 w sk\u0142adniki aktywne, takie jak <\/span><b>ceramidy<\/b><span style=\"font-weight: 400;\"> czy <\/span><b>witaminy z grupy B<\/b><span style=\"font-weight: 400;\">, kt\u00f3re kompleksowo odbudowuj\u0105 pasma od wewn\u0105trz, jednocze\u015bnie chroni\u0105c je przed negatywnymi czynnikami zewn\u0119trznymi. Dla uzyskania najlepszych efekt\u00f3w warto stosowa\u0107 mask\u0119 regularnie \u2013 przynajmniej raz w tygodniu przez <\/span><b>6 do 8 tygodni<\/b><span style=\"font-weight: 400;\"> przed planowan\u0105 uroczysto\u015bci\u0105. Dzi\u0119ki temu w\u0142osy nabior\u0105 blasku, stan\u0105 si\u0119 jedwabi\u015bcie mi\u0119kkie i odpowiednio przygotowane do wymagaj\u0105cych stylizacji oraz trwa\u0142ych upi\u0119\u0107.<\/span><\/p>\n<p>ARTYKU\u0141 SPONSOROWANY<\/p>\n","protected":false},"excerpt":{"rendered":"<p>Planujesz sw\u00f3j wielki dzie\u0144 i chcesz, aby Twoje w\u0142osy ol\u015bniewa\u0142y zdrowiem i blaskiem? Kluczem do sukcesu jest odpowiednia piel\u0119gnacja na kilka tygodni przed \u015blubem!<\/p>\n","protected":false},"author":7,"featured_media":4112,"comment_status":"closed","ping_status":"closed","sticky":false,"template":"","format":"standard","meta":{"footnotes":""},"categories":[196,200],"tags":[257,175,215],"class_list":["post-4111","post","type-post","status-publish","format-standard","has-post-thumbnail","hentry","category-makijaz-fryzura","category-stroj-weselny","tag-panna-mloda","tag-planowanie-wesela","tag-weselna-stylizacja"],"yoast_head":"<!-- This site is optimized with the Yoast SEO plugin v27.5 - https:\/\/yoast.com\/product\/yoast-seo-wordpress\/ -->\n<title>Idealne w\u0142osy na \u015blub: jakie maski do w\u0142os\u00f3w zapewni\u0105 Ci blask na wielki dzie\u0144? - blog SaleWeselne.com<\/title>\n<meta name=\"description\" content=\"Idealne w\u0142osy na \u015blub: jakie maski do w\u0142os\u00f3w zapewni\u0105 Ci blask na wielki dzie\u0144? - blog SaleWeselne.com\" \/>\n<meta name=\"robots\" content=\"index, follow, max-snippet:-1, max-image-preview:large, max-video-preview:-1\" \/>\n<link rel=\"canonical\" href=\"https:\/\/www.saleweselne.com\/blog\/idealne-wlosy-na-slub-jakie-maski-do-wlosow-zapewnia-ci-blask-na-wielki-dzien\/\" \/>\n<meta property=\"og:locale\" content=\"pl_PL\" \/>\n<meta property=\"og:type\" content=\"article\" \/>\n<meta property=\"og:title\" content=\"Idealne w\u0142osy na \u015blub: jakie maski do w\u0142os\u00f3w zapewni\u0105 Ci blask na wielki dzie\u0144? - blog SaleWeselne.com\" \/>\n<meta property=\"og:description\" content=\"Idealne w\u0142osy na \u015blub: jakie maski do w\u0142os\u00f3w zapewni\u0105 Ci blask na wielki dzie\u0144? - blog SaleWeselne.com\" \/>\n<meta property=\"og:url\" content=\"https:\/\/www.saleweselne.com\/blog\/idealne-wlosy-na-slub-jakie-maski-do-wlosow-zapewnia-ci-blask-na-wielki-dzien\/\" \/>\n<meta property=\"og:site_name\" content=\"SaleWeselne.com\" \/>\n<meta property=\"article:published_time\" content=\"2025-04-09T10:29:14+00:00\" \/>\n<meta property=\"og:image\" content=\"https:\/\/www.saleweselne.com\/blog\/wp-content\/uploads\/2025\/04\/adobestock_965544271-scaled.jpg\" \/>\n\t<meta property=\"og:image:width\" content=\"2560\" \/>\n\t<meta property=\"og:image:height\" content=\"1811\" \/>\n\t<meta property=\"og:image:type\" content=\"image\/jpeg\" \/>\n<meta name=\"author\" content=\"Darek\" \/>\n<meta name=\"twitter:card\" content=\"summary_large_image\" \/>\n<meta name=\"twitter:label1\" content=\"Napisane przez\" \/>\n\t<meta name=\"twitter:data1\" content=\"Darek\" \/>\n\t<meta name=\"twitter:label2\" content=\"Szacowany czas czytania\" \/>\n\t<meta name=\"twitter:data2\" content=\"6 minut\" \/>\n<script type=\"application\/ld+json\" class=\"yoast-schema-graph\">{\"@context\":\"https:\\\/\\\/schema.org\",\"@graph\":[{\"@type\":\"Article\",\"@id\":\"https:\\\/\\\/www.saleweselne.com\\\/blog\\\/idealne-wlosy-na-slub-jakie-maski-do-wlosow-zapewnia-ci-blask-na-wielki-dzien\\\/#article\",\"isPartOf\":{\"@id\":\"https:\\\/\\\/www.saleweselne.com\\\/blog\\\/idealne-wlosy-na-slub-jakie-maski-do-wlosow-zapewnia-ci-blask-na-wielki-dzien\\\/\"},\"author\":{\"name\":\"Darek\",\"@id\":\"https:\\\/\\\/www.saleweselne.com\\\/blog\\\/#\\\/schema\\\/person\\\/0e924cd9ceaca06a0d75928575d0f95a\"},\"headline\":\"Idealne w\u0142osy na \u015blub: jakie maski do w\u0142os\u00f3w zapewni\u0105 Ci blask na wielki dzie\u0144?\",\"datePublished\":\"2025-04-09T10:29:14+00:00\",\"mainEntityOfPage\":{\"@id\":\"https:\\\/\\\/www.saleweselne.com\\\/blog\\\/idealne-wlosy-na-slub-jakie-maski-do-wlosow-zapewnia-ci-blask-na-wielki-dzien\\\/\"},\"wordCount\":1162,\"publisher\":{\"@id\":\"https:\\\/\\\/www.saleweselne.com\\\/blog\\\/#organization\"},\"image\":{\"@id\":\"https:\\\/\\\/www.saleweselne.com\\\/blog\\\/idealne-wlosy-na-slub-jakie-maski-do-wlosow-zapewnia-ci-blask-na-wielki-dzien\\\/#primaryimage\"},\"thumbnailUrl\":\"https:\\\/\\\/www.saleweselne.com\\\/blog\\\/wp-content\\\/uploads\\\/2025\\\/04\\\/adobestock_965544271-scaled.jpg\",\"keywords\":[\"Panna M\u0142oda\",\"planowanie wesela\",\"weselna stylizacja\"],\"articleSection\":[\"Makija\u017c\\\/fryzura\",\"Str\u00f3j weselny\"],\"inLanguage\":\"pl-PL\"},{\"@type\":\"WebPage\",\"@id\":\"https:\\\/\\\/www.saleweselne.com\\\/blog\\\/idealne-wlosy-na-slub-jakie-maski-do-wlosow-zapewnia-ci-blask-na-wielki-dzien\\\/\",\"url\":\"https:\\\/\\\/www.saleweselne.com\\\/blog\\\/idealne-wlosy-na-slub-jakie-maski-do-wlosow-zapewnia-ci-blask-na-wielki-dzien\\\/\",\"name\":\"Idealne w\u0142osy na \u015blub: jakie maski do w\u0142os\u00f3w zapewni\u0105 Ci blask na wielki dzie\u0144? - blog SaleWeselne.com\",\"isPartOf\":{\"@id\":\"https:\\\/\\\/www.saleweselne.com\\\/blog\\\/#website\"},\"primaryImageOfPage\":{\"@id\":\"https:\\\/\\\/www.saleweselne.com\\\/blog\\\/idealne-wlosy-na-slub-jakie-maski-do-wlosow-zapewnia-ci-blask-na-wielki-dzien\\\/#primaryimage\"},\"image\":{\"@id\":\"https:\\\/\\\/www.saleweselne.com\\\/blog\\\/idealne-wlosy-na-slub-jakie-maski-do-wlosow-zapewnia-ci-blask-na-wielki-dzien\\\/#primaryimage\"},\"thumbnailUrl\":\"https:\\\/\\\/www.saleweselne.com\\\/blog\\\/wp-content\\\/uploads\\\/2025\\\/04\\\/adobestock_965544271-scaled.jpg\",\"datePublished\":\"2025-04-09T10:29:14+00:00\",\"description\":\"Idealne w\u0142osy na \u015blub: jakie maski do w\u0142os\u00f3w zapewni\u0105 Ci blask na wielki dzie\u0144? - blog SaleWeselne.com\",\"breadcrumb\":{\"@id\":\"https:\\\/\\\/www.saleweselne.com\\\/blog\\\/idealne-wlosy-na-slub-jakie-maski-do-wlosow-zapewnia-ci-blask-na-wielki-dzien\\\/#breadcrumb\"},\"inLanguage\":\"pl-PL\",\"potentialAction\":[{\"@type\":\"ReadAction\",\"target\":[\"https:\\\/\\\/www.saleweselne.com\\\/blog\\\/idealne-wlosy-na-slub-jakie-maski-do-wlosow-zapewnia-ci-blask-na-wielki-dzien\\\/\"]}]},{\"@type\":\"ImageObject\",\"inLanguage\":\"pl-PL\",\"@id\":\"https:\\\/\\\/www.saleweselne.com\\\/blog\\\/idealne-wlosy-na-slub-jakie-maski-do-wlosow-zapewnia-ci-blask-na-wielki-dzien\\\/#primaryimage\",\"url\":\"https:\\\/\\\/www.saleweselne.com\\\/blog\\\/wp-content\\\/uploads\\\/2025\\\/04\\\/adobestock_965544271-scaled.jpg\",\"contentUrl\":\"https:\\\/\\\/www.saleweselne.com\\\/blog\\\/wp-content\\\/uploads\\\/2025\\\/04\\\/adobestock_965544271-scaled.jpg\",\"width\":2560,\"height\":1811},{\"@type\":\"BreadcrumbList\",\"@id\":\"https:\\\/\\\/www.saleweselne.com\\\/blog\\\/idealne-wlosy-na-slub-jakie-maski-do-wlosow-zapewnia-ci-blask-na-wielki-dzien\\\/#breadcrumb\",\"itemListElement\":[{\"@type\":\"ListItem\",\"position\":1,\"name\":\"Strona g\u0142\u00f3wna\",\"item\":\"https:\\\/\\\/www.saleweselne.com\\\/blog\\\/\"},{\"@type\":\"ListItem\",\"position\":2,\"name\":\"Idealne w\u0142osy na \u015blub: jakie maski do w\u0142os\u00f3w zapewni\u0105 Ci blask na wielki dzie\u0144?\"}]},{\"@type\":\"WebSite\",\"@id\":\"https:\\\/\\\/www.saleweselne.com\\\/blog\\\/#website\",\"url\":\"https:\\\/\\\/www.saleweselne.com\\\/blog\\\/\",\"name\":\"SaleWeselne.com\",\"description\":\"Blog Bran\u017cy Weselnej - Sprawd\u017a najpi\u0119kniejsze sale weselne oraz motywy \u015blubne. Poznaj praktyczne porady, jak zorganizowa\u0107 wymarzone wesele!\",\"publisher\":{\"@id\":\"https:\\\/\\\/www.saleweselne.com\\\/blog\\\/#organization\"},\"potentialAction\":[{\"@type\":\"SearchAction\",\"target\":{\"@type\":\"EntryPoint\",\"urlTemplate\":\"https:\\\/\\\/www.saleweselne.com\\\/blog\\\/?s={search_term_string}\"},\"query-input\":{\"@type\":\"PropertyValueSpecification\",\"valueRequired\":true,\"valueName\":\"search_term_string\"}}],\"inLanguage\":\"pl-PL\"},{\"@type\":\"Organization\",\"@id\":\"https:\\\/\\\/www.saleweselne.com\\\/blog\\\/#organization\",\"name\":\"SaleWeselne.com\",\"url\":\"https:\\\/\\\/www.saleweselne.com\\\/blog\\\/\",\"logo\":{\"@type\":\"ImageObject\",\"inLanguage\":\"pl-PL\",\"@id\":\"https:\\\/\\\/www.saleweselne.com\\\/blog\\\/#\\\/schema\\\/logo\\\/image\\\/\",\"url\":\"https:\\\/\\\/www.saleweselne.com\\\/blog\\\/wp-content\\\/uploads\\\/2021\\\/03\\\/saleweselne-logotyp-RGB-bez-tla-2.png\",\"contentUrl\":\"https:\\\/\\\/www.saleweselne.com\\\/blog\\\/wp-content\\\/uploads\\\/2021\\\/03\\\/saleweselne-logotyp-RGB-bez-tla-2.png\",\"width\":625,\"height\":150,\"caption\":\"SaleWeselne.com\"},\"image\":{\"@id\":\"https:\\\/\\\/www.saleweselne.com\\\/blog\\\/#\\\/schema\\\/logo\\\/image\\\/\"}},{\"@type\":\"Person\",\"@id\":\"https:\\\/\\\/www.saleweselne.com\\\/blog\\\/#\\\/schema\\\/person\\\/0e924cd9ceaca06a0d75928575d0f95a\",\"name\":\"Darek\",\"url\":\"https:\\\/\\\/www.saleweselne.com\\\/blog\\\/author\\\/darek\\\/\"}]}<\/script>\n<!-- \/ Yoast SEO plugin. -->","yoast_head_json":{"title":"Idealne w\u0142osy na \u015blub: jakie maski do w\u0142os\u00f3w zapewni\u0105 Ci blask na wielki dzie\u0144? - blog SaleWeselne.com","description":"Idealne w\u0142osy na \u015blub: jakie maski do w\u0142os\u00f3w zapewni\u0105 Ci blask na wielki dzie\u0144? - blog SaleWeselne.com","robots":{"index":"index","follow":"follow","max-snippet":"max-snippet:-1","max-image-preview":"max-image-preview:large","max-video-preview":"max-video-preview:-1"},"canonical":"https:\/\/www.saleweselne.com\/blog\/idealne-wlosy-na-slub-jakie-maski-do-wlosow-zapewnia-ci-blask-na-wielki-dzien\/","og_locale":"pl_PL","og_type":"article","og_title":"Idealne w\u0142osy na \u015blub: jakie maski do w\u0142os\u00f3w zapewni\u0105 Ci blask na wielki dzie\u0144? - blog SaleWeselne.com","og_description":"Idealne w\u0142osy na \u015blub: jakie maski do w\u0142os\u00f3w zapewni\u0105 Ci blask na wielki dzie\u0144? - blog SaleWeselne.com","og_url":"https:\/\/www.saleweselne.com\/blog\/idealne-wlosy-na-slub-jakie-maski-do-wlosow-zapewnia-ci-blask-na-wielki-dzien\/","og_site_name":"SaleWeselne.com","article_published_time":"2025-04-09T10:29:14+00:00","og_image":[{"width":2560,"height":1811,"url":"https:\/\/www.saleweselne.com\/blog\/wp-content\/uploads\/2025\/04\/adobestock_965544271-scaled.jpg","type":"image\/jpeg"}],"author":"Darek","twitter_card":"summary_large_image","twitter_misc":{"Napisane przez":"Darek","Szacowany czas czytania":"6 minut"},"schema":{"@context":"https:\/\/schema.org","@graph":[{"@type":"Article","@id":"https:\/\/www.saleweselne.com\/blog\/idealne-wlosy-na-slub-jakie-maski-do-wlosow-zapewnia-ci-blask-na-wielki-dzien\/#article","isPartOf":{"@id":"https:\/\/www.saleweselne.com\/blog\/idealne-wlosy-na-slub-jakie-maski-do-wlosow-zapewnia-ci-blask-na-wielki-dzien\/"},"author":{"name":"Darek","@id":"https:\/\/www.saleweselne.com\/blog\/#\/schema\/person\/0e924cd9ceaca06a0d75928575d0f95a"},"headline":"Idealne w\u0142osy na \u015blub: jakie maski do w\u0142os\u00f3w zapewni\u0105 Ci blask na wielki dzie\u0144?","datePublished":"2025-04-09T10:29:14+00:00","mainEntityOfPage":{"@id":"https:\/\/www.saleweselne.com\/blog\/idealne-wlosy-na-slub-jakie-maski-do-wlosow-zapewnia-ci-blask-na-wielki-dzien\/"},"wordCount":1162,"publisher":{"@id":"https:\/\/www.saleweselne.com\/blog\/#organization"},"image":{"@id":"https:\/\/www.saleweselne.com\/blog\/idealne-wlosy-na-slub-jakie-maski-do-wlosow-zapewnia-ci-blask-na-wielki-dzien\/#primaryimage"},"thumbnailUrl":"https:\/\/www.saleweselne.com\/blog\/wp-content\/uploads\/2025\/04\/adobestock_965544271-scaled.jpg","keywords":["Panna M\u0142oda","planowanie wesela","weselna stylizacja"],"articleSection":["Makija\u017c\/fryzura","Str\u00f3j weselny"],"inLanguage":"pl-PL"},{"@type":"WebPage","@id":"https:\/\/www.saleweselne.com\/blog\/idealne-wlosy-na-slub-jakie-maski-do-wlosow-zapewnia-ci-blask-na-wielki-dzien\/","url":"https:\/\/www.saleweselne.com\/blog\/idealne-wlosy-na-slub-jakie-maski-do-wlosow-zapewnia-ci-blask-na-wielki-dzien\/","name":"Idealne w\u0142osy na \u015blub: jakie maski do w\u0142os\u00f3w zapewni\u0105 Ci blask na wielki dzie\u0144? - blog SaleWeselne.com","isPartOf":{"@id":"https:\/\/www.saleweselne.com\/blog\/#website"},"primaryImageOfPage":{"@id":"https:\/\/www.saleweselne.com\/blog\/idealne-wlosy-na-slub-jakie-maski-do-wlosow-zapewnia-ci-blask-na-wielki-dzien\/#primaryimage"},"image":{"@id":"https:\/\/www.saleweselne.com\/blog\/idealne-wlosy-na-slub-jakie-maski-do-wlosow-zapewnia-ci-blask-na-wielki-dzien\/#primaryimage"},"thumbnailUrl":"https:\/\/www.saleweselne.com\/blog\/wp-content\/uploads\/2025\/04\/adobestock_965544271-scaled.jpg","datePublished":"2025-04-09T10:29:14+00:00","description":"Idealne w\u0142osy na \u015blub: jakie maski do w\u0142os\u00f3w zapewni\u0105 Ci blask na wielki dzie\u0144? - blog SaleWeselne.com","breadcrumb":{"@id":"https:\/\/www.saleweselne.com\/blog\/idealne-wlosy-na-slub-jakie-maski-do-wlosow-zapewnia-ci-blask-na-wielki-dzien\/#breadcrumb"},"inLanguage":"pl-PL","potentialAction":[{"@type":"ReadAction","target":["https:\/\/www.saleweselne.com\/blog\/idealne-wlosy-na-slub-jakie-maski-do-wlosow-zapewnia-ci-blask-na-wielki-dzien\/"]}]},{"@type":"ImageObject","inLanguage":"pl-PL","@id":"https:\/\/www.saleweselne.com\/blog\/idealne-wlosy-na-slub-jakie-maski-do-wlosow-zapewnia-ci-blask-na-wielki-dzien\/#primaryimage","url":"https:\/\/www.saleweselne.com\/blog\/wp-content\/uploads\/2025\/04\/adobestock_965544271-scaled.jpg","contentUrl":"https:\/\/www.saleweselne.com\/blog\/wp-content\/uploads\/2025\/04\/adobestock_965544271-scaled.jpg","width":2560,"height":1811},{"@type":"BreadcrumbList","@id":"https:\/\/www.saleweselne.com\/blog\/idealne-wlosy-na-slub-jakie-maski-do-wlosow-zapewnia-ci-blask-na-wielki-dzien\/#breadcrumb","itemListElement":[{"@type":"ListItem","position":1,"name":"Strona g\u0142\u00f3wna","item":"https:\/\/www.saleweselne.com\/blog\/"},{"@type":"ListItem","position":2,"name":"Idealne w\u0142osy na \u015blub: jakie maski do w\u0142os\u00f3w zapewni\u0105 Ci blask na wielki dzie\u0144?"}]},{"@type":"WebSite","@id":"https:\/\/www.saleweselne.com\/blog\/#website","url":"https:\/\/www.saleweselne.com\/blog\/","name":"SaleWeselne.com","description":"Blog Bran\u017cy Weselnej - Sprawd\u017a najpi\u0119kniejsze sale weselne oraz motywy \u015blubne. Poznaj praktyczne porady, jak zorganizowa\u0107 wymarzone wesele!","publisher":{"@id":"https:\/\/www.saleweselne.com\/blog\/#organization"},"potentialAction":[{"@type":"SearchAction","target":{"@type":"EntryPoint","urlTemplate":"https:\/\/www.saleweselne.com\/blog\/?s={search_term_string}"},"query-input":{"@type":"PropertyValueSpecification","valueRequired":true,"valueName":"search_term_string"}}],"inLanguage":"pl-PL"},{"@type":"Organization","@id":"https:\/\/www.saleweselne.com\/blog\/#organization","name":"SaleWeselne.com","url":"https:\/\/www.saleweselne.com\/blog\/","logo":{"@type":"ImageObject","inLanguage":"pl-PL","@id":"https:\/\/www.saleweselne.com\/blog\/#\/schema\/logo\/image\/","url":"https:\/\/www.saleweselne.com\/blog\/wp-content\/uploads\/2021\/03\/saleweselne-logotyp-RGB-bez-tla-2.png","contentUrl":"https:\/\/www.saleweselne.com\/blog\/wp-content\/uploads\/2021\/03\/saleweselne-logotyp-RGB-bez-tla-2.png","width":625,"height":150,"caption":"SaleWeselne.com"},"image":{"@id":"https:\/\/www.saleweselne.com\/blog\/#\/schema\/logo\/image\/"}},{"@type":"Person","@id":"https:\/\/www.saleweselne.com\/blog\/#\/schema\/person\/0e924cd9ceaca06a0d75928575d0f95a","name":"Darek","url":"https:\/\/www.saleweselne.com\/blog\/author\/darek\/"}]}},"_links":{"self":[{"href":"https:\/\/www.saleweselne.com\/blog\/wp-json\/wp\/v2\/posts\/4111","targetHints":{"allow":["GET"]}}],"collection":[{"href":"https:\/\/www.saleweselne.com\/blog\/wp-json\/wp\/v2\/posts"}],"about":[{"href":"https:\/\/www.saleweselne.com\/blog\/wp-json\/wp\/v2\/types\/post"}],"author":[{"embeddable":true,"href":"https:\/\/www.saleweselne.com\/blog\/wp-json\/wp\/v2\/users\/7"}],"replies":[{"embeddable":true,"href":"https:\/\/www.saleweselne.com\/blog\/wp-json\/wp\/v2\/comments?post=4111"}],"version-history":[{"count":1,"href":"https:\/\/www.saleweselne.com\/blog\/wp-json\/wp\/v2\/posts\/4111\/revisions"}],"predecessor-version":[{"id":4113,"href":"https:\/\/www.saleweselne.com\/blog\/wp-json\/wp\/v2\/posts\/4111\/revisions\/4113"}],"wp:featuredmedia":[{"embeddable":true,"href":"https:\/\/www.saleweselne.com\/blog\/wp-json\/wp\/v2\/media\/4112"}],"wp:attachment":[{"href":"https:\/\/www.saleweselne.com\/blog\/wp-json\/wp\/v2\/media?parent=4111"}],"wp:term":[{"taxonomy":"category","embeddable":true,"href":"https:\/\/www.saleweselne.com\/blog\/wp-json\/wp\/v2\/categories?post=4111"},{"taxonomy":"post_tag","embeddable":true,"href":"https:\/\/www.saleweselne.com\/blog\/wp-json\/wp\/v2\/tags?post=4111"}],"curies":[{"name":"wp","href":"https:\/\/api.w.org\/{rel}","templated":true}]}}