{"id":4168,"date":"2025-04-30T09:58:20","date_gmt":"2025-04-30T07:58:20","guid":{"rendered":"https:\/\/www.saleweselne.com\/blog\/?p=4168"},"modified":"2025-04-30T10:08:45","modified_gmt":"2025-04-30T08:08:45","slug":"sesja-slubna-w-warszawie-i-okolicach-najpiekniejsze-miejsca","status":"publish","type":"post","link":"https:\/\/www.saleweselne.com\/blog\/sesja-slubna-w-warszawie-i-okolicach-najpiekniejsze-miejsca\/","title":{"rendered":"Sesja \u015blubna w Warszawie i okolicach &#8211; najpi\u0119kniejsze miejsca"},"content":{"rendered":"<p><strong>Planujesz sesj\u0119 \u015blubn\u0105 w <a href=\"https:\/\/www.saleweselne.com\/warszawa?page=1\">Warszawie<\/a> lub niedaleko stolicy i nie wiesz, gdzie si\u0119 uda\u0107? Doskonale Ci\u0119 rozumiemy \u2013 wyb\u00f3r lokalizacji to jeden z wa\u017cniejszych element\u00f3w, kt\u00f3ry wp\u0142ywa nie tylko na estetyk\u0119 zdj\u0119\u0107, ale te\u017c na to, jak para b\u0119dzie si\u0119 czu\u0142a w danym miejscu. A sesja zdj\u0119ciowa to przecie\u017c nie tylko pami\u0105tka \u2013 to r\u00f3wnie\u017c emocje, wspomnienia i magia zatrzymana w kadrze.<\/strong><\/p>\n<p>Z perspektywy pracy w bran\u017cy \u015blubnej, wiemy jedno \u2013 warszawskie plenery potrafi\u0105 zaskoczy\u0107. Nawet pary, kt\u00f3re z g\u00f3ry zak\u0142ada\u0142y wyjazd \u201egdzie\u015b daleko\u201d, cz\u0119sto odkrywaj\u0105 pi\u0119kno&#8230;<strong> tu\u017c za rogiem.<\/strong> Zebrali\u015bmy wi\u0119c najpi\u0119kniejsze, najbardziej klimatyczne i zr\u00f3\u017cnicowane miejsca na sesj\u0119 \u015blubn\u0105 w Warszawie i okolicach. Sprawd\u017a, gdzie warto zabra\u0107 fotografa i ukochan\u0105 osob\u0119.<\/p>\n<h2>\u0141azienki Kr\u00f3lewskie<\/h2>\n<p>To miejsce zna ka\u017cdy, ale nie ka\u017cdy wykorzystuje je w pe\u0142ni. <strong>Zesp\u00f3\u0142 pa\u0142acowo-parkowy w \u0141azienkach oferuje przepi\u0119kne t\u0142o:<\/strong> kolumnady, Pa\u0142ac na Wyspie, amfiteatr, dzikie alejki i tajemnicze zak\u0105tki, gdzie \u015bwiat\u0142o mi\u0119kko filtruje si\u0119 przez korony drzew.<\/p>\n<p><a href=\"https:\/\/www.saleweselne.com\/blog\/wp-content\/uploads\/2025\/04\/piotr-szajewski-xF9zit8T80A-unsplash-1-scaled.jpg\"><img loading=\"lazy\" decoding=\"async\" class=\"alignnone size-full wp-image-4171\" src=\"https:\/\/www.saleweselne.com\/blog\/wp-content\/uploads\/2025\/04\/piotr-szajewski-xF9zit8T80A-unsplash-1-scaled.jpg\" alt=\"\" width=\"2560\" height=\"1704\" srcset=\"https:\/\/www.saleweselne.com\/blog\/wp-content\/uploads\/2025\/04\/piotr-szajewski-xF9zit8T80A-unsplash-1-scaled.jpg 2560w, https:\/\/www.saleweselne.com\/blog\/wp-content\/uploads\/2025\/04\/piotr-szajewski-xF9zit8T80A-unsplash-1-300x200.jpg 300w, https:\/\/www.saleweselne.com\/blog\/wp-content\/uploads\/2025\/04\/piotr-szajewski-xF9zit8T80A-unsplash-1-1024x682.jpg 1024w, https:\/\/www.saleweselne.com\/blog\/wp-content\/uploads\/2025\/04\/piotr-szajewski-xF9zit8T80A-unsplash-1-768x511.jpg 768w, https:\/\/www.saleweselne.com\/blog\/wp-content\/uploads\/2025\/04\/piotr-szajewski-xF9zit8T80A-unsplash-1-1536x1022.jpg 1536w, https:\/\/www.saleweselne.com\/blog\/wp-content\/uploads\/2025\/04\/piotr-szajewski-xF9zit8T80A-unsplash-1-2048x1363.jpg 2048w, https:\/\/www.saleweselne.com\/blog\/wp-content\/uploads\/2025\/04\/piotr-szajewski-xF9zit8T80A-unsplash-1-1140x759.jpg 1140w\" sizes=\"auto, (max-width: 2560px) 100vw, 2560px\" \/><\/a><\/p>\n<p>Dlaczego warto?<\/p>\n<ul>\n<li>Pa\u0142acowe t\u0142o \u2013 idealne dla par kochaj\u0105cych elegancj\u0119<\/li>\n<li>R\u00f3\u017cnorodno\u015b\u0107 krajobraz\u00f3w &#8211; od staw\u00f3w po klasyczne ogrody<\/li>\n<li>Blisko\u015b\u0107 centrum, ale klimat jak z epoki romantyzmu<\/li>\n<\/ul>\n<p>Wskaz\u00f3wka &#8211; sesje w niekt\u00f3rych miejscach w \u0141azienkach wymagaj\u0105 pozwolenia \u2013 warto wcze\u015bniej ustali\u0107 warunki z zarz\u0105dem obiektu.<\/p>\n<h2>Zamek Kr\u00f3lewski i Stare Miasto<\/h2>\n<p>Warszawskie Stare Miasto to miejsce z dusz\u0105. Kolorowe kamienice, brukowane uliczki, klimatyczne kawiarenki \u2013 wszystko to tworzy niepowtarzalny klimat.<\/p>\n<p><a href=\"https:\/\/www.saleweselne.com\/blog\/wp-content\/uploads\/2025\/04\/jacek-kadaj-tQ73nypbEl8-unsplash-1-scaled.jpg\"><img loading=\"lazy\" decoding=\"async\" class=\"alignnone size-full wp-image-4173\" src=\"https:\/\/www.saleweselne.com\/blog\/wp-content\/uploads\/2025\/04\/jacek-kadaj-tQ73nypbEl8-unsplash-1-scaled.jpg\" alt=\"\" width=\"2560\" height=\"1703\" srcset=\"https:\/\/www.saleweselne.com\/blog\/wp-content\/uploads\/2025\/04\/jacek-kadaj-tQ73nypbEl8-unsplash-1-scaled.jpg 2560w, https:\/\/www.saleweselne.com\/blog\/wp-content\/uploads\/2025\/04\/jacek-kadaj-tQ73nypbEl8-unsplash-1-300x200.jpg 300w, https:\/\/www.saleweselne.com\/blog\/wp-content\/uploads\/2025\/04\/jacek-kadaj-tQ73nypbEl8-unsplash-1-1024x681.jpg 1024w, https:\/\/www.saleweselne.com\/blog\/wp-content\/uploads\/2025\/04\/jacek-kadaj-tQ73nypbEl8-unsplash-1-768x511.jpg 768w, https:\/\/www.saleweselne.com\/blog\/wp-content\/uploads\/2025\/04\/jacek-kadaj-tQ73nypbEl8-unsplash-1-1536x1022.jpg 1536w, https:\/\/www.saleweselne.com\/blog\/wp-content\/uploads\/2025\/04\/jacek-kadaj-tQ73nypbEl8-unsplash-1-2048x1363.jpg 2048w, https:\/\/www.saleweselne.com\/blog\/wp-content\/uploads\/2025\/04\/jacek-kadaj-tQ73nypbEl8-unsplash-1-1140x758.jpg 1140w\" sizes=\"auto, (max-width: 2560px) 100vw, 2560px\" \/><\/a><\/p>\n<p>Idealne dla par:<\/p>\n<ul>\n<li>Marz\u0105cych o klasycznych, eleganckich kadrach<\/li>\n<li>Ceni\u0105cych miejski styl z odrobin\u0105 retro romantyzmu<\/li>\n<li>Kochaj\u0105cych detale &#8211; klamki, schody, okna, \u015bwiat\u0142a<\/li>\n<\/ul>\n<p>Najlepiej zaplanowa\u0107 sesj\u0119 o wschodzie s\u0142o\u0144ca \u2013 miasto jest wtedy spokojne, puste i pi\u0119knie o\u015bwietlone.<\/p>\n<h2>Ogr\u00f3d Botaniczny PAN w Powsinie<\/h2>\n<p>Po\u0142o\u017cony nieco na uboczu, ale nadal w zasi\u0119gu Warszawy, Ogr\u00f3d Botaniczny w Powsinie zachwyca swoj\u0105 r\u00f3\u017cnorodno\u015bci\u0105 \u2013 od kwitn\u0105cych magnolii po zaro\u015bla bambusowe.<\/p>\n<p><a href=\"https:\/\/www.saleweselne.com\/blog\/wp-content\/uploads\/2025\/04\/jeremy-wong-weddings-464ps_nOflw-unsplash-1.jpg\"><img loading=\"lazy\" decoding=\"async\" class=\"alignnone size-full wp-image-4174\" src=\"https:\/\/www.saleweselne.com\/blog\/wp-content\/uploads\/2025\/04\/jeremy-wong-weddings-464ps_nOflw-unsplash-1.jpg\" alt=\"\" width=\"2121\" height=\"1414\" srcset=\"https:\/\/www.saleweselne.com\/blog\/wp-content\/uploads\/2025\/04\/jeremy-wong-weddings-464ps_nOflw-unsplash-1.jpg 2121w, https:\/\/www.saleweselne.com\/blog\/wp-content\/uploads\/2025\/04\/jeremy-wong-weddings-464ps_nOflw-unsplash-1-300x200.jpg 300w, https:\/\/www.saleweselne.com\/blog\/wp-content\/uploads\/2025\/04\/jeremy-wong-weddings-464ps_nOflw-unsplash-1-1024x683.jpg 1024w, https:\/\/www.saleweselne.com\/blog\/wp-content\/uploads\/2025\/04\/jeremy-wong-weddings-464ps_nOflw-unsplash-1-768x512.jpg 768w, https:\/\/www.saleweselne.com\/blog\/wp-content\/uploads\/2025\/04\/jeremy-wong-weddings-464ps_nOflw-unsplash-1-1536x1024.jpg 1536w, https:\/\/www.saleweselne.com\/blog\/wp-content\/uploads\/2025\/04\/jeremy-wong-weddings-464ps_nOflw-unsplash-1-2048x1365.jpg 2048w, https:\/\/www.saleweselne.com\/blog\/wp-content\/uploads\/2025\/04\/jeremy-wong-weddings-464ps_nOflw-unsplash-1-1140x760.jpg 1140w\" sizes=\"auto, (max-width: 2121px) 100vw, 2121px\" \/><\/a><\/p>\n<p>Dlaczego pary go kochaj\u0105?<\/p>\n<ul>\n<li>Sesja mo\u017ce wygl\u0105da\u0107 jak zrobiona w tropikach lub Toskanii<\/li>\n<li>Spok\u00f3j i prywatno\u015b\u0107<\/li>\n<li>Zmienno\u015b\u0107 krajobrazu zale\u017cnie od sezonu<\/li>\n<\/ul>\n<p>W maju i czerwcu sesje w\u015br\u00f3d rododendron\u00f3w i azalii s\u0105 po prostu bajkowe.<\/p>\n<h2>Falenica i linia otwocka<\/h2>\n<p>Okolice Falenicy czy J\u00f3zefowa s\u0105 niedoceniane. A to w\u0142a\u015bnie tam mo\u017cna znale\u017a\u0107 opuszczone tory kolejowe, le\u015bne drogi, stare drewniane wille z werandami \u2013 idealne dla par szukaj\u0105cych \u201eczego\u015b innego\u201d.<\/p>\n<p><a href=\"https:\/\/www.saleweselne.com\/blog\/wp-content\/uploads\/2025\/04\/redd-francisco-IBL1QKgXKwQ-unsplash-1.jpg\"><img loading=\"lazy\" decoding=\"async\" class=\"alignnone size-full wp-image-4175\" src=\"https:\/\/www.saleweselne.com\/blog\/wp-content\/uploads\/2025\/04\/redd-francisco-IBL1QKgXKwQ-unsplash-1.jpg\" alt=\"\" width=\"2000\" height=\"1334\" srcset=\"https:\/\/www.saleweselne.com\/blog\/wp-content\/uploads\/2025\/04\/redd-francisco-IBL1QKgXKwQ-unsplash-1.jpg 2000w, https:\/\/www.saleweselne.com\/blog\/wp-content\/uploads\/2025\/04\/redd-francisco-IBL1QKgXKwQ-unsplash-1-300x200.jpg 300w, https:\/\/www.saleweselne.com\/blog\/wp-content\/uploads\/2025\/04\/redd-francisco-IBL1QKgXKwQ-unsplash-1-1024x683.jpg 1024w, https:\/\/www.saleweselne.com\/blog\/wp-content\/uploads\/2025\/04\/redd-francisco-IBL1QKgXKwQ-unsplash-1-768x512.jpg 768w, https:\/\/www.saleweselne.com\/blog\/wp-content\/uploads\/2025\/04\/redd-francisco-IBL1QKgXKwQ-unsplash-1-1536x1025.jpg 1536w, https:\/\/www.saleweselne.com\/blog\/wp-content\/uploads\/2025\/04\/redd-francisco-IBL1QKgXKwQ-unsplash-1-1140x760.jpg 1140w\" sizes=\"auto, (max-width: 2000px) 100vw, 2000px\" \/><\/a><\/p>\n<p>Dla kogo to miejsce?<\/p>\n<ul>\n<li>Mi\u0142o\u015bnik\u00f3w stylu retro, rustykalnego, boho<\/li>\n<li>Par szukaj\u0105cych surowo\u015bci i naturalno\u015bci<\/li>\n<li>Tych, kt\u00f3rzy chc\u0105 unikn\u0105\u0107 turyst\u00f3w i t\u0142um\u00f3w<\/li>\n<\/ul>\n<p>Wczesn\u0105 jesieni\u0105 te miejsca s\u0105 magiczne \u2013 z\u0142ote li\u015bcie i mi\u0119kkie \u015bwiat\u0142o tworz\u0105 bajkowy klimat.<\/p>\n<h2>Wis\u0142a i bulwary wi\u015blane<\/h2>\n<p>Brzmi banalnie? Tylko z pozoru. <strong>Dobrze zaplanowana sesja przy Wi\u015ble potrafi by\u0107 wyj\u0105tkowa<\/strong>. Zw\u0142aszcza o z\u0142otej godzinie, gdy s\u0142o\u0144ce odbija si\u0119 w tafli rzeki, a mosty i panoramy miasta tworz\u0105 imponuj\u0105ce t\u0142o.<\/p>\n<p><a href=\"https:\/\/www.saleweselne.com\/blog\/wp-content\/uploads\/2025\/04\/wlodzimierz-jaworski-B-yQBUXw_Ec-unsplash-1.jpg\"><img loading=\"lazy\" decoding=\"async\" class=\"alignnone size-full wp-image-4176\" src=\"https:\/\/www.saleweselne.com\/blog\/wp-content\/uploads\/2025\/04\/wlodzimierz-jaworski-B-yQBUXw_Ec-unsplash-1.jpg\" alt=\"\" width=\"1824\" height=\"1216\" srcset=\"https:\/\/www.saleweselne.com\/blog\/wp-content\/uploads\/2025\/04\/wlodzimierz-jaworski-B-yQBUXw_Ec-unsplash-1.jpg 1824w, https:\/\/www.saleweselne.com\/blog\/wp-content\/uploads\/2025\/04\/wlodzimierz-jaworski-B-yQBUXw_Ec-unsplash-1-300x200.jpg 300w, https:\/\/www.saleweselne.com\/blog\/wp-content\/uploads\/2025\/04\/wlodzimierz-jaworski-B-yQBUXw_Ec-unsplash-1-1024x683.jpg 1024w, https:\/\/www.saleweselne.com\/blog\/wp-content\/uploads\/2025\/04\/wlodzimierz-jaworski-B-yQBUXw_Ec-unsplash-1-768x512.jpg 768w, https:\/\/www.saleweselne.com\/blog\/wp-content\/uploads\/2025\/04\/wlodzimierz-jaworski-B-yQBUXw_Ec-unsplash-1-1536x1024.jpg 1536w, https:\/\/www.saleweselne.com\/blog\/wp-content\/uploads\/2025\/04\/wlodzimierz-jaworski-B-yQBUXw_Ec-unsplash-1-1140x760.jpg 1140w\" sizes=\"auto, (max-width: 1824px) 100vw, 1824px\" \/><\/a><\/p>\n<p>Co znajdziesz na bulwarach?<\/p>\n<ul>\n<li>Industrialne murale<\/li>\n<li>Ziele\u0144 nad rzek\u0105<\/li>\n<li>Widok na Stadion Narodowy, Most \u015awi\u0119tokrzyski, Centrum Nauki Kopernik<\/li>\n<\/ul>\n<p>Sesje z elementami miejskimi cz\u0119sto s\u0105 bardziej \u201eWasze\u201d \u2013 naturalne, swobodne i prawdziwe.<\/p>\n<h2>Kampinoski Park Narodowy<\/h2>\n<p>To propozycja dla tych, kt\u00f3rzy kochaj\u0105 przyrod\u0119 i <strong>chc\u0105 poczu\u0107 si\u0119 jak w \u015brodku lasu<\/strong>, bez konieczno\u015bci dalekich podr\u00f3\u017cy.<\/p>\n<p><a href=\"https:\/\/www.saleweselne.com\/blog\/wp-content\/uploads\/2025\/04\/photo-nic-Jw1jhbemIZc-unsplash-1.jpg\"><img loading=\"lazy\" decoding=\"async\" class=\"alignnone size-full wp-image-4177\" src=\"https:\/\/www.saleweselne.com\/blog\/wp-content\/uploads\/2025\/04\/photo-nic-Jw1jhbemIZc-unsplash-1.jpg\" alt=\"\" width=\"2052\" height=\"1368\" srcset=\"https:\/\/www.saleweselne.com\/blog\/wp-content\/uploads\/2025\/04\/photo-nic-Jw1jhbemIZc-unsplash-1.jpg 2052w, https:\/\/www.saleweselne.com\/blog\/wp-content\/uploads\/2025\/04\/photo-nic-Jw1jhbemIZc-unsplash-1-300x200.jpg 300w, https:\/\/www.saleweselne.com\/blog\/wp-content\/uploads\/2025\/04\/photo-nic-Jw1jhbemIZc-unsplash-1-1024x683.jpg 1024w, https:\/\/www.saleweselne.com\/blog\/wp-content\/uploads\/2025\/04\/photo-nic-Jw1jhbemIZc-unsplash-1-768x512.jpg 768w, https:\/\/www.saleweselne.com\/blog\/wp-content\/uploads\/2025\/04\/photo-nic-Jw1jhbemIZc-unsplash-1-1536x1024.jpg 1536w, https:\/\/www.saleweselne.com\/blog\/wp-content\/uploads\/2025\/04\/photo-nic-Jw1jhbemIZc-unsplash-1-2048x1365.jpg 2048w, https:\/\/www.saleweselne.com\/blog\/wp-content\/uploads\/2025\/04\/photo-nic-Jw1jhbemIZc-unsplash-1-1140x760.jpg 1140w\" sizes=\"auto, (max-width: 2052px) 100vw, 2052px\" \/><\/a><\/p>\n<p>Czym zachwyca Kampinos?<\/p>\n<ul>\n<li>Le\u015bne \u015bcie\u017cki, \u0142\u0105ki, wydmy<\/li>\n<li>Spok\u00f3j i cisza \u2013 brak miejskiego zgie\u0142ku<\/li>\n<li>Idealne \u015bwiat\u0142o o poranku i zmierzchu<\/li>\n<\/ul>\n<p>Najlepsze miesi\u0105ce na sesj\u0119 w Kampinoskim Parku Narodowym to zdecydowanie wrzesie\u0144 i pa\u017adziernik \u2013 z\u0142ote barwy i mg\u0142y tworz\u0105 magiczny klimat.<\/p>\n<h2>Pa\u0142ace i dworki w okolicach Warszawy<\/h2>\n<p>Je\u015bli marzycie o sesji w stylu kr\u00f3lewskim, rozwa\u017ccie plener przy jednym z podwarszawskich dwork\u00f3w czy pa\u0142ac\u00f3w:<\/p>\n<ul>\n<li>Pa\u0142ac w Jab\u0142onnie \u2013 barokowy styl, pi\u0119kny park<\/li>\n<li>Dw\u00f3r Z\u0142otopolska Dolina \u2013 styl rustykalno-klasyczny<\/li>\n<li>Pa\u0142ac w Radziejowicach \u2013 otoczony stawami i starodrzewem<\/li>\n<\/ul>\n<p>Dlaczego warto? Bo to nie tylko t\u0142o \u2013 to klimat, kt\u00f3ry dodaje zdj\u0119ciom bajkowej oprawy.<\/p>\n<p><a href=\"https:\/\/www.saleweselne.com\/blog\/wp-content\/uploads\/2025\/04\/aleksandar-popovski-8kQQ9c0txsA-unsplash-1.jpg\"><img loading=\"lazy\" decoding=\"async\" class=\"alignnone size-full wp-image-4178\" src=\"https:\/\/www.saleweselne.com\/blog\/wp-content\/uploads\/2025\/04\/aleksandar-popovski-8kQQ9c0txsA-unsplash-1.jpg\" alt=\"\" width=\"2456\" height=\"1632\" srcset=\"https:\/\/www.saleweselne.com\/blog\/wp-content\/uploads\/2025\/04\/aleksandar-popovski-8kQQ9c0txsA-unsplash-1.jpg 2456w, https:\/\/www.saleweselne.com\/blog\/wp-content\/uploads\/2025\/04\/aleksandar-popovski-8kQQ9c0txsA-unsplash-1-300x199.jpg 300w, https:\/\/www.saleweselne.com\/blog\/wp-content\/uploads\/2025\/04\/aleksandar-popovski-8kQQ9c0txsA-unsplash-1-1024x680.jpg 1024w, https:\/\/www.saleweselne.com\/blog\/wp-content\/uploads\/2025\/04\/aleksandar-popovski-8kQQ9c0txsA-unsplash-1-768x510.jpg 768w, https:\/\/www.saleweselne.com\/blog\/wp-content\/uploads\/2025\/04\/aleksandar-popovski-8kQQ9c0txsA-unsplash-1-1536x1021.jpg 1536w, https:\/\/www.saleweselne.com\/blog\/wp-content\/uploads\/2025\/04\/aleksandar-popovski-8kQQ9c0txsA-unsplash-1-2048x1361.jpg 2048w, https:\/\/www.saleweselne.com\/blog\/wp-content\/uploads\/2025\/04\/aleksandar-popovski-8kQQ9c0txsA-unsplash-1-1140x758.jpg 1140w\" sizes=\"auto, (max-width: 2456px) 100vw, 2456px\" \/><\/a><\/p>\n<p>Pami\u0119tajcie, \u017ce nie ma jednego idealnego miejsca na sesj\u0119. To, co dla jednej pary b\u0119dzie bajk\u0105, dla innej mo\u017ce by\u0107 zbyt powa\u017cne.<\/p>\n<p>Wybierzcie lokalizacj\u0119, kt\u00f3ra rezonuje z Wami. Mo\u017ce to by\u0107 park, do kt\u00f3rego chodzili\u015bcie na randki, mo\u017ce by\u0107 ukochany mural na Pradze, mo\u017ce by\u0107 las, gdzie si\u0119 o\u015bwiadczy\u0142. Magia nie le\u017cy w tle \u2013 le\u017cy w emocji.<\/p>\n<h2>Gdzie zorganizowa\u0107 wesele w Warszawie i okolicach?<\/h2>\n<p>Pi\u0119kna sesja \u015blubna to jedno \u2013 ale r\u00f3wnie wa\u017cne (je\u015bli nie wa\u017cniejsze!) jest miejsce, w kt\u00f3rym wypowiecie sakramentalne \u201etak\u201d i b\u0119dziecie \u015bwi\u0119towa\u0107 z rodzin\u0105 i przyjaci\u00f3\u0142mi. Je\u015bli zale\u017cy Wam na wyj\u0105tkowej oprawie, \u015bwietnym jedzeniu i profesjonalnej obs\u0142udze, mam <strong>trzy propozycje z Warszaw<\/strong>y i okolic, kt\u00f3re nie tylko robi\u0105 wra\u017cenie, ale naprawd\u0119 \u015bwietnie radz\u0105 sobie z organizacj\u0105 wesel \u2013 od ma\u0142ych, kameralnych przyj\u0119\u0107 po du\u017ce, eleganckie bankiety.<\/p>\n<p><a href=\"https:\/\/www.saleweselne.com\/blog\/wp-content\/uploads\/2025\/04\/55d1dad9bc65003b-final.jpg\"><img loading=\"lazy\" decoding=\"async\" class=\"alignnone size-full wp-image-4180\" src=\"https:\/\/www.saleweselne.com\/blog\/wp-content\/uploads\/2025\/04\/55d1dad9bc65003b-final.jpg\" alt=\"\" width=\"1600\" height=\"900\" srcset=\"https:\/\/www.saleweselne.com\/blog\/wp-content\/uploads\/2025\/04\/55d1dad9bc65003b-final.jpg 1600w, https:\/\/www.saleweselne.com\/blog\/wp-content\/uploads\/2025\/04\/55d1dad9bc65003b-final-300x169.jpg 300w, https:\/\/www.saleweselne.com\/blog\/wp-content\/uploads\/2025\/04\/55d1dad9bc65003b-final-1024x576.jpg 1024w, https:\/\/www.saleweselne.com\/blog\/wp-content\/uploads\/2025\/04\/55d1dad9bc65003b-final-768x432.jpg 768w, https:\/\/www.saleweselne.com\/blog\/wp-content\/uploads\/2025\/04\/55d1dad9bc65003b-final-1536x864.jpg 1536w, https:\/\/www.saleweselne.com\/blog\/wp-content\/uploads\/2025\/04\/55d1dad9bc65003b-final-1140x641.jpg 1140w\" sizes=\"auto, (max-width: 1600px) 100vw, 1600px\" \/><\/a><\/p>\n<h3>Pa\u0142acyk Otr\u0119busy<\/h3>\n<p>Zaledwie 20 minut od centrum stolicy znajdziecie miejsce, kt\u00f3re wygl\u0105da jak wyj\u0119te z francuskiego snu \u2013 <strong><a href=\"https:\/\/www.saleweselne.com\/warszawa\/palacyk-otrebusy-wesele\">Pa\u0142acyk Otr\u0119busy<\/a>.<\/strong> Elewacja w stylu klasycystycznym, marmurowe schody, z\u0142ocenia, kryszta\u0142owe \u017cyrandole&#8230; Je\u015bli marzycie o weselu w stylu glamour lub kr\u00f3lewskim \u2013 to jest strza\u0142 w dziesi\u0105tk\u0119. Pa\u0142acyk ma te\u017c w\u0142asn\u0105 restauracj\u0119 z wy\u015bmienit\u0105 kuchni\u0105 \u2013 menu weselne mo\u017cecie spersonalizowa\u0107, a kucharze s\u0105 otwarci na nowoczesne i wega\u0144skie opcje.<\/p>\n<p><a href=\"https:\/\/www.saleweselne.com\/blog\/wp-content\/uploads\/2025\/04\/3a.jpg\"><img loading=\"lazy\" decoding=\"async\" class=\"alignnone size-full wp-image-4179\" src=\"https:\/\/www.saleweselne.com\/blog\/wp-content\/uploads\/2025\/04\/3a.jpg\" alt=\"\" width=\"1200\" height=\"801\" srcset=\"https:\/\/www.saleweselne.com\/blog\/wp-content\/uploads\/2025\/04\/3a.jpg 1200w, https:\/\/www.saleweselne.com\/blog\/wp-content\/uploads\/2025\/04\/3a-300x200.jpg 300w, https:\/\/www.saleweselne.com\/blog\/wp-content\/uploads\/2025\/04\/3a-1024x684.jpg 1024w, https:\/\/www.saleweselne.com\/blog\/wp-content\/uploads\/2025\/04\/3a-768x513.jpg 768w, https:\/\/www.saleweselne.com\/blog\/wp-content\/uploads\/2025\/04\/3a-1140x761.jpg 1140w\" sizes=\"auto, (max-width: 1200px) 100vw, 1200px\" \/><\/a><\/p>\n<h3>Hotel Windsor w Jachrance<\/h3>\n<p>To nie jest \u201ezwyk\u0142y hotel\u201d. To miejsce z rozmachem, kt\u00f3re pozwala stworzy\u0107 prawdziw\u0105 \u015blubn\u0105 opowie\u015b\u0107. Po\u0142o\u017cony nad brzegiem jeziora, z w\u0142asnym parkiem, molo i tarasem \u2013<a href=\"https:\/\/www.saleweselne.com\/warszawa\/windsor-palace-hotel-conference-center-wesele\"> <strong>Windsor<\/strong> <\/a>to jedna z topowych lokalizacji na wesele w okolicach Warszawy. To tak\u017ce \u015bwietne miejsce na sesj\u0119 po\u015blubn\u0105 \u2013 zdj\u0119cia o zachodzie s\u0142o\u0144ca nad wod\u0105 wychodz\u0105 bajkowo.<\/p>\n<p><a href=\"https:\/\/www.saleweselne.com\/blog\/wp-content\/uploads\/2025\/04\/5b4c7f5aef74fsala-widokowa-3200x1778-1.jpg\"><img loading=\"lazy\" decoding=\"async\" class=\"alignnone size-full wp-image-4181\" src=\"https:\/\/www.saleweselne.com\/blog\/wp-content\/uploads\/2025\/04\/5b4c7f5aef74fsala-widokowa-3200x1778-1.jpg\" alt=\"\" width=\"1600\" height=\"889\" srcset=\"https:\/\/www.saleweselne.com\/blog\/wp-content\/uploads\/2025\/04\/5b4c7f5aef74fsala-widokowa-3200x1778-1.jpg 1600w, https:\/\/www.saleweselne.com\/blog\/wp-content\/uploads\/2025\/04\/5b4c7f5aef74fsala-widokowa-3200x1778-1-300x167.jpg 300w, https:\/\/www.saleweselne.com\/blog\/wp-content\/uploads\/2025\/04\/5b4c7f5aef74fsala-widokowa-3200x1778-1-1024x569.jpg 1024w, https:\/\/www.saleweselne.com\/blog\/wp-content\/uploads\/2025\/04\/5b4c7f5aef74fsala-widokowa-3200x1778-1-768x427.jpg 768w, https:\/\/www.saleweselne.com\/blog\/wp-content\/uploads\/2025\/04\/5b4c7f5aef74fsala-widokowa-3200x1778-1-1536x853.jpg 1536w, https:\/\/www.saleweselne.com\/blog\/wp-content\/uploads\/2025\/04\/5b4c7f5aef74fsala-widokowa-3200x1778-1-1140x633.jpg 1140w\" sizes=\"auto, (max-width: 1600px) 100vw, 1600px\" \/><\/a><\/p>\n<h3>Hotel Lord<\/h3>\n<p>Je\u015bli marzycie o weselu w mie\u015bcie, ale z klas\u0105, stylem i dba\u0142o\u015bci\u0105 o ka\u017cdy detal \u2013 <a href=\"https:\/\/www.saleweselne.com\/warszawa\/hotel-lord-wesele\"><strong>Hotel Lord<\/strong><\/a> to propozycja, kt\u00f3r\u0105 warto rozwa\u017cy\u0107. Obiekt znajduje si\u0119 w dzielnicy W\u0142ochy \u2013 <strong>blisko lotniska,<\/strong> z dobrym dojazdem z ka\u017cdej cz\u0119\u015bci Warszawy. Hotel cz\u0119sto wsp\u00f3\u0142pracuje z zaufanymi DJ-ami, florystami i dekoratorami \u2013 je\u015bli nie macie w\u0142asnych kontakt\u00f3w, mo\u017cecie zda\u0107 si\u0119 na ich rekomendacje.<\/p>\n","protected":false},"excerpt":{"rendered":"<p>Zebrali\u015bmy najpi\u0119kniejsze, najbardziej klimatyczne i zr\u00f3\u017cnicowane miejsca na sesj\u0119 \u015blubn\u0105 w Warszawie i okolicach. Sprawd\u017a, gdzie warto zabra\u0107 fotografa i ukochan\u0105 osob\u0119.<\/p>\n","protected":false},"author":10,"featured_media":4169,"comment_status":"closed","ping_status":"closed","sticky":false,"template":"","format":"standard","meta":{"footnotes":""},"categories":[182,170,201],"tags":[174,175,178,172],"class_list":["post-4168","post","type-post","status-publish","format-standard","has-post-thumbnail","hentry","category-miejsce-na-wesele","category-organizacja-wesela","category-sala-weselna","tag-organizacja-wesela","tag-planowanie-wesela","tag-sala-weselna","tag-slub"],"yoast_head":"<!-- This site is optimized with the Yoast SEO plugin v26.8 - https:\/\/yoast.com\/product\/yoast-seo-wordpress\/ -->\n<title>Sesja \u015blubna w Warszawie i okolicach - najpi\u0119kniejsze miejsca - blog SaleWeselne.com<\/title>\n<meta name=\"description\" content=\"Sesja \u015blubna w Warszawie i okolicach - najpi\u0119kniejsze miejsca - blog SaleWeselne.com\" \/>\n<meta name=\"robots\" content=\"index, follow, max-snippet:-1, max-image-preview:large, max-video-preview:-1\" \/>\n<link rel=\"canonical\" href=\"https:\/\/www.saleweselne.com\/blog\/sesja-slubna-w-warszawie-i-okolicach-najpiekniejsze-miejsca\/\" \/>\n<meta property=\"og:locale\" content=\"pl_PL\" \/>\n<meta property=\"og:type\" content=\"article\" \/>\n<meta property=\"og:title\" content=\"Sesja \u015blubna w Warszawie i okolicach - najpi\u0119kniejsze miejsca - blog SaleWeselne.com\" \/>\n<meta property=\"og:description\" content=\"Sesja \u015blubna w Warszawie i okolicach - najpi\u0119kniejsze miejsca - blog SaleWeselne.com\" \/>\n<meta property=\"og:url\" content=\"https:\/\/www.saleweselne.com\/blog\/sesja-slubna-w-warszawie-i-okolicach-najpiekniejsze-miejsca\/\" \/>\n<meta property=\"og:site_name\" content=\"SaleWeselne.com\" \/>\n<meta property=\"article:published_time\" content=\"2025-04-30T07:58:20+00:00\" \/>\n<meta property=\"article:modified_time\" content=\"2025-04-30T08:08:45+00:00\" \/>\n<meta property=\"og:image\" content=\"https:\/\/www.saleweselne.com\/blog\/wp-content\/uploads\/2025\/04\/janke-laskowski-P35BooeOxig-unsplash-1.jpg\" \/>\n\t<meta property=\"og:image:width\" content=\"2521\" \/>\n\t<meta property=\"og:image:height\" content=\"1681\" \/>\n\t<meta property=\"og:image:type\" content=\"image\/jpeg\" \/>\n<meta name=\"author\" content=\"Natalia Bielicka\" \/>\n<meta name=\"twitter:card\" content=\"summary_large_image\" \/>\n<meta name=\"twitter:label1\" content=\"Napisane przez\" \/>\n\t<meta name=\"twitter:data1\" content=\"Natalia Bielicka\" \/>\n\t<meta name=\"twitter:label2\" content=\"Szacowany czas czytania\" \/>\n\t<meta name=\"twitter:data2\" content=\"8 minut\" \/>\n<script type=\"application\/ld+json\" class=\"yoast-schema-graph\">{\"@context\":\"https:\/\/schema.org\",\"@graph\":[{\"@type\":\"Article\",\"@id\":\"https:\/\/www.saleweselne.com\/blog\/sesja-slubna-w-warszawie-i-okolicach-najpiekniejsze-miejsca\/#article\",\"isPartOf\":{\"@id\":\"https:\/\/www.saleweselne.com\/blog\/sesja-slubna-w-warszawie-i-okolicach-najpiekniejsze-miejsca\/\"},\"author\":{\"name\":\"Natalia Bielicka\",\"@id\":\"https:\/\/www.saleweselne.com\/blog\/#\/schema\/person\/4b2f139471122a3ea7ac0a68d919043a\"},\"headline\":\"Sesja \u015blubna w Warszawie i okolicach &#8211; najpi\u0119kniejsze miejsca\",\"datePublished\":\"2025-04-30T07:58:20+00:00\",\"dateModified\":\"2025-04-30T08:08:45+00:00\",\"mainEntityOfPage\":{\"@id\":\"https:\/\/www.saleweselne.com\/blog\/sesja-slubna-w-warszawie-i-okolicach-najpiekniejsze-miejsca\/\"},\"wordCount\":1073,\"publisher\":{\"@id\":\"https:\/\/www.saleweselne.com\/blog\/#organization\"},\"image\":{\"@id\":\"https:\/\/www.saleweselne.com\/blog\/sesja-slubna-w-warszawie-i-okolicach-najpiekniejsze-miejsca\/#primaryimage\"},\"thumbnailUrl\":\"https:\/\/www.saleweselne.com\/blog\/wp-content\/uploads\/2025\/04\/janke-laskowski-P35BooeOxig-unsplash-1.jpg\",\"keywords\":[\"organizacja wesela\",\"planowanie wesela\",\"sala weselna\",\"\u015blub\"],\"articleSection\":[\"Miejsce na wesele\",\"Organizacja wesela\",\"Sala weselna\"],\"inLanguage\":\"pl-PL\"},{\"@type\":\"WebPage\",\"@id\":\"https:\/\/www.saleweselne.com\/blog\/sesja-slubna-w-warszawie-i-okolicach-najpiekniejsze-miejsca\/\",\"url\":\"https:\/\/www.saleweselne.com\/blog\/sesja-slubna-w-warszawie-i-okolicach-najpiekniejsze-miejsca\/\",\"name\":\"Sesja \u015blubna w Warszawie i okolicach - najpi\u0119kniejsze miejsca - blog SaleWeselne.com\",\"isPartOf\":{\"@id\":\"https:\/\/www.saleweselne.com\/blog\/#website\"},\"primaryImageOfPage\":{\"@id\":\"https:\/\/www.saleweselne.com\/blog\/sesja-slubna-w-warszawie-i-okolicach-najpiekniejsze-miejsca\/#primaryimage\"},\"image\":{\"@id\":\"https:\/\/www.saleweselne.com\/blog\/sesja-slubna-w-warszawie-i-okolicach-najpiekniejsze-miejsca\/#primaryimage\"},\"thumbnailUrl\":\"https:\/\/www.saleweselne.com\/blog\/wp-content\/uploads\/2025\/04\/janke-laskowski-P35BooeOxig-unsplash-1.jpg\",\"datePublished\":\"2025-04-30T07:58:20+00:00\",\"dateModified\":\"2025-04-30T08:08:45+00:00\",\"description\":\"Sesja \u015blubna w Warszawie i okolicach - najpi\u0119kniejsze miejsca - blog SaleWeselne.com\",\"breadcrumb\":{\"@id\":\"https:\/\/www.saleweselne.com\/blog\/sesja-slubna-w-warszawie-i-okolicach-najpiekniejsze-miejsca\/#breadcrumb\"},\"inLanguage\":\"pl-PL\",\"potentialAction\":[{\"@type\":\"ReadAction\",\"target\":[\"https:\/\/www.saleweselne.com\/blog\/sesja-slubna-w-warszawie-i-okolicach-najpiekniejsze-miejsca\/\"]}]},{\"@type\":\"ImageObject\",\"inLanguage\":\"pl-PL\",\"@id\":\"https:\/\/www.saleweselne.com\/blog\/sesja-slubna-w-warszawie-i-okolicach-najpiekniejsze-miejsca\/#primaryimage\",\"url\":\"https:\/\/www.saleweselne.com\/blog\/wp-content\/uploads\/2025\/04\/janke-laskowski-P35BooeOxig-unsplash-1.jpg\",\"contentUrl\":\"https:\/\/www.saleweselne.com\/blog\/wp-content\/uploads\/2025\/04\/janke-laskowski-P35BooeOxig-unsplash-1.jpg\",\"width\":2521,\"height\":1681},{\"@type\":\"BreadcrumbList\",\"@id\":\"https:\/\/www.saleweselne.com\/blog\/sesja-slubna-w-warszawie-i-okolicach-najpiekniejsze-miejsca\/#breadcrumb\",\"itemListElement\":[{\"@type\":\"ListItem\",\"position\":1,\"name\":\"Strona g\u0142\u00f3wna\",\"item\":\"https:\/\/www.saleweselne.com\/blog\/\"},{\"@type\":\"ListItem\",\"position\":2,\"name\":\"Sesja \u015blubna w Warszawie i okolicach &#8211; najpi\u0119kniejsze miejsca\"}]},{\"@type\":\"WebSite\",\"@id\":\"https:\/\/www.saleweselne.com\/blog\/#website\",\"url\":\"https:\/\/www.saleweselne.com\/blog\/\",\"name\":\"SaleWeselne.com\",\"description\":\"Blog Bran\u017cy Weselnej - Sprawd\u017a najpi\u0119kniejsze sale weselne oraz motywy \u015blubne. Poznaj praktyczne porady, jak zorganizowa\u0107 wymarzone wesele!\",\"publisher\":{\"@id\":\"https:\/\/www.saleweselne.com\/blog\/#organization\"},\"potentialAction\":[{\"@type\":\"SearchAction\",\"target\":{\"@type\":\"EntryPoint\",\"urlTemplate\":\"https:\/\/www.saleweselne.com\/blog\/?s={search_term_string}\"},\"query-input\":{\"@type\":\"PropertyValueSpecification\",\"valueRequired\":true,\"valueName\":\"search_term_string\"}}],\"inLanguage\":\"pl-PL\"},{\"@type\":\"Organization\",\"@id\":\"https:\/\/www.saleweselne.com\/blog\/#organization\",\"name\":\"SaleWeselne.com\",\"url\":\"https:\/\/www.saleweselne.com\/blog\/\",\"logo\":{\"@type\":\"ImageObject\",\"inLanguage\":\"pl-PL\",\"@id\":\"https:\/\/www.saleweselne.com\/blog\/#\/schema\/logo\/image\/\",\"url\":\"https:\/\/www.saleweselne.com\/blog\/wp-content\/uploads\/2021\/03\/saleweselne-logotyp-RGB-bez-tla-2.png\",\"contentUrl\":\"https:\/\/www.saleweselne.com\/blog\/wp-content\/uploads\/2021\/03\/saleweselne-logotyp-RGB-bez-tla-2.png\",\"width\":625,\"height\":150,\"caption\":\"SaleWeselne.com\"},\"image\":{\"@id\":\"https:\/\/www.saleweselne.com\/blog\/#\/schema\/logo\/image\/\"}},{\"@type\":\"Person\",\"@id\":\"https:\/\/www.saleweselne.com\/blog\/#\/schema\/person\/4b2f139471122a3ea7ac0a68d919043a\",\"name\":\"Natalia Bielicka\",\"url\":\"https:\/\/www.saleweselne.com\/blog\/author\/natalia\/\"}]}<\/script>\n<!-- \/ Yoast SEO plugin. -->","yoast_head_json":{"title":"Sesja \u015blubna w Warszawie i okolicach - najpi\u0119kniejsze miejsca - blog SaleWeselne.com","description":"Sesja \u015blubna w Warszawie i okolicach - najpi\u0119kniejsze miejsca - blog SaleWeselne.com","robots":{"index":"index","follow":"follow","max-snippet":"max-snippet:-1","max-image-preview":"max-image-preview:large","max-video-preview":"max-video-preview:-1"},"canonical":"https:\/\/www.saleweselne.com\/blog\/sesja-slubna-w-warszawie-i-okolicach-najpiekniejsze-miejsca\/","og_locale":"pl_PL","og_type":"article","og_title":"Sesja \u015blubna w Warszawie i okolicach - najpi\u0119kniejsze miejsca - blog SaleWeselne.com","og_description":"Sesja \u015blubna w Warszawie i okolicach - najpi\u0119kniejsze miejsca - blog SaleWeselne.com","og_url":"https:\/\/www.saleweselne.com\/blog\/sesja-slubna-w-warszawie-i-okolicach-najpiekniejsze-miejsca\/","og_site_name":"SaleWeselne.com","article_published_time":"2025-04-30T07:58:20+00:00","article_modified_time":"2025-04-30T08:08:45+00:00","og_image":[{"width":2521,"height":1681,"url":"https:\/\/www.saleweselne.com\/blog\/wp-content\/uploads\/2025\/04\/janke-laskowski-P35BooeOxig-unsplash-1.jpg","type":"image\/jpeg"}],"author":"Natalia Bielicka","twitter_card":"summary_large_image","twitter_misc":{"Napisane przez":"Natalia Bielicka","Szacowany czas czytania":"8 minut"},"schema":{"@context":"https:\/\/schema.org","@graph":[{"@type":"Article","@id":"https:\/\/www.saleweselne.com\/blog\/sesja-slubna-w-warszawie-i-okolicach-najpiekniejsze-miejsca\/#article","isPartOf":{"@id":"https:\/\/www.saleweselne.com\/blog\/sesja-slubna-w-warszawie-i-okolicach-najpiekniejsze-miejsca\/"},"author":{"name":"Natalia Bielicka","@id":"https:\/\/www.saleweselne.com\/blog\/#\/schema\/person\/4b2f139471122a3ea7ac0a68d919043a"},"headline":"Sesja \u015blubna w Warszawie i okolicach &#8211; najpi\u0119kniejsze miejsca","datePublished":"2025-04-30T07:58:20+00:00","dateModified":"2025-04-30T08:08:45+00:00","mainEntityOfPage":{"@id":"https:\/\/www.saleweselne.com\/blog\/sesja-slubna-w-warszawie-i-okolicach-najpiekniejsze-miejsca\/"},"wordCount":1073,"publisher":{"@id":"https:\/\/www.saleweselne.com\/blog\/#organization"},"image":{"@id":"https:\/\/www.saleweselne.com\/blog\/sesja-slubna-w-warszawie-i-okolicach-najpiekniejsze-miejsca\/#primaryimage"},"thumbnailUrl":"https:\/\/www.saleweselne.com\/blog\/wp-content\/uploads\/2025\/04\/janke-laskowski-P35BooeOxig-unsplash-1.jpg","keywords":["organizacja wesela","planowanie wesela","sala weselna","\u015blub"],"articleSection":["Miejsce na wesele","Organizacja wesela","Sala weselna"],"inLanguage":"pl-PL"},{"@type":"WebPage","@id":"https:\/\/www.saleweselne.com\/blog\/sesja-slubna-w-warszawie-i-okolicach-najpiekniejsze-miejsca\/","url":"https:\/\/www.saleweselne.com\/blog\/sesja-slubna-w-warszawie-i-okolicach-najpiekniejsze-miejsca\/","name":"Sesja \u015blubna w Warszawie i okolicach - najpi\u0119kniejsze miejsca - blog SaleWeselne.com","isPartOf":{"@id":"https:\/\/www.saleweselne.com\/blog\/#website"},"primaryImageOfPage":{"@id":"https:\/\/www.saleweselne.com\/blog\/sesja-slubna-w-warszawie-i-okolicach-najpiekniejsze-miejsca\/#primaryimage"},"image":{"@id":"https:\/\/www.saleweselne.com\/blog\/sesja-slubna-w-warszawie-i-okolicach-najpiekniejsze-miejsca\/#primaryimage"},"thumbnailUrl":"https:\/\/www.saleweselne.com\/blog\/wp-content\/uploads\/2025\/04\/janke-laskowski-P35BooeOxig-unsplash-1.jpg","datePublished":"2025-04-30T07:58:20+00:00","dateModified":"2025-04-30T08:08:45+00:00","description":"Sesja \u015blubna w Warszawie i okolicach - najpi\u0119kniejsze miejsca - blog SaleWeselne.com","breadcrumb":{"@id":"https:\/\/www.saleweselne.com\/blog\/sesja-slubna-w-warszawie-i-okolicach-najpiekniejsze-miejsca\/#breadcrumb"},"inLanguage":"pl-PL","potentialAction":[{"@type":"ReadAction","target":["https:\/\/www.saleweselne.com\/blog\/sesja-slubna-w-warszawie-i-okolicach-najpiekniejsze-miejsca\/"]}]},{"@type":"ImageObject","inLanguage":"pl-PL","@id":"https:\/\/www.saleweselne.com\/blog\/sesja-slubna-w-warszawie-i-okolicach-najpiekniejsze-miejsca\/#primaryimage","url":"https:\/\/www.saleweselne.com\/blog\/wp-content\/uploads\/2025\/04\/janke-laskowski-P35BooeOxig-unsplash-1.jpg","contentUrl":"https:\/\/www.saleweselne.com\/blog\/wp-content\/uploads\/2025\/04\/janke-laskowski-P35BooeOxig-unsplash-1.jpg","width":2521,"height":1681},{"@type":"BreadcrumbList","@id":"https:\/\/www.saleweselne.com\/blog\/sesja-slubna-w-warszawie-i-okolicach-najpiekniejsze-miejsca\/#breadcrumb","itemListElement":[{"@type":"ListItem","position":1,"name":"Strona g\u0142\u00f3wna","item":"https:\/\/www.saleweselne.com\/blog\/"},{"@type":"ListItem","position":2,"name":"Sesja \u015blubna w Warszawie i okolicach &#8211; najpi\u0119kniejsze miejsca"}]},{"@type":"WebSite","@id":"https:\/\/www.saleweselne.com\/blog\/#website","url":"https:\/\/www.saleweselne.com\/blog\/","name":"SaleWeselne.com","description":"Blog Bran\u017cy Weselnej - Sprawd\u017a najpi\u0119kniejsze sale weselne oraz motywy \u015blubne. Poznaj praktyczne porady, jak zorganizowa\u0107 wymarzone wesele!","publisher":{"@id":"https:\/\/www.saleweselne.com\/blog\/#organization"},"potentialAction":[{"@type":"SearchAction","target":{"@type":"EntryPoint","urlTemplate":"https:\/\/www.saleweselne.com\/blog\/?s={search_term_string}"},"query-input":{"@type":"PropertyValueSpecification","valueRequired":true,"valueName":"search_term_string"}}],"inLanguage":"pl-PL"},{"@type":"Organization","@id":"https:\/\/www.saleweselne.com\/blog\/#organization","name":"SaleWeselne.com","url":"https:\/\/www.saleweselne.com\/blog\/","logo":{"@type":"ImageObject","inLanguage":"pl-PL","@id":"https:\/\/www.saleweselne.com\/blog\/#\/schema\/logo\/image\/","url":"https:\/\/www.saleweselne.com\/blog\/wp-content\/uploads\/2021\/03\/saleweselne-logotyp-RGB-bez-tla-2.png","contentUrl":"https:\/\/www.saleweselne.com\/blog\/wp-content\/uploads\/2021\/03\/saleweselne-logotyp-RGB-bez-tla-2.png","width":625,"height":150,"caption":"SaleWeselne.com"},"image":{"@id":"https:\/\/www.saleweselne.com\/blog\/#\/schema\/logo\/image\/"}},{"@type":"Person","@id":"https:\/\/www.saleweselne.com\/blog\/#\/schema\/person\/4b2f139471122a3ea7ac0a68d919043a","name":"Natalia Bielicka","url":"https:\/\/www.saleweselne.com\/blog\/author\/natalia\/"}]}},"_links":{"self":[{"href":"https:\/\/www.saleweselne.com\/blog\/wp-json\/wp\/v2\/posts\/4168","targetHints":{"allow":["GET"]}}],"collection":[{"href":"https:\/\/www.saleweselne.com\/blog\/wp-json\/wp\/v2\/posts"}],"about":[{"href":"https:\/\/www.saleweselne.com\/blog\/wp-json\/wp\/v2\/types\/post"}],"author":[{"embeddable":true,"href":"https:\/\/www.saleweselne.com\/blog\/wp-json\/wp\/v2\/users\/10"}],"replies":[{"embeddable":true,"href":"https:\/\/www.saleweselne.com\/blog\/wp-json\/wp\/v2\/comments?post=4168"}],"version-history":[{"count":3,"href":"https:\/\/www.saleweselne.com\/blog\/wp-json\/wp\/v2\/posts\/4168\/revisions"}],"predecessor-version":[{"id":4182,"href":"https:\/\/www.saleweselne.com\/blog\/wp-json\/wp\/v2\/posts\/4168\/revisions\/4182"}],"wp:featuredmedia":[{"embeddable":true,"href":"https:\/\/www.saleweselne.com\/blog\/wp-json\/wp\/v2\/media\/4169"}],"wp:attachment":[{"href":"https:\/\/www.saleweselne.com\/blog\/wp-json\/wp\/v2\/media?parent=4168"}],"wp:term":[{"taxonomy":"category","embeddable":true,"href":"https:\/\/www.saleweselne.com\/blog\/wp-json\/wp\/v2\/categories?post=4168"},{"taxonomy":"post_tag","embeddable":true,"href":"https:\/\/www.saleweselne.com\/blog\/wp-json\/wp\/v2\/tags?post=4168"}],"curies":[{"name":"wp","href":"https:\/\/api.w.org\/{rel}","templated":true}]}}