{"id":4219,"date":"2025-05-19T11:45:47","date_gmt":"2025-05-19T09:45:47","guid":{"rendered":"https:\/\/www.saleweselne.com\/blog\/?p=4219"},"modified":"2025-05-19T11:47:01","modified_gmt":"2025-05-19T09:47:01","slug":"sesja-slubna-w-krakowie-i-okolicach-najpiekniejsze-miejsca","status":"publish","type":"post","link":"https:\/\/www.saleweselne.com\/blog\/sesja-slubna-w-krakowie-i-okolicach-najpiekniejsze-miejsca\/","title":{"rendered":"Sesja \u015blubna w Krakowie i okolicach &#8211; najpi\u0119kniejsze miejsca"},"content":{"rendered":"<p><strong>Marzysz o wyj\u0105tkowych zdj\u0119ciach \u015blubnych, kt\u00f3re b\u0119d\u0105 pi\u0119kn\u0105 pami\u0105tk\u0105 na ca\u0142e \u017cycie? Je\u015bli planujesz sesj\u0119 \u015blubn\u0105 w Krakowie lub okolicach, mo\u017cesz mie\u0107 pewno\u015b\u0107 &#8211; w Ma\u0142opolsce nie brakuje magicznych miejsc. Znajdziesz tu zar\u00f3wno romantyczne zau\u0142ki Starego Miasta, klimatyczne ruiny, jak i malownicze plenery z widokiem na g\u00f3ry czy zabytkowe dworki.<\/strong><\/p>\n<p>W tym artykule poka\u017cemy Ci <strong>najpi\u0119kniejsze lokalizacje na zdj\u0119cia \u015blubne,<\/strong> a na ko\u0144cu przedstawimy<strong> top 5 sal weselnych w <a href=\"https:\/\/www.saleweselne.com\/wojewodztwo\/malopolskie\">okolicach Krakowa<\/a>,<\/strong> kt\u00f3re nie tylko zachwycaj\u0105 stylem, ale r\u00f3wnie\u017c oferuj\u0105 bajkowe t\u0142a do sesji. Zacznijmy jednak od najpi\u0119kniejszych miejsc na sesj\u0119 \u015blubn\u0105!<\/p>\n<h2>Stare Miasto w Krakowie<\/h2>\n<p>Je\u015bli marzysz o<strong> klasyce,<\/strong> sesja \u015blubna na tle Sukiennic, Bazyliki Mariackiej czy Plant b\u0119dzie strza\u0142em w dziesi\u0105tk\u0119. Brukowane uliczki, kamieniczki z histori\u0105, drewniane okiennice i romantyczne kawiarenki tworz\u0105 klimat idealny na miejski reporta\u017c z nutk\u0105 vintage.<\/p>\n<p><a href=\"https:\/\/www.saleweselne.com\/blog\/wp-content\/uploads\/2025\/05\/janusz-maniak-Sws6G1nFJ4E-unsplash-1.jpg\"><img loading=\"lazy\" decoding=\"async\" class=\"alignnone size-full wp-image-4228\" src=\"https:\/\/www.saleweselne.com\/blog\/wp-content\/uploads\/2025\/05\/janusz-maniak-Sws6G1nFJ4E-unsplash-1.jpg\" alt=\"Stary rynek w Krakowie\" width=\"2336\" height=\"1552\" srcset=\"https:\/\/www.saleweselne.com\/blog\/wp-content\/uploads\/2025\/05\/janusz-maniak-Sws6G1nFJ4E-unsplash-1.jpg 2336w, https:\/\/www.saleweselne.com\/blog\/wp-content\/uploads\/2025\/05\/janusz-maniak-Sws6G1nFJ4E-unsplash-1-300x199.jpg 300w, https:\/\/www.saleweselne.com\/blog\/wp-content\/uploads\/2025\/05\/janusz-maniak-Sws6G1nFJ4E-unsplash-1-1024x680.jpg 1024w, https:\/\/www.saleweselne.com\/blog\/wp-content\/uploads\/2025\/05\/janusz-maniak-Sws6G1nFJ4E-unsplash-1-768x510.jpg 768w, https:\/\/www.saleweselne.com\/blog\/wp-content\/uploads\/2025\/05\/janusz-maniak-Sws6G1nFJ4E-unsplash-1-1536x1020.jpg 1536w, https:\/\/www.saleweselne.com\/blog\/wp-content\/uploads\/2025\/05\/janusz-maniak-Sws6G1nFJ4E-unsplash-1-2048x1361.jpg 2048w, https:\/\/www.saleweselne.com\/blog\/wp-content\/uploads\/2025\/05\/janusz-maniak-Sws6G1nFJ4E-unsplash-1-1140x757.jpg 1140w\" sizes=\"auto, (max-width: 2336px) 100vw, 2336px\" \/><\/a><\/p>\n<p>Dlaczego warto? Bo to sesja z dusz\u0105 &#8211; zdj\u0119cia b\u0119d\u0105 ponadczasowe. Krakowska star\u00f3wka o poranku potrafi oczarowa\u0107 cisz\u0105 i z\u0142otym \u015bwiat\u0142em. Fotografowie uwielbiaj\u0105 tu gra\u0107 kontrastem: elegancja Pary M\u0142odej kontra surowa architektura i spontaniczny rytm miasta.<\/p>\n<h2>Zamek w Pieskowej Skale i Maczuga Herkulesa<\/h2>\n<p>Zamek Pieskowa Ska\u0142a to miejsce jak z filmu. Otoczony dolin\u0105 i ska\u0142ami, zanurzony w zieleni, daje ogromn\u0105 swobod\u0119 fotograficzn\u0105 &#8211; od romantycznych uj\u0119\u0107 na tle zamkowych mur\u00f3w, po bardziej dramatyczne kadry z Maczug\u0105 Herkulesa w tle. Idealne miejsce dla par ceni\u0105cych histori\u0119, symbolik\u0119 i natur\u0119.<\/p>\n<p><strong>Plus:<\/strong> \u015awietna sceneria na sesj\u0119 w sukniach o d\u0142ugim trenie, welonach unosz\u0105cych si\u0119 na wietrze, z nut\u0105 kr\u00f3lewskiego stylu.<\/p>\n<h2>Ogr\u00f3d Botaniczny UJ &#8211; sesja \u015blubna w Krakowie<\/h2>\n<p>To miejsce zaskakuje swoj\u0105 r\u00f3\u017cnorodno\u015bci\u0105.<strong> Z jednej strony klasyczne alejki, z drugiej &#8211; egzotyczne palmiarnie,<\/strong> mostki, staw z liliami wodnymi i stare szklarnie, kt\u00f3re nadaj\u0105 kadrom nieco artystycznego sznytu. Jest tu co\u015b z bajki, co\u015b z filmu o mi\u0142o\u015bci i co\u015b z magii dzieci\u0144stwa.<\/p>\n<p>Pro tip: Sprawd\u017a godziny otwarcia i zasady sesji &#8211; warto wcze\u015bniej ustali\u0107 zgod\u0119 na komercyjne zdj\u0119cia.<\/p>\n<h2>Zalew Zakrz\u00f3wek<\/h2>\n<p>To miejsce dla par, kt\u00f3re nie boj\u0105 si\u0119 zej\u015b\u0107 z utartego szlaku.<strong> Turkusowa woda<\/strong>, wapienne klify i dzika ro\u015blinno\u015b\u0107 tworz\u0105 uj\u0119cia, jakich nie znajdziesz nigdzie indziej w Polsce. Zakrz\u00f3wek daje nie tylko unikaln\u0105 kolorystyk\u0119, ale te\u017c mo\u017cliwo\u015b\u0107 zdj\u0119\u0107 przy zachodzie s\u0142o\u0144ca, z efektem odbicia w wodzie czy lekko hipsterskim vibe\u2019em.<\/p>\n<p>Pami\u0119taj: tu potrzebny jest do\u015bwiadczony fotograf &#8211; uj\u0119cia mog\u0105 by\u0107 spektakularne, ale i technicznie wymagaj\u0105ce.<\/p>\n<h2>Tyniec<\/h2>\n<p><strong>Opactwo Benedyktyn\u00f3w w Ty\u0144cu<\/strong> to sceneria stworzona do sesji duchowych, dostojnych, ale i bardzo intymnych. Surowa kamienna architektura, dziedziniec, widok na zakole Wis\u0142y &#8211; to wszystko tworzy atmosfer\u0119 zadumy, skupienia i g\u0142\u0119bokiego uczucia.<\/p>\n<p><strong>Dla kogo?<\/strong> Dla par, kt\u00f3re nie potrzebuj\u0105 fajerwerk\u00f3w, tylko chc\u0105 w prosty spos\u00f3b pokaza\u0107 mi\u0142o\u015b\u0107, przywi\u0105zanie i blisko\u015b\u0107.<\/p>\n<h2>Lanckorona &#8211; sesja \u015blubna w Krakowie<\/h2>\n<p>Lanckorona to miejsce stworzone do zdj\u0119\u0107 \u015blubnych w stylu boho, slow czy folk. Stare drewniane domki, brukowana droga, dzika ro\u015blinno\u015b\u0107 i klimat g\u00f3rskiego miasteczka &#8211; to idealna scenografia do sesji bez po\u015bpiechu, w naturalnym \u015bwietle, z boso spaceruj\u0105c\u0105 pann\u0105 m\u0142od\u0105 i wiankiem we w\u0142osach.<\/p>\n<p><a href=\"https:\/\/www.saleweselne.com\/blog\/wp-content\/uploads\/2025\/05\/jakub-pabis-WUMg8Tgf40k-unsplash-1-scaled.jpg\"><img loading=\"lazy\" decoding=\"async\" class=\"alignnone size-full wp-image-4229\" src=\"https:\/\/www.saleweselne.com\/blog\/wp-content\/uploads\/2025\/05\/jakub-pabis-WUMg8Tgf40k-unsplash-1-scaled.jpg\" alt=\"Widok na Lanckoron\u0119\" width=\"2560\" height=\"1707\" srcset=\"https:\/\/www.saleweselne.com\/blog\/wp-content\/uploads\/2025\/05\/jakub-pabis-WUMg8Tgf40k-unsplash-1-scaled.jpg 2560w, https:\/\/www.saleweselne.com\/blog\/wp-content\/uploads\/2025\/05\/jakub-pabis-WUMg8Tgf40k-unsplash-1-300x200.jpg 300w, https:\/\/www.saleweselne.com\/blog\/wp-content\/uploads\/2025\/05\/jakub-pabis-WUMg8Tgf40k-unsplash-1-1024x683.jpg 1024w, https:\/\/www.saleweselne.com\/blog\/wp-content\/uploads\/2025\/05\/jakub-pabis-WUMg8Tgf40k-unsplash-1-768x512.jpg 768w, https:\/\/www.saleweselne.com\/blog\/wp-content\/uploads\/2025\/05\/jakub-pabis-WUMg8Tgf40k-unsplash-1-1536x1024.jpg 1536w, https:\/\/www.saleweselne.com\/blog\/wp-content\/uploads\/2025\/05\/jakub-pabis-WUMg8Tgf40k-unsplash-1-2048x1365.jpg 2048w, https:\/\/www.saleweselne.com\/blog\/wp-content\/uploads\/2025\/05\/jakub-pabis-WUMg8Tgf40k-unsplash-1-1140x760.jpg 1140w\" sizes=\"auto, (max-width: 2560px) 100vw, 2560px\" \/><\/a><\/p>\n<p><strong>Rada:<\/strong> Zaplanujcie kilka godzin na spacer po okolicy &#8211; ka\u017cdy zak\u0105tek ma potencja\u0142.<\/p>\n<h2>Nowohucki Zalew i \u0141\u0105ki Nowohuckie<\/h2>\n<p>Cho\u0107 mo\u017ce nie kojarzy si\u0119 od razu z romantyzmem, Zalew Nowohucki to przestrze\u0144, kt\u00f3ra daje ogromne mo\u017cliwo\u015bci kreatywnej sesji. Drewniane pomosty, wysokie trawy, kaczki, leniwe \u015bwiat\u0142o popo\u0142udnia i industrialne t\u0142o Nowej Huty &#8211; to miks idealny dla par, kt\u00f3re lubi\u0105 \u0142ama\u0107 schematy.<\/p>\n<h2>Ruiny zamku w Rudnie<\/h2>\n<p>Zamek Tenczyn w Rudnie to jedno z tych miejsc, kt\u00f3re wci\u0105\u017c nie zosta\u0142y do ko\u0144ca odkryte przez fotograf\u00f3w \u015blubnych &#8211; a szkoda! Ruiny, z kt\u00f3rych rozci\u0105ga si\u0119 widok na Jur\u0119 Krakowsko-Cz\u0119stochowsk\u0105, maj\u0105 w sobie co\u015b magicznego. Szczeliny w murach, dzikie winoro\u015ble, gra \u015bwiat\u0142a o z\u0142otej godzinie&#8230;<strong> a\u017c chce si\u0119 wyj\u0105\u0107 aparat.<\/strong><\/p>\n<p>Dla par marz\u0105cych o zdj\u0119ciach jak z planu filmu kostiumowego, ale w nieoczywistym wydaniu.<\/p>\n<p>Sesja \u015blubna w Krakowie mo\u017ce tak\u017ce odby\u0107 si\u0119 w miejscu Twojego wesela! Oto pi\u0119\u0107 najlepszych miejsc na wesele w Krakowie.<\/p>\n<h2>Sale weselne w Krakowie i okolicach<\/h2>\n<h3>Folwark Zalesie<\/h3>\n<p>Po\u0142o\u017cony w miejscowo\u015bci Zabierz\u00f3w, <a href=\"https:\/\/www.saleweselne.com\/krakow\/folwark-zalesie-wesele\">Folwark Zalesie<\/a> to wyj\u0105tkowe miejsce, kt\u00f3re \u0142\u0105czy rustykalny klimat z nowoczesn\u0105 wygod\u0105. Stylowa sala z drewnianymi belkami, przeszklona oran\u017ceria i ogromny ogr\u00f3d z widokiem na Beskidy sprawiaj\u0105, \u017ce to nie tylko \u015bwietna lokalizacja na wesele, ale te\u017c na niezapomnian\u0105 sesj\u0119 zdj\u0119ciow\u0105.<\/p>\n<p><a href=\"https:\/\/www.saleweselne.com\/blog\/wp-content\/uploads\/2025\/05\/folwark-zalesie.jpg\"><img loading=\"lazy\" decoding=\"async\" class=\"alignnone size-full wp-image-4221\" src=\"https:\/\/www.saleweselne.com\/blog\/wp-content\/uploads\/2025\/05\/folwark-zalesie.jpg\" alt=\"M\u0142oda para ta\u0144czy na weselu w Krakowie\" width=\"1700\" height=\"1133\" srcset=\"https:\/\/www.saleweselne.com\/blog\/wp-content\/uploads\/2025\/05\/folwark-zalesie.jpg 1700w, https:\/\/www.saleweselne.com\/blog\/wp-content\/uploads\/2025\/05\/folwark-zalesie-300x200.jpg 300w, https:\/\/www.saleweselne.com\/blog\/wp-content\/uploads\/2025\/05\/folwark-zalesie-1024x682.jpg 1024w, https:\/\/www.saleweselne.com\/blog\/wp-content\/uploads\/2025\/05\/folwark-zalesie-768x512.jpg 768w, https:\/\/www.saleweselne.com\/blog\/wp-content\/uploads\/2025\/05\/folwark-zalesie-1536x1024.jpg 1536w, https:\/\/www.saleweselne.com\/blog\/wp-content\/uploads\/2025\/05\/folwark-zalesie-1140x760.jpg 1140w\" sizes=\"auto, (max-width: 1700px) 100vw, 1700px\" \/><\/a><\/p>\n<p><strong>Atuty:<\/strong> Mo\u017cliwo\u015b\u0107 organizacji ceremonii w plenerze, altany, konie w tle, wieczorne ogniska. Wszystko sprzyja naturalnym, emocjonalnym kadrom.<\/p>\n<h3>Dw\u00f3r w Tomaszowicach<\/h3>\n<p>XIX-wieczny <a href=\"https:\/\/www.saleweselne.com\/krakow\/dwor-w-tomaszowicach-wesele\">Dw\u00f3r w Tomaszowicach<\/a> otoczony 10-hektarowym parkiem to jeden z najbardziej presti\u017cowych obiekt\u00f3w weselnych w Ma\u0142opolsce. Bia\u0142a Oran\u017ceria, romantyczne aleje, stylowe wn\u0119trza i pe\u0142na profesjonalizacja us\u0142ug eventowych &#8211; to wyb\u00f3r dla par, kt\u00f3re oczekuj\u0105 klasy, spokoju i perfekcji.<\/p>\n<p><a href=\"https:\/\/www.saleweselne.com\/blog\/wp-content\/uploads\/2025\/05\/dwor-w-tomaszowicach.jpg\"><img loading=\"lazy\" decoding=\"async\" class=\"alignnone size-full wp-image-4222\" src=\"https:\/\/www.saleweselne.com\/blog\/wp-content\/uploads\/2025\/05\/dwor-w-tomaszowicach.jpg\" alt=\"Sala weselna w Dworze w Tomaszowicach\" width=\"1024\" height=\"683\" srcset=\"https:\/\/www.saleweselne.com\/blog\/wp-content\/uploads\/2025\/05\/dwor-w-tomaszowicach.jpg 1024w, https:\/\/www.saleweselne.com\/blog\/wp-content\/uploads\/2025\/05\/dwor-w-tomaszowicach-300x200.jpg 300w, https:\/\/www.saleweselne.com\/blog\/wp-content\/uploads\/2025\/05\/dwor-w-tomaszowicach-768x512.jpg 768w\" sizes=\"auto, (max-width: 1024px) 100vw, 1024px\" \/><\/a><\/p>\n<p><strong>Do sesji:<\/strong> Zabytkowe okna, kolumnady, trawniki i naturalne \u015bwiat\u0142o czyni\u0105 z Tomaszowic idealne t\u0142o do eleganckiej, ale i romantycznej sesji<\/p>\n<h3>Zinar Castle i zabytkowa Baszta &#8211; sesja \u015blubna w Krakowie<\/h3>\n<p><a href=\"https:\/\/www.saleweselne.com\/krakow\/kompleks-wzgorze-zamkowe-wesele\">Zinar Castle<\/a> to miejsce to spe\u0142nienie marze\u0144 dla fan\u00f3w zamkowych klimat\u00f3w i nowoczesnej estetyki. Odrestaurowana baszta z ceg\u0142y, stylowe wn\u0119trza i rozleg\u0142y teren wok\u00f3\u0142 tworz\u0105 warunki zar\u00f3wno do du\u017cych przyj\u0119\u0107, jak i klimatycznych zdj\u0119\u0107 w stylu editorial.<\/p>\n<p><a href=\"https:\/\/www.saleweselne.com\/blog\/wp-content\/uploads\/2025\/05\/zinar-castle-scaled.jpg\"><img loading=\"lazy\" decoding=\"async\" class=\"alignnone size-full wp-image-4223\" src=\"https:\/\/www.saleweselne.com\/blog\/wp-content\/uploads\/2025\/05\/zinar-castle-scaled.jpg\" alt=\"Widok na zabytkowy zamek \" width=\"2560\" height=\"1705\" srcset=\"https:\/\/www.saleweselne.com\/blog\/wp-content\/uploads\/2025\/05\/zinar-castle-scaled.jpg 2560w, https:\/\/www.saleweselne.com\/blog\/wp-content\/uploads\/2025\/05\/zinar-castle-300x200.jpg 300w, https:\/\/www.saleweselne.com\/blog\/wp-content\/uploads\/2025\/05\/zinar-castle-1024x682.jpg 1024w, https:\/\/www.saleweselne.com\/blog\/wp-content\/uploads\/2025\/05\/zinar-castle-768x512.jpg 768w, https:\/\/www.saleweselne.com\/blog\/wp-content\/uploads\/2025\/05\/zinar-castle-1536x1023.jpg 1536w, https:\/\/www.saleweselne.com\/blog\/wp-content\/uploads\/2025\/05\/zinar-castle-2048x1364.jpg 2048w, https:\/\/www.saleweselne.com\/blog\/wp-content\/uploads\/2025\/05\/zinar-castle-1140x759.jpg 1140w\" sizes=\"auto, (max-width: 2560px) 100vw, 2560px\" \/><\/a><\/p>\n<p><strong>Bonus:<\/strong> Du\u017cy wyb\u00f3r scenografii &#8211; od minimalistycznych do bajkowych &#8211; i wra\u017cenie luksusu, kt\u00f3re zostaje z go\u015b\u0107mi na d\u0142ugo.<\/p>\n<h3>Aparthotel Miodostynia<\/h3>\n<p>Po\u0142o\u017cony w samym centrum Krakowa, <a href=\"https:\/\/www.saleweselne.com\/krakow\/aparthotel-miodostynia-wesele\">Miodostynia<\/a> oferuje zupe\u0142nie inne do\u015bwiadczenie ni\u017c pa\u0142ace i stodo\u0142y. To butikowy hotel, kt\u00f3ry przyci\u0105ga pary ceni\u0105ce indywidualizm i miejski styl. Patio z ceg\u0142\u0105 i ro\u015blinno\u015bci\u0105, industrialne akcenty, stylowe apartamenty &#8211; wszystko tworzy klimat nowoczesny, ale z dusz\u0105.<\/p>\n<p><a href=\"https:\/\/www.saleweselne.com\/blog\/wp-content\/uploads\/2025\/05\/midosotynia.jpg\"><img loading=\"lazy\" decoding=\"async\" class=\"alignnone size-full wp-image-4224\" src=\"https:\/\/www.saleweselne.com\/blog\/wp-content\/uploads\/2025\/05\/midosotynia.jpg\" alt=\"Wn\u0119trze obiektu aparthotel Miodostynia\" width=\"1200\" height=\"900\" srcset=\"https:\/\/www.saleweselne.com\/blog\/wp-content\/uploads\/2025\/05\/midosotynia.jpg 1200w, https:\/\/www.saleweselne.com\/blog\/wp-content\/uploads\/2025\/05\/midosotynia-300x225.jpg 300w, https:\/\/www.saleweselne.com\/blog\/wp-content\/uploads\/2025\/05\/midosotynia-1024x768.jpg 1024w, https:\/\/www.saleweselne.com\/blog\/wp-content\/uploads\/2025\/05\/midosotynia-768x576.jpg 768w, https:\/\/www.saleweselne.com\/blog\/wp-content\/uploads\/2025\/05\/midosotynia-1140x855.jpg 1140w\" sizes=\"auto, (max-width: 1200px) 100vw, 1200px\" \/><\/a><\/p>\n<p><strong>Idealne dla:<\/strong> Kameralnych wesel i nietuzinkowych sesji &#8211; tak\u017ce wieczornych, przy \u015bwiecach i winie.<\/p>\n<h3>Oaza Le\u0144cze<\/h3>\n<p>Je\u015bli bliskie s\u0105 Wam cisza, natura i autentyczno\u015b\u0107 &#8211;<a href=\"https:\/\/www.saleweselne.com\/krakow\/oaza-lencze-wesele\"> Oaza Le\u0144cze<\/a> to strza\u0142 w dziesi\u0105tk\u0119. Po\u0142o\u017cona na wzg\u00f3rzu sala z panoramicznymi oknami, sielskie otoczenie, \u0142\u0105ki i stare sady tworz\u0105 klimat, kt\u00f3ry trudno opisa\u0107 s\u0142owami &#8211; trzeba go poczu\u0107.<\/p>\n<p><a href=\"https:\/\/www.saleweselne.com\/blog\/wp-content\/uploads\/2025\/05\/lencze.jpg\"><img loading=\"lazy\" decoding=\"async\" class=\"alignnone wp-image-4225 size-full\" src=\"https:\/\/www.saleweselne.com\/blog\/wp-content\/uploads\/2025\/05\/lencze.jpg\" alt=\"Sesja zdj\u0119ciowa w Oazie Le\u0144cze\" width=\"800\" height=\"534\" srcset=\"https:\/\/www.saleweselne.com\/blog\/wp-content\/uploads\/2025\/05\/lencze.jpg 800w, https:\/\/www.saleweselne.com\/blog\/wp-content\/uploads\/2025\/05\/lencze-300x200.jpg 300w, https:\/\/www.saleweselne.com\/blog\/wp-content\/uploads\/2025\/05\/lencze-768x513.jpg 768w\" sizes=\"auto, (max-width: 800px) 100vw, 800px\" \/><\/a><\/p>\n<p><strong>Dlaczego warto?<\/strong> Mo\u017cna tu wyprawi\u0107 wesele, poby\u0107 z go\u015b\u0107mi przez ca\u0142y weekend, zrobi\u0107 zdj\u0119cia w ka\u017cdej porze dnia i&#8230; zakocha\u0107 si\u0119 jeszcze raz.<\/p>\n<h2>Kt\u00f3r\u0105 lokalizacj\u0119 wybra\u0107 na sesj\u0119 zdj\u0119ciow\u0105 w Krakowie?<\/h2>\n<p>To zale\u017cy od Waszego stylu i osobowo\u015bci.<strong> Jedno jest pewne &#8211; Ma\u0142opolska ma wszystko, by stworzy\u0107 pi\u0119kne kadry<\/strong> i niezapomniane wspomnienia. A je\u015bli chcecie po\u0142\u0105czy\u0107 sesj\u0119 \u015blubn\u0105 z organizacj\u0105 wesela, wybierzcie miejsce, kt\u00f3re da Wam jedno i drugie: wyj\u0105tkowe t\u0142o i niezawodn\u0105 obs\u0142ug\u0119.<\/p>\n<p><strong>Potrzebujesz doradztwa? Na naszej stronie znajdziesz jeszcze wi\u0119cej obiekt\u00f3w na wesele nie tylko w ma\u0142opolsce!<\/strong><\/p>\n","protected":false},"excerpt":{"rendered":"<p>Poznaj najpi\u0119kniejsze miejsca na sesj\u0119 \u015blubn\u0105 w Krakowie i okolicach oraz topowe sale weselne, kt\u00f3re oczaruj\u0105 Ciebie i Twoich go\u015bci.<\/p>\n","protected":false},"author":10,"featured_media":4227,"comment_status":"closed","ping_status":"closed","sticky":false,"template":"","format":"standard","meta":{"footnotes":""},"categories":[182,170,201,198],"tags":[176,174,175,178],"class_list":["post-4219","post","type-post","status-publish","format-standard","has-post-thumbnail","hentry","category-miejsce-na-wesele","category-organizacja-wesela","category-sala-weselna","category-uslugi-weselne","tag-organizacja-slubu","tag-organizacja-wesela","tag-planowanie-wesela","tag-sala-weselna"],"yoast_head":"<!-- This site is optimized with the Yoast SEO plugin v26.8 - https:\/\/yoast.com\/product\/yoast-seo-wordpress\/ -->\n<title>Sesja \u015blubna w Krakowie i okolicach - najpi\u0119kniejsze miejsca<\/title>\n<meta name=\"description\" content=\"Poznaj najpi\u0119kniejsze miejsca na sesj\u0119 \u015blubn\u0105 w Krakowie i okolicach oraz topowe sale weselne, kt\u00f3re oczaruj\u0105 Ciebie i Twoich go\u015bci.\" \/>\n<meta name=\"robots\" content=\"index, follow, max-snippet:-1, max-image-preview:large, max-video-preview:-1\" \/>\n<link rel=\"canonical\" href=\"https:\/\/www.saleweselne.com\/blog\/sesja-slubna-w-krakowie-i-okolicach-najpiekniejsze-miejsca\/\" \/>\n<meta property=\"og:locale\" content=\"pl_PL\" \/>\n<meta property=\"og:type\" content=\"article\" \/>\n<meta property=\"og:title\" content=\"Sesja \u015blubna w Krakowie i okolicach - najpi\u0119kniejsze miejsca\" \/>\n<meta property=\"og:description\" content=\"Poznaj najpi\u0119kniejsze miejsca na sesj\u0119 \u015blubn\u0105 w Krakowie i okolicach oraz topowe sale weselne, kt\u00f3re oczaruj\u0105 Ciebie i Twoich go\u015bci.\" \/>\n<meta property=\"og:url\" content=\"https:\/\/www.saleweselne.com\/blog\/sesja-slubna-w-krakowie-i-okolicach-najpiekniejsze-miejsca\/\" \/>\n<meta property=\"og:site_name\" content=\"SaleWeselne.com\" \/>\n<meta property=\"article:published_time\" content=\"2025-05-19T09:45:47+00:00\" \/>\n<meta property=\"article:modified_time\" content=\"2025-05-19T09:47:01+00:00\" \/>\n<meta property=\"og:image\" content=\"https:\/\/www.saleweselne.com\/blog\/wp-content\/uploads\/2025\/05\/lucas-albuquerque-i-p1zqFros8-unsplash-1-scaled.jpg\" \/>\n\t<meta property=\"og:image:width\" content=\"2560\" \/>\n\t<meta property=\"og:image:height\" content=\"1707\" \/>\n\t<meta property=\"og:image:type\" content=\"image\/jpeg\" \/>\n<meta name=\"author\" content=\"Natalia Bielicka\" \/>\n<meta name=\"twitter:card\" content=\"summary_large_image\" \/>\n<meta name=\"twitter:label1\" content=\"Napisane przez\" \/>\n\t<meta name=\"twitter:data1\" content=\"Natalia Bielicka\" \/>\n\t<meta name=\"twitter:label2\" content=\"Szacowany czas czytania\" \/>\n\t<meta name=\"twitter:data2\" content=\"8 minut\" \/>\n<script type=\"application\/ld+json\" class=\"yoast-schema-graph\">{\"@context\":\"https:\/\/schema.org\",\"@graph\":[{\"@type\":\"Article\",\"@id\":\"https:\/\/www.saleweselne.com\/blog\/sesja-slubna-w-krakowie-i-okolicach-najpiekniejsze-miejsca\/#article\",\"isPartOf\":{\"@id\":\"https:\/\/www.saleweselne.com\/blog\/sesja-slubna-w-krakowie-i-okolicach-najpiekniejsze-miejsca\/\"},\"author\":{\"name\":\"Natalia Bielicka\",\"@id\":\"https:\/\/www.saleweselne.com\/blog\/#\/schema\/person\/4b2f139471122a3ea7ac0a68d919043a\"},\"headline\":\"Sesja \u015blubna w Krakowie i okolicach &#8211; najpi\u0119kniejsze miejsca\",\"datePublished\":\"2025-05-19T09:45:47+00:00\",\"dateModified\":\"2025-05-19T09:47:01+00:00\",\"mainEntityOfPage\":{\"@id\":\"https:\/\/www.saleweselne.com\/blog\/sesja-slubna-w-krakowie-i-okolicach-najpiekniejsze-miejsca\/\"},\"wordCount\":1195,\"publisher\":{\"@id\":\"https:\/\/www.saleweselne.com\/blog\/#organization\"},\"image\":{\"@id\":\"https:\/\/www.saleweselne.com\/blog\/sesja-slubna-w-krakowie-i-okolicach-najpiekniejsze-miejsca\/#primaryimage\"},\"thumbnailUrl\":\"https:\/\/www.saleweselne.com\/blog\/wp-content\/uploads\/2025\/05\/lucas-albuquerque-i-p1zqFros8-unsplash-1-scaled.jpg\",\"keywords\":[\"organizacja \u015blubu\",\"organizacja wesela\",\"planowanie wesela\",\"sala weselna\"],\"articleSection\":[\"Miejsce na wesele\",\"Organizacja wesela\",\"Sala weselna\",\"Us\u0142ugi weselne\"],\"inLanguage\":\"pl-PL\"},{\"@type\":\"WebPage\",\"@id\":\"https:\/\/www.saleweselne.com\/blog\/sesja-slubna-w-krakowie-i-okolicach-najpiekniejsze-miejsca\/\",\"url\":\"https:\/\/www.saleweselne.com\/blog\/sesja-slubna-w-krakowie-i-okolicach-najpiekniejsze-miejsca\/\",\"name\":\"Sesja \u015blubna w Krakowie i okolicach - najpi\u0119kniejsze miejsca\",\"isPartOf\":{\"@id\":\"https:\/\/www.saleweselne.com\/blog\/#website\"},\"primaryImageOfPage\":{\"@id\":\"https:\/\/www.saleweselne.com\/blog\/sesja-slubna-w-krakowie-i-okolicach-najpiekniejsze-miejsca\/#primaryimage\"},\"image\":{\"@id\":\"https:\/\/www.saleweselne.com\/blog\/sesja-slubna-w-krakowie-i-okolicach-najpiekniejsze-miejsca\/#primaryimage\"},\"thumbnailUrl\":\"https:\/\/www.saleweselne.com\/blog\/wp-content\/uploads\/2025\/05\/lucas-albuquerque-i-p1zqFros8-unsplash-1-scaled.jpg\",\"datePublished\":\"2025-05-19T09:45:47+00:00\",\"dateModified\":\"2025-05-19T09:47:01+00:00\",\"description\":\"Poznaj najpi\u0119kniejsze miejsca na sesj\u0119 \u015blubn\u0105 w Krakowie i okolicach oraz topowe sale weselne, kt\u00f3re oczaruj\u0105 Ciebie i Twoich go\u015bci.\",\"breadcrumb\":{\"@id\":\"https:\/\/www.saleweselne.com\/blog\/sesja-slubna-w-krakowie-i-okolicach-najpiekniejsze-miejsca\/#breadcrumb\"},\"inLanguage\":\"pl-PL\",\"potentialAction\":[{\"@type\":\"ReadAction\",\"target\":[\"https:\/\/www.saleweselne.com\/blog\/sesja-slubna-w-krakowie-i-okolicach-najpiekniejsze-miejsca\/\"]}]},{\"@type\":\"ImageObject\",\"inLanguage\":\"pl-PL\",\"@id\":\"https:\/\/www.saleweselne.com\/blog\/sesja-slubna-w-krakowie-i-okolicach-najpiekniejsze-miejsca\/#primaryimage\",\"url\":\"https:\/\/www.saleweselne.com\/blog\/wp-content\/uploads\/2025\/05\/lucas-albuquerque-i-p1zqFros8-unsplash-1-scaled.jpg\",\"contentUrl\":\"https:\/\/www.saleweselne.com\/blog\/wp-content\/uploads\/2025\/05\/lucas-albuquerque-i-p1zqFros8-unsplash-1-scaled.jpg\",\"width\":2560,\"height\":1707,\"caption\":\"Powozy konne na rynku w Krakowie\"},{\"@type\":\"BreadcrumbList\",\"@id\":\"https:\/\/www.saleweselne.com\/blog\/sesja-slubna-w-krakowie-i-okolicach-najpiekniejsze-miejsca\/#breadcrumb\",\"itemListElement\":[{\"@type\":\"ListItem\",\"position\":1,\"name\":\"Strona g\u0142\u00f3wna\",\"item\":\"https:\/\/www.saleweselne.com\/blog\/\"},{\"@type\":\"ListItem\",\"position\":2,\"name\":\"Sesja \u015blubna w Krakowie i okolicach &#8211; najpi\u0119kniejsze miejsca\"}]},{\"@type\":\"WebSite\",\"@id\":\"https:\/\/www.saleweselne.com\/blog\/#website\",\"url\":\"https:\/\/www.saleweselne.com\/blog\/\",\"name\":\"SaleWeselne.com\",\"description\":\"Blog Bran\u017cy Weselnej - Sprawd\u017a najpi\u0119kniejsze sale weselne oraz motywy \u015blubne. Poznaj praktyczne porady, jak zorganizowa\u0107 wymarzone wesele!\",\"publisher\":{\"@id\":\"https:\/\/www.saleweselne.com\/blog\/#organization\"},\"potentialAction\":[{\"@type\":\"SearchAction\",\"target\":{\"@type\":\"EntryPoint\",\"urlTemplate\":\"https:\/\/www.saleweselne.com\/blog\/?s={search_term_string}\"},\"query-input\":{\"@type\":\"PropertyValueSpecification\",\"valueRequired\":true,\"valueName\":\"search_term_string\"}}],\"inLanguage\":\"pl-PL\"},{\"@type\":\"Organization\",\"@id\":\"https:\/\/www.saleweselne.com\/blog\/#organization\",\"name\":\"SaleWeselne.com\",\"url\":\"https:\/\/www.saleweselne.com\/blog\/\",\"logo\":{\"@type\":\"ImageObject\",\"inLanguage\":\"pl-PL\",\"@id\":\"https:\/\/www.saleweselne.com\/blog\/#\/schema\/logo\/image\/\",\"url\":\"https:\/\/www.saleweselne.com\/blog\/wp-content\/uploads\/2021\/03\/saleweselne-logotyp-RGB-bez-tla-2.png\",\"contentUrl\":\"https:\/\/www.saleweselne.com\/blog\/wp-content\/uploads\/2021\/03\/saleweselne-logotyp-RGB-bez-tla-2.png\",\"width\":625,\"height\":150,\"caption\":\"SaleWeselne.com\"},\"image\":{\"@id\":\"https:\/\/www.saleweselne.com\/blog\/#\/schema\/logo\/image\/\"}},{\"@type\":\"Person\",\"@id\":\"https:\/\/www.saleweselne.com\/blog\/#\/schema\/person\/4b2f139471122a3ea7ac0a68d919043a\",\"name\":\"Natalia Bielicka\",\"url\":\"https:\/\/www.saleweselne.com\/blog\/author\/natalia\/\"}]}<\/script>\n<!-- \/ Yoast SEO plugin. -->","yoast_head_json":{"title":"Sesja \u015blubna w Krakowie i okolicach - najpi\u0119kniejsze miejsca","description":"Poznaj najpi\u0119kniejsze miejsca na sesj\u0119 \u015blubn\u0105 w Krakowie i okolicach oraz topowe sale weselne, kt\u00f3re oczaruj\u0105 Ciebie i Twoich go\u015bci.","robots":{"index":"index","follow":"follow","max-snippet":"max-snippet:-1","max-image-preview":"max-image-preview:large","max-video-preview":"max-video-preview:-1"},"canonical":"https:\/\/www.saleweselne.com\/blog\/sesja-slubna-w-krakowie-i-okolicach-najpiekniejsze-miejsca\/","og_locale":"pl_PL","og_type":"article","og_title":"Sesja \u015blubna w Krakowie i okolicach - najpi\u0119kniejsze miejsca","og_description":"Poznaj najpi\u0119kniejsze miejsca na sesj\u0119 \u015blubn\u0105 w Krakowie i okolicach oraz topowe sale weselne, kt\u00f3re oczaruj\u0105 Ciebie i Twoich go\u015bci.","og_url":"https:\/\/www.saleweselne.com\/blog\/sesja-slubna-w-krakowie-i-okolicach-najpiekniejsze-miejsca\/","og_site_name":"SaleWeselne.com","article_published_time":"2025-05-19T09:45:47+00:00","article_modified_time":"2025-05-19T09:47:01+00:00","og_image":[{"width":2560,"height":1707,"url":"https:\/\/www.saleweselne.com\/blog\/wp-content\/uploads\/2025\/05\/lucas-albuquerque-i-p1zqFros8-unsplash-1-scaled.jpg","type":"image\/jpeg"}],"author":"Natalia Bielicka","twitter_card":"summary_large_image","twitter_misc":{"Napisane przez":"Natalia Bielicka","Szacowany czas czytania":"8 minut"},"schema":{"@context":"https:\/\/schema.org","@graph":[{"@type":"Article","@id":"https:\/\/www.saleweselne.com\/blog\/sesja-slubna-w-krakowie-i-okolicach-najpiekniejsze-miejsca\/#article","isPartOf":{"@id":"https:\/\/www.saleweselne.com\/blog\/sesja-slubna-w-krakowie-i-okolicach-najpiekniejsze-miejsca\/"},"author":{"name":"Natalia Bielicka","@id":"https:\/\/www.saleweselne.com\/blog\/#\/schema\/person\/4b2f139471122a3ea7ac0a68d919043a"},"headline":"Sesja \u015blubna w Krakowie i okolicach &#8211; najpi\u0119kniejsze miejsca","datePublished":"2025-05-19T09:45:47+00:00","dateModified":"2025-05-19T09:47:01+00:00","mainEntityOfPage":{"@id":"https:\/\/www.saleweselne.com\/blog\/sesja-slubna-w-krakowie-i-okolicach-najpiekniejsze-miejsca\/"},"wordCount":1195,"publisher":{"@id":"https:\/\/www.saleweselne.com\/blog\/#organization"},"image":{"@id":"https:\/\/www.saleweselne.com\/blog\/sesja-slubna-w-krakowie-i-okolicach-najpiekniejsze-miejsca\/#primaryimage"},"thumbnailUrl":"https:\/\/www.saleweselne.com\/blog\/wp-content\/uploads\/2025\/05\/lucas-albuquerque-i-p1zqFros8-unsplash-1-scaled.jpg","keywords":["organizacja \u015blubu","organizacja wesela","planowanie wesela","sala weselna"],"articleSection":["Miejsce na wesele","Organizacja wesela","Sala weselna","Us\u0142ugi weselne"],"inLanguage":"pl-PL"},{"@type":"WebPage","@id":"https:\/\/www.saleweselne.com\/blog\/sesja-slubna-w-krakowie-i-okolicach-najpiekniejsze-miejsca\/","url":"https:\/\/www.saleweselne.com\/blog\/sesja-slubna-w-krakowie-i-okolicach-najpiekniejsze-miejsca\/","name":"Sesja \u015blubna w Krakowie i okolicach - najpi\u0119kniejsze miejsca","isPartOf":{"@id":"https:\/\/www.saleweselne.com\/blog\/#website"},"primaryImageOfPage":{"@id":"https:\/\/www.saleweselne.com\/blog\/sesja-slubna-w-krakowie-i-okolicach-najpiekniejsze-miejsca\/#primaryimage"},"image":{"@id":"https:\/\/www.saleweselne.com\/blog\/sesja-slubna-w-krakowie-i-okolicach-najpiekniejsze-miejsca\/#primaryimage"},"thumbnailUrl":"https:\/\/www.saleweselne.com\/blog\/wp-content\/uploads\/2025\/05\/lucas-albuquerque-i-p1zqFros8-unsplash-1-scaled.jpg","datePublished":"2025-05-19T09:45:47+00:00","dateModified":"2025-05-19T09:47:01+00:00","description":"Poznaj najpi\u0119kniejsze miejsca na sesj\u0119 \u015blubn\u0105 w Krakowie i okolicach oraz topowe sale weselne, kt\u00f3re oczaruj\u0105 Ciebie i Twoich go\u015bci.","breadcrumb":{"@id":"https:\/\/www.saleweselne.com\/blog\/sesja-slubna-w-krakowie-i-okolicach-najpiekniejsze-miejsca\/#breadcrumb"},"inLanguage":"pl-PL","potentialAction":[{"@type":"ReadAction","target":["https:\/\/www.saleweselne.com\/blog\/sesja-slubna-w-krakowie-i-okolicach-najpiekniejsze-miejsca\/"]}]},{"@type":"ImageObject","inLanguage":"pl-PL","@id":"https:\/\/www.saleweselne.com\/blog\/sesja-slubna-w-krakowie-i-okolicach-najpiekniejsze-miejsca\/#primaryimage","url":"https:\/\/www.saleweselne.com\/blog\/wp-content\/uploads\/2025\/05\/lucas-albuquerque-i-p1zqFros8-unsplash-1-scaled.jpg","contentUrl":"https:\/\/www.saleweselne.com\/blog\/wp-content\/uploads\/2025\/05\/lucas-albuquerque-i-p1zqFros8-unsplash-1-scaled.jpg","width":2560,"height":1707,"caption":"Powozy konne na rynku w Krakowie"},{"@type":"BreadcrumbList","@id":"https:\/\/www.saleweselne.com\/blog\/sesja-slubna-w-krakowie-i-okolicach-najpiekniejsze-miejsca\/#breadcrumb","itemListElement":[{"@type":"ListItem","position":1,"name":"Strona g\u0142\u00f3wna","item":"https:\/\/www.saleweselne.com\/blog\/"},{"@type":"ListItem","position":2,"name":"Sesja \u015blubna w Krakowie i okolicach &#8211; najpi\u0119kniejsze miejsca"}]},{"@type":"WebSite","@id":"https:\/\/www.saleweselne.com\/blog\/#website","url":"https:\/\/www.saleweselne.com\/blog\/","name":"SaleWeselne.com","description":"Blog Bran\u017cy Weselnej - Sprawd\u017a najpi\u0119kniejsze sale weselne oraz motywy \u015blubne. Poznaj praktyczne porady, jak zorganizowa\u0107 wymarzone wesele!","publisher":{"@id":"https:\/\/www.saleweselne.com\/blog\/#organization"},"potentialAction":[{"@type":"SearchAction","target":{"@type":"EntryPoint","urlTemplate":"https:\/\/www.saleweselne.com\/blog\/?s={search_term_string}"},"query-input":{"@type":"PropertyValueSpecification","valueRequired":true,"valueName":"search_term_string"}}],"inLanguage":"pl-PL"},{"@type":"Organization","@id":"https:\/\/www.saleweselne.com\/blog\/#organization","name":"SaleWeselne.com","url":"https:\/\/www.saleweselne.com\/blog\/","logo":{"@type":"ImageObject","inLanguage":"pl-PL","@id":"https:\/\/www.saleweselne.com\/blog\/#\/schema\/logo\/image\/","url":"https:\/\/www.saleweselne.com\/blog\/wp-content\/uploads\/2021\/03\/saleweselne-logotyp-RGB-bez-tla-2.png","contentUrl":"https:\/\/www.saleweselne.com\/blog\/wp-content\/uploads\/2021\/03\/saleweselne-logotyp-RGB-bez-tla-2.png","width":625,"height":150,"caption":"SaleWeselne.com"},"image":{"@id":"https:\/\/www.saleweselne.com\/blog\/#\/schema\/logo\/image\/"}},{"@type":"Person","@id":"https:\/\/www.saleweselne.com\/blog\/#\/schema\/person\/4b2f139471122a3ea7ac0a68d919043a","name":"Natalia Bielicka","url":"https:\/\/www.saleweselne.com\/blog\/author\/natalia\/"}]}},"_links":{"self":[{"href":"https:\/\/www.saleweselne.com\/blog\/wp-json\/wp\/v2\/posts\/4219","targetHints":{"allow":["GET"]}}],"collection":[{"href":"https:\/\/www.saleweselne.com\/blog\/wp-json\/wp\/v2\/posts"}],"about":[{"href":"https:\/\/www.saleweselne.com\/blog\/wp-json\/wp\/v2\/types\/post"}],"author":[{"embeddable":true,"href":"https:\/\/www.saleweselne.com\/blog\/wp-json\/wp\/v2\/users\/10"}],"replies":[{"embeddable":true,"href":"https:\/\/www.saleweselne.com\/blog\/wp-json\/wp\/v2\/comments?post=4219"}],"version-history":[{"count":5,"href":"https:\/\/www.saleweselne.com\/blog\/wp-json\/wp\/v2\/posts\/4219\/revisions"}],"predecessor-version":[{"id":4232,"href":"https:\/\/www.saleweselne.com\/blog\/wp-json\/wp\/v2\/posts\/4219\/revisions\/4232"}],"wp:featuredmedia":[{"embeddable":true,"href":"https:\/\/www.saleweselne.com\/blog\/wp-json\/wp\/v2\/media\/4227"}],"wp:attachment":[{"href":"https:\/\/www.saleweselne.com\/blog\/wp-json\/wp\/v2\/media?parent=4219"}],"wp:term":[{"taxonomy":"category","embeddable":true,"href":"https:\/\/www.saleweselne.com\/blog\/wp-json\/wp\/v2\/categories?post=4219"},{"taxonomy":"post_tag","embeddable":true,"href":"https:\/\/www.saleweselne.com\/blog\/wp-json\/wp\/v2\/tags?post=4219"}],"curies":[{"name":"wp","href":"https:\/\/api.w.org\/{rel}","templated":true}]}}