{"id":4427,"date":"2025-10-30T10:14:52","date_gmt":"2025-10-30T08:14:52","guid":{"rendered":"https:\/\/www.saleweselne.com\/blog\/?p=4427"},"modified":"2025-10-30T10:14:52","modified_gmt":"2025-10-30T08:14:52","slug":"efektowne-fryzury-na-wesele-z-doczepianymi-wlosami","status":"publish","type":"post","link":"https:\/\/www.saleweselne.com\/blog\/efektowne-fryzury-na-wesele-z-doczepianymi-wlosami\/","title":{"rendered":"Efektowne fryzury na wesele z doczepianymi w\u0142osami"},"content":{"rendered":"<p><b>Wesele to wyj\u0105tkowy dzie\u0144 \u2014 nie tylko dla panny m\u0142odej, ale r\u00f3wnie\u017c dla druhen, mam i wszystkich go\u015bci, kt\u00f3rzy chc\u0105 wygl\u0105da\u0107 zjawiskowo. Jednym z najwa\u017cniejszych element\u00f3w wizerunku jest fryzura. To w\u0142a\u015bnie ona potrafi doda\u0107 pewno\u015bci siebie, podkre\u015bli\u0107 urod\u0119 i nada\u0107 stylizacji wyj\u0105tkowy charakter. D\u0142ugie w\u0142osy to marzenie ka\u017cdej Panny M\u0142odej. Coraz wi\u0119cej kobiet si\u0119ga po doczepiane w\u0142osy, kt\u00f3re pozwalaj\u0105 w kilka chwil osi\u0105gn\u0105\u0107 efekt, o jakim naturalnie trudno by\u0142oby marzy\u0107.<\/b><\/p>\n<h2><span style=\"font-weight: 400;\">Doczepiane w\u0142osy na wesele \u2014 hit czy kit?<\/span><\/h2>\n<p><span style=\"font-weight: 400;\">Bez w\u0105tpienia <\/span><b>doczepiane w\u0142osy to hit weselnych stylizacji<\/b><span style=\"font-weight: 400;\">. Dzi\u0119ki nim nawet cienkie, delikatne pasma zyskuj\u0105 obj\u0119to\u015b\u0107 i d\u0142ugo\u015b\u0107, a fryzura staje si\u0119 spektakularna i trwa\u0142a przez ca\u0142\u0105 noc. Samodzielne zapuszczanie w\u0142os\u00f3w bywa <\/span><b>procesem \u017cmudnym<\/b><span style=\"font-weight: 400;\"> i nie zawsze przynosi oczekiwane rezultaty \u2014 nie ka\u017cda z nas ma genetycznie predysponowane w\u0142osy do szybkiego wzrostu czy du\u017cej g\u0119sto\u015bci. A czasami jest to warunek konieczny dla efektownej \u015blubnej fryzury!<\/span><\/p>\n<p><strong><a href=\"https:\/\/cameron-hair.pl\/doczepiane-wlosy-na-slub-cat-2\">W\u0142osy doczepiane <\/a><\/strong><span style=\"font-weight: 400;\">rozwi\u0105zuj\u0105 ten problem b\u0142yskawicznie i sprawiaj\u0105, \u017ce <\/span><b>elegancka fryzura \u015blubna<\/b><span style=\"font-weight: 400;\"> przestaje istnie\u0107 wy\u0142\u0105cznie w sferze marze\u0144! W ci\u0105gu jednej wizyty u fryzjera lub nawet w domowych warunkach mo\u017cna uzyska\u0107 efekt hollywoodzkich fal, romantycznego koka czy g\u0142adkiego upi\u0119cia. Dodatkowy plus? W\u0142osy przed\u0142u\u017cane s\u0105 <\/span><b>ca\u0142kowicie bezpieczne<\/b><span style=\"font-weight: 400;\"> dla naturalnych \u2014 pod warunkiem \u017ce korzysta si\u0119 z dobrej jako\u015bci produkt\u00f3w i sprawdzonych metod.<\/span><\/p>\n<p><a href=\"https:\/\/www.saleweselne.com\/blog\/wp-content\/uploads\/2025\/10\/obraz_2.jpeg\"><img loading=\"lazy\" decoding=\"async\" class=\"alignnone size-full wp-image-4429\" src=\"https:\/\/www.saleweselne.com\/blog\/wp-content\/uploads\/2025\/10\/obraz_2.jpeg\" alt=\"Fryzura \u015blubna\" width=\"1000\" height=\"1000\" srcset=\"https:\/\/www.saleweselne.com\/blog\/wp-content\/uploads\/2025\/10\/obraz_2.jpeg 1000w, https:\/\/www.saleweselne.com\/blog\/wp-content\/uploads\/2025\/10\/obraz_2-300x300.jpeg 300w, https:\/\/www.saleweselne.com\/blog\/wp-content\/uploads\/2025\/10\/obraz_2-150x150.jpeg 150w, https:\/\/www.saleweselne.com\/blog\/wp-content\/uploads\/2025\/10\/obraz_2-768x768.jpeg 768w, https:\/\/www.saleweselne.com\/blog\/wp-content\/uploads\/2025\/10\/obraz_2-75x75.jpeg 75w\" sizes=\"auto, (max-width: 1000px) 100vw, 1000px\" \/><\/a><\/p>\n<h2><span style=\"font-weight: 400;\">Czy warto doczepi\u0107 w\u0142osy na \u015blub?<\/span><\/h2>\n<p><span style=\"font-weight: 400;\">Zdecydowanie tak! <\/span><b>Przed\u0142u\u017canie w\u0142os\u00f3w na \u015blub<\/b><span style=\"font-weight: 400;\"> to spos\u00f3b na osi\u0105gni\u0119cie efektu \u201ewow\u201d, kt\u00f3ry przyci\u0105gnie spojrzenia i zachwyci na pami\u0105tkowych zdj\u0119ciach. W\u0142osy doczepiane pozwalaj\u0105 stworzy\u0107 fryzury \u015blubne, kt\u00f3re inaczej by\u0142yby niemo\u017cliwe do wykonania \u2014 zw\u0142aszcza je\u015bli Twoje w\u0142osy s\u0105 kr\u00f3tkie, cienkie lub pozbawione obj\u0119to\u015bci. To Tw\u00f3j wyj\u0105tkowy dzie\u0144 i masz prawo <\/span><b>wygl\u0105da\u0107 pi\u0119knie<\/b><span style=\"font-weight: 400;\"> i <\/span><b>cieszy\u0107 si\u0119 wymarzon\u0105 fryzur\u0105<\/b><span style=\"font-weight: 400;\">!<\/span><\/p>\n<p><span style=\"font-weight: 400;\">Chcesz si\u0119 cieszy\u0107 spektakularn\u0105 fryzur\u0105? Z pomoc\u0105 doczepianych pasm mo\u017cna wykona\u0107 m.in.:<\/span><\/p>\n<ul>\n<li style=\"font-weight: 400;\" aria-level=\"1\"><span style=\"font-weight: 400;\">romantyczny, <\/span><b>niedba\u0142y kok z lu\u017anymi falami<\/b><span style=\"font-weight: 400;\">,<\/span><\/li>\n<li style=\"font-weight: 400;\" aria-level=\"1\"><span style=\"font-weight: 400;\">elegancki <\/span><b>kucyk z obj\u0119to\u015bci\u0105 jak z czerwonego dywanu<\/b><span style=\"font-weight: 400;\">,<\/span><\/li>\n<li style=\"font-weight: 400;\" aria-level=\"1\"><span style=\"font-weight: 400;\">rozpuszczone <\/span><b>fale boho<\/b><span style=\"font-weight: 400;\">, idealne do \u015blub\u00f3w w plenerze,<\/span><\/li>\n<li style=\"font-weight: 400;\" aria-level=\"1\"><span style=\"font-weight: 400;\">klasyczne <\/span><b>upi\u0119cie z warkoczem<\/b><span style=\"font-weight: 400;\">, kt\u00f3re wygl\u0105da efektownie i naturalnie.<\/span><\/li>\n<\/ul>\n<p><span style=\"font-weight: 400;\">Dzi\u0119ki w\u0142osom doczepianym fryzjer ma znacznie wi\u0119ksze pole do popisu \u2014 mo\u017ce <\/span><b>modelowa\u0107, kr\u0119ci\u0107 i upina\u0107 pasma, tworz\u0105c fryzur\u0119 marze\u0144,<\/b><span style=\"font-weight: 400;\"> kt\u00f3ra przetrwa taneczne szale\u0144stwo do bia\u0142ego rana. Jednocze\u015bnie nie musisz si\u0119 ba\u0107 o stan swoich w\u0142os\u00f3w.<\/span><\/p>\n<h2><span style=\"font-weight: 400;\">Naturalne w\u0142osy doczepiane\u00a0<\/span><\/h2>\n<p><span style=\"font-weight: 400;\">Je\u015bli zale\u017cy Ci na naturalnym efekcie, najlepszym wyborem b\u0119d\u0105 w\u0142osy <\/span><b>naturalne doczepiane<\/b><span style=\"font-weight: 400;\">, a nie syntetyczne. Dlaczego?<\/span><\/p>\n<ul>\n<li style=\"font-weight: 400;\" aria-level=\"1\"><span style=\"font-weight: 400;\">Przede wszystkim <\/span><b>wygl\u0105daj\u0105 i zachowuj\u0105 si\u0119 jak Twoje w\u0142asne w\u0142osy<\/b><span style=\"font-weight: 400;\"> \u2014 mo\u017cna je prostowa\u0107, kr\u0119ci\u0107, a nawet farbowa\u0107. To wa\u017cne, je\u015bli planujesz fryzur\u0119 wymagaj\u0105c\u0105 modelowania.<\/span><\/li>\n<li style=\"font-weight: 400;\" aria-level=\"1\"><span style=\"font-weight: 400;\">S\u0105 <\/span><b>trwalsze<\/b><span style=\"font-weight: 400;\">, lepiej znosz\u0105 stylizacj\u0119 i codzienne noszenie.<\/span><\/li>\n<li style=\"font-weight: 400;\" aria-level=\"1\"><span style=\"font-weight: 400;\">W dotyku s\u0105 <\/span><b>mi\u0119kkie, elastyczne i jedwabiste<\/b><span style=\"font-weight: 400;\">, bez efektu \u201esztucznego po\u0142ysku\u201d, kt\u00f3ry cz\u0119sto zdradza syntetyki.<\/span><\/li>\n<\/ul>\n<p><span style=\"font-weight: 400;\">W\u0142osy syntetyczne mog\u0105 kusi\u0107 <\/span><b>ni\u017csz\u0105 cen\u0105<\/b><span style=\"font-weight: 400;\">, ale nie oferuj\u0105 takiej jako\u015bci ani swobody stylizacji. Dlatego do \u015blubnych i weselnych fryzur zdecydowanie warto postawi\u0107 na <\/span><b>naturalne pasma<\/b><span style=\"font-weight: 400;\">, kt\u00f3re zapewni\u0105 luksusowy wygl\u0105d i komfort w ten najwa\u017cniejszy dzie\u0144 Twojego \u017cycia!<\/span><\/p>\n<p><a href=\"https:\/\/www.saleweselne.com\/blog\/wp-content\/uploads\/2025\/10\/obraz_1.jpg\"><img loading=\"lazy\" decoding=\"async\" class=\"alignnone size-full wp-image-4430\" src=\"https:\/\/www.saleweselne.com\/blog\/wp-content\/uploads\/2025\/10\/obraz_1.jpg\" alt=\"Upi\u0119cie w\u0142os\u00f3w na wesele\" width=\"1040\" height=\"760\" srcset=\"https:\/\/www.saleweselne.com\/blog\/wp-content\/uploads\/2025\/10\/obraz_1.jpg 1040w, https:\/\/www.saleweselne.com\/blog\/wp-content\/uploads\/2025\/10\/obraz_1-300x219.jpg 300w, https:\/\/www.saleweselne.com\/blog\/wp-content\/uploads\/2025\/10\/obraz_1-1024x748.jpg 1024w, https:\/\/www.saleweselne.com\/blog\/wp-content\/uploads\/2025\/10\/obraz_1-768x561.jpg 768w\" sizes=\"auto, (max-width: 1040px) 100vw, 1040px\" \/><\/a><\/p>\n<h2><span style=\"font-weight: 400;\">Metody przed\u0142u\u017cania w\u0142os\u00f3w<\/span><\/h2>\n<p><span style=\"font-weight: 400;\">Wsp\u00f3\u0142czesny rynek oferuje kilka metod przed\u0142u\u017cania i zag\u0119szczania w\u0142os\u00f3w \u2014 od tych trwa\u0142ych po tymczasowe. Do najpopularniejszych nale\u017c\u0105:<\/span><\/p>\n<ul>\n<li style=\"font-weight: 400;\" aria-level=\"1\"><b>W\u0142osy<\/b> <b>clip in<\/b><span style=\"font-weight: 400;\"> \u2013 najwygodniejsze rozwi\u0105zanie dla ka\u017cdej kobiety. W\u0142osy na klipsach mo\u017cna samodzielnie wpi\u0105\u0107 w kilka minut i zdj\u0105\u0107 po imprezie. Idealne dla os\u00f3b, kt\u00f3re chc\u0105 efektu na jeden wiecz\u00f3r.<\/span><\/li>\n<li style=\"font-weight: 400;\" aria-level=\"1\"><b>W\u0142osy Tape on (na ta\u015bmach)<\/b><span style=\"font-weight: 400;\"> \u2013 cienkie pasma przyklejane do naturalnych w\u0142os\u00f3w. Daj\u0105 bardzo naturalny efekt, s\u0105 lekkie i komfortowe w noszeniu.<\/span><\/li>\n<\/ul>\n<p><span style=\"font-weight: 400;\">Wyb\u00f3r metody zale\u017cy od Twoich oczekiwa\u0144 i stylu \u017cycia, ale je\u015bli chodzi o <\/span><b>okazjonalne wydarzenia, takie jak wesele<\/b><span style=\"font-weight: 400;\">, metoda <\/span><b>clip in<\/b><span style=\"font-weight: 400;\"> jest zdecydowanym faworytem \u2014 szybka, bezinwazyjna i efektowna.<\/span><\/p>\n<h2><span style=\"font-weight: 400;\">Gdzie kupi\u0107 w\u0142osy doczepiane?<\/span><\/h2>\n<p><span style=\"font-weight: 400;\">Je\u015bli marzysz o jako\u015bci, kt\u00f3ra dor\u00f3wnuje profesjonalnym salonom, si\u0119gnij po <\/span><b>w\u0142osy doczepiane z Cameron Hair<\/b><span style=\"font-weight: 400;\">. To marka, kt\u00f3ra od lat specjalizuje si\u0119 w <\/span><b>naturalnych w\u0142osach<\/b><span style=\"font-weight: 400;\">, cenionych za mi\u0119kko\u015b\u0107, trwa\u0142o\u015b\u0107 i naturalny po\u0142ysk. W ofercie znajdziesz zar\u00f3wno pasma clip in, jak i tape on, dost\u0119pne w r\u00f3\u017cnych d\u0142ugo\u015bciach, kolorach i strukturach.<\/span><\/p>\n<p><span style=\"font-weight: 400;\">Cameron Hair to tak\u017ce <\/span><b>pewno\u015b\u0107 jako\u015bci i bezpiecze\u0144stwa<\/b><span style=\"font-weight: 400;\"> \u2014 w\u0142osy s\u0105 odpowiednio przygotowane i gotowe do natychmiastowego za\u0142o\u017cenia. Dzi\u0119ki nim ka\u017cda kobieta mo\u017ce w kilka minut przeobrazi\u0107 si\u0119 w <\/span><b>prawdziw\u0105 kr\u00f3low\u0105 weselnego parkietu.<\/b><\/p>\n<p>ARTYKU\u0141 SPONSOROWANY<\/p>\n","protected":false},"excerpt":{"rendered":"<p>D\u0142ugie w\u0142osy to marzenie ka\u017cdej Panny M\u0142odej. Coraz wi\u0119cej kobiet si\u0119ga po doczepiane w\u0142osy, kt\u00f3re pozwalaj\u0105 w kilka chwil osi\u0105gn\u0105\u0107 efekt, o jakim naturalnie trudno by\u0142oby marzy\u0107.<\/p>\n","protected":false},"author":7,"featured_media":4428,"comment_status":"closed","ping_status":"closed","sticky":false,"template":"","format":"standard","meta":{"footnotes":""},"categories":[196,170,200],"tags":[174],"class_list":["post-4427","post","type-post","status-publish","format-standard","has-post-thumbnail","hentry","category-makijaz-fryzura","category-organizacja-wesela","category-stroj-weselny","tag-organizacja-wesela"],"yoast_head":"<!-- This site is optimized with the Yoast SEO plugin v26.8 - https:\/\/yoast.com\/product\/yoast-seo-wordpress\/ -->\n<title>Efektowne fryzury na wesele z doczepianymi w\u0142osami - blog SaleWeselne.com<\/title>\n<meta name=\"description\" content=\"Efektowne fryzury na wesele z doczepianymi w\u0142osami - blog SaleWeselne.com\" \/>\n<meta name=\"robots\" content=\"index, follow, max-snippet:-1, max-image-preview:large, max-video-preview:-1\" \/>\n<link rel=\"canonical\" href=\"https:\/\/www.saleweselne.com\/blog\/efektowne-fryzury-na-wesele-z-doczepianymi-wlosami\/\" \/>\n<meta property=\"og:locale\" content=\"pl_PL\" \/>\n<meta property=\"og:type\" content=\"article\" \/>\n<meta property=\"og:title\" content=\"Efektowne fryzury na wesele z doczepianymi w\u0142osami - blog SaleWeselne.com\" \/>\n<meta property=\"og:description\" content=\"Efektowne fryzury na wesele z doczepianymi w\u0142osami - blog SaleWeselne.com\" \/>\n<meta property=\"og:url\" content=\"https:\/\/www.saleweselne.com\/blog\/efektowne-fryzury-na-wesele-z-doczepianymi-wlosami\/\" \/>\n<meta property=\"og:site_name\" content=\"SaleWeselne.com\" \/>\n<meta property=\"article:published_time\" content=\"2025-10-30T08:14:52+00:00\" \/>\n<meta property=\"og:image\" content=\"https:\/\/www.saleweselne.com\/blog\/wp-content\/uploads\/2025\/10\/glowne_panna-mloda.jpg\" \/>\n\t<meta property=\"og:image:width\" content=\"1040\" \/>\n\t<meta property=\"og:image:height\" content=\"760\" \/>\n\t<meta property=\"og:image:type\" content=\"image\/jpeg\" \/>\n<meta name=\"author\" content=\"Darek\" \/>\n<meta name=\"twitter:card\" content=\"summary_large_image\" \/>\n<meta name=\"twitter:label1\" content=\"Napisane przez\" \/>\n\t<meta name=\"twitter:data1\" content=\"Darek\" \/>\n\t<meta name=\"twitter:label2\" content=\"Szacowany czas czytania\" \/>\n\t<meta name=\"twitter:data2\" content=\"5 minut\" \/>\n<script type=\"application\/ld+json\" class=\"yoast-schema-graph\">{\"@context\":\"https:\/\/schema.org\",\"@graph\":[{\"@type\":\"Article\",\"@id\":\"https:\/\/www.saleweselne.com\/blog\/efektowne-fryzury-na-wesele-z-doczepianymi-wlosami\/#article\",\"isPartOf\":{\"@id\":\"https:\/\/www.saleweselne.com\/blog\/efektowne-fryzury-na-wesele-z-doczepianymi-wlosami\/\"},\"author\":{\"name\":\"Darek\",\"@id\":\"https:\/\/www.saleweselne.com\/blog\/#\/schema\/person\/0e924cd9ceaca06a0d75928575d0f95a\"},\"headline\":\"Efektowne fryzury na wesele z doczepianymi w\u0142osami\",\"datePublished\":\"2025-10-30T08:14:52+00:00\",\"mainEntityOfPage\":{\"@id\":\"https:\/\/www.saleweselne.com\/blog\/efektowne-fryzury-na-wesele-z-doczepianymi-wlosami\/\"},\"wordCount\":814,\"publisher\":{\"@id\":\"https:\/\/www.saleweselne.com\/blog\/#organization\"},\"image\":{\"@id\":\"https:\/\/www.saleweselne.com\/blog\/efektowne-fryzury-na-wesele-z-doczepianymi-wlosami\/#primaryimage\"},\"thumbnailUrl\":\"https:\/\/www.saleweselne.com\/blog\/wp-content\/uploads\/2025\/10\/glowne_panna-mloda.jpg\",\"keywords\":[\"organizacja wesela\"],\"articleSection\":[\"Makija\u017c\/fryzura\",\"Organizacja wesela\",\"Str\u00f3j weselny\"],\"inLanguage\":\"pl-PL\"},{\"@type\":\"WebPage\",\"@id\":\"https:\/\/www.saleweselne.com\/blog\/efektowne-fryzury-na-wesele-z-doczepianymi-wlosami\/\",\"url\":\"https:\/\/www.saleweselne.com\/blog\/efektowne-fryzury-na-wesele-z-doczepianymi-wlosami\/\",\"name\":\"Efektowne fryzury na wesele z doczepianymi w\u0142osami - blog SaleWeselne.com\",\"isPartOf\":{\"@id\":\"https:\/\/www.saleweselne.com\/blog\/#website\"},\"primaryImageOfPage\":{\"@id\":\"https:\/\/www.saleweselne.com\/blog\/efektowne-fryzury-na-wesele-z-doczepianymi-wlosami\/#primaryimage\"},\"image\":{\"@id\":\"https:\/\/www.saleweselne.com\/blog\/efektowne-fryzury-na-wesele-z-doczepianymi-wlosami\/#primaryimage\"},\"thumbnailUrl\":\"https:\/\/www.saleweselne.com\/blog\/wp-content\/uploads\/2025\/10\/glowne_panna-mloda.jpg\",\"datePublished\":\"2025-10-30T08:14:52+00:00\",\"description\":\"Efektowne fryzury na wesele z doczepianymi w\u0142osami - blog SaleWeselne.com\",\"breadcrumb\":{\"@id\":\"https:\/\/www.saleweselne.com\/blog\/efektowne-fryzury-na-wesele-z-doczepianymi-wlosami\/#breadcrumb\"},\"inLanguage\":\"pl-PL\",\"potentialAction\":[{\"@type\":\"ReadAction\",\"target\":[\"https:\/\/www.saleweselne.com\/blog\/efektowne-fryzury-na-wesele-z-doczepianymi-wlosami\/\"]}]},{\"@type\":\"ImageObject\",\"inLanguage\":\"pl-PL\",\"@id\":\"https:\/\/www.saleweselne.com\/blog\/efektowne-fryzury-na-wesele-z-doczepianymi-wlosami\/#primaryimage\",\"url\":\"https:\/\/www.saleweselne.com\/blog\/wp-content\/uploads\/2025\/10\/glowne_panna-mloda.jpg\",\"contentUrl\":\"https:\/\/www.saleweselne.com\/blog\/wp-content\/uploads\/2025\/10\/glowne_panna-mloda.jpg\",\"width\":1040,\"height\":760,\"caption\":\"Panna M\u0142oda w pi\u0119knej fryzurze \u015blubnej\"},{\"@type\":\"BreadcrumbList\",\"@id\":\"https:\/\/www.saleweselne.com\/blog\/efektowne-fryzury-na-wesele-z-doczepianymi-wlosami\/#breadcrumb\",\"itemListElement\":[{\"@type\":\"ListItem\",\"position\":1,\"name\":\"Strona g\u0142\u00f3wna\",\"item\":\"https:\/\/www.saleweselne.com\/blog\/\"},{\"@type\":\"ListItem\",\"position\":2,\"name\":\"Efektowne fryzury na wesele z doczepianymi w\u0142osami\"}]},{\"@type\":\"WebSite\",\"@id\":\"https:\/\/www.saleweselne.com\/blog\/#website\",\"url\":\"https:\/\/www.saleweselne.com\/blog\/\",\"name\":\"SaleWeselne.com\",\"description\":\"Blog Bran\u017cy Weselnej - Sprawd\u017a najpi\u0119kniejsze sale weselne oraz motywy \u015blubne. Poznaj praktyczne porady, jak zorganizowa\u0107 wymarzone wesele!\",\"publisher\":{\"@id\":\"https:\/\/www.saleweselne.com\/blog\/#organization\"},\"potentialAction\":[{\"@type\":\"SearchAction\",\"target\":{\"@type\":\"EntryPoint\",\"urlTemplate\":\"https:\/\/www.saleweselne.com\/blog\/?s={search_term_string}\"},\"query-input\":{\"@type\":\"PropertyValueSpecification\",\"valueRequired\":true,\"valueName\":\"search_term_string\"}}],\"inLanguage\":\"pl-PL\"},{\"@type\":\"Organization\",\"@id\":\"https:\/\/www.saleweselne.com\/blog\/#organization\",\"name\":\"SaleWeselne.com\",\"url\":\"https:\/\/www.saleweselne.com\/blog\/\",\"logo\":{\"@type\":\"ImageObject\",\"inLanguage\":\"pl-PL\",\"@id\":\"https:\/\/www.saleweselne.com\/blog\/#\/schema\/logo\/image\/\",\"url\":\"https:\/\/www.saleweselne.com\/blog\/wp-content\/uploads\/2021\/03\/saleweselne-logotyp-RGB-bez-tla-2.png\",\"contentUrl\":\"https:\/\/www.saleweselne.com\/blog\/wp-content\/uploads\/2021\/03\/saleweselne-logotyp-RGB-bez-tla-2.png\",\"width\":625,\"height\":150,\"caption\":\"SaleWeselne.com\"},\"image\":{\"@id\":\"https:\/\/www.saleweselne.com\/blog\/#\/schema\/logo\/image\/\"}},{\"@type\":\"Person\",\"@id\":\"https:\/\/www.saleweselne.com\/blog\/#\/schema\/person\/0e924cd9ceaca06a0d75928575d0f95a\",\"name\":\"Darek\",\"url\":\"https:\/\/www.saleweselne.com\/blog\/author\/darek\/\"}]}<\/script>\n<!-- \/ Yoast SEO plugin. -->","yoast_head_json":{"title":"Efektowne fryzury na wesele z doczepianymi w\u0142osami - blog SaleWeselne.com","description":"Efektowne fryzury na wesele z doczepianymi w\u0142osami - blog SaleWeselne.com","robots":{"index":"index","follow":"follow","max-snippet":"max-snippet:-1","max-image-preview":"max-image-preview:large","max-video-preview":"max-video-preview:-1"},"canonical":"https:\/\/www.saleweselne.com\/blog\/efektowne-fryzury-na-wesele-z-doczepianymi-wlosami\/","og_locale":"pl_PL","og_type":"article","og_title":"Efektowne fryzury na wesele z doczepianymi w\u0142osami - blog SaleWeselne.com","og_description":"Efektowne fryzury na wesele z doczepianymi w\u0142osami - blog SaleWeselne.com","og_url":"https:\/\/www.saleweselne.com\/blog\/efektowne-fryzury-na-wesele-z-doczepianymi-wlosami\/","og_site_name":"SaleWeselne.com","article_published_time":"2025-10-30T08:14:52+00:00","og_image":[{"width":1040,"height":760,"url":"https:\/\/www.saleweselne.com\/blog\/wp-content\/uploads\/2025\/10\/glowne_panna-mloda.jpg","type":"image\/jpeg"}],"author":"Darek","twitter_card":"summary_large_image","twitter_misc":{"Napisane przez":"Darek","Szacowany czas czytania":"5 minut"},"schema":{"@context":"https:\/\/schema.org","@graph":[{"@type":"Article","@id":"https:\/\/www.saleweselne.com\/blog\/efektowne-fryzury-na-wesele-z-doczepianymi-wlosami\/#article","isPartOf":{"@id":"https:\/\/www.saleweselne.com\/blog\/efektowne-fryzury-na-wesele-z-doczepianymi-wlosami\/"},"author":{"name":"Darek","@id":"https:\/\/www.saleweselne.com\/blog\/#\/schema\/person\/0e924cd9ceaca06a0d75928575d0f95a"},"headline":"Efektowne fryzury na wesele z doczepianymi w\u0142osami","datePublished":"2025-10-30T08:14:52+00:00","mainEntityOfPage":{"@id":"https:\/\/www.saleweselne.com\/blog\/efektowne-fryzury-na-wesele-z-doczepianymi-wlosami\/"},"wordCount":814,"publisher":{"@id":"https:\/\/www.saleweselne.com\/blog\/#organization"},"image":{"@id":"https:\/\/www.saleweselne.com\/blog\/efektowne-fryzury-na-wesele-z-doczepianymi-wlosami\/#primaryimage"},"thumbnailUrl":"https:\/\/www.saleweselne.com\/blog\/wp-content\/uploads\/2025\/10\/glowne_panna-mloda.jpg","keywords":["organizacja wesela"],"articleSection":["Makija\u017c\/fryzura","Organizacja wesela","Str\u00f3j weselny"],"inLanguage":"pl-PL"},{"@type":"WebPage","@id":"https:\/\/www.saleweselne.com\/blog\/efektowne-fryzury-na-wesele-z-doczepianymi-wlosami\/","url":"https:\/\/www.saleweselne.com\/blog\/efektowne-fryzury-na-wesele-z-doczepianymi-wlosami\/","name":"Efektowne fryzury na wesele z doczepianymi w\u0142osami - blog SaleWeselne.com","isPartOf":{"@id":"https:\/\/www.saleweselne.com\/blog\/#website"},"primaryImageOfPage":{"@id":"https:\/\/www.saleweselne.com\/blog\/efektowne-fryzury-na-wesele-z-doczepianymi-wlosami\/#primaryimage"},"image":{"@id":"https:\/\/www.saleweselne.com\/blog\/efektowne-fryzury-na-wesele-z-doczepianymi-wlosami\/#primaryimage"},"thumbnailUrl":"https:\/\/www.saleweselne.com\/blog\/wp-content\/uploads\/2025\/10\/glowne_panna-mloda.jpg","datePublished":"2025-10-30T08:14:52+00:00","description":"Efektowne fryzury na wesele z doczepianymi w\u0142osami - blog SaleWeselne.com","breadcrumb":{"@id":"https:\/\/www.saleweselne.com\/blog\/efektowne-fryzury-na-wesele-z-doczepianymi-wlosami\/#breadcrumb"},"inLanguage":"pl-PL","potentialAction":[{"@type":"ReadAction","target":["https:\/\/www.saleweselne.com\/blog\/efektowne-fryzury-na-wesele-z-doczepianymi-wlosami\/"]}]},{"@type":"ImageObject","inLanguage":"pl-PL","@id":"https:\/\/www.saleweselne.com\/blog\/efektowne-fryzury-na-wesele-z-doczepianymi-wlosami\/#primaryimage","url":"https:\/\/www.saleweselne.com\/blog\/wp-content\/uploads\/2025\/10\/glowne_panna-mloda.jpg","contentUrl":"https:\/\/www.saleweselne.com\/blog\/wp-content\/uploads\/2025\/10\/glowne_panna-mloda.jpg","width":1040,"height":760,"caption":"Panna M\u0142oda w pi\u0119knej fryzurze \u015blubnej"},{"@type":"BreadcrumbList","@id":"https:\/\/www.saleweselne.com\/blog\/efektowne-fryzury-na-wesele-z-doczepianymi-wlosami\/#breadcrumb","itemListElement":[{"@type":"ListItem","position":1,"name":"Strona g\u0142\u00f3wna","item":"https:\/\/www.saleweselne.com\/blog\/"},{"@type":"ListItem","position":2,"name":"Efektowne fryzury na wesele z doczepianymi w\u0142osami"}]},{"@type":"WebSite","@id":"https:\/\/www.saleweselne.com\/blog\/#website","url":"https:\/\/www.saleweselne.com\/blog\/","name":"SaleWeselne.com","description":"Blog Bran\u017cy Weselnej - Sprawd\u017a najpi\u0119kniejsze sale weselne oraz motywy \u015blubne. Poznaj praktyczne porady, jak zorganizowa\u0107 wymarzone wesele!","publisher":{"@id":"https:\/\/www.saleweselne.com\/blog\/#organization"},"potentialAction":[{"@type":"SearchAction","target":{"@type":"EntryPoint","urlTemplate":"https:\/\/www.saleweselne.com\/blog\/?s={search_term_string}"},"query-input":{"@type":"PropertyValueSpecification","valueRequired":true,"valueName":"search_term_string"}}],"inLanguage":"pl-PL"},{"@type":"Organization","@id":"https:\/\/www.saleweselne.com\/blog\/#organization","name":"SaleWeselne.com","url":"https:\/\/www.saleweselne.com\/blog\/","logo":{"@type":"ImageObject","inLanguage":"pl-PL","@id":"https:\/\/www.saleweselne.com\/blog\/#\/schema\/logo\/image\/","url":"https:\/\/www.saleweselne.com\/blog\/wp-content\/uploads\/2021\/03\/saleweselne-logotyp-RGB-bez-tla-2.png","contentUrl":"https:\/\/www.saleweselne.com\/blog\/wp-content\/uploads\/2021\/03\/saleweselne-logotyp-RGB-bez-tla-2.png","width":625,"height":150,"caption":"SaleWeselne.com"},"image":{"@id":"https:\/\/www.saleweselne.com\/blog\/#\/schema\/logo\/image\/"}},{"@type":"Person","@id":"https:\/\/www.saleweselne.com\/blog\/#\/schema\/person\/0e924cd9ceaca06a0d75928575d0f95a","name":"Darek","url":"https:\/\/www.saleweselne.com\/blog\/author\/darek\/"}]}},"_links":{"self":[{"href":"https:\/\/www.saleweselne.com\/blog\/wp-json\/wp\/v2\/posts\/4427","targetHints":{"allow":["GET"]}}],"collection":[{"href":"https:\/\/www.saleweselne.com\/blog\/wp-json\/wp\/v2\/posts"}],"about":[{"href":"https:\/\/www.saleweselne.com\/blog\/wp-json\/wp\/v2\/types\/post"}],"author":[{"embeddable":true,"href":"https:\/\/www.saleweselne.com\/blog\/wp-json\/wp\/v2\/users\/7"}],"replies":[{"embeddable":true,"href":"https:\/\/www.saleweselne.com\/blog\/wp-json\/wp\/v2\/comments?post=4427"}],"version-history":[{"count":1,"href":"https:\/\/www.saleweselne.com\/blog\/wp-json\/wp\/v2\/posts\/4427\/revisions"}],"predecessor-version":[{"id":4431,"href":"https:\/\/www.saleweselne.com\/blog\/wp-json\/wp\/v2\/posts\/4427\/revisions\/4431"}],"wp:featuredmedia":[{"embeddable":true,"href":"https:\/\/www.saleweselne.com\/blog\/wp-json\/wp\/v2\/media\/4428"}],"wp:attachment":[{"href":"https:\/\/www.saleweselne.com\/blog\/wp-json\/wp\/v2\/media?parent=4427"}],"wp:term":[{"taxonomy":"category","embeddable":true,"href":"https:\/\/www.saleweselne.com\/blog\/wp-json\/wp\/v2\/categories?post=4427"},{"taxonomy":"post_tag","embeddable":true,"href":"https:\/\/www.saleweselne.com\/blog\/wp-json\/wp\/v2\/tags?post=4427"}],"curies":[{"name":"wp","href":"https:\/\/api.w.org\/{rel}","templated":true}]}}