{"id":4548,"date":"2026-04-28T12:05:08","date_gmt":"2026-04-28T10:05:08","guid":{"rendered":"https:\/\/www.saleweselne.com\/blog\/?p=4548"},"modified":"2026-04-28T12:05:08","modified_gmt":"2026-04-28T10:05:08","slug":"ktore-lakiery-hybrydowe-polecaja-stylistki-na-sezon-weselny-w-2026-roku","status":"publish","type":"post","link":"https:\/\/www.saleweselne.com\/blog\/ktore-lakiery-hybrydowe-polecaja-stylistki-na-sezon-weselny-w-2026-roku\/","title":{"rendered":"Kt\u00f3re lakiery hybrydowe polecaj\u0105 stylistki na sezon weselny w 2026 roku?"},"content":{"rendered":"<p><strong>Manicure weselny w 2026 czerpie inspiracje z najwi\u0119kszych trend\u00f3w. Chocia\u017c paleta kolor\u00f3w nawi\u0105zuje do tradycji, paznokcie maj\u0105 nowoczesny charakter i s\u0105 lekkie niczym welon panny m\u0142odej. Minimalizm spotyka si\u0119 z efektownym nail artem, a lakiery hybrydowe zyskuj\u0105 zupe\u0142nie nowe oblicze dzi\u0119ki \u015bwietlistemu wyko\u0144czeniu.<\/strong><\/p>\n<p>\u015alubne paznokcie w sezonie weselnym 2026 s\u0105 definiowane przez skrajno\u015bci. Wci\u0105\u017c pozostajemy pod silnym urokiem dopracowanej, eleganckiej estetyki clean i quiet luxury. Z drugiej strony, kiedy ju\u017c decydujemy si\u0119 na zdobienia, potrafi\u0105 by\u0107 one naprawd\u0119 artystyczne. Coraz cz\u0119\u015bciej rezygnujemy z kryj\u0105cych, p\u0142askich formu\u0142, na rzecz baz i lakier\u00f3w hybrydowych p\u00f3\u0142transparentnych. Nie mog\u0105 si\u0119 one obej\u015b\u0107 bez towarzystwa dyskretnego po\u0142ysku.<\/p>\n<h2><strong>Milky nude z efektem \u201etwoje paznokcie, tylko lepsze\u201d<\/strong><\/h2>\n<p>Lekkie milky nails s\u0105 nierozerwalnie po\u0142\u0105czone z trendem<em>\u00a0clean<\/em>, kt\u00f3ry w 2026 roku tylko zyskuje na znaczeniu. To manicure bardzo uniwersalny, kt\u00f3ry podkre\u015bla natur\u0119. Je\u015bli przed\u0142u\u017cenie, to sprytnie imituj\u0105ce prawdziw\u0105 p\u0142ytk\u0119. Je\u015bli trwa\u0142a hybryda, to taka, kt\u00f3ra nie maskuje jej naturalnego r\u00f3\u017cu, ale delikatnie go pog\u0142\u0119bia. Je\u015bli po\u0142ysk, to taki, kt\u00f3ry udaje starannie wypolerowane paznokcie.<\/p>\n<p>Taka stylizacja \u015bwietnie komponuje si\u0119 zar\u00f3wno z klasyczn\u0105, bia\u0142\u0105 sukni\u0105, jak i bardziej nowoczesnymi fasonami. I mo\u017cesz mie\u0107 pewno\u015b\u0107, \u017ce nawet po latach b\u0119dzie prezentowa\u0142a si\u0119 na \u015blubnych fotografiach tak samo dobrze. Lakiery hybrydowe o mlecznej przezroczysto\u015bci w odcieniach kremowych i jasnor\u00f3\u017cowych znajdziesz w ofercie marki <u><a href=\"https:\/\/lakieryhybrydowe.pl\/lakiery-hybrydowe\">Cosmetics Zone<\/a><\/u>.<\/p>\n<h2><strong>Per\u0142owy glow i soft shimmer w zast\u0119pstwie brokatu<\/strong><\/h2>\n<p>W 2026 roku wyra\u017ane, intensywnie b\u0142yszcz\u0105ce drobiny zosta\u0142y niemal ca\u0142kowicie zast\u0105pione bardziej wyszukan\u0105 form\u0105 blasku. W\u015br\u00f3d nich najmodniejsze jest per\u0142owe wyko\u0144czenie, bardzo drobny, \u015bwietlisty shimmer lub efekt aksamitu, kt\u00f3ry w sprytny spos\u00f3b \u0142\u0105czy mat i po\u0142ysk. Stylistki si\u0119gaj\u0105 po specjalne py\u0142ki, gotowe lakiery z per\u0142ow\u0105 po\u015bwiat\u0105 lub bazy z dyskretnymi iskierkami. Tworz\u0105 one na p\u0142ytce mi\u0119kk\u0105, wielowymiarow\u0105 tafl\u0119 i sprawiaj\u0105, \u017ce charakterystyczna dla \u015blubnych stylizacji paleta nude o\u017cywia si\u0119 w wyj\u0105tkowo urokliwy spos\u00f3b. Dzi\u0119ki temu paznokcie wygl\u0105daj\u0105 wyj\u0105tkowo korzystnie na zdj\u0119ciach i w ruchu, kiedy reaguj\u0105 na blask \u015bwiec i romantycznych \u015bwiate\u0142ek.<\/p>\n<h2><strong>Artystyczne zdobienia 3D na przek\u00f3r minimalizmowi<\/strong><\/h2>\n<p>Transparentne bazy sta\u0142y si\u0119 idealnym t\u0142em dla wyrafinowanego nail artu. Taki manicure wygl\u0105da niczym misterne dzie\u0142o sztuki. Jest nie tylko oryginalny, ale te\u017c bardzo nowoczesny. Przyci\u0105ga wzrok i zatrzymuje do d\u0142u\u017cszego podziwiania detali.<\/p>\n<p>W wersji maksymalistycznej ka\u017cdy paznokie\u0107 mo\u017ce wygl\u0105da\u0107 nieco inaczej. W sp\u00f3jn\u0105 ca\u0142o\u015b\u0107 \u0142\u0105cz\u0105 je analogiczne kolory i motywy. Lubimy wypuk\u0142e per\u0142y, organiczne linie budowane \u017celem czy delikatne, nieregularne formy.<\/p>\n<h2><strong>Micro french i bi\u017cuteryjne detale<\/strong><\/h2>\n<p>W tegorocznej wersji francuski manicure wpisuje si\u0119 w zasad\u0119 \u201emniej znaczy wi\u0119cej\u201d. Linia u\u015bmiechu jest cienka, minimalistyczna i dopracowana w ka\u017cdym calu. Profesjonalistki ch\u0119tnie zast\u0119puj\u0105 bia\u0142e lakiery hybrydowe o mocnej pigmentacji, r\u00f3\u017cowymi lub kremowymi, o kilka ton\u00f3w ja\u015bniejszymi od bazy lub stawiaj\u0105 na z\u0142oto, srebro lub metaliczny szampa\u0144ski odcie\u0144.<\/p>\n<p>French, podobnie jak baby boomer, wygl\u0105da lekko i nowocze\u015bnie, a jednocze\u015bnie zachowuje klasyczny charakter. Mog\u0105 mu towarzyszy\u0107 pojedyncze zdobienia, np. tradycyjne pere\u0142ki lub cyrkonie. Francuski manicure po\u0142\u0105czony z per\u0142owym wyko\u0144czeniem \u0142\u0105czy ze sob\u0105 najwi\u0119ksze trendy i wygl\u0105da bardzo elegancko.<\/p>\n<p>ARTYKU\u0141 SPONSOROWANY<\/p>\n","protected":false},"excerpt":{"rendered":"<p>Manicure weselny w 2026 czerpie inspiracje z najwi\u0119kszych trend\u00f3w. Chocia\u017c paleta kolor\u00f3w nawi\u0105zuje do tradycji, paznokcie maj\u0105 nowoczesny charakter i s\u0105 lekkie niczym welon panny m\u0142odej.<\/p>\n","protected":false},"author":7,"featured_media":4549,"comment_status":"closed","ping_status":"closed","sticky":false,"template":"","format":"standard","meta":{"footnotes":""},"categories":[200,198],"tags":[257,221,215],"class_list":["post-4548","post","type-post","status-publish","format-standard","has-post-thumbnail","hentry","category-stroj-weselny","category-uslugi-weselne","tag-panna-mloda","tag-stroj","tag-weselna-stylizacja"],"yoast_head":"<!-- This site is optimized with the Yoast SEO plugin v26.8 - https:\/\/yoast.com\/product\/yoast-seo-wordpress\/ -->\n<title>Kt\u00f3re lakiery hybrydowe polecaj\u0105 stylistki na sezon weselny w 2026 roku? - blog SaleWeselne.com<\/title>\n<meta name=\"description\" content=\"Kt\u00f3re lakiery hybrydowe polecaj\u0105 stylistki na sezon weselny w 2026 roku? - blog SaleWeselne.com\" \/>\n<meta name=\"robots\" content=\"index, follow, max-snippet:-1, max-image-preview:large, max-video-preview:-1\" \/>\n<link rel=\"canonical\" href=\"https:\/\/www.saleweselne.com\/blog\/ktore-lakiery-hybrydowe-polecaja-stylistki-na-sezon-weselny-w-2026-roku\/\" \/>\n<meta property=\"og:locale\" content=\"pl_PL\" \/>\n<meta property=\"og:type\" content=\"article\" \/>\n<meta property=\"og:title\" content=\"Kt\u00f3re lakiery hybrydowe polecaj\u0105 stylistki na sezon weselny w 2026 roku? - blog SaleWeselne.com\" \/>\n<meta property=\"og:description\" content=\"Kt\u00f3re lakiery hybrydowe polecaj\u0105 stylistki na sezon weselny w 2026 roku? - blog SaleWeselne.com\" \/>\n<meta property=\"og:url\" content=\"https:\/\/www.saleweselne.com\/blog\/ktore-lakiery-hybrydowe-polecaja-stylistki-na-sezon-weselny-w-2026-roku\/\" \/>\n<meta property=\"og:site_name\" content=\"SaleWeselne.com\" \/>\n<meta property=\"article:published_time\" content=\"2026-04-28T10:05:08+00:00\" \/>\n<meta property=\"og:image\" content=\"https:\/\/www.saleweselne.com\/blog\/wp-content\/uploads\/2026\/04\/15.jpg\" \/>\n\t<meta property=\"og:image:width\" content=\"886\" \/>\n\t<meta property=\"og:image:height\" content=\"540\" \/>\n\t<meta property=\"og:image:type\" content=\"image\/jpeg\" \/>\n<meta name=\"author\" content=\"Darek\" \/>\n<meta name=\"twitter:card\" content=\"summary_large_image\" \/>\n<meta name=\"twitter:label1\" content=\"Napisane przez\" \/>\n\t<meta name=\"twitter:data1\" content=\"Darek\" \/>\n\t<meta name=\"twitter:label2\" content=\"Szacowany czas czytania\" \/>\n\t<meta name=\"twitter:data2\" content=\"4 minuty\" \/>\n<script type=\"application\/ld+json\" class=\"yoast-schema-graph\">{\"@context\":\"https:\/\/schema.org\",\"@graph\":[{\"@type\":\"Article\",\"@id\":\"https:\/\/www.saleweselne.com\/blog\/ktore-lakiery-hybrydowe-polecaja-stylistki-na-sezon-weselny-w-2026-roku\/#article\",\"isPartOf\":{\"@id\":\"https:\/\/www.saleweselne.com\/blog\/ktore-lakiery-hybrydowe-polecaja-stylistki-na-sezon-weselny-w-2026-roku\/\"},\"author\":{\"name\":\"Darek\",\"@id\":\"https:\/\/www.saleweselne.com\/blog\/#\/schema\/person\/0e924cd9ceaca06a0d75928575d0f95a\"},\"headline\":\"Kt\u00f3re lakiery hybrydowe polecaj\u0105 stylistki na sezon weselny w 2026 roku?\",\"datePublished\":\"2026-04-28T10:05:08+00:00\",\"mainEntityOfPage\":{\"@id\":\"https:\/\/www.saleweselne.com\/blog\/ktore-lakiery-hybrydowe-polecaja-stylistki-na-sezon-weselny-w-2026-roku\/\"},\"wordCount\":586,\"publisher\":{\"@id\":\"https:\/\/www.saleweselne.com\/blog\/#organization\"},\"image\":{\"@id\":\"https:\/\/www.saleweselne.com\/blog\/ktore-lakiery-hybrydowe-polecaja-stylistki-na-sezon-weselny-w-2026-roku\/#primaryimage\"},\"thumbnailUrl\":\"https:\/\/www.saleweselne.com\/blog\/wp-content\/uploads\/2026\/04\/15.jpg\",\"keywords\":[\"Panna M\u0142oda\",\"str\u00f3j\",\"weselna stylizacja\"],\"articleSection\":[\"Str\u00f3j weselny\",\"Us\u0142ugi weselne\"],\"inLanguage\":\"pl-PL\"},{\"@type\":\"WebPage\",\"@id\":\"https:\/\/www.saleweselne.com\/blog\/ktore-lakiery-hybrydowe-polecaja-stylistki-na-sezon-weselny-w-2026-roku\/\",\"url\":\"https:\/\/www.saleweselne.com\/blog\/ktore-lakiery-hybrydowe-polecaja-stylistki-na-sezon-weselny-w-2026-roku\/\",\"name\":\"Kt\u00f3re lakiery hybrydowe polecaj\u0105 stylistki na sezon weselny w 2026 roku? - blog SaleWeselne.com\",\"isPartOf\":{\"@id\":\"https:\/\/www.saleweselne.com\/blog\/#website\"},\"primaryImageOfPage\":{\"@id\":\"https:\/\/www.saleweselne.com\/blog\/ktore-lakiery-hybrydowe-polecaja-stylistki-na-sezon-weselny-w-2026-roku\/#primaryimage\"},\"image\":{\"@id\":\"https:\/\/www.saleweselne.com\/blog\/ktore-lakiery-hybrydowe-polecaja-stylistki-na-sezon-weselny-w-2026-roku\/#primaryimage\"},\"thumbnailUrl\":\"https:\/\/www.saleweselne.com\/blog\/wp-content\/uploads\/2026\/04\/15.jpg\",\"datePublished\":\"2026-04-28T10:05:08+00:00\",\"description\":\"Kt\u00f3re lakiery hybrydowe polecaj\u0105 stylistki na sezon weselny w 2026 roku? - blog SaleWeselne.com\",\"breadcrumb\":{\"@id\":\"https:\/\/www.saleweselne.com\/blog\/ktore-lakiery-hybrydowe-polecaja-stylistki-na-sezon-weselny-w-2026-roku\/#breadcrumb\"},\"inLanguage\":\"pl-PL\",\"potentialAction\":[{\"@type\":\"ReadAction\",\"target\":[\"https:\/\/www.saleweselne.com\/blog\/ktore-lakiery-hybrydowe-polecaja-stylistki-na-sezon-weselny-w-2026-roku\/\"]}]},{\"@type\":\"ImageObject\",\"inLanguage\":\"pl-PL\",\"@id\":\"https:\/\/www.saleweselne.com\/blog\/ktore-lakiery-hybrydowe-polecaja-stylistki-na-sezon-weselny-w-2026-roku\/#primaryimage\",\"url\":\"https:\/\/www.saleweselne.com\/blog\/wp-content\/uploads\/2026\/04\/15.jpg\",\"contentUrl\":\"https:\/\/www.saleweselne.com\/blog\/wp-content\/uploads\/2026\/04\/15.jpg\",\"width\":886,\"height\":540},{\"@type\":\"BreadcrumbList\",\"@id\":\"https:\/\/www.saleweselne.com\/blog\/ktore-lakiery-hybrydowe-polecaja-stylistki-na-sezon-weselny-w-2026-roku\/#breadcrumb\",\"itemListElement\":[{\"@type\":\"ListItem\",\"position\":1,\"name\":\"Strona g\u0142\u00f3wna\",\"item\":\"https:\/\/www.saleweselne.com\/blog\/\"},{\"@type\":\"ListItem\",\"position\":2,\"name\":\"Kt\u00f3re lakiery hybrydowe polecaj\u0105 stylistki na sezon weselny w 2026 roku?\"}]},{\"@type\":\"WebSite\",\"@id\":\"https:\/\/www.saleweselne.com\/blog\/#website\",\"url\":\"https:\/\/www.saleweselne.com\/blog\/\",\"name\":\"SaleWeselne.com\",\"description\":\"Blog Bran\u017cy Weselnej - Sprawd\u017a najpi\u0119kniejsze sale weselne oraz motywy \u015blubne. Poznaj praktyczne porady, jak zorganizowa\u0107 wymarzone wesele!\",\"publisher\":{\"@id\":\"https:\/\/www.saleweselne.com\/blog\/#organization\"},\"potentialAction\":[{\"@type\":\"SearchAction\",\"target\":{\"@type\":\"EntryPoint\",\"urlTemplate\":\"https:\/\/www.saleweselne.com\/blog\/?s={search_term_string}\"},\"query-input\":{\"@type\":\"PropertyValueSpecification\",\"valueRequired\":true,\"valueName\":\"search_term_string\"}}],\"inLanguage\":\"pl-PL\"},{\"@type\":\"Organization\",\"@id\":\"https:\/\/www.saleweselne.com\/blog\/#organization\",\"name\":\"SaleWeselne.com\",\"url\":\"https:\/\/www.saleweselne.com\/blog\/\",\"logo\":{\"@type\":\"ImageObject\",\"inLanguage\":\"pl-PL\",\"@id\":\"https:\/\/www.saleweselne.com\/blog\/#\/schema\/logo\/image\/\",\"url\":\"https:\/\/www.saleweselne.com\/blog\/wp-content\/uploads\/2021\/03\/saleweselne-logotyp-RGB-bez-tla-2.png\",\"contentUrl\":\"https:\/\/www.saleweselne.com\/blog\/wp-content\/uploads\/2021\/03\/saleweselne-logotyp-RGB-bez-tla-2.png\",\"width\":625,\"height\":150,\"caption\":\"SaleWeselne.com\"},\"image\":{\"@id\":\"https:\/\/www.saleweselne.com\/blog\/#\/schema\/logo\/image\/\"}},{\"@type\":\"Person\",\"@id\":\"https:\/\/www.saleweselne.com\/blog\/#\/schema\/person\/0e924cd9ceaca06a0d75928575d0f95a\",\"name\":\"Darek\",\"url\":\"https:\/\/www.saleweselne.com\/blog\/author\/darek\/\"}]}<\/script>\n<!-- \/ Yoast SEO plugin. -->","yoast_head_json":{"title":"Kt\u00f3re lakiery hybrydowe polecaj\u0105 stylistki na sezon weselny w 2026 roku? - blog SaleWeselne.com","description":"Kt\u00f3re lakiery hybrydowe polecaj\u0105 stylistki na sezon weselny w 2026 roku? - blog SaleWeselne.com","robots":{"index":"index","follow":"follow","max-snippet":"max-snippet:-1","max-image-preview":"max-image-preview:large","max-video-preview":"max-video-preview:-1"},"canonical":"https:\/\/www.saleweselne.com\/blog\/ktore-lakiery-hybrydowe-polecaja-stylistki-na-sezon-weselny-w-2026-roku\/","og_locale":"pl_PL","og_type":"article","og_title":"Kt\u00f3re lakiery hybrydowe polecaj\u0105 stylistki na sezon weselny w 2026 roku? - blog SaleWeselne.com","og_description":"Kt\u00f3re lakiery hybrydowe polecaj\u0105 stylistki na sezon weselny w 2026 roku? - blog SaleWeselne.com","og_url":"https:\/\/www.saleweselne.com\/blog\/ktore-lakiery-hybrydowe-polecaja-stylistki-na-sezon-weselny-w-2026-roku\/","og_site_name":"SaleWeselne.com","article_published_time":"2026-04-28T10:05:08+00:00","og_image":[{"width":886,"height":540,"url":"https:\/\/www.saleweselne.com\/blog\/wp-content\/uploads\/2026\/04\/15.jpg","type":"image\/jpeg"}],"author":"Darek","twitter_card":"summary_large_image","twitter_misc":{"Napisane przez":"Darek","Szacowany czas czytania":"4 minuty"},"schema":{"@context":"https:\/\/schema.org","@graph":[{"@type":"Article","@id":"https:\/\/www.saleweselne.com\/blog\/ktore-lakiery-hybrydowe-polecaja-stylistki-na-sezon-weselny-w-2026-roku\/#article","isPartOf":{"@id":"https:\/\/www.saleweselne.com\/blog\/ktore-lakiery-hybrydowe-polecaja-stylistki-na-sezon-weselny-w-2026-roku\/"},"author":{"name":"Darek","@id":"https:\/\/www.saleweselne.com\/blog\/#\/schema\/person\/0e924cd9ceaca06a0d75928575d0f95a"},"headline":"Kt\u00f3re lakiery hybrydowe polecaj\u0105 stylistki na sezon weselny w 2026 roku?","datePublished":"2026-04-28T10:05:08+00:00","mainEntityOfPage":{"@id":"https:\/\/www.saleweselne.com\/blog\/ktore-lakiery-hybrydowe-polecaja-stylistki-na-sezon-weselny-w-2026-roku\/"},"wordCount":586,"publisher":{"@id":"https:\/\/www.saleweselne.com\/blog\/#organization"},"image":{"@id":"https:\/\/www.saleweselne.com\/blog\/ktore-lakiery-hybrydowe-polecaja-stylistki-na-sezon-weselny-w-2026-roku\/#primaryimage"},"thumbnailUrl":"https:\/\/www.saleweselne.com\/blog\/wp-content\/uploads\/2026\/04\/15.jpg","keywords":["Panna M\u0142oda","str\u00f3j","weselna stylizacja"],"articleSection":["Str\u00f3j weselny","Us\u0142ugi weselne"],"inLanguage":"pl-PL"},{"@type":"WebPage","@id":"https:\/\/www.saleweselne.com\/blog\/ktore-lakiery-hybrydowe-polecaja-stylistki-na-sezon-weselny-w-2026-roku\/","url":"https:\/\/www.saleweselne.com\/blog\/ktore-lakiery-hybrydowe-polecaja-stylistki-na-sezon-weselny-w-2026-roku\/","name":"Kt\u00f3re lakiery hybrydowe polecaj\u0105 stylistki na sezon weselny w 2026 roku? - blog SaleWeselne.com","isPartOf":{"@id":"https:\/\/www.saleweselne.com\/blog\/#website"},"primaryImageOfPage":{"@id":"https:\/\/www.saleweselne.com\/blog\/ktore-lakiery-hybrydowe-polecaja-stylistki-na-sezon-weselny-w-2026-roku\/#primaryimage"},"image":{"@id":"https:\/\/www.saleweselne.com\/blog\/ktore-lakiery-hybrydowe-polecaja-stylistki-na-sezon-weselny-w-2026-roku\/#primaryimage"},"thumbnailUrl":"https:\/\/www.saleweselne.com\/blog\/wp-content\/uploads\/2026\/04\/15.jpg","datePublished":"2026-04-28T10:05:08+00:00","description":"Kt\u00f3re lakiery hybrydowe polecaj\u0105 stylistki na sezon weselny w 2026 roku? - blog SaleWeselne.com","breadcrumb":{"@id":"https:\/\/www.saleweselne.com\/blog\/ktore-lakiery-hybrydowe-polecaja-stylistki-na-sezon-weselny-w-2026-roku\/#breadcrumb"},"inLanguage":"pl-PL","potentialAction":[{"@type":"ReadAction","target":["https:\/\/www.saleweselne.com\/blog\/ktore-lakiery-hybrydowe-polecaja-stylistki-na-sezon-weselny-w-2026-roku\/"]}]},{"@type":"ImageObject","inLanguage":"pl-PL","@id":"https:\/\/www.saleweselne.com\/blog\/ktore-lakiery-hybrydowe-polecaja-stylistki-na-sezon-weselny-w-2026-roku\/#primaryimage","url":"https:\/\/www.saleweselne.com\/blog\/wp-content\/uploads\/2026\/04\/15.jpg","contentUrl":"https:\/\/www.saleweselne.com\/blog\/wp-content\/uploads\/2026\/04\/15.jpg","width":886,"height":540},{"@type":"BreadcrumbList","@id":"https:\/\/www.saleweselne.com\/blog\/ktore-lakiery-hybrydowe-polecaja-stylistki-na-sezon-weselny-w-2026-roku\/#breadcrumb","itemListElement":[{"@type":"ListItem","position":1,"name":"Strona g\u0142\u00f3wna","item":"https:\/\/www.saleweselne.com\/blog\/"},{"@type":"ListItem","position":2,"name":"Kt\u00f3re lakiery hybrydowe polecaj\u0105 stylistki na sezon weselny w 2026 roku?"}]},{"@type":"WebSite","@id":"https:\/\/www.saleweselne.com\/blog\/#website","url":"https:\/\/www.saleweselne.com\/blog\/","name":"SaleWeselne.com","description":"Blog Bran\u017cy Weselnej - Sprawd\u017a najpi\u0119kniejsze sale weselne oraz motywy \u015blubne. Poznaj praktyczne porady, jak zorganizowa\u0107 wymarzone wesele!","publisher":{"@id":"https:\/\/www.saleweselne.com\/blog\/#organization"},"potentialAction":[{"@type":"SearchAction","target":{"@type":"EntryPoint","urlTemplate":"https:\/\/www.saleweselne.com\/blog\/?s={search_term_string}"},"query-input":{"@type":"PropertyValueSpecification","valueRequired":true,"valueName":"search_term_string"}}],"inLanguage":"pl-PL"},{"@type":"Organization","@id":"https:\/\/www.saleweselne.com\/blog\/#organization","name":"SaleWeselne.com","url":"https:\/\/www.saleweselne.com\/blog\/","logo":{"@type":"ImageObject","inLanguage":"pl-PL","@id":"https:\/\/www.saleweselne.com\/blog\/#\/schema\/logo\/image\/","url":"https:\/\/www.saleweselne.com\/blog\/wp-content\/uploads\/2021\/03\/saleweselne-logotyp-RGB-bez-tla-2.png","contentUrl":"https:\/\/www.saleweselne.com\/blog\/wp-content\/uploads\/2021\/03\/saleweselne-logotyp-RGB-bez-tla-2.png","width":625,"height":150,"caption":"SaleWeselne.com"},"image":{"@id":"https:\/\/www.saleweselne.com\/blog\/#\/schema\/logo\/image\/"}},{"@type":"Person","@id":"https:\/\/www.saleweselne.com\/blog\/#\/schema\/person\/0e924cd9ceaca06a0d75928575d0f95a","name":"Darek","url":"https:\/\/www.saleweselne.com\/blog\/author\/darek\/"}]}},"_links":{"self":[{"href":"https:\/\/www.saleweselne.com\/blog\/wp-json\/wp\/v2\/posts\/4548","targetHints":{"allow":["GET"]}}],"collection":[{"href":"https:\/\/www.saleweselne.com\/blog\/wp-json\/wp\/v2\/posts"}],"about":[{"href":"https:\/\/www.saleweselne.com\/blog\/wp-json\/wp\/v2\/types\/post"}],"author":[{"embeddable":true,"href":"https:\/\/www.saleweselne.com\/blog\/wp-json\/wp\/v2\/users\/7"}],"replies":[{"embeddable":true,"href":"https:\/\/www.saleweselne.com\/blog\/wp-json\/wp\/v2\/comments?post=4548"}],"version-history":[{"count":1,"href":"https:\/\/www.saleweselne.com\/blog\/wp-json\/wp\/v2\/posts\/4548\/revisions"}],"predecessor-version":[{"id":4550,"href":"https:\/\/www.saleweselne.com\/blog\/wp-json\/wp\/v2\/posts\/4548\/revisions\/4550"}],"wp:featuredmedia":[{"embeddable":true,"href":"https:\/\/www.saleweselne.com\/blog\/wp-json\/wp\/v2\/media\/4549"}],"wp:attachment":[{"href":"https:\/\/www.saleweselne.com\/blog\/wp-json\/wp\/v2\/media?parent=4548"}],"wp:term":[{"taxonomy":"category","embeddable":true,"href":"https:\/\/www.saleweselne.com\/blog\/wp-json\/wp\/v2\/categories?post=4548"},{"taxonomy":"post_tag","embeddable":true,"href":"https:\/\/www.saleweselne.com\/blog\/wp-json\/wp\/v2\/tags?post=4548"}],"curies":[{"name":"wp","href":"https:\/\/api.w.org\/{rel}","templated":true}]}}