{"id":4551,"date":"2026-04-28T12:09:17","date_gmt":"2026-04-28T10:09:17","guid":{"rendered":"https:\/\/www.saleweselne.com\/blog\/?p=4551"},"modified":"2026-04-28T12:09:17","modified_gmt":"2026-04-28T10:09:17","slug":"idealny-wizerunek-slubny-jak-stworzyc-niezapomniana-stylizacje","status":"publish","type":"post","link":"https:\/\/www.saleweselne.com\/blog\/idealny-wizerunek-slubny-jak-stworzyc-niezapomniana-stylizacje\/","title":{"rendered":"Idealny wizerunek \u015blubny \u2013 jak stworzy\u0107 niezapomnian\u0105 stylizacj\u0119?"},"content":{"rendered":"<p><strong>Dzie\u0144 \u015blubu to moment, w kt\u00f3rym ka\u017cda panna m\u0142oda pragnie czu\u0107 si\u0119 wyj\u0105tkowo i wygl\u0105da\u0107 ol\u015bniewaj\u0105co przed swoimi go\u015b\u0107mi. W\u0142a\u015bciwie dopasowana stylizacja \u015blubna powinna nie tylko podkre\u015bla\u0107 naturalne pi\u0119kno, ale r\u00f3wnie\u017c zapewnia\u0107 komfort przez ca\u0142\u0105 noc radosnej zabawy.<\/strong><\/p>\n<h2><b>Czy suknia \u015blubna musi zawsze pod\u0105\u017ca\u0107 za najnowsz\u0105 mod\u0105?<\/b><\/h2>\n<p><span style=\"font-weight: 400;\">Wyb\u00f3r tej jedynej kreacji to fundament, na kt\u00f3rym budujemy ca\u0142\u0105 reszt\u0119 naszej oprawy wizualnej w tym niezwykle wa\u017cnym dniu. Warto zastanowi\u0107 si\u0119, czy wolimy klasyczn\u0105 elegancj\u0119, kt\u00f3ra nigdy nie wyjdzie z mody, czy mo\u017ce nowoczesne i odwa\u017cne rozwi\u0105zania projektant\u00f3w. <\/span><b>Suknia powinna by\u0107 dopasowana do sylwetki, aby podkre\u015bla\u0107 jej najwi\u0119ksze atuty i sprytnie ukrywa\u0107 ewentualne niedoskona\u0142o\u015bci figury panny m\u0142odej<\/b><span style=\"font-weight: 400;\">. Materia\u0142, z kt\u00f3rego wykonano str\u00f3j, odgrywa istotn\u0105 rol\u0119 w odbiorze ca\u0142ego wizerunku, nadaj\u0105c mu lekko\u015bci lub kr\u00f3lewskiego, ci\u0119\u017ckiego charakteru. Pami\u0119tajmy, \u017ce trendy zmieniaj\u0105 si\u0119 co sezon, ale nasze zdj\u0119cia \u015blubne zostan\u0105 z nami na ca\u0142e \u017cycie jako pi\u0119kna pami\u0105tka. Dobrze dobrany fason pozwoli nam czu\u0107 si\u0119 pewnie i swobodnie podczas sk\u0142adania przysi\u0119gi oraz w trakcie pierwszego ta\u0144ca.<\/span><\/p>\n<h2><b>Jakie detale sprawi\u0105, \u017ce makija\u017c przetrwa ka\u017cd\u0105 wzruszaj\u0105c\u0105 chwil\u0119?<\/b><\/h2>\n<p><span style=\"font-weight: 400;\">Odpowiedni makija\u017c to element, kt\u00f3ry spaja ca\u0142\u0105 wizj\u0119 artystyczn\u0105 i dodaje pannie m\u0142odej niezwyk\u0142ego blasku przed obiektywem aparatu. Kluczem do sukcesu jest tutaj trwa\u0142a baza oraz produkty, kt\u00f3re poradz\u0105 sobie z emocjami i wysok\u0105 temperatur\u0105 na sali weselnej. <\/span><b>Szczeg\u00f3ln\u0105 uwag\u0119 nale\u017cy po\u015bwi\u0119ci\u0107 okolicy spojrzenia, wybieraj\u0105c sprawdzony i trwa\u0142y <\/b><a href=\"https:\/\/www.maybelline.pl\/porady-makijazowe\/twarz\/jaki-korektor-pod-oczy\"><b>korektor pod oczy<\/b><\/a><b>, kt\u00f3ry skutecznie zamaskuje wszelkie oznaki zm\u0119czenia po nieprzespanej nocy<\/b><span style=\"font-weight: 400;\">. Profesjonalna wiza\u017cystka potrafi wydoby\u0107 g\u0142\u0119bi\u0119 koloru t\u0119cz\u00f3wki i sprawi\u0107, \u017ce twarz b\u0119dzie wygl\u0105da\u0107 \u015bwie\u017co przez wiele godzin intensywnego \u015bwi\u0119towania. Warto postawi\u0107 na makija\u017c wodoodporny, zw\u0142aszcza je\u015bli wiemy, \u017ce w trakcie ceremonii mog\u0105 pojawi\u0107 si\u0119 \u0142zy szcz\u0119\u015bcia i wzruszenia. Subtelne roz\u015bwietlenie ko\u015bci policzkowych nada sk\u00f3rze zdrowego wygl\u0105du i sprawi, \u017ce cera b\u0119dzie prezentowa\u0107 si\u0119 nieskazitelnie na fotografiach \u015blubnych.<\/span><\/p>\n<h2><b>O czym warto pami\u0119ta\u0107, planuj\u0105c fryzur\u0119 i dodatki do \u015blubu?<\/b><\/h2>\n<p><span style=\"font-weight: 400;\">Fryzura powinna wsp\u00f3\u0142gra\u0107 z dekoltem sukni oraz og\u00f3lnym stylem uroczysto\u015bci, tworz\u0105c sp\u00f3jn\u0105 i harmonijn\u0105 ca\u0142o\u015b\u0107 z reszt\u0105 wybranych dodatk\u00f3w. Je\u015bli decydujemy si\u0119 na bogato zdobion\u0105 kreacj\u0119, warto postawi\u0107 na nieco skromniejsze uczesanie, aby nie przyt\u0142oczy\u0107 swojej naturalnej urody nadmiarem form. Dodatki takie jak welon, tiara czy delikatne kwiaty we w\u0142osach mog\u0105 ca\u0142kowicie odmieni\u0107 charakter stylizacji i nada\u0107 jej unikalnego wyrazu. <\/span><b>Nale\u017cy r\u00f3wnie\u017c pomy\u015ble\u0107 o bi\u017cuterii, kt\u00f3ra powinna subtelnie l\u015bni\u0107, nie dominuj\u0105c jednak nad twarz\u0105 i u\u015bmiechem panny m\u0142odej<\/b><span style=\"font-weight: 400;\">. Wa\u017cne jest, aby przeprowadzi\u0107 pr\u00f3b\u0119 fryzury kilka tygodni przed \u015blubem, by upewni\u0107 si\u0119, \u017ce wybrane upi\u0119cie wytrzyma wiele godzin ruchu. Pami\u0119tajmy o kilku aspektach podczas planowania finalnych akcent\u00f3w:<\/span><\/p>\n<ul>\n<li style=\"font-weight: 400;\" aria-level=\"1\"><b>Dopasowanie bi\u017cuterii<\/b><span style=\"font-weight: 400;\"> do odcienia sukni i typu urody.<\/span><\/li>\n<li style=\"font-weight: 400;\" aria-level=\"1\"><b>Wyb\u00f3r wygodnego obuwia<\/b><span style=\"font-weight: 400;\">, kt\u00f3re pozwoli na taniec do rana.<\/span><\/li>\n<li style=\"font-weight: 400;\" aria-level=\"1\"><b>Dob\u00f3r zapachu perfu<\/b><span style=\"font-weight: 400;\">m, kt\u00f3ry b\u0119dzie kojarzy\u0142 si\u0119 z tym dniem.<\/span><\/li>\n<li style=\"font-weight: 400;\" aria-level=\"1\"><b>Zabranie zestawu ratunkowego<\/b><span style=\"font-weight: 400;\"> z agrafkami i lakierem do w\u0142os\u00f3w.<\/span><\/li>\n<\/ul>\n<p><b>Ka\u017cdy z tych element\u00f3w sk\u0142adowych buduje pewno\u015b\u0107 siebie, kt\u00f3ra jest najpi\u0119kniejszym dodatkiem, jaki mo\u017ce za\u0142o\u017cy\u0107 na siebie kobieta w dniu \u015blubu.<\/b><\/p>\n<p>ARTYKU\u0141 SPONSOROWANY<\/p>\n","protected":false},"excerpt":{"rendered":"<p>W\u0142a\u015bciwie dopasowana stylizacja \u015blubna powinna nie tylko podkre\u015bla\u0107 naturalne pi\u0119kno, ale r\u00f3wnie\u017c zapewnia\u0107 komfort przez ca\u0142\u0105 noc radosnej zabawy.<\/p>\n","protected":false},"author":7,"featured_media":4552,"comment_status":"closed","ping_status":"closed","sticky":false,"template":"","format":"standard","meta":{"footnotes":""},"categories":[200],"tags":[221,177,215],"class_list":["post-4551","post","type-post","status-publish","format-standard","has-post-thumbnail","hentry","category-stroj-weselny","tag-stroj","tag-suknia-slubna","tag-weselna-stylizacja"],"yoast_head":"<!-- This site is optimized with the Yoast SEO plugin v26.8 - https:\/\/yoast.com\/product\/yoast-seo-wordpress\/ -->\n<title>Idealny wizerunek \u015blubny \u2013 jak stworzy\u0107 niezapomnian\u0105 stylizacj\u0119? - blog SaleWeselne.com<\/title>\n<meta name=\"description\" content=\"Idealny wizerunek \u015blubny \u2013 jak stworzy\u0107 niezapomnian\u0105 stylizacj\u0119? - blog SaleWeselne.com\" \/>\n<meta name=\"robots\" content=\"index, follow, max-snippet:-1, max-image-preview:large, max-video-preview:-1\" \/>\n<link rel=\"canonical\" href=\"https:\/\/www.saleweselne.com\/blog\/idealny-wizerunek-slubny-jak-stworzyc-niezapomniana-stylizacje\/\" \/>\n<meta property=\"og:locale\" content=\"pl_PL\" \/>\n<meta property=\"og:type\" content=\"article\" \/>\n<meta property=\"og:title\" content=\"Idealny wizerunek \u015blubny \u2013 jak stworzy\u0107 niezapomnian\u0105 stylizacj\u0119? - blog SaleWeselne.com\" \/>\n<meta property=\"og:description\" content=\"Idealny wizerunek \u015blubny \u2013 jak stworzy\u0107 niezapomnian\u0105 stylizacj\u0119? - blog SaleWeselne.com\" \/>\n<meta property=\"og:url\" content=\"https:\/\/www.saleweselne.com\/blog\/idealny-wizerunek-slubny-jak-stworzyc-niezapomniana-stylizacje\/\" \/>\n<meta property=\"og:site_name\" content=\"SaleWeselne.com\" \/>\n<meta property=\"article:published_time\" content=\"2026-04-28T10:09:17+00:00\" \/>\n<meta property=\"og:image\" content=\"https:\/\/www.saleweselne.com\/blog\/wp-content\/uploads\/2026\/04\/adobestock_356404512-scaled.jpg\" \/>\n\t<meta property=\"og:image:width\" content=\"2560\" \/>\n\t<meta property=\"og:image:height\" content=\"1815\" \/>\n\t<meta property=\"og:image:type\" content=\"image\/jpeg\" \/>\n<meta name=\"author\" content=\"Darek\" \/>\n<meta name=\"twitter:card\" content=\"summary_large_image\" \/>\n<meta name=\"twitter:label1\" content=\"Napisane przez\" \/>\n\t<meta name=\"twitter:data1\" content=\"Darek\" \/>\n\t<meta name=\"twitter:label2\" content=\"Szacowany czas czytania\" \/>\n\t<meta name=\"twitter:data2\" content=\"3 minuty\" \/>\n<script type=\"application\/ld+json\" class=\"yoast-schema-graph\">{\"@context\":\"https:\/\/schema.org\",\"@graph\":[{\"@type\":\"Article\",\"@id\":\"https:\/\/www.saleweselne.com\/blog\/idealny-wizerunek-slubny-jak-stworzyc-niezapomniana-stylizacje\/#article\",\"isPartOf\":{\"@id\":\"https:\/\/www.saleweselne.com\/blog\/idealny-wizerunek-slubny-jak-stworzyc-niezapomniana-stylizacje\/\"},\"author\":{\"name\":\"Darek\",\"@id\":\"https:\/\/www.saleweselne.com\/blog\/#\/schema\/person\/0e924cd9ceaca06a0d75928575d0f95a\"},\"headline\":\"Idealny wizerunek \u015blubny \u2013 jak stworzy\u0107 niezapomnian\u0105 stylizacj\u0119?\",\"datePublished\":\"2026-04-28T10:09:17+00:00\",\"mainEntityOfPage\":{\"@id\":\"https:\/\/www.saleweselne.com\/blog\/idealny-wizerunek-slubny-jak-stworzyc-niezapomniana-stylizacje\/\"},\"wordCount\":587,\"publisher\":{\"@id\":\"https:\/\/www.saleweselne.com\/blog\/#organization\"},\"image\":{\"@id\":\"https:\/\/www.saleweselne.com\/blog\/idealny-wizerunek-slubny-jak-stworzyc-niezapomniana-stylizacje\/#primaryimage\"},\"thumbnailUrl\":\"https:\/\/www.saleweselne.com\/blog\/wp-content\/uploads\/2026\/04\/adobestock_356404512-scaled.jpg\",\"keywords\":[\"str\u00f3j\",\"suknia \u015blubna\",\"weselna stylizacja\"],\"articleSection\":[\"Str\u00f3j weselny\"],\"inLanguage\":\"pl-PL\"},{\"@type\":\"WebPage\",\"@id\":\"https:\/\/www.saleweselne.com\/blog\/idealny-wizerunek-slubny-jak-stworzyc-niezapomniana-stylizacje\/\",\"url\":\"https:\/\/www.saleweselne.com\/blog\/idealny-wizerunek-slubny-jak-stworzyc-niezapomniana-stylizacje\/\",\"name\":\"Idealny wizerunek \u015blubny \u2013 jak stworzy\u0107 niezapomnian\u0105 stylizacj\u0119? - blog SaleWeselne.com\",\"isPartOf\":{\"@id\":\"https:\/\/www.saleweselne.com\/blog\/#website\"},\"primaryImageOfPage\":{\"@id\":\"https:\/\/www.saleweselne.com\/blog\/idealny-wizerunek-slubny-jak-stworzyc-niezapomniana-stylizacje\/#primaryimage\"},\"image\":{\"@id\":\"https:\/\/www.saleweselne.com\/blog\/idealny-wizerunek-slubny-jak-stworzyc-niezapomniana-stylizacje\/#primaryimage\"},\"thumbnailUrl\":\"https:\/\/www.saleweselne.com\/blog\/wp-content\/uploads\/2026\/04\/adobestock_356404512-scaled.jpg\",\"datePublished\":\"2026-04-28T10:09:17+00:00\",\"description\":\"Idealny wizerunek \u015blubny \u2013 jak stworzy\u0107 niezapomnian\u0105 stylizacj\u0119? - blog SaleWeselne.com\",\"breadcrumb\":{\"@id\":\"https:\/\/www.saleweselne.com\/blog\/idealny-wizerunek-slubny-jak-stworzyc-niezapomniana-stylizacje\/#breadcrumb\"},\"inLanguage\":\"pl-PL\",\"potentialAction\":[{\"@type\":\"ReadAction\",\"target\":[\"https:\/\/www.saleweselne.com\/blog\/idealny-wizerunek-slubny-jak-stworzyc-niezapomniana-stylizacje\/\"]}]},{\"@type\":\"ImageObject\",\"inLanguage\":\"pl-PL\",\"@id\":\"https:\/\/www.saleweselne.com\/blog\/idealny-wizerunek-slubny-jak-stworzyc-niezapomniana-stylizacje\/#primaryimage\",\"url\":\"https:\/\/www.saleweselne.com\/blog\/wp-content\/uploads\/2026\/04\/adobestock_356404512-scaled.jpg\",\"contentUrl\":\"https:\/\/www.saleweselne.com\/blog\/wp-content\/uploads\/2026\/04\/adobestock_356404512-scaled.jpg\",\"width\":2560,\"height\":1815},{\"@type\":\"BreadcrumbList\",\"@id\":\"https:\/\/www.saleweselne.com\/blog\/idealny-wizerunek-slubny-jak-stworzyc-niezapomniana-stylizacje\/#breadcrumb\",\"itemListElement\":[{\"@type\":\"ListItem\",\"position\":1,\"name\":\"Strona g\u0142\u00f3wna\",\"item\":\"https:\/\/www.saleweselne.com\/blog\/\"},{\"@type\":\"ListItem\",\"position\":2,\"name\":\"Idealny wizerunek \u015blubny \u2013 jak stworzy\u0107 niezapomnian\u0105 stylizacj\u0119?\"}]},{\"@type\":\"WebSite\",\"@id\":\"https:\/\/www.saleweselne.com\/blog\/#website\",\"url\":\"https:\/\/www.saleweselne.com\/blog\/\",\"name\":\"SaleWeselne.com\",\"description\":\"Blog Bran\u017cy Weselnej - Sprawd\u017a najpi\u0119kniejsze sale weselne oraz motywy \u015blubne. Poznaj praktyczne porady, jak zorganizowa\u0107 wymarzone wesele!\",\"publisher\":{\"@id\":\"https:\/\/www.saleweselne.com\/blog\/#organization\"},\"potentialAction\":[{\"@type\":\"SearchAction\",\"target\":{\"@type\":\"EntryPoint\",\"urlTemplate\":\"https:\/\/www.saleweselne.com\/blog\/?s={search_term_string}\"},\"query-input\":{\"@type\":\"PropertyValueSpecification\",\"valueRequired\":true,\"valueName\":\"search_term_string\"}}],\"inLanguage\":\"pl-PL\"},{\"@type\":\"Organization\",\"@id\":\"https:\/\/www.saleweselne.com\/blog\/#organization\",\"name\":\"SaleWeselne.com\",\"url\":\"https:\/\/www.saleweselne.com\/blog\/\",\"logo\":{\"@type\":\"ImageObject\",\"inLanguage\":\"pl-PL\",\"@id\":\"https:\/\/www.saleweselne.com\/blog\/#\/schema\/logo\/image\/\",\"url\":\"https:\/\/www.saleweselne.com\/blog\/wp-content\/uploads\/2021\/03\/saleweselne-logotyp-RGB-bez-tla-2.png\",\"contentUrl\":\"https:\/\/www.saleweselne.com\/blog\/wp-content\/uploads\/2021\/03\/saleweselne-logotyp-RGB-bez-tla-2.png\",\"width\":625,\"height\":150,\"caption\":\"SaleWeselne.com\"},\"image\":{\"@id\":\"https:\/\/www.saleweselne.com\/blog\/#\/schema\/logo\/image\/\"}},{\"@type\":\"Person\",\"@id\":\"https:\/\/www.saleweselne.com\/blog\/#\/schema\/person\/0e924cd9ceaca06a0d75928575d0f95a\",\"name\":\"Darek\",\"url\":\"https:\/\/www.saleweselne.com\/blog\/author\/darek\/\"}]}<\/script>\n<!-- \/ Yoast SEO plugin. -->","yoast_head_json":{"title":"Idealny wizerunek \u015blubny \u2013 jak stworzy\u0107 niezapomnian\u0105 stylizacj\u0119? - blog SaleWeselne.com","description":"Idealny wizerunek \u015blubny \u2013 jak stworzy\u0107 niezapomnian\u0105 stylizacj\u0119? - blog SaleWeselne.com","robots":{"index":"index","follow":"follow","max-snippet":"max-snippet:-1","max-image-preview":"max-image-preview:large","max-video-preview":"max-video-preview:-1"},"canonical":"https:\/\/www.saleweselne.com\/blog\/idealny-wizerunek-slubny-jak-stworzyc-niezapomniana-stylizacje\/","og_locale":"pl_PL","og_type":"article","og_title":"Idealny wizerunek \u015blubny \u2013 jak stworzy\u0107 niezapomnian\u0105 stylizacj\u0119? - blog SaleWeselne.com","og_description":"Idealny wizerunek \u015blubny \u2013 jak stworzy\u0107 niezapomnian\u0105 stylizacj\u0119? - blog SaleWeselne.com","og_url":"https:\/\/www.saleweselne.com\/blog\/idealny-wizerunek-slubny-jak-stworzyc-niezapomniana-stylizacje\/","og_site_name":"SaleWeselne.com","article_published_time":"2026-04-28T10:09:17+00:00","og_image":[{"width":2560,"height":1815,"url":"https:\/\/www.saleweselne.com\/blog\/wp-content\/uploads\/2026\/04\/adobestock_356404512-scaled.jpg","type":"image\/jpeg"}],"author":"Darek","twitter_card":"summary_large_image","twitter_misc":{"Napisane przez":"Darek","Szacowany czas czytania":"3 minuty"},"schema":{"@context":"https:\/\/schema.org","@graph":[{"@type":"Article","@id":"https:\/\/www.saleweselne.com\/blog\/idealny-wizerunek-slubny-jak-stworzyc-niezapomniana-stylizacje\/#article","isPartOf":{"@id":"https:\/\/www.saleweselne.com\/blog\/idealny-wizerunek-slubny-jak-stworzyc-niezapomniana-stylizacje\/"},"author":{"name":"Darek","@id":"https:\/\/www.saleweselne.com\/blog\/#\/schema\/person\/0e924cd9ceaca06a0d75928575d0f95a"},"headline":"Idealny wizerunek \u015blubny \u2013 jak stworzy\u0107 niezapomnian\u0105 stylizacj\u0119?","datePublished":"2026-04-28T10:09:17+00:00","mainEntityOfPage":{"@id":"https:\/\/www.saleweselne.com\/blog\/idealny-wizerunek-slubny-jak-stworzyc-niezapomniana-stylizacje\/"},"wordCount":587,"publisher":{"@id":"https:\/\/www.saleweselne.com\/blog\/#organization"},"image":{"@id":"https:\/\/www.saleweselne.com\/blog\/idealny-wizerunek-slubny-jak-stworzyc-niezapomniana-stylizacje\/#primaryimage"},"thumbnailUrl":"https:\/\/www.saleweselne.com\/blog\/wp-content\/uploads\/2026\/04\/adobestock_356404512-scaled.jpg","keywords":["str\u00f3j","suknia \u015blubna","weselna stylizacja"],"articleSection":["Str\u00f3j weselny"],"inLanguage":"pl-PL"},{"@type":"WebPage","@id":"https:\/\/www.saleweselne.com\/blog\/idealny-wizerunek-slubny-jak-stworzyc-niezapomniana-stylizacje\/","url":"https:\/\/www.saleweselne.com\/blog\/idealny-wizerunek-slubny-jak-stworzyc-niezapomniana-stylizacje\/","name":"Idealny wizerunek \u015blubny \u2013 jak stworzy\u0107 niezapomnian\u0105 stylizacj\u0119? - blog SaleWeselne.com","isPartOf":{"@id":"https:\/\/www.saleweselne.com\/blog\/#website"},"primaryImageOfPage":{"@id":"https:\/\/www.saleweselne.com\/blog\/idealny-wizerunek-slubny-jak-stworzyc-niezapomniana-stylizacje\/#primaryimage"},"image":{"@id":"https:\/\/www.saleweselne.com\/blog\/idealny-wizerunek-slubny-jak-stworzyc-niezapomniana-stylizacje\/#primaryimage"},"thumbnailUrl":"https:\/\/www.saleweselne.com\/blog\/wp-content\/uploads\/2026\/04\/adobestock_356404512-scaled.jpg","datePublished":"2026-04-28T10:09:17+00:00","description":"Idealny wizerunek \u015blubny \u2013 jak stworzy\u0107 niezapomnian\u0105 stylizacj\u0119? - blog SaleWeselne.com","breadcrumb":{"@id":"https:\/\/www.saleweselne.com\/blog\/idealny-wizerunek-slubny-jak-stworzyc-niezapomniana-stylizacje\/#breadcrumb"},"inLanguage":"pl-PL","potentialAction":[{"@type":"ReadAction","target":["https:\/\/www.saleweselne.com\/blog\/idealny-wizerunek-slubny-jak-stworzyc-niezapomniana-stylizacje\/"]}]},{"@type":"ImageObject","inLanguage":"pl-PL","@id":"https:\/\/www.saleweselne.com\/blog\/idealny-wizerunek-slubny-jak-stworzyc-niezapomniana-stylizacje\/#primaryimage","url":"https:\/\/www.saleweselne.com\/blog\/wp-content\/uploads\/2026\/04\/adobestock_356404512-scaled.jpg","contentUrl":"https:\/\/www.saleweselne.com\/blog\/wp-content\/uploads\/2026\/04\/adobestock_356404512-scaled.jpg","width":2560,"height":1815},{"@type":"BreadcrumbList","@id":"https:\/\/www.saleweselne.com\/blog\/idealny-wizerunek-slubny-jak-stworzyc-niezapomniana-stylizacje\/#breadcrumb","itemListElement":[{"@type":"ListItem","position":1,"name":"Strona g\u0142\u00f3wna","item":"https:\/\/www.saleweselne.com\/blog\/"},{"@type":"ListItem","position":2,"name":"Idealny wizerunek \u015blubny \u2013 jak stworzy\u0107 niezapomnian\u0105 stylizacj\u0119?"}]},{"@type":"WebSite","@id":"https:\/\/www.saleweselne.com\/blog\/#website","url":"https:\/\/www.saleweselne.com\/blog\/","name":"SaleWeselne.com","description":"Blog Bran\u017cy Weselnej - Sprawd\u017a najpi\u0119kniejsze sale weselne oraz motywy \u015blubne. Poznaj praktyczne porady, jak zorganizowa\u0107 wymarzone wesele!","publisher":{"@id":"https:\/\/www.saleweselne.com\/blog\/#organization"},"potentialAction":[{"@type":"SearchAction","target":{"@type":"EntryPoint","urlTemplate":"https:\/\/www.saleweselne.com\/blog\/?s={search_term_string}"},"query-input":{"@type":"PropertyValueSpecification","valueRequired":true,"valueName":"search_term_string"}}],"inLanguage":"pl-PL"},{"@type":"Organization","@id":"https:\/\/www.saleweselne.com\/blog\/#organization","name":"SaleWeselne.com","url":"https:\/\/www.saleweselne.com\/blog\/","logo":{"@type":"ImageObject","inLanguage":"pl-PL","@id":"https:\/\/www.saleweselne.com\/blog\/#\/schema\/logo\/image\/","url":"https:\/\/www.saleweselne.com\/blog\/wp-content\/uploads\/2021\/03\/saleweselne-logotyp-RGB-bez-tla-2.png","contentUrl":"https:\/\/www.saleweselne.com\/blog\/wp-content\/uploads\/2021\/03\/saleweselne-logotyp-RGB-bez-tla-2.png","width":625,"height":150,"caption":"SaleWeselne.com"},"image":{"@id":"https:\/\/www.saleweselne.com\/blog\/#\/schema\/logo\/image\/"}},{"@type":"Person","@id":"https:\/\/www.saleweselne.com\/blog\/#\/schema\/person\/0e924cd9ceaca06a0d75928575d0f95a","name":"Darek","url":"https:\/\/www.saleweselne.com\/blog\/author\/darek\/"}]}},"_links":{"self":[{"href":"https:\/\/www.saleweselne.com\/blog\/wp-json\/wp\/v2\/posts\/4551","targetHints":{"allow":["GET"]}}],"collection":[{"href":"https:\/\/www.saleweselne.com\/blog\/wp-json\/wp\/v2\/posts"}],"about":[{"href":"https:\/\/www.saleweselne.com\/blog\/wp-json\/wp\/v2\/types\/post"}],"author":[{"embeddable":true,"href":"https:\/\/www.saleweselne.com\/blog\/wp-json\/wp\/v2\/users\/7"}],"replies":[{"embeddable":true,"href":"https:\/\/www.saleweselne.com\/blog\/wp-json\/wp\/v2\/comments?post=4551"}],"version-history":[{"count":1,"href":"https:\/\/www.saleweselne.com\/blog\/wp-json\/wp\/v2\/posts\/4551\/revisions"}],"predecessor-version":[{"id":4553,"href":"https:\/\/www.saleweselne.com\/blog\/wp-json\/wp\/v2\/posts\/4551\/revisions\/4553"}],"wp:featuredmedia":[{"embeddable":true,"href":"https:\/\/www.saleweselne.com\/blog\/wp-json\/wp\/v2\/media\/4552"}],"wp:attachment":[{"href":"https:\/\/www.saleweselne.com\/blog\/wp-json\/wp\/v2\/media?parent=4551"}],"wp:term":[{"taxonomy":"category","embeddable":true,"href":"https:\/\/www.saleweselne.com\/blog\/wp-json\/wp\/v2\/categories?post=4551"},{"taxonomy":"post_tag","embeddable":true,"href":"https:\/\/www.saleweselne.com\/blog\/wp-json\/wp\/v2\/tags?post=4551"}],"curies":[{"name":"wp","href":"https:\/\/api.w.org\/{rel}","templated":true}]}}